{"id":12610,"date":"2024-11-06T16:46:28","date_gmt":"2024-11-06T16:46:28","guid":{"rendered":"https:\/\/itajuba.cam.mg.gov.br\/site\/?p=12610"},"modified":"2024-11-06T16:55:43","modified_gmt":"2024-11-06T16:55:43","slug":"camara-municipal-e-orgaos-de-seguranca-se-reunem-para-garantir-fim-de-ano-seguro-em-itajuba","status":"publish","type":"post","link":"https:\/\/itajuba.cam.mg.gov.br\/site\/camara-municipal-e-orgaos-de-seguranca-se-reunem-para-garantir-fim-de-ano-seguro-em-itajuba\/","title":{"rendered":"C\u00e2mara Municipal e \u00f3rg\u00e3os de seguran\u00e7a se re\u00fanem para garantir fim de ano seguro em Itajub\u00e1"},"content":{"rendered":"\t\t<div data-elementor-type=\"wp-post\" data-elementor-id=\"12610\" class=\"elementor elementor-12610\" data-elementor-post-type=\"post\">\n\t\t\t\t\t\t\t\t\t<section class=\"elementor-section elementor-top-section elementor-element elementor-element-5ce6e423 elementor-section-boxed elementor-section-height-default elementor-section-height-default\" data-id=\"5ce6e423\" data-element_type=\"section\">\n\t\t\t\t\t\t<div class=\"elementor-container elementor-column-gap-default\">\n\t\t\t\t\t<div class=\"elementor-column elementor-col-100 elementor-top-column elementor-element elementor-element-7ddb9a30\" data-id=\"7ddb9a30\" data-element_type=\"column\">\n\t\t\t<div class=\"elementor-widget-wrap elementor-element-populated\">\n\t\t\t\t\t\t\t\t<div class=\"elementor-element elementor-element-34b0b92e elementor-widget elementor-widget-text-editor\" data-id=\"34b0b92e\" data-element_type=\"widget\" data-widget_type=\"text-editor.default\">\n\t\t\t\t<div class=\"elementor-widget-container\">\n\t\t\t<style>\/*! elementor - v3.16.0 - 13-09-2023 *\/\n.elementor-widget-text-editor.elementor-drop-cap-view-stacked .elementor-drop-cap{background-color:#69727d;color:#fff}.elementor-widget-text-editor.elementor-drop-cap-view-framed .elementor-drop-cap{color:#69727d;border:3px solid;background-color:transparent}.elementor-widget-text-editor:not(.elementor-drop-cap-view-default) .elementor-drop-cap{margin-top:8px}.elementor-widget-text-editor:not(.elementor-drop-cap-view-default) .elementor-drop-cap-letter{width:1em;height:1em}.elementor-widget-text-editor .elementor-drop-cap{float:left;text-align:center;line-height:1;font-size:50px}.elementor-widget-text-editor .elementor-drop-cap-letter{display:inline-block}<\/style>\t\t\t\t<p><a href=\"https:\/\/itajuba.cam.mg.gov.br\/site\/wp-content\/uploads\/2024\/11\/site-1.png\"><img loading=\"lazy\" decoding=\"async\" class=\"alignleft wp-image-12611 size-medium\" src=\"https:\/\/itajuba.cam.mg.gov.br\/site\/wp-content\/uploads\/2024\/11\/site-1-300x240.png\" alt=\"\" width=\"300\" height=\"240\" srcset=\"https:\/\/itajuba.cam.mg.gov.br\/site\/wp-content\/uploads\/2024\/11\/site-1-300x240.png 300w, https:\/\/itajuba.cam.mg.gov.br\/site\/wp-content\/uploads\/2024\/11\/site-1-1024x820.png 1024w, https:\/\/itajuba.cam.mg.gov.br\/site\/wp-content\/uploads\/2024\/11\/site-1-768x615.png 768w, https:\/\/itajuba.cam.mg.gov.br\/site\/wp-content\/uploads\/2024\/11\/site-1.png 1081w\" sizes=\"auto, (max-width: 300px) 100vw, 300px\" \/><\/a>Em uma demonstra\u00e7\u00e3o de compromisso com a seguran\u00e7a da popula\u00e7\u00e3o itajubense, a C\u00e2mara Municipal de Itajub\u00e1 promoveu na tarde desta ter\u00e7a-feira (5\/11) uma reuni\u00e3o especial para discutir e definir as a\u00e7\u00f5es de seguran\u00e7a p\u00fablica durante o per\u00edodo natalino. A iniciativa, fruto de um requerimento dos vereadores Markinhu Meireles (PL), Silvio Vieira (PDT) e Rafael Rodrigues (PL), reuniu representantes das for\u00e7as de seguran\u00e7a, poder p\u00fablico, entidades de classe e sociedade civil.<\/p><p>O objetivo central do encontro foi alinhar estrat\u00e9gias para garantir a tranquilidade e a seguran\u00e7a da popula\u00e7\u00e3o durante as festividades de fim de ano, per\u00edodo marcado por um aumento significativo no fluxo de pessoas e eventos. A preocupa\u00e7\u00e3o com a crescente popula\u00e7\u00e3o em situa\u00e7\u00e3o de rua tamb\u00e9m esteve presente nos debates.<\/p><p>Conduzida pelo vereador Markinhu Meireles, a reuni\u00e3o contou com a participa\u00e7\u00e3o ativa dos vereadores Rafael Rodrigues (PL), Andressa do Coletivo (PT) e Enfermeira Rita (PDT). Al\u00e9m deles, estiveram presentes representantes da Pol\u00edcia Militar, Pol\u00edcia Civil, Pol\u00edcia Penal, Guarda Municipal, Prefeitura de Itajub\u00e1, Sindicato dos Hoteis, Bares e Restaurantes (SindHBR), ACIEI, CDL e membros da sociedade civil.<\/p><p>Durante o encontro, foram abordados temas como:<\/p><p>&#8211; Planejamento de a\u00e7\u00f5es conjuntas: Defini\u00e7\u00e3o de opera\u00e7\u00f5es e a\u00e7\u00f5es integradas entre as diferentes for\u00e7as de seguran\u00e7a.<\/p><p>&#8211; Responsabilidades: Estabelecimento claro das responsabilidades de cada \u00f3rg\u00e3o envolvido.<\/p><p>&#8211; Preven\u00e7\u00e3o de crimes: Elabora\u00e7\u00e3o de estrat\u00e9gias para prevenir crimes como furtos, roubos e outros delitos comuns nessa \u00e9poca do ano.<\/p><p>&#8211; Atendimento a situa\u00e7\u00f5es de emerg\u00eancia: Cria\u00e7\u00e3o de protocolos de comunica\u00e7\u00e3o e atua\u00e7\u00e3o em casos de incidentes.<\/p><p>Ao final da reuni\u00e3o, ficou evidente a import\u00e2ncia da uni\u00e3o de esfor\u00e7os para garantir um Natal mais seguro e tranquilo para todos os itajubenses. As a\u00e7\u00f5es definidas durante o encontro ser\u00e3o implementadas ao longo do per\u00edodo festivo, com o objetivo de proporcionar \u00e0 popula\u00e7\u00e3o um fim de ano mais tranquilo e seguro.<\/p>\t\t\t\t\t\t<\/div>\n\t\t\t\t<\/div>\n\t\t\t\t\t<\/div>\n\t\t<\/div>\n\t\t\t\t\t\t\t<\/div>\n\t\t<\/section>\n\t\t\t\t<section class=\"elementor-section elementor-top-section elementor-element elementor-element-3f3cee8 elementor-section-boxed elementor-section-height-default elementor-section-height-default\" data-id=\"3f3cee8\" data-element_type=\"section\">\n\t\t\t\t\t\t<div class=\"elementor-container elementor-column-gap-default\">\n\t\t\t\t\t<div class=\"elementor-column elementor-col-100 elementor-top-column elementor-element elementor-element-bf4e49f\" data-id=\"bf4e49f\" data-element_type=\"column\">\n\t\t\t<div class=\"elementor-widget-wrap elementor-element-populated\">\n\t\t\t\t\t\t\t\t<div class=\"elementor-element elementor-element-d7d5db0 elementor-widget elementor-widget-gallery\" data-id=\"d7d5db0\" data-element_type=\"widget\" data-settings=\"{&quot;aspect_ratio&quot;:&quot;4:3&quot;,&quot;lazyload&quot;:&quot;yes&quot;,&quot;gallery_layout&quot;:&quot;grid&quot;,&quot;columns&quot;:4,&quot;columns_tablet&quot;:2,&quot;columns_mobile&quot;:1,&quot;gap&quot;:{&quot;unit&quot;:&quot;px&quot;,&quot;size&quot;:10,&quot;sizes&quot;:[]},&quot;gap_tablet&quot;:{&quot;unit&quot;:&quot;px&quot;,&quot;size&quot;:10,&quot;sizes&quot;:[]},&quot;gap_mobile&quot;:{&quot;unit&quot;:&quot;px&quot;,&quot;size&quot;:10,&quot;sizes&quot;:[]},&quot;link_to&quot;:&quot;file&quot;,&quot;overlay_background&quot;:&quot;yes&quot;,&quot;content_hover_animation&quot;:&quot;fade-in&quot;}\" data-widget_type=\"gallery.default\">\n\t\t\t\t<div class=\"elementor-widget-container\">\n\t\t\t<style>\/*! elementor-pro - v3.16.0 - 12-09-2023 *\/\n.elementor-gallery__container{min-height:1px}.elementor-gallery-item{position:relative;overflow:hidden;display:block;text-decoration:none;border:solid var(--image-border-width) var(--image-border-color);border-radius:var(--image-border-radius)}.elementor-gallery-item__content,.elementor-gallery-item__overlay{height:100%;width:100%;position:absolute;top:0;left:0}.elementor-gallery-item__overlay{mix-blend-mode:var(--overlay-mix-blend-mode);transition-duration:var(--overlay-transition-duration);transition-property:mix-blend-mode,transform,opacity,background-color}.elementor-gallery-item__image.e-gallery-image{transition-duration:var(--image-transition-duration);transition-property:filter,transform}.elementor-gallery-item__content{display:flex;flex-direction:column;justify-content:var(--content-justify-content,center);align-items:center;text-align:var(--content-text-align);padding:var(--content-padding)}.elementor-gallery-item__content>div{transition-duration:var(--content-transition-duration)}.elementor-gallery-item__content.elementor-gallery--sequenced-animation>div:nth-child(2){transition-delay:calc(var(--content-transition-delay) \/ 3)}.elementor-gallery-item__content.elementor-gallery--sequenced-animation>div:nth-child(3){transition-delay:calc(var(--content-transition-delay) \/ 3 * 2)}.elementor-gallery-item__content.elementor-gallery--sequenced-animation>div:nth-child(4){transition-delay:calc(var(--content-transition-delay) \/ 3 * 3)}.elementor-gallery-item__description{color:var(--description-text-color,#fff);width:100%}.elementor-gallery-item__title{color:var(--title-text-color,#fff);font-weight:700;width:100%}.elementor-gallery__titles-container{display:flex;flex-wrap:wrap;justify-content:var(--titles-container-justify-content,center);margin-bottom:20px}.elementor-gallery__titles-container:not(.e--pointer-framed) .elementor-item:after,.elementor-gallery__titles-container:not(.e--pointer-framed) .elementor-item:before{background-color:var(--galleries-pointer-bg-color-hover)}.elementor-gallery__titles-container:not(.e--pointer-framed) .elementor-item.elementor-item-active:after,.elementor-gallery__titles-container:not(.e--pointer-framed) .elementor-item.elementor-item-active:before{background-color:var(--galleries-pointer-bg-color-active)}.elementor-gallery__titles-container.e--pointer-framed .elementor-item:before{border-color:var(--galleries-pointer-bg-color-hover);border-width:var(--galleries-pointer-border-width)}.elementor-gallery__titles-container.e--pointer-framed .elementor-item:after{border-color:var(--galleries-pointer-bg-color-hover)}.elementor-gallery__titles-container.e--pointer-framed .elementor-item.elementor-item-active:after,.elementor-gallery__titles-container.e--pointer-framed .elementor-item.elementor-item-active:before{border-color:var(--galleries-pointer-bg-color-active)}.elementor-gallery__titles-container.e--pointer-framed.e--animation-draw .elementor-item:before{border-left-width:var(--galleries-pointer-border-width);border-bottom-width:var(--galleries-pointer-border-width);border-right-width:0;border-top-width:0}.elementor-gallery__titles-container.e--pointer-framed.e--animation-draw .elementor-item:after{border-left-width:0;border-bottom-width:0;border-right-width:var(--galleries-pointer-border-width);border-top-width:var(--galleries-pointer-border-width)}.elementor-gallery__titles-container.e--pointer-framed.e--animation-corners .elementor-item:before{border-left-width:var(--galleries-pointer-border-width);border-bottom-width:0;border-right-width:0;border-top-width:var(--galleries-pointer-border-width)}.elementor-gallery__titles-container.e--pointer-framed.e--animation-corners .elementor-item:after{border-left-width:0;border-bottom-width:var(--galleries-pointer-border-width);border-right-width:var(--galleries-pointer-border-width);border-top-width:0}.elementor-gallery__titles-container .e--pointer-double-line .elementor-item:after,.elementor-gallery__titles-container .e--pointer-double-line .elementor-item:before,.elementor-gallery__titles-container .e--pointer-overline .elementor-item:before,.elementor-gallery__titles-container .e--pointer-underline .elementor-item:after{height:var(--galleries-pointer-border-width)}.elementor-gallery-title{--space-between:10px;cursor:pointer;color:#6d7882;font-weight:500;position:relative;padding:7px 14px;transition:all .3s}.elementor-gallery-title--active{color:#495157}.elementor-gallery-title:not(:last-child){margin-right:var(--space-between)}.elementor-gallery-item__title+.elementor-gallery-item__description{margin-top:var(--description-margin-top)}.e-gallery-item.elementor-gallery-item{transition-property:all}.e-gallery-item.elementor-animated-content .elementor-animated-item--enter-from-bottom,.e-gallery-item.elementor-animated-content .elementor-animated-item--enter-from-left,.e-gallery-item.elementor-animated-content .elementor-animated-item--enter-from-right,.e-gallery-item.elementor-animated-content .elementor-animated-item--enter-from-top,.e-gallery-item:focus .elementor-gallery__item-overlay-bg,.e-gallery-item:focus .elementor-gallery__item-overlay-content,.e-gallery-item:focus .elementor-gallery__item-overlay-content__description,.e-gallery-item:focus .elementor-gallery__item-overlay-content__title,.e-gallery-item:hover .elementor-gallery__item-overlay-bg,.e-gallery-item:hover .elementor-gallery__item-overlay-content,.e-gallery-item:hover .elementor-gallery__item-overlay-content__description,.e-gallery-item:hover .elementor-gallery__item-overlay-content__title{opacity:1}a.elementor-item.elementor-gallery-title{color:var(--galleries-title-color-normal)}a.elementor-item.elementor-gallery-title.elementor-item-active,a.elementor-item.elementor-gallery-title.highlighted,a.elementor-item.elementor-gallery-title:focus,a.elementor-item.elementor-gallery-title:hover{color:var(--galleries-title-color-hover)}a.elementor-item.elementor-gallery-title.elementor-item-active{color:var(--gallery-title-color-active)}.e-con-inner>.elementor-widget-gallery,.e-con>.elementor-widget-gallery{width:var(--container-widget-width);--flex-grow:var(--container-widget-flex-grow)}<\/style>\t\t<div class=\"elementor-gallery__container\">\n\t\t\t\t\t\t\t<a class=\"e-gallery-item elementor-gallery-item elementor-animated-content\" href=\"https:\/\/itajuba.cam.mg.gov.br\/site\/wp-content\/uploads\/2024\/11\/face01.png\" data-elementor-open-lightbox=\"yes\" data-elementor-lightbox-slideshow=\"d7d5db0\" data-e-action-hash=\"#elementor-action%3Aaction%3Dlightbox%26settings%3DeyJpZCI6MTI2MTQsInVybCI6Imh0dHBzOlwvXC9pdGFqdWJhLmNhbS5tZy5nb3YuYnJcL3NpdGVcL3dwLWNvbnRlbnRcL3VwbG9hZHNcLzIwMjRcLzExXC9mYWNlMDEucG5nIiwic2xpZGVzaG93IjoiZDdkNWRiMCJ9\">\n\t\t\t\t\t<div class=\"e-gallery-image elementor-gallery-item__image\" data-thumbnail=\"https:\/\/itajuba.cam.mg.gov.br\/site\/wp-content\/uploads\/2024\/11\/face01-300x240.png\" data-width=\"300\" data-height=\"240\" aria-label=\"\" role=\"img\" ><\/div>\n\t\t\t\t\t\t\t\t\t\t\t<div class=\"elementor-gallery-item__overlay\"><\/div>\n\t\t\t\t\t\t\t\t\t\t\t\t\t\t<\/a>\n\t\t\t\t\t\t\t<a class=\"e-gallery-item elementor-gallery-item elementor-animated-content\" href=\"https:\/\/itajuba.cam.mg.gov.br\/site\/wp-content\/uploads\/2024\/11\/face02-1.png\" data-elementor-open-lightbox=\"yes\" data-elementor-lightbox-slideshow=\"d7d5db0\" data-e-action-hash=\"#elementor-action%3Aaction%3Dlightbox%26settings%3DeyJpZCI6MTI2MTUsInVybCI6Imh0dHBzOlwvXC9pdGFqdWJhLmNhbS5tZy5nb3YuYnJcL3NpdGVcL3dwLWNvbnRlbnRcL3VwbG9hZHNcLzIwMjRcLzExXC9mYWNlMDItMS5wbmciLCJzbGlkZXNob3ciOiJkN2Q1ZGIwIn0%3D\">\n\t\t\t\t\t<div class=\"e-gallery-image elementor-gallery-item__image\" data-thumbnail=\"https:\/\/itajuba.cam.mg.gov.br\/site\/wp-content\/uploads\/2024\/11\/face02-1-300x240.png\" data-width=\"300\" data-height=\"240\" aria-label=\"\" role=\"img\" ><\/div>\n\t\t\t\t\t\t\t\t\t\t\t<div class=\"elementor-gallery-item__overlay\"><\/div>\n\t\t\t\t\t\t\t\t\t\t\t\t\t\t<\/a>\n\t\t\t\t\t\t\t<a class=\"e-gallery-item elementor-gallery-item elementor-animated-content\" href=\"https:\/\/itajuba.cam.mg.gov.br\/site\/wp-content\/uploads\/2024\/11\/face03-1.png\" data-elementor-open-lightbox=\"yes\" data-elementor-lightbox-slideshow=\"d7d5db0\" data-e-action-hash=\"#elementor-action%3Aaction%3Dlightbox%26settings%3DeyJpZCI6MTI2MTYsInVybCI6Imh0dHBzOlwvXC9pdGFqdWJhLmNhbS5tZy5nb3YuYnJcL3NpdGVcL3dwLWNvbnRlbnRcL3VwbG9hZHNcLzIwMjRcLzExXC9mYWNlMDMtMS5wbmciLCJzbGlkZXNob3ciOiJkN2Q1ZGIwIn0%3D\">\n\t\t\t\t\t<div class=\"e-gallery-image elementor-gallery-item__image\" data-thumbnail=\"https:\/\/itajuba.cam.mg.gov.br\/site\/wp-content\/uploads\/2024\/11\/face03-1-300x240.png\" data-width=\"300\" data-height=\"240\" aria-label=\"\" role=\"img\" ><\/div>\n\t\t\t\t\t\t\t\t\t\t\t<div class=\"elementor-gallery-item__overlay\"><\/div>\n\t\t\t\t\t\t\t\t\t\t\t\t\t\t<\/a>\n\t\t\t\t\t\t\t<a class=\"e-gallery-item elementor-gallery-item elementor-animated-content\" href=\"https:\/\/itajuba.cam.mg.gov.br\/site\/wp-content\/uploads\/2024\/11\/face04-1.png\" data-elementor-open-lightbox=\"yes\" data-elementor-lightbox-slideshow=\"d7d5db0\" data-e-action-hash=\"#elementor-action%3Aaction%3Dlightbox%26settings%3DeyJpZCI6MTI2MTcsInVybCI6Imh0dHBzOlwvXC9pdGFqdWJhLmNhbS5tZy5nb3YuYnJcL3NpdGVcL3dwLWNvbnRlbnRcL3VwbG9hZHNcLzIwMjRcLzExXC9mYWNlMDQtMS5wbmciLCJzbGlkZXNob3ciOiJkN2Q1ZGIwIn0%3D\">\n\t\t\t\t\t<div class=\"e-gallery-image elementor-gallery-item__image\" data-thumbnail=\"https:\/\/itajuba.cam.mg.gov.br\/site\/wp-content\/uploads\/2024\/11\/face04-1-300x240.png\" data-width=\"300\" data-height=\"240\" aria-label=\"\" role=\"img\" ><\/div>\n\t\t\t\t\t\t\t\t\t\t\t<div class=\"elementor-gallery-item__overlay\"><\/div>\n\t\t\t\t\t\t\t\t\t\t\t\t\t\t<\/a>\n\t\t\t\t\t\t\t<a class=\"e-gallery-item elementor-gallery-item elementor-animated-content\" href=\"https:\/\/itajuba.cam.mg.gov.br\/site\/wp-content\/uploads\/2024\/11\/face05-1.png\" data-elementor-open-lightbox=\"yes\" data-elementor-lightbox-slideshow=\"d7d5db0\" data-e-action-hash=\"#elementor-action%3Aaction%3Dlightbox%26settings%3DeyJpZCI6MTI2MTgsInVybCI6Imh0dHBzOlwvXC9pdGFqdWJhLmNhbS5tZy5nb3YuYnJcL3NpdGVcL3dwLWNvbnRlbnRcL3VwbG9hZHNcLzIwMjRcLzExXC9mYWNlMDUtMS5wbmciLCJzbGlkZXNob3ciOiJkN2Q1ZGIwIn0%3D\">\n\t\t\t\t\t<div class=\"e-gallery-image elementor-gallery-item__image\" data-thumbnail=\"https:\/\/itajuba.cam.mg.gov.br\/site\/wp-content\/uploads\/2024\/11\/face05-1-300x240.png\" data-width=\"300\" data-height=\"240\" aria-label=\"\" role=\"img\" ><\/div>\n\t\t\t\t\t\t\t\t\t\t\t<div class=\"elementor-gallery-item__overlay\"><\/div>\n\t\t\t\t\t\t\t\t\t\t\t\t\t\t<\/a>\n\t\t\t\t\t\t\t<a class=\"e-gallery-item elementor-gallery-item elementor-animated-content\" href=\"https:\/\/itajuba.cam.mg.gov.br\/site\/wp-content\/uploads\/2024\/11\/face06-1.png\" data-elementor-open-lightbox=\"yes\" data-elementor-lightbox-slideshow=\"d7d5db0\" data-e-action-hash=\"#elementor-action%3Aaction%3Dlightbox%26settings%3DeyJpZCI6MTI2MTksInVybCI6Imh0dHBzOlwvXC9pdGFqdWJhLmNhbS5tZy5nb3YuYnJcL3NpdGVcL3dwLWNvbnRlbnRcL3VwbG9hZHNcLzIwMjRcLzExXC9mYWNlMDYtMS5wbmciLCJzbGlkZXNob3ciOiJkN2Q1ZGIwIn0%3D\">\n\t\t\t\t\t<div class=\"e-gallery-image elementor-gallery-item__image\" data-thumbnail=\"https:\/\/itajuba.cam.mg.gov.br\/site\/wp-content\/uploads\/2024\/11\/face06-1-300x240.png\" data-width=\"300\" data-height=\"240\" aria-label=\"\" role=\"img\" ><\/div>\n\t\t\t\t\t\t\t\t\t\t\t<div class=\"elementor-gallery-item__overlay\"><\/div>\n\t\t\t\t\t\t\t\t\t\t\t\t\t\t<\/a>\n\t\t\t\t\t\t\t<a class=\"e-gallery-item elementor-gallery-item elementor-animated-content\" href=\"https:\/\/itajuba.cam.mg.gov.br\/site\/wp-content\/uploads\/2024\/11\/face07-1.png\" data-elementor-open-lightbox=\"yes\" data-elementor-lightbox-slideshow=\"d7d5db0\" data-e-action-hash=\"#elementor-action%3Aaction%3Dlightbox%26settings%3DeyJpZCI6MTI2MjAsInVybCI6Imh0dHBzOlwvXC9pdGFqdWJhLmNhbS5tZy5nb3YuYnJcL3NpdGVcL3dwLWNvbnRlbnRcL3VwbG9hZHNcLzIwMjRcLzExXC9mYWNlMDctMS5wbmciLCJzbGlkZXNob3ciOiJkN2Q1ZGIwIn0%3D\">\n\t\t\t\t\t<div class=\"e-gallery-image elementor-gallery-item__image\" data-thumbnail=\"https:\/\/itajuba.cam.mg.gov.br\/site\/wp-content\/uploads\/2024\/11\/face07-1-300x240.png\" data-width=\"300\" data-height=\"240\" aria-label=\"\" role=\"img\" ><\/div>\n\t\t\t\t\t\t\t\t\t\t\t<div class=\"elementor-gallery-item__overlay\"><\/div>\n\t\t\t\t\t\t\t\t\t\t\t\t\t\t<\/a>\n\t\t\t\t\t\t\t<a class=\"e-gallery-item elementor-gallery-item elementor-animated-content\" href=\"https:\/\/itajuba.cam.mg.gov.br\/site\/wp-content\/uploads\/2024\/11\/face08-1.png\" data-elementor-open-lightbox=\"yes\" data-elementor-lightbox-slideshow=\"d7d5db0\" data-e-action-hash=\"#elementor-action%3Aaction%3Dlightbox%26settings%3DeyJpZCI6MTI2MjEsInVybCI6Imh0dHBzOlwvXC9pdGFqdWJhLmNhbS5tZy5nb3YuYnJcL3NpdGVcL3dwLWNvbnRlbnRcL3VwbG9hZHNcLzIwMjRcLzExXC9mYWNlMDgtMS5wbmciLCJzbGlkZXNob3ciOiJkN2Q1ZGIwIn0%3D\">\n\t\t\t\t\t<div class=\"e-gallery-image elementor-gallery-item__image\" data-thumbnail=\"https:\/\/itajuba.cam.mg.gov.br\/site\/wp-content\/uploads\/2024\/11\/face08-1-300x240.png\" data-width=\"300\" data-height=\"240\" aria-label=\"\" role=\"img\" ><\/div>\n\t\t\t\t\t\t\t\t\t\t\t<div class=\"elementor-gallery-item__overlay\"><\/div>\n\t\t\t\t\t\t\t\t\t\t\t\t\t\t<\/a>\n\t\t\t\t\t\t\t<a class=\"e-gallery-item elementor-gallery-item elementor-animated-content\" href=\"https:\/\/itajuba.cam.mg.gov.br\/site\/wp-content\/uploads\/2024\/11\/face09-1.png\" data-elementor-open-lightbox=\"yes\" data-elementor-lightbox-slideshow=\"d7d5db0\" data-e-action-hash=\"#elementor-action%3Aaction%3Dlightbox%26settings%3DeyJpZCI6MTI2MjIsInVybCI6Imh0dHBzOlwvXC9pdGFqdWJhLmNhbS5tZy5nb3YuYnJcL3NpdGVcL3dwLWNvbnRlbnRcL3VwbG9hZHNcLzIwMjRcLzExXC9mYWNlMDktMS5wbmciLCJzbGlkZXNob3ciOiJkN2Q1ZGIwIn0%3D\">\n\t\t\t\t\t<div class=\"e-gallery-image elementor-gallery-item__image\" data-thumbnail=\"https:\/\/itajuba.cam.mg.gov.br\/site\/wp-content\/uploads\/2024\/11\/face09-1-300x240.png\" data-width=\"300\" data-height=\"240\" aria-label=\"\" role=\"img\" ><\/div>\n\t\t\t\t\t\t\t\t\t\t\t<div class=\"elementor-gallery-item__overlay\"><\/div>\n\t\t\t\t\t\t\t\t\t\t\t\t\t\t<\/a>\n\t\t\t\t\t\t\t<a class=\"e-gallery-item elementor-gallery-item elementor-animated-content\" href=\"https:\/\/itajuba.cam.mg.gov.br\/site\/wp-content\/uploads\/2024\/11\/face10-1.png\" data-elementor-open-lightbox=\"yes\" data-elementor-lightbox-slideshow=\"d7d5db0\" data-e-action-hash=\"#elementor-action%3Aaction%3Dlightbox%26settings%3DeyJpZCI6MTI2MjMsInVybCI6Imh0dHBzOlwvXC9pdGFqdWJhLmNhbS5tZy5nb3YuYnJcL3NpdGVcL3dwLWNvbnRlbnRcL3VwbG9hZHNcLzIwMjRcLzExXC9mYWNlMTAtMS5wbmciLCJzbGlkZXNob3ciOiJkN2Q1ZGIwIn0%3D\">\n\t\t\t\t\t<div class=\"e-gallery-image elementor-gallery-item__image\" data-thumbnail=\"https:\/\/itajuba.cam.mg.gov.br\/site\/wp-content\/uploads\/2024\/11\/face10-1-300x240.png\" data-width=\"300\" data-height=\"240\" aria-label=\"\" role=\"img\" ><\/div>\n\t\t\t\t\t\t\t\t\t\t\t<div class=\"elementor-gallery-item__overlay\"><\/div>\n\t\t\t\t\t\t\t\t\t\t\t\t\t\t<\/a>\n\t\t\t\t\t\t\t<a class=\"e-gallery-item elementor-gallery-item elementor-animated-content\" href=\"https:\/\/itajuba.cam.mg.gov.br\/site\/wp-content\/uploads\/2024\/11\/face11-1.png\" data-elementor-open-lightbox=\"yes\" data-elementor-lightbox-slideshow=\"d7d5db0\" data-e-action-hash=\"#elementor-action%3Aaction%3Dlightbox%26settings%3DeyJpZCI6MTI2MjQsInVybCI6Imh0dHBzOlwvXC9pdGFqdWJhLmNhbS5tZy5nb3YuYnJcL3NpdGVcL3dwLWNvbnRlbnRcL3VwbG9hZHNcLzIwMjRcLzExXC9mYWNlMTEtMS5wbmciLCJzbGlkZXNob3ciOiJkN2Q1ZGIwIn0%3D\">\n\t\t\t\t\t<div class=\"e-gallery-image elementor-gallery-item__image\" data-thumbnail=\"https:\/\/itajuba.cam.mg.gov.br\/site\/wp-content\/uploads\/2024\/11\/face11-1-300x240.png\" data-width=\"300\" data-height=\"240\" aria-label=\"\" role=\"img\" ><\/div>\n\t\t\t\t\t\t\t\t\t\t\t<div class=\"elementor-gallery-item__overlay\"><\/div>\n\t\t\t\t\t\t\t\t\t\t\t\t\t\t<\/a>\n\t\t\t\t\t\t\t<a class=\"e-gallery-item elementor-gallery-item elementor-animated-content\" href=\"https:\/\/itajuba.cam.mg.gov.br\/site\/wp-content\/uploads\/2024\/11\/face12-1.png\" data-elementor-open-lightbox=\"yes\" data-elementor-lightbox-slideshow=\"d7d5db0\" data-e-action-hash=\"#elementor-action%3Aaction%3Dlightbox%26settings%3DeyJpZCI6MTI2MjUsInVybCI6Imh0dHBzOlwvXC9pdGFqdWJhLmNhbS5tZy5nb3YuYnJcL3NpdGVcL3dwLWNvbnRlbnRcL3VwbG9hZHNcLzIwMjRcLzExXC9mYWNlMTItMS5wbmciLCJzbGlkZXNob3ciOiJkN2Q1ZGIwIn0%3D\">\n\t\t\t\t\t<div class=\"e-gallery-image elementor-gallery-item__image\" data-thumbnail=\"https:\/\/itajuba.cam.mg.gov.br\/site\/wp-content\/uploads\/2024\/11\/face12-1-300x240.png\" data-width=\"300\" data-height=\"240\" aria-label=\"\" role=\"img\" ><\/div>\n\t\t\t\t\t\t\t\t\t\t\t<div class=\"elementor-gallery-item__overlay\"><\/div>\n\t\t\t\t\t\t\t\t\t\t\t\t\t\t<\/a>\n\t\t\t\t\t\t\t<a class=\"e-gallery-item elementor-gallery-item elementor-animated-content\" href=\"https:\/\/itajuba.cam.mg.gov.br\/site\/wp-content\/uploads\/2024\/11\/face13-1.png\" data-elementor-open-lightbox=\"yes\" data-elementor-lightbox-slideshow=\"d7d5db0\" data-e-action-hash=\"#elementor-action%3Aaction%3Dlightbox%26settings%3DeyJpZCI6MTI2MjYsInVybCI6Imh0dHBzOlwvXC9pdGFqdWJhLmNhbS5tZy5nb3YuYnJcL3NpdGVcL3dwLWNvbnRlbnRcL3VwbG9hZHNcLzIwMjRcLzExXC9mYWNlMTMtMS5wbmciLCJzbGlkZXNob3ciOiJkN2Q1ZGIwIn0%3D\">\n\t\t\t\t\t<div class=\"e-gallery-image elementor-gallery-item__image\" data-thumbnail=\"https:\/\/itajuba.cam.mg.gov.br\/site\/wp-content\/uploads\/2024\/11\/face13-1-300x240.png\" data-width=\"300\" data-height=\"240\" aria-label=\"\" role=\"img\" ><\/div>\n\t\t\t\t\t\t\t\t\t\t\t<div class=\"elementor-gallery-item__overlay\"><\/div>\n\t\t\t\t\t\t\t\t\t\t\t\t\t\t<\/a>\n\t\t\t\t\t<\/div>\n\t\t\t<\/div>\n\t\t\t\t<\/div>\n\t\t\t\t\t<\/div>\n\t\t<\/div>\n\t\t\t\t\t\t\t<\/div>\n\t\t<\/section>\n\t\t\t\t\t\t\t<\/div>\n\t\t","protected":false},"excerpt":{"rendered":"<p>Em uma demonstra\u00e7\u00e3o de compromisso com a seguran\u00e7a da popula\u00e7\u00e3o itajubense, a C\u00e2mara Municipal de Itajub\u00e1 promoveu na tarde desta ter\u00e7a-feira (5\/11) uma reuni\u00e3o especial para discutir e definir as a\u00e7\u00f5es de seguran\u00e7a p\u00fablica durante o per\u00edodo natalino. A iniciativa, fruto de um requerimento dos vereadores Markinhu Meireles (PL), Silvio Vieira (PDT) e Rafael Rodrigues [&hellip;]<\/p>\n","protected":false},"author":2,"featured_media":12611,"comment_status":"closed","ping_status":"open","sticky":false,"template":"","format":"standard","meta":{"footnotes":""},"categories":[16],"tags":[],"class_list":["post-12610","post","type-post","status-publish","format-standard","has-post-thumbnail","hentry","category-noticias"],"yoast_head":"<!-- This site is optimized with the Yoast SEO plugin v21.0 - https:\/\/yoast.com\/wordpress\/plugins\/seo\/ -->\n<title>C\u00e2mara Municipal e \u00f3rg\u00e3os de seguran\u00e7a se re\u00fanem para garantir fim de ano seguro em Itajub\u00e1 - C\u00e2mara Municipal de Itajub\u00e1<\/title>\n<meta name=\"robots\" content=\"index, follow, max-snippet:-1, max-image-preview:large, max-video-preview:-1\" \/>\n<link rel=\"canonical\" href=\"https:\/\/itajuba.cam.mg.gov.br\/site\/camara-municipal-e-orgaos-de-seguranca-se-reunem-para-garantir-fim-de-ano-seguro-em-itajuba\/\" \/>\n<meta property=\"og:locale\" content=\"pt_BR\" \/>\n<meta property=\"og:type\" content=\"article\" \/>\n<meta property=\"og:title\" content=\"C\u00e2mara Municipal e \u00f3rg\u00e3os de seguran\u00e7a se re\u00fanem para garantir fim de ano seguro em Itajub\u00e1 - C\u00e2mara Municipal de Itajub\u00e1\" \/>\n<meta property=\"og:description\" content=\"Em uma demonstra\u00e7\u00e3o de compromisso com a seguran\u00e7a da popula\u00e7\u00e3o itajubense, a C\u00e2mara Municipal de Itajub\u00e1 promoveu na tarde desta ter\u00e7a-feira (5\/11) uma reuni\u00e3o especial para discutir e definir as a\u00e7\u00f5es de seguran\u00e7a p\u00fablica durante o per\u00edodo natalino. A iniciativa, fruto de um requerimento dos vereadores Markinhu Meireles (PL), Silvio Vieira (PDT) e Rafael Rodrigues [&hellip;]\" \/>\n<meta property=\"og:url\" content=\"https:\/\/itajuba.cam.mg.gov.br\/site\/camara-municipal-e-orgaos-de-seguranca-se-reunem-para-garantir-fim-de-ano-seguro-em-itajuba\/\" \/>\n<meta property=\"og:site_name\" content=\"C\u00e2mara Municipal de Itajub\u00e1\" \/>\n<meta property=\"article:publisher\" content=\"https:\/\/www.facebook.com\/camaradeitajubaoficial\" \/>\n<meta property=\"article:published_time\" content=\"2024-11-06T16:46:28+00:00\" \/>\n<meta property=\"article:modified_time\" content=\"2024-11-06T16:55:43+00:00\" \/>\n<meta property=\"og:image\" content=\"https:\/\/itajuba.cam.mg.gov.br\/site\/wp-content\/uploads\/2024\/11\/site-1.png\" \/>\n\t<meta property=\"og:image:width\" content=\"1081\" \/>\n\t<meta property=\"og:image:height\" content=\"866\" \/>\n\t<meta property=\"og:image:type\" content=\"image\/png\" \/>\n<meta name=\"author\" content=\"Matheus Rivoli\" \/>\n<meta name=\"twitter:card\" content=\"summary_large_image\" \/>\n<meta name=\"twitter:label1\" content=\"Escrito por\" \/>\n\t<meta name=\"twitter:data1\" content=\"Matheus Rivoli\" \/>\n\t<meta name=\"twitter:label2\" content=\"Est. tempo de leitura\" \/>\n\t<meta name=\"twitter:data2\" content=\"2 minutos\" \/>\n<script type=\"application\/ld+json\" class=\"yoast-schema-graph\">{\"@context\":\"https:\/\/schema.org\",\"@graph\":[{\"@type\":\"Article\",\"@id\":\"https:\/\/itajuba.cam.mg.gov.br\/site\/camara-municipal-e-orgaos-de-seguranca-se-reunem-para-garantir-fim-de-ano-seguro-em-itajuba\/#article\",\"isPartOf\":{\"@id\":\"https:\/\/itajuba.cam.mg.gov.br\/site\/camara-municipal-e-orgaos-de-seguranca-se-reunem-para-garantir-fim-de-ano-seguro-em-itajuba\/\"},\"author\":{\"name\":\"Matheus Rivoli\",\"@id\":\"https:\/\/itajuba.cam.mg.gov.br\/site\/#\/schema\/person\/98cdb7e800259cf679b23eb9942b53e6\"},\"headline\":\"C\u00e2mara Municipal e \u00f3rg\u00e3os de seguran\u00e7a se re\u00fanem para garantir fim de ano seguro em Itajub\u00e1\",\"datePublished\":\"2024-11-06T16:46:28+00:00\",\"dateModified\":\"2024-11-06T16:55:43+00:00\",\"mainEntityOfPage\":{\"@id\":\"https:\/\/itajuba.cam.mg.gov.br\/site\/camara-municipal-e-orgaos-de-seguranca-se-reunem-para-garantir-fim-de-ano-seguro-em-itajuba\/\"},\"wordCount\":369,\"publisher\":{\"@id\":\"https:\/\/itajuba.cam.mg.gov.br\/site\/#organization\"},\"articleSection\":[\"Not\u00edcias\"],\"inLanguage\":\"pt-BR\"},{\"@type\":\"WebPage\",\"@id\":\"https:\/\/itajuba.cam.mg.gov.br\/site\/camara-municipal-e-orgaos-de-seguranca-se-reunem-para-garantir-fim-de-ano-seguro-em-itajuba\/\",\"url\":\"https:\/\/itajuba.cam.mg.gov.br\/site\/camara-municipal-e-orgaos-de-seguranca-se-reunem-para-garantir-fim-de-ano-seguro-em-itajuba\/\",\"name\":\"C\u00e2mara Municipal e \u00f3rg\u00e3os de seguran\u00e7a se re\u00fanem para garantir fim de ano seguro em Itajub\u00e1 - C\u00e2mara Municipal de Itajub\u00e1\",\"isPartOf\":{\"@id\":\"https:\/\/itajuba.cam.mg.gov.br\/site\/#website\"},\"datePublished\":\"2024-11-06T16:46:28+00:00\",\"dateModified\":\"2024-11-06T16:55:43+00:00\",\"breadcrumb\":{\"@id\":\"https:\/\/itajuba.cam.mg.gov.br\/site\/camara-municipal-e-orgaos-de-seguranca-se-reunem-para-garantir-fim-de-ano-seguro-em-itajuba\/#breadcrumb\"},\"inLanguage\":\"pt-BR\",\"potentialAction\":[{\"@type\":\"ReadAction\",\"target\":[\"https:\/\/itajuba.cam.mg.gov.br\/site\/camara-municipal-e-orgaos-de-seguranca-se-reunem-para-garantir-fim-de-ano-seguro-em-itajuba\/\"]}]},{\"@type\":\"BreadcrumbList\",\"@id\":\"https:\/\/itajuba.cam.mg.gov.br\/site\/camara-municipal-e-orgaos-de-seguranca-se-reunem-para-garantir-fim-de-ano-seguro-em-itajuba\/#breadcrumb\",\"itemListElement\":[{\"@type\":\"ListItem\",\"position\":1,\"name\":\"In\u00edcio\",\"item\":\"https:\/\/itajuba.cam.mg.gov.br\/site\/\"},{\"@type\":\"ListItem\",\"position\":2,\"name\":\"C\u00e2mara Municipal e \u00f3rg\u00e3os de seguran\u00e7a se re\u00fanem para garantir fim de ano seguro em Itajub\u00e1\"}]},{\"@type\":\"WebSite\",\"@id\":\"https:\/\/itajuba.cam.mg.gov.br\/site\/#website\",\"url\":\"https:\/\/itajuba.cam.mg.gov.br\/site\/\",\"name\":\"C\u00e2mara Municipal de Itajub\u00e1\",\"description\":\"Efici\u00eancia e Transpar\u00eancia\",\"publisher\":{\"@id\":\"https:\/\/itajuba.cam.mg.gov.br\/site\/#organization\"},\"potentialAction\":[{\"@type\":\"SearchAction\",\"target\":{\"@type\":\"EntryPoint\",\"urlTemplate\":\"https:\/\/itajuba.cam.mg.gov.br\/site\/?s={search_term_string}\"},\"query-input\":\"required name=search_term_string\"}],\"inLanguage\":\"pt-BR\"},{\"@type\":\"Organization\",\"@id\":\"https:\/\/itajuba.cam.mg.gov.br\/site\/#organization\",\"name\":\"C\u00e2mara Municipal de Itajub\u00e1\",\"url\":\"https:\/\/itajuba.cam.mg.gov.br\/site\/\",\"logo\":{\"@type\":\"ImageObject\",\"inLanguage\":\"pt-BR\",\"@id\":\"https:\/\/itajuba.cam.mg.gov.br\/site\/#\/schema\/logo\/image\/\",\"url\":\"https:\/\/itajuba.cam.mg.gov.br\/site\/wp-content\/uploads\/2023\/09\/logo_camara_2024.png\",\"contentUrl\":\"https:\/\/itajuba.cam.mg.gov.br\/site\/wp-content\/uploads\/2023\/09\/logo_camara_2024.png\",\"width\":1000,\"height\":385,\"caption\":\"C\u00e2mara Municipal de Itajub\u00e1\"},\"image\":{\"@id\":\"https:\/\/itajuba.cam.mg.gov.br\/site\/#\/schema\/logo\/image\/\"},\"sameAs\":[\"https:\/\/www.facebook.com\/camaradeitajubaoficial\",\"https:\/\/www.instagram.com\/camaradeitajubaoficial\/\",\"https:\/\/www.youtube.com\/user\/TVCAMARAITAJUBA\"]},{\"@type\":\"Person\",\"@id\":\"https:\/\/itajuba.cam.mg.gov.br\/site\/#\/schema\/person\/98cdb7e800259cf679b23eb9942b53e6\",\"name\":\"Matheus Rivoli\",\"image\":{\"@type\":\"ImageObject\",\"inLanguage\":\"pt-BR\",\"@id\":\"https:\/\/itajuba.cam.mg.gov.br\/site\/#\/schema\/person\/image\/\",\"url\":\"https:\/\/secure.gravatar.com\/avatar\/ef9f3e4c6803cd403e07456b108c1a951507fec5b8feac1f9ff0abaa2a3299c0?s=96&d=mm&r=g\",\"contentUrl\":\"https:\/\/secure.gravatar.com\/avatar\/ef9f3e4c6803cd403e07456b108c1a951507fec5b8feac1f9ff0abaa2a3299c0?s=96&d=mm&r=g\",\"caption\":\"Matheus Rivoli\"},\"url\":\"https:\/\/itajuba.cam.mg.gov.br\/site\/author\/matheus\/\"}]}<\/script>\n<!-- \/ Yoast SEO plugin. -->","yoast_head_json":{"title":"C\u00e2mara Municipal e \u00f3rg\u00e3os de seguran\u00e7a se re\u00fanem para garantir fim de ano seguro em Itajub\u00e1 - C\u00e2mara Municipal de Itajub\u00e1","robots":{"index":"index","follow":"follow","max-snippet":"max-snippet:-1","max-image-preview":"max-image-preview:large","max-video-preview":"max-video-preview:-1"},"canonical":"https:\/\/itajuba.cam.mg.gov.br\/site\/camara-municipal-e-orgaos-de-seguranca-se-reunem-para-garantir-fim-de-ano-seguro-em-itajuba\/","og_locale":"pt_BR","og_type":"article","og_title":"C\u00e2mara Municipal e \u00f3rg\u00e3os de seguran\u00e7a se re\u00fanem para garantir fim de ano seguro em Itajub\u00e1 - C\u00e2mara Municipal de Itajub\u00e1","og_description":"Em uma demonstra\u00e7\u00e3o de compromisso com a seguran\u00e7a da popula\u00e7\u00e3o itajubense, a C\u00e2mara Municipal de Itajub\u00e1 promoveu na tarde desta ter\u00e7a-feira (5\/11) uma reuni\u00e3o especial para discutir e definir as a\u00e7\u00f5es de seguran\u00e7a p\u00fablica durante o per\u00edodo natalino. A iniciativa, fruto de um requerimento dos vereadores Markinhu Meireles (PL), Silvio Vieira (PDT) e Rafael Rodrigues [&hellip;]","og_url":"https:\/\/itajuba.cam.mg.gov.br\/site\/camara-municipal-e-orgaos-de-seguranca-se-reunem-para-garantir-fim-de-ano-seguro-em-itajuba\/","og_site_name":"C\u00e2mara Municipal de Itajub\u00e1","article_publisher":"https:\/\/www.facebook.com\/camaradeitajubaoficial","article_published_time":"2024-11-06T16:46:28+00:00","article_modified_time":"2024-11-06T16:55:43+00:00","og_image":[{"width":1081,"height":866,"url":"https:\/\/itajuba.cam.mg.gov.br\/site\/wp-content\/uploads\/2024\/11\/site-1.png","type":"image\/png"}],"author":"Matheus Rivoli","twitter_card":"summary_large_image","twitter_misc":{"Escrito por":"Matheus Rivoli","Est. tempo de leitura":"2 minutos"},"schema":{"@context":"https:\/\/schema.org","@graph":[{"@type":"Article","@id":"https:\/\/itajuba.cam.mg.gov.br\/site\/camara-municipal-e-orgaos-de-seguranca-se-reunem-para-garantir-fim-de-ano-seguro-em-itajuba\/#article","isPartOf":{"@id":"https:\/\/itajuba.cam.mg.gov.br\/site\/camara-municipal-e-orgaos-de-seguranca-se-reunem-para-garantir-fim-de-ano-seguro-em-itajuba\/"},"author":{"name":"Matheus Rivoli","@id":"https:\/\/itajuba.cam.mg.gov.br\/site\/#\/schema\/person\/98cdb7e800259cf679b23eb9942b53e6"},"headline":"C\u00e2mara Municipal e \u00f3rg\u00e3os de seguran\u00e7a se re\u00fanem para garantir fim de ano seguro em Itajub\u00e1","datePublished":"2024-11-06T16:46:28+00:00","dateModified":"2024-11-06T16:55:43+00:00","mainEntityOfPage":{"@id":"https:\/\/itajuba.cam.mg.gov.br\/site\/camara-municipal-e-orgaos-de-seguranca-se-reunem-para-garantir-fim-de-ano-seguro-em-itajuba\/"},"wordCount":369,"publisher":{"@id":"https:\/\/itajuba.cam.mg.gov.br\/site\/#organization"},"articleSection":["Not\u00edcias"],"inLanguage":"pt-BR"},{"@type":"WebPage","@id":"https:\/\/itajuba.cam.mg.gov.br\/site\/camara-municipal-e-orgaos-de-seguranca-se-reunem-para-garantir-fim-de-ano-seguro-em-itajuba\/","url":"https:\/\/itajuba.cam.mg.gov.br\/site\/camara-municipal-e-orgaos-de-seguranca-se-reunem-para-garantir-fim-de-ano-seguro-em-itajuba\/","name":"C\u00e2mara Municipal e \u00f3rg\u00e3os de seguran\u00e7a se re\u00fanem para garantir fim de ano seguro em Itajub\u00e1 - C\u00e2mara Municipal de Itajub\u00e1","isPartOf":{"@id":"https:\/\/itajuba.cam.mg.gov.br\/site\/#website"},"datePublished":"2024-11-06T16:46:28+00:00","dateModified":"2024-11-06T16:55:43+00:00","breadcrumb":{"@id":"https:\/\/itajuba.cam.mg.gov.br\/site\/camara-municipal-e-orgaos-de-seguranca-se-reunem-para-garantir-fim-de-ano-seguro-em-itajuba\/#breadcrumb"},"inLanguage":"pt-BR","potentialAction":[{"@type":"ReadAction","target":["https:\/\/itajuba.cam.mg.gov.br\/site\/camara-municipal-e-orgaos-de-seguranca-se-reunem-para-garantir-fim-de-ano-seguro-em-itajuba\/"]}]},{"@type":"BreadcrumbList","@id":"https:\/\/itajuba.cam.mg.gov.br\/site\/camara-municipal-e-orgaos-de-seguranca-se-reunem-para-garantir-fim-de-ano-seguro-em-itajuba\/#breadcrumb","itemListElement":[{"@type":"ListItem","position":1,"name":"In\u00edcio","item":"https:\/\/itajuba.cam.mg.gov.br\/site\/"},{"@type":"ListItem","position":2,"name":"C\u00e2mara Municipal e \u00f3rg\u00e3os de seguran\u00e7a se re\u00fanem para garantir fim de ano seguro em Itajub\u00e1"}]},{"@type":"WebSite","@id":"https:\/\/itajuba.cam.mg.gov.br\/site\/#website","url":"https:\/\/itajuba.cam.mg.gov.br\/site\/","name":"C\u00e2mara Municipal de Itajub\u00e1","description":"Efici\u00eancia e Transpar\u00eancia","publisher":{"@id":"https:\/\/itajuba.cam.mg.gov.br\/site\/#organization"},"potentialAction":[{"@type":"SearchAction","target":{"@type":"EntryPoint","urlTemplate":"https:\/\/itajuba.cam.mg.gov.br\/site\/?s={search_term_string}"},"query-input":"required name=search_term_string"}],"inLanguage":"pt-BR"},{"@type":"Organization","@id":"https:\/\/itajuba.cam.mg.gov.br\/site\/#organization","name":"C\u00e2mara Municipal de Itajub\u00e1","url":"https:\/\/itajuba.cam.mg.gov.br\/site\/","logo":{"@type":"ImageObject","inLanguage":"pt-BR","@id":"https:\/\/itajuba.cam.mg.gov.br\/site\/#\/schema\/logo\/image\/","url":"https:\/\/itajuba.cam.mg.gov.br\/site\/wp-content\/uploads\/2023\/09\/logo_camara_2024.png","contentUrl":"https:\/\/itajuba.cam.mg.gov.br\/site\/wp-content\/uploads\/2023\/09\/logo_camara_2024.png","width":1000,"height":385,"caption":"C\u00e2mara Municipal de Itajub\u00e1"},"image":{"@id":"https:\/\/itajuba.cam.mg.gov.br\/site\/#\/schema\/logo\/image\/"},"sameAs":["https:\/\/www.facebook.com\/camaradeitajubaoficial","https:\/\/www.instagram.com\/camaradeitajubaoficial\/","https:\/\/www.youtube.com\/user\/TVCAMARAITAJUBA"]},{"@type":"Person","@id":"https:\/\/itajuba.cam.mg.gov.br\/site\/#\/schema\/person\/98cdb7e800259cf679b23eb9942b53e6","name":"Matheus Rivoli","image":{"@type":"ImageObject","inLanguage":"pt-BR","@id":"https:\/\/itajuba.cam.mg.gov.br\/site\/#\/schema\/person\/image\/","url":"https:\/\/secure.gravatar.com\/avatar\/ef9f3e4c6803cd403e07456b108c1a951507fec5b8feac1f9ff0abaa2a3299c0?s=96&d=mm&r=g","contentUrl":"https:\/\/secure.gravatar.com\/avatar\/ef9f3e4c6803cd403e07456b108c1a951507fec5b8feac1f9ff0abaa2a3299c0?s=96&d=mm&r=g","caption":"Matheus Rivoli"},"url":"https:\/\/itajuba.cam.mg.gov.br\/site\/author\/matheus\/"}]}},"_links":{"self":[{"href":"https:\/\/itajuba.cam.mg.gov.br\/site\/wp-json\/wp\/v2\/posts\/12610","targetHints":{"allow":["GET"]}}],"collection":[{"href":"https:\/\/itajuba.cam.mg.gov.br\/site\/wp-json\/wp\/v2\/posts"}],"about":[{"href":"https:\/\/itajuba.cam.mg.gov.br\/site\/wp-json\/wp\/v2\/types\/post"}],"author":[{"embeddable":true,"href":"https:\/\/itajuba.cam.mg.gov.br\/site\/wp-json\/wp\/v2\/users\/2"}],"replies":[{"embeddable":true,"href":"https:\/\/itajuba.cam.mg.gov.br\/site\/wp-json\/wp\/v2\/comments?post=12610"}],"version-history":[{"count":4,"href":"https:\/\/itajuba.cam.mg.gov.br\/site\/wp-json\/wp\/v2\/posts\/12610\/revisions"}],"predecessor-version":[{"id":12629,"href":"https:\/\/itajuba.cam.mg.gov.br\/site\/wp-json\/wp\/v2\/posts\/12610\/revisions\/12629"}],"wp:featuredmedia":[{"embeddable":true,"href":"https:\/\/itajuba.cam.mg.gov.br\/site\/wp-json\/wp\/v2\/media\/12611"}],"wp:attachment":[{"href":"https:\/\/itajuba.cam.mg.gov.br\/site\/wp-json\/wp\/v2\/media?parent=12610"}],"wp:term":[{"taxonomy":"category","embeddable":true,"href":"https:\/\/itajuba.cam.mg.gov.br\/site\/wp-json\/wp\/v2\/categories?post=12610"},{"taxonomy":"post_tag","embeddable":true,"href":"https:\/\/itajuba.cam.mg.gov.br\/site\/wp-json\/wp\/v2\/tags?post=12610"}],"curies":[{"name":"wp","href":"https:\/\/api.w.org\/{rel}","templated":true}]}}