{"id":17597,"date":"2026-02-27T17:40:16","date_gmt":"2026-02-27T17:40:16","guid":{"rendered":"https:\/\/itajuba.cam.mg.gov.br\/site\/?p=17597"},"modified":"2026-02-27T20:39:38","modified_gmt":"2026-02-27T20:39:38","slug":"excelencia-escolar-camara-municipal-homenageia-42-estudantes-com-o-certificado-aluno-nota-10-2025","status":"publish","type":"post","link":"https:\/\/itajuba.cam.mg.gov.br\/site\/excelencia-escolar-camara-municipal-homenageia-42-estudantes-com-o-certificado-aluno-nota-10-2025\/","title":{"rendered":"Excel\u00eancia Escolar: C\u00e2mara Municipal homenageia 42 estudantes com o certificado &#8220;Aluno Nota 10 2025&#8221;"},"content":{"rendered":"<p><img loading=\"lazy\" decoding=\"async\" class=\"alignleft\" src=\"https:\/\/itajuba.cam.mg.gov.br\/site\/wp-content\/uploads\/2026\/02\/CAPA-300x200.jpg\" alt=\"\" width=\"300\" height=\"200\" \/><br \/>\nO reconhecimento ao esfor\u00e7o, \u00e0 dedica\u00e7\u00e3o e ao desempenho acad\u00eamico marcou a noite da \u00faltima segunda-feira, <strong>24 de fevereiro<\/strong>. Em uma Sess\u00e3o Solene realizada no audit\u00f3rio da BIM \u2013 Universidade Federal de Itajub\u00e1 (UNIFEI), a C\u00e2mara Municipal de Itajub\u00e1 entregou o certificado <strong>&#8220;Aluno Nota 10 2025&#8221;<\/strong> a 42 estudantes do 5\u00ba ano do Ensino Fundamental da rede municipal de ensino.<\/p>\n<p><strong>Reconhecimento e Est\u00edmulo<\/strong><br \/>\nA iniciativa, realizada pela <strong>C\u00e2mara Municipal de Itajub\u00e1<\/strong> por meio da <strong>Escola do Legislativo Professora Era\u00eddes Rabelo<\/strong>, tem como objetivo central valorizar os alunos que alcan\u00e7aram as melhores notas durante o ano letivo de 2025. Mais do que um pr\u00eamio, a certifica\u00e7\u00e3o busca estimular o compromisso com os estudos desde os primeiros anos da vida escolar.<br \/>\nA cerim\u00f4nia foi conduzida pelo presidente da C\u00e2mara, vereador <strong>Silvio Vieira (PDT)<\/strong>, e contou com a presen\u00e7a dos vereadores <strong>M\u00e1rcio Caldas (PSDB)<\/strong>, <strong>Vera Mouallem (PP)<\/strong> e <strong>Luciano da Farm\u00e1cia (PL)<\/strong>, al\u00e9m de autoridades da educa\u00e7\u00e3o como Val\u00e9ria Gon\u00e7alves da Silva (Diretora do Departamento de Ensino Fundamental da Secretaria Municipal de Educa\u00e7\u00e3o) e Priscilha Adriana Vilas Boas (Superintend\u00eancia Regional de Ensino).<br \/>\n<strong>Comunidade Reunida<\/strong><br \/>\nO audit\u00f3rio da BIM estava completamente tomado por um p\u00fablico vibrante. Pais orgulhosos, professores, diretores e funcion\u00e1rios das escolas compareceram em peso para prestigiar a conquista dos jovens estudantes. O clima era de celebra\u00e7\u00e3o e dever cumprido, refor\u00e7ando o la\u00e7o entre fam\u00edlia, escola e o poder p\u00fablico.<br \/>\nUm dos momentos mais marcantes da noite foi a entrega dos certificados, onde professoras e representantes das escolas subiram ao palco para compartilhar a alegria com seus alunos, simbolizando a import\u00e2ncia do papel do educador na forma\u00e7\u00e3o desses &#8220;notas 10&#8221;.<br \/>\nConfira os alunos homenageados:<br \/>\n<strong>Centro Integrado de Educa\u00e7\u00e3o Municipal Desembargador Francisco Pereira Rosa\u00a0\u00a0\u00a0\u00a0\u00a0\u00a0\u00a0\u00a0\u00a0 <\/strong><br \/>\n&#8211; Alice Caroline de Almeida Silva<br \/>\n&#8211; Amanda Emanuelly Rodrigues Dias<br \/>\n&#8211; Lucas Eduardo de Melo Roque<\/p>\n<p><strong>Centro Integrado de Educa\u00e7\u00e3o Municipal Professora Geralda Cer\u00e1volo Rodrigues<\/strong><br \/>\n&#8211; Jo\u00e3o Vitor de Lima dos Reis<br \/>\n&#8211; Lavinia Maciel da Silva<\/p>\n<p><strong>Escola Municipal Alcides Faria\u00a0\u00a0\u00a0\u00a0 <\/strong><br \/>\n&#8211; Ana Helena Correa Santos<\/p>\n<p><strong>Escola Municipal Ana Junqueira Ferraz\u00a0 <\/strong><br \/>\n&#8211; J\u00falia Emanuely do Prado Batista<\/p>\n<p><strong>Escola Municipal Dr. Ant\u00f4nio Salomon\u00a0 <\/strong><br \/>\n&#8211; Lucas Almeida<br \/>\n&#8211; Maria Luiza dos Santos Fiuza da Silva<\/p>\n<p><strong>Escola Municipal Dr. Xavier Lisboa\u00a0\u00a0\u00a0\u00a0\u00a0\u00a0\u00a0\u00a0\u00a0\u00a0\u00a0 <\/strong><br \/>\n&#8211; Manuela L\u00edrio Batista<br \/>\n&#8211; Tiago Henrique Zilocchi Matias<\/p>\n<p><strong>Escola Municipal Durval Braga\u00a0\u00a0\u00a0\u00a0 <\/strong><br \/>\n&#8211; Kauany Rodrigues Alves<br \/>\n&#8211; Milena Costa de Melo Izidoro<\/p>\n<p><strong>Escola Municipal Francisco Flor\u00eancio da Silva\u00a0\u00a0\u00a0\u00a0\u00a0\u00a0\u00a0\u00a0\u00a0\u00a0\u00a0\u00a0\u00a0\u00a0\u00a0 <\/strong><br \/>\n&#8211; Isa\u00edas Jos\u00e9 Batista Veloso Oliveira<\/p>\n<p><strong>Escola Municipal Francisco Pereira Coutinho &#8211; CAIC\u00a0 <\/strong><br \/>\n&#8211; Ketlyn Bruna Juv\u00eancio da Silva<br \/>\n&#8211; Maria Laura Santos Ferreira<br \/>\n&#8211; Milena Vit\u00f3ria Moraes da Silva<\/p>\n<p><strong>Escola Municipal Ol\u00edmpio Jos\u00e9 Joaquim\u00a0\u00a0\u00a0\u00a0\u00a0\u00a0\u00a0\u00a0\u00a0\u00a0\u00a0\u00a0\u00a0\u00a0 <\/strong><br \/>\n&#8211; Isabella Aparecida da Silva Tim\u00f3teo<br \/>\n&#8211; Yasmim Vit\u00f3ria Santos Prado<\/p>\n<p><strong>Escola Municipal Padre Donato\u00a0\u00a0 <\/strong><br \/>\n&#8211; Let\u00edcia Emidio Lopes<br \/>\n&#8211; Victor Hugo Valentim<\/p>\n<p><strong>Escola Municipal Professor Carmo Cascardo\u00a0 <\/strong><br \/>\n&#8211; Luka de Oliveira Pinto<br \/>\n&#8211; Victor Gabriel Gon\u00e7alves<\/p>\n<p><strong>Escola Municipal Professor Francisco J\u00falio dos Santos\u00a0\u00a0\u00a0\u00a0\u00a0\u00a0\u00a0\u00a0\u00a0\u00a0 <\/strong><br \/>\n&#8211; Ana Julia Siqueira Silva<br \/>\n&#8211; Melissa Nogueira Ferreira Carvalho<\/p>\n<p><strong>Escola Municipal Professor Rafael Magalh\u00e3es <\/strong><br \/>\n&#8211; Al\u00edcia de Oliveira Pereira Muniz<br \/>\n&#8211; Anna Mel Corr\u00eaa Proc\u00f3pio<br \/>\n&#8211; Helena Oliveira dos Passos<\/p>\n<p><strong>Escola Municipal Professora Isaura Pereira dos Santos\u00a0\u00a0\u00a0\u00a0\u00a0\u00a0\u00a0\u00a0\u00a0\u00a0 <\/strong><br \/>\n&#8211; Jo\u00e3o Miguel Augusto da Silva<br \/>\n&#8211; Jonathan Emanoel Da Silva<\/p>\n<p><strong>Escola Municipal Santo Agostinho\u00a0\u00a0\u00a0\u00a0\u00a0\u00a0\u00a0\u00a0\u00a0\u00a0\u00a0\u00a0 <\/strong><br \/>\n&#8211; Chiara de Oliveira Silva<\/p>\n<p><strong>Escola Municipal S\u00e3o Judas Tadeu\u00a0\u00a0\u00a0\u00a0\u00a0\u00a0\u00a0\u00a0\u00a0\u00a0\u00a0 <\/strong><br \/>\n&#8211; Lavinia Vit\u00f3ria da Silva<br \/>\n&#8211; Maria Clara Maciel de Moura<\/p>\n<p><strong>Escola Municipal S\u00e3o Sebasti\u00e3o\u00a0 <\/strong><br \/>\n&#8211; Gustavo Silva<br \/>\n&#8211; Nicolas M\u00e1rio da Silva<\/p>\n<p><strong>Escola Municipal S\u00e3o Vicente de Paulo <\/strong><br \/>\n&#8211; Davi de Andrade Ribeiro Mota<br \/>\n&#8211; Elo\u00e1 Antonela Ribeiro Silva<\/p>\n<p><strong>Escola Municipal Teodomiro Santiago\u00a0\u00a0\u00a0 <\/strong><br \/>\n&#8211; Amandha da Silva Rodrigues<br \/>\n&#8211; Isis Vasconcelos Ribeiro<\/p>\n<p><strong>Escola Municipal Wenceslau Neto\u00a0\u00a0\u00a0\u00a0\u00a0\u00a0\u00a0\u00a0\u00a0\u00a0\u00a0 <\/strong><br \/>\n&#8211; Davi Jos\u00e9 Maia de Almeida<br \/>\n&#8211; Davi Lucas Costa<br \/>\n&#8211; Isabela Aylla da Silva Noronha<\/p>\n<p>Clique aqui e veja o \u00e1lbum de fotos no Facebook:\u00a0<a href=\"https:\/\/www.facebook.com\/share\/p\/1Afiecs5gU\/\">https:\/\/www.facebook.com\/share\/p\/1Afiecs5gU\/<\/a><\/p>\n","protected":false},"excerpt":{"rendered":"<p>O reconhecimento ao esfor\u00e7o, \u00e0 dedica\u00e7\u00e3o e ao desempenho acad\u00eamico marcou a noite da \u00faltima segunda-feira, 24 de fevereiro. Em uma Sess\u00e3o Solene realizada no audit\u00f3rio da BIM \u2013 Universidade Federal de Itajub\u00e1 (UNIFEI), a C\u00e2mara Municipal de Itajub\u00e1 entregou o certificado &#8220;Aluno Nota 10 2025&#8221; a 42 estudantes do 5\u00ba ano do Ensino Fundamental [&hellip;]<\/p>\n","protected":false},"author":5,"featured_media":17598,"comment_status":"closed","ping_status":"open","sticky":false,"template":"","format":"standard","meta":{"footnotes":""},"categories":[16],"tags":[],"class_list":["post-17597","post","type-post","status-publish","format-standard","has-post-thumbnail","hentry","category-noticias"],"yoast_head":"<!-- This site is optimized with the Yoast SEO plugin v21.0 - https:\/\/yoast.com\/wordpress\/plugins\/seo\/ -->\n<title>Excel\u00eancia Escolar: C\u00e2mara Municipal homenageia 42 estudantes com o certificado &quot;Aluno Nota 10 2025&quot; - C\u00e2mara Municipal de Itajub\u00e1<\/title>\n<meta name=\"robots\" content=\"index, follow, max-snippet:-1, max-image-preview:large, max-video-preview:-1\" \/>\n<link rel=\"canonical\" href=\"https:\/\/itajuba.cam.mg.gov.br\/site\/excelencia-escolar-camara-municipal-homenageia-42-estudantes-com-o-certificado-aluno-nota-10-2025\/\" \/>\n<meta property=\"og:locale\" content=\"pt_BR\" \/>\n<meta property=\"og:type\" content=\"article\" \/>\n<meta property=\"og:title\" content=\"Excel\u00eancia Escolar: C\u00e2mara Municipal homenageia 42 estudantes com o certificado &quot;Aluno Nota 10 2025&quot; - C\u00e2mara Municipal de Itajub\u00e1\" \/>\n<meta property=\"og:description\" content=\"O reconhecimento ao esfor\u00e7o, \u00e0 dedica\u00e7\u00e3o e ao desempenho acad\u00eamico marcou a noite da \u00faltima segunda-feira, 24 de fevereiro. Em uma Sess\u00e3o Solene realizada no audit\u00f3rio da BIM \u2013 Universidade Federal de Itajub\u00e1 (UNIFEI), a C\u00e2mara Municipal de Itajub\u00e1 entregou o certificado &#8220;Aluno Nota 10 2025&#8221; a 42 estudantes do 5\u00ba ano do Ensino Fundamental [&hellip;]\" \/>\n<meta property=\"og:url\" content=\"https:\/\/itajuba.cam.mg.gov.br\/site\/excelencia-escolar-camara-municipal-homenageia-42-estudantes-com-o-certificado-aluno-nota-10-2025\/\" \/>\n<meta property=\"og:site_name\" content=\"C\u00e2mara Municipal de Itajub\u00e1\" \/>\n<meta property=\"article:publisher\" content=\"https:\/\/www.facebook.com\/camaradeitajubaoficial\" \/>\n<meta property=\"article:published_time\" content=\"2026-02-27T17:40:16+00:00\" \/>\n<meta property=\"article:modified_time\" content=\"2026-02-27T20:39:38+00:00\" \/>\n<meta property=\"og:image\" content=\"https:\/\/itajuba.cam.mg.gov.br\/site\/wp-content\/uploads\/2026\/02\/CAPA-1024x683.jpg\" \/>\n\t<meta property=\"og:image:width\" content=\"1024\" \/>\n\t<meta property=\"og:image:height\" content=\"683\" \/>\n\t<meta property=\"og:image:type\" content=\"image\/jpeg\" \/>\n<meta name=\"author\" content=\"Andr\u00e9 Gustavo Teixeira\" \/>\n<meta name=\"twitter:card\" content=\"summary_large_image\" \/>\n<meta name=\"twitter:label1\" content=\"Escrito por\" \/>\n\t<meta name=\"twitter:data1\" content=\"Andr\u00e9 Gustavo Teixeira\" \/>\n\t<meta name=\"twitter:label2\" content=\"Est. tempo de leitura\" \/>\n\t<meta name=\"twitter:data2\" content=\"4 minutos\" \/>\n<script type=\"application\/ld+json\" class=\"yoast-schema-graph\">{\"@context\":\"https:\/\/schema.org\",\"@graph\":[{\"@type\":\"Article\",\"@id\":\"https:\/\/itajuba.cam.mg.gov.br\/site\/excelencia-escolar-camara-municipal-homenageia-42-estudantes-com-o-certificado-aluno-nota-10-2025\/#article\",\"isPartOf\":{\"@id\":\"https:\/\/itajuba.cam.mg.gov.br\/site\/excelencia-escolar-camara-municipal-homenageia-42-estudantes-com-o-certificado-aluno-nota-10-2025\/\"},\"author\":{\"name\":\"Andr\u00e9 Gustavo Teixeira\",\"@id\":\"https:\/\/itajuba.cam.mg.gov.br\/site\/#\/schema\/person\/516ab1ce09e1328601e16a3ff84d77bf\"},\"headline\":\"Excel\u00eancia Escolar: C\u00e2mara Municipal homenageia 42 estudantes com o certificado &#8220;Aluno Nota 10 2025&#8221;\",\"datePublished\":\"2026-02-27T17:40:16+00:00\",\"dateModified\":\"2026-02-27T20:39:38+00:00\",\"mainEntityOfPage\":{\"@id\":\"https:\/\/itajuba.cam.mg.gov.br\/site\/excelencia-escolar-camara-municipal-homenageia-42-estudantes-com-o-certificado-aluno-nota-10-2025\/\"},\"wordCount\":687,\"publisher\":{\"@id\":\"https:\/\/itajuba.cam.mg.gov.br\/site\/#organization\"},\"articleSection\":[\"Not\u00edcias\"],\"inLanguage\":\"pt-BR\"},{\"@type\":\"WebPage\",\"@id\":\"https:\/\/itajuba.cam.mg.gov.br\/site\/excelencia-escolar-camara-municipal-homenageia-42-estudantes-com-o-certificado-aluno-nota-10-2025\/\",\"url\":\"https:\/\/itajuba.cam.mg.gov.br\/site\/excelencia-escolar-camara-municipal-homenageia-42-estudantes-com-o-certificado-aluno-nota-10-2025\/\",\"name\":\"Excel\u00eancia Escolar: C\u00e2mara Municipal homenageia 42 estudantes com o certificado \\\"Aluno Nota 10 2025\\\" - C\u00e2mara Municipal de Itajub\u00e1\",\"isPartOf\":{\"@id\":\"https:\/\/itajuba.cam.mg.gov.br\/site\/#website\"},\"datePublished\":\"2026-02-27T17:40:16+00:00\",\"dateModified\":\"2026-02-27T20:39:38+00:00\",\"breadcrumb\":{\"@id\":\"https:\/\/itajuba.cam.mg.gov.br\/site\/excelencia-escolar-camara-municipal-homenageia-42-estudantes-com-o-certificado-aluno-nota-10-2025\/#breadcrumb\"},\"inLanguage\":\"pt-BR\",\"potentialAction\":[{\"@type\":\"ReadAction\",\"target\":[\"https:\/\/itajuba.cam.mg.gov.br\/site\/excelencia-escolar-camara-municipal-homenageia-42-estudantes-com-o-certificado-aluno-nota-10-2025\/\"]}]},{\"@type\":\"BreadcrumbList\",\"@id\":\"https:\/\/itajuba.cam.mg.gov.br\/site\/excelencia-escolar-camara-municipal-homenageia-42-estudantes-com-o-certificado-aluno-nota-10-2025\/#breadcrumb\",\"itemListElement\":[{\"@type\":\"ListItem\",\"position\":1,\"name\":\"In\u00edcio\",\"item\":\"https:\/\/itajuba.cam.mg.gov.br\/site\/\"},{\"@type\":\"ListItem\",\"position\":2,\"name\":\"Excel\u00eancia Escolar: C\u00e2mara Municipal homenageia 42 estudantes com o certificado &#8220;Aluno Nota 10 2025&#8221;\"}]},{\"@type\":\"WebSite\",\"@id\":\"https:\/\/itajuba.cam.mg.gov.br\/site\/#website\",\"url\":\"https:\/\/itajuba.cam.mg.gov.br\/site\/\",\"name\":\"C\u00e2mara Municipal de Itajub\u00e1\",\"description\":\"Efici\u00eancia e Transpar\u00eancia\",\"publisher\":{\"@id\":\"https:\/\/itajuba.cam.mg.gov.br\/site\/#organization\"},\"potentialAction\":[{\"@type\":\"SearchAction\",\"target\":{\"@type\":\"EntryPoint\",\"urlTemplate\":\"https:\/\/itajuba.cam.mg.gov.br\/site\/?s={search_term_string}\"},\"query-input\":\"required name=search_term_string\"}],\"inLanguage\":\"pt-BR\"},{\"@type\":\"Organization\",\"@id\":\"https:\/\/itajuba.cam.mg.gov.br\/site\/#organization\",\"name\":\"C\u00e2mara Municipal de Itajub\u00e1\",\"url\":\"https:\/\/itajuba.cam.mg.gov.br\/site\/\",\"logo\":{\"@type\":\"ImageObject\",\"inLanguage\":\"pt-BR\",\"@id\":\"https:\/\/itajuba.cam.mg.gov.br\/site\/#\/schema\/logo\/image\/\",\"url\":\"https:\/\/itajuba.cam.mg.gov.br\/site\/wp-content\/uploads\/2023\/09\/logo_camara_2024.png\",\"contentUrl\":\"https:\/\/itajuba.cam.mg.gov.br\/site\/wp-content\/uploads\/2023\/09\/logo_camara_2024.png\",\"width\":1000,\"height\":385,\"caption\":\"C\u00e2mara Municipal de Itajub\u00e1\"},\"image\":{\"@id\":\"https:\/\/itajuba.cam.mg.gov.br\/site\/#\/schema\/logo\/image\/\"},\"sameAs\":[\"https:\/\/www.facebook.com\/camaradeitajubaoficial\",\"https:\/\/www.instagram.com\/camaradeitajubaoficial\/\",\"https:\/\/www.youtube.com\/user\/TVCAMARAITAJUBA\"]},{\"@type\":\"Person\",\"@id\":\"https:\/\/itajuba.cam.mg.gov.br\/site\/#\/schema\/person\/516ab1ce09e1328601e16a3ff84d77bf\",\"name\":\"Andr\u00e9 Gustavo Teixeira\",\"image\":{\"@type\":\"ImageObject\",\"inLanguage\":\"pt-BR\",\"@id\":\"https:\/\/itajuba.cam.mg.gov.br\/site\/#\/schema\/person\/image\/\",\"url\":\"https:\/\/secure.gravatar.com\/avatar\/6a0d5d90d1d99f7fb369ed9aa0d1f8eaa340344bfa76a93623094ac2fb7e3d5e?s=96&d=mm&r=g\",\"contentUrl\":\"https:\/\/secure.gravatar.com\/avatar\/6a0d5d90d1d99f7fb369ed9aa0d1f8eaa340344bfa76a93623094ac2fb7e3d5e?s=96&d=mm&r=g\",\"caption\":\"Andr\u00e9 Gustavo Teixeira\"},\"url\":\"https:\/\/itajuba.cam.mg.gov.br\/site\/author\/andregustavo\/\"}]}<\/script>\n<!-- \/ Yoast SEO plugin. -->","yoast_head_json":{"title":"Excel\u00eancia Escolar: C\u00e2mara Municipal homenageia 42 estudantes com o certificado \"Aluno Nota 10 2025\" - C\u00e2mara Municipal de Itajub\u00e1","robots":{"index":"index","follow":"follow","max-snippet":"max-snippet:-1","max-image-preview":"max-image-preview:large","max-video-preview":"max-video-preview:-1"},"canonical":"https:\/\/itajuba.cam.mg.gov.br\/site\/excelencia-escolar-camara-municipal-homenageia-42-estudantes-com-o-certificado-aluno-nota-10-2025\/","og_locale":"pt_BR","og_type":"article","og_title":"Excel\u00eancia Escolar: C\u00e2mara Municipal homenageia 42 estudantes com o certificado \"Aluno Nota 10 2025\" - C\u00e2mara Municipal de Itajub\u00e1","og_description":"O reconhecimento ao esfor\u00e7o, \u00e0 dedica\u00e7\u00e3o e ao desempenho acad\u00eamico marcou a noite da \u00faltima segunda-feira, 24 de fevereiro. Em uma Sess\u00e3o Solene realizada no audit\u00f3rio da BIM \u2013 Universidade Federal de Itajub\u00e1 (UNIFEI), a C\u00e2mara Municipal de Itajub\u00e1 entregou o certificado &#8220;Aluno Nota 10 2025&#8221; a 42 estudantes do 5\u00ba ano do Ensino Fundamental [&hellip;]","og_url":"https:\/\/itajuba.cam.mg.gov.br\/site\/excelencia-escolar-camara-municipal-homenageia-42-estudantes-com-o-certificado-aluno-nota-10-2025\/","og_site_name":"C\u00e2mara Municipal de Itajub\u00e1","article_publisher":"https:\/\/www.facebook.com\/camaradeitajubaoficial","article_published_time":"2026-02-27T17:40:16+00:00","article_modified_time":"2026-02-27T20:39:38+00:00","og_image":[{"width":1024,"height":683,"url":"https:\/\/itajuba.cam.mg.gov.br\/site\/wp-content\/uploads\/2026\/02\/CAPA-1024x683.jpg","type":"image\/jpeg"}],"author":"Andr\u00e9 Gustavo Teixeira","twitter_card":"summary_large_image","twitter_misc":{"Escrito por":"Andr\u00e9 Gustavo Teixeira","Est. tempo de leitura":"4 minutos"},"schema":{"@context":"https:\/\/schema.org","@graph":[{"@type":"Article","@id":"https:\/\/itajuba.cam.mg.gov.br\/site\/excelencia-escolar-camara-municipal-homenageia-42-estudantes-com-o-certificado-aluno-nota-10-2025\/#article","isPartOf":{"@id":"https:\/\/itajuba.cam.mg.gov.br\/site\/excelencia-escolar-camara-municipal-homenageia-42-estudantes-com-o-certificado-aluno-nota-10-2025\/"},"author":{"name":"Andr\u00e9 Gustavo Teixeira","@id":"https:\/\/itajuba.cam.mg.gov.br\/site\/#\/schema\/person\/516ab1ce09e1328601e16a3ff84d77bf"},"headline":"Excel\u00eancia Escolar: C\u00e2mara Municipal homenageia 42 estudantes com o certificado &#8220;Aluno Nota 10 2025&#8221;","datePublished":"2026-02-27T17:40:16+00:00","dateModified":"2026-02-27T20:39:38+00:00","mainEntityOfPage":{"@id":"https:\/\/itajuba.cam.mg.gov.br\/site\/excelencia-escolar-camara-municipal-homenageia-42-estudantes-com-o-certificado-aluno-nota-10-2025\/"},"wordCount":687,"publisher":{"@id":"https:\/\/itajuba.cam.mg.gov.br\/site\/#organization"},"articleSection":["Not\u00edcias"],"inLanguage":"pt-BR"},{"@type":"WebPage","@id":"https:\/\/itajuba.cam.mg.gov.br\/site\/excelencia-escolar-camara-municipal-homenageia-42-estudantes-com-o-certificado-aluno-nota-10-2025\/","url":"https:\/\/itajuba.cam.mg.gov.br\/site\/excelencia-escolar-camara-municipal-homenageia-42-estudantes-com-o-certificado-aluno-nota-10-2025\/","name":"Excel\u00eancia Escolar: C\u00e2mara Municipal homenageia 42 estudantes com o certificado \"Aluno Nota 10 2025\" - C\u00e2mara Municipal de Itajub\u00e1","isPartOf":{"@id":"https:\/\/itajuba.cam.mg.gov.br\/site\/#website"},"datePublished":"2026-02-27T17:40:16+00:00","dateModified":"2026-02-27T20:39:38+00:00","breadcrumb":{"@id":"https:\/\/itajuba.cam.mg.gov.br\/site\/excelencia-escolar-camara-municipal-homenageia-42-estudantes-com-o-certificado-aluno-nota-10-2025\/#breadcrumb"},"inLanguage":"pt-BR","potentialAction":[{"@type":"ReadAction","target":["https:\/\/itajuba.cam.mg.gov.br\/site\/excelencia-escolar-camara-municipal-homenageia-42-estudantes-com-o-certificado-aluno-nota-10-2025\/"]}]},{"@type":"BreadcrumbList","@id":"https:\/\/itajuba.cam.mg.gov.br\/site\/excelencia-escolar-camara-municipal-homenageia-42-estudantes-com-o-certificado-aluno-nota-10-2025\/#breadcrumb","itemListElement":[{"@type":"ListItem","position":1,"name":"In\u00edcio","item":"https:\/\/itajuba.cam.mg.gov.br\/site\/"},{"@type":"ListItem","position":2,"name":"Excel\u00eancia Escolar: C\u00e2mara Municipal homenageia 42 estudantes com o certificado &#8220;Aluno Nota 10 2025&#8221;"}]},{"@type":"WebSite","@id":"https:\/\/itajuba.cam.mg.gov.br\/site\/#website","url":"https:\/\/itajuba.cam.mg.gov.br\/site\/","name":"C\u00e2mara Municipal de Itajub\u00e1","description":"Efici\u00eancia e Transpar\u00eancia","publisher":{"@id":"https:\/\/itajuba.cam.mg.gov.br\/site\/#organization"},"potentialAction":[{"@type":"SearchAction","target":{"@type":"EntryPoint","urlTemplate":"https:\/\/itajuba.cam.mg.gov.br\/site\/?s={search_term_string}"},"query-input":"required name=search_term_string"}],"inLanguage":"pt-BR"},{"@type":"Organization","@id":"https:\/\/itajuba.cam.mg.gov.br\/site\/#organization","name":"C\u00e2mara Municipal de Itajub\u00e1","url":"https:\/\/itajuba.cam.mg.gov.br\/site\/","logo":{"@type":"ImageObject","inLanguage":"pt-BR","@id":"https:\/\/itajuba.cam.mg.gov.br\/site\/#\/schema\/logo\/image\/","url":"https:\/\/itajuba.cam.mg.gov.br\/site\/wp-content\/uploads\/2023\/09\/logo_camara_2024.png","contentUrl":"https:\/\/itajuba.cam.mg.gov.br\/site\/wp-content\/uploads\/2023\/09\/logo_camara_2024.png","width":1000,"height":385,"caption":"C\u00e2mara Municipal de Itajub\u00e1"},"image":{"@id":"https:\/\/itajuba.cam.mg.gov.br\/site\/#\/schema\/logo\/image\/"},"sameAs":["https:\/\/www.facebook.com\/camaradeitajubaoficial","https:\/\/www.instagram.com\/camaradeitajubaoficial\/","https:\/\/www.youtube.com\/user\/TVCAMARAITAJUBA"]},{"@type":"Person","@id":"https:\/\/itajuba.cam.mg.gov.br\/site\/#\/schema\/person\/516ab1ce09e1328601e16a3ff84d77bf","name":"Andr\u00e9 Gustavo Teixeira","image":{"@type":"ImageObject","inLanguage":"pt-BR","@id":"https:\/\/itajuba.cam.mg.gov.br\/site\/#\/schema\/person\/image\/","url":"https:\/\/secure.gravatar.com\/avatar\/6a0d5d90d1d99f7fb369ed9aa0d1f8eaa340344bfa76a93623094ac2fb7e3d5e?s=96&d=mm&r=g","contentUrl":"https:\/\/secure.gravatar.com\/avatar\/6a0d5d90d1d99f7fb369ed9aa0d1f8eaa340344bfa76a93623094ac2fb7e3d5e?s=96&d=mm&r=g","caption":"Andr\u00e9 Gustavo Teixeira"},"url":"https:\/\/itajuba.cam.mg.gov.br\/site\/author\/andregustavo\/"}]}},"_links":{"self":[{"href":"https:\/\/itajuba.cam.mg.gov.br\/site\/wp-json\/wp\/v2\/posts\/17597","targetHints":{"allow":["GET"]}}],"collection":[{"href":"https:\/\/itajuba.cam.mg.gov.br\/site\/wp-json\/wp\/v2\/posts"}],"about":[{"href":"https:\/\/itajuba.cam.mg.gov.br\/site\/wp-json\/wp\/v2\/types\/post"}],"author":[{"embeddable":true,"href":"https:\/\/itajuba.cam.mg.gov.br\/site\/wp-json\/wp\/v2\/users\/5"}],"replies":[{"embeddable":true,"href":"https:\/\/itajuba.cam.mg.gov.br\/site\/wp-json\/wp\/v2\/comments?post=17597"}],"version-history":[{"count":4,"href":"https:\/\/itajuba.cam.mg.gov.br\/site\/wp-json\/wp\/v2\/posts\/17597\/revisions"}],"predecessor-version":[{"id":17676,"href":"https:\/\/itajuba.cam.mg.gov.br\/site\/wp-json\/wp\/v2\/posts\/17597\/revisions\/17676"}],"wp:featuredmedia":[{"embeddable":true,"href":"https:\/\/itajuba.cam.mg.gov.br\/site\/wp-json\/wp\/v2\/media\/17598"}],"wp:attachment":[{"href":"https:\/\/itajuba.cam.mg.gov.br\/site\/wp-json\/wp\/v2\/media?parent=17597"}],"wp:term":[{"taxonomy":"category","embeddable":true,"href":"https:\/\/itajuba.cam.mg.gov.br\/site\/wp-json\/wp\/v2\/categories?post=17597"},{"taxonomy":"post_tag","embeddable":true,"href":"https:\/\/itajuba.cam.mg.gov.br\/site\/wp-json\/wp\/v2\/tags?post=17597"}],"curies":[{"name":"wp","href":"https:\/\/api.w.org\/{rel}","templated":true}]}}