{"id":17678,"date":"2026-03-02T20:26:21","date_gmt":"2026-03-02T20:26:21","guid":{"rendered":"https:\/\/itajuba.cam.mg.gov.br\/site\/?p=17678"},"modified":"2026-03-02T23:38:58","modified_gmt":"2026-03-02T23:38:58","slug":"resumo-da-5a-sessao-ordinaria","status":"publish","type":"post","link":"https:\/\/itajuba.cam.mg.gov.br\/site\/resumo-da-5a-sessao-ordinaria\/","title":{"rendered":"Resumo da 5\u00aa Sess\u00e3o Ordin\u00e1ria"},"content":{"rendered":"<p><img loading=\"lazy\" decoding=\"async\" class=\"alignleft\" src=\"https:\/\/itajuba.cam.mg.gov.br\/site\/wp-content\/uploads\/2026\/03\/CAPA_FACE-300x225.png\" alt=\"\" width=\"300\" height=\"225\" \/>A C\u00e2mara Municipal de Itajub\u00e1 realizou, nesta segunda-feira (2 de mar\u00e7o), mais uma sess\u00e3o ordin\u00e1ria pautada pela an\u00e1lise de projetos de lei relevantes e pela participa\u00e7\u00e3o ativa da comunidade na Tribuna Popular.<\/p>\n<p><strong>Poder Legislativo em Pauta<\/strong><br \/>\nDurante a ordem do dia, o Projeto de Lei n\u00ba 4921\/2025, de autoria da Mesa Diretora, recebeu parecer favor\u00e1vel das comiss\u00f5es permanentes. O texto prev\u00ea a extin\u00e7\u00e3o de cargos em comiss\u00e3o e fun\u00e7\u00f5es gratificadas na C\u00e2mara, medida necess\u00e1ria em raz\u00e3o da nomea\u00e7\u00e3o dos novos servidores aprovados no \u00faltimo concurso p\u00fablico, refor\u00e7ando o compromisso com a profissionaliza\u00e7\u00e3o do servi\u00e7o p\u00fablico.<\/p>\n<p>Em vota\u00e7\u00e3o definitiva, o plen\u00e1rio aprovou por maioria o PL n\u00ba 4922\/2025, proposto pelo vereador M\u00e1rcio Caldas (PSDB). A mat\u00e9ria declara de utilidade p\u00fablica municipal a Loja Ma\u00e7\u00f4nica Fraternidade Itajubense n\u00ba 1466, reconhecendo a relev\u00e2ncia das atividades prestadas pela entidade \u00e0 comunidade itajubense.<\/p>\n<p><strong>Projetos com Parecer Desfavor\u00e1vel<\/strong><br \/>\nTr\u00eas mat\u00e9rias n\u00e3o avan\u00e7aram na tramita\u00e7\u00e3o devido a pareceres desfavor\u00e1veis das comiss\u00f5es t\u00e9cnicas e da Procuradoria Jur\u00eddica:<br \/>\n<strong>\u2022 Sa\u00fade:<\/strong> O PL 4924\/2025 (Ver. Samer Carvalho), que propunha prazos m\u00e1ximos para exames na rede p\u00fablica.<br \/>\n<strong>\u2022 Tributa\u00e7\u00e3o:<\/strong> O PL 4920\/2025 (Ver. Osmar da Padaria), que tratava da isen\u00e7\u00e3o de IPTU para im\u00f3veis em vias com infraestrutura prec\u00e1ria.<br \/>\n<strong>\u2022 Seguran\u00e7a:<\/strong> O recurso ao parecer da CCJ sobre o PL 4889\/2025 (Ver. Samer Carvalho), referente \u00e0 instala\u00e7\u00e3o de c\u00e2meras com reconhecimento facial em creches municipais.<\/p>\n<p><strong>Tribuna Popular: Voz \u00e0 Comunidade<\/strong><br \/>\nA Tribuna Popular foi palco de manifesta\u00e7\u00f5es significativas. Viviane dos Reis e Fernanda Amaro utilizaram o espa\u00e7o para abordar o combate \u00e0 viol\u00eancia contra a mulher. Em suas falas, as cidad\u00e3s declararam apoio \u00e0 vereadora Vera Mouallem, em solidariedade aos ataques pessoais sofridos pela parlamentar na sess\u00e3o anterior, refor\u00e7ando a necessidade de respeito e \u00e9tica no ambiente pol\u00edtico.<br \/>\nAinda na tribuna, Izaquel Angelo trouxe ao debate o tema &#8220;Esporte e Inclus\u00e3o&#8221;, destacando a import\u00e2ncia de pol\u00edticas p\u00fablicas que utilizem a pr\u00e1tica esportiva como ferramenta de integra\u00e7\u00e3o social para todos os cidad\u00e3os.<\/p>\n<p>&nbsp;<\/p>\n<p><img loading=\"lazy\" decoding=\"async\" src=\"https:\/\/itajuba.cam.mg.gov.br\/site\/wp-content\/uploads\/2026\/03\/IMG_3199-1024x683.jpg\" sizes=\"auto, (max-width: 800px) 100vw, 800px\" srcset=\"https:\/\/itajuba.cam.mg.gov.br\/site\/wp-content\/uploads\/2026\/03\/IMG_3199-1024x683.jpg 1024w, https:\/\/itajuba.cam.mg.gov.br\/site\/wp-content\/uploads\/2026\/03\/IMG_3199-300x200.jpg 300w, https:\/\/itajuba.cam.mg.gov.br\/site\/wp-content\/uploads\/2026\/03\/IMG_3199-768x512.jpg 768w, https:\/\/itajuba.cam.mg.gov.br\/site\/wp-content\/uploads\/2026\/03\/IMG_3199-1536x1024.jpg 1536w, https:\/\/itajuba.cam.mg.gov.br\/site\/wp-content\/uploads\/2026\/03\/IMG_3199.jpg 2048w\" alt=\"\" width=\"800\" height=\"534\" \/><br \/>\n<img loading=\"lazy\" decoding=\"async\" src=\"https:\/\/itajuba.cam.mg.gov.br\/site\/wp-content\/uploads\/2026\/03\/IMG_3246-1024x683.jpg\" sizes=\"auto, (max-width: 800px) 100vw, 800px\" srcset=\"https:\/\/itajuba.cam.mg.gov.br\/site\/wp-content\/uploads\/2026\/03\/IMG_3246-1024x683.jpg 1024w, https:\/\/itajuba.cam.mg.gov.br\/site\/wp-content\/uploads\/2026\/03\/IMG_3246-300x200.jpg 300w, https:\/\/itajuba.cam.mg.gov.br\/site\/wp-content\/uploads\/2026\/03\/IMG_3246-768x512.jpg 768w, https:\/\/itajuba.cam.mg.gov.br\/site\/wp-content\/uploads\/2026\/03\/IMG_3246-1536x1024.jpg 1536w, https:\/\/itajuba.cam.mg.gov.br\/site\/wp-content\/uploads\/2026\/03\/IMG_3246.jpg 2048w\" alt=\"\" width=\"800\" height=\"534\" \/><br \/>\n<img loading=\"lazy\" decoding=\"async\" src=\"https:\/\/itajuba.cam.mg.gov.br\/site\/wp-content\/uploads\/2026\/03\/IMG_3240-1024x683.jpg\" sizes=\"auto, (max-width: 800px) 100vw, 800px\" srcset=\"https:\/\/itajuba.cam.mg.gov.br\/site\/wp-content\/uploads\/2026\/03\/IMG_3240-1024x683.jpg 1024w, https:\/\/itajuba.cam.mg.gov.br\/site\/wp-content\/uploads\/2026\/03\/IMG_3240-300x200.jpg 300w, https:\/\/itajuba.cam.mg.gov.br\/site\/wp-content\/uploads\/2026\/03\/IMG_3240-768x512.jpg 768w, https:\/\/itajuba.cam.mg.gov.br\/site\/wp-content\/uploads\/2026\/03\/IMG_3240-1536x1024.jpg 1536w, https:\/\/itajuba.cam.mg.gov.br\/site\/wp-content\/uploads\/2026\/03\/IMG_3240.jpg 2048w\" alt=\"\" width=\"800\" height=\"534\" \/><br \/>\n<img loading=\"lazy\" decoding=\"async\" src=\"https:\/\/itajuba.cam.mg.gov.br\/site\/wp-content\/uploads\/2026\/03\/IMG_3187-1024x683.jpg\" sizes=\"auto, (max-width: 800px) 100vw, 800px\" srcset=\"https:\/\/itajuba.cam.mg.gov.br\/site\/wp-content\/uploads\/2026\/03\/IMG_3187-1024x683.jpg 1024w, https:\/\/itajuba.cam.mg.gov.br\/site\/wp-content\/uploads\/2026\/03\/IMG_3187-300x200.jpg 300w, https:\/\/itajuba.cam.mg.gov.br\/site\/wp-content\/uploads\/2026\/03\/IMG_3187-768x512.jpg 768w, https:\/\/itajuba.cam.mg.gov.br\/site\/wp-content\/uploads\/2026\/03\/IMG_3187-1536x1024.jpg 1536w, https:\/\/itajuba.cam.mg.gov.br\/site\/wp-content\/uploads\/2026\/03\/IMG_3187.jpg 2048w\" alt=\"\" width=\"800\" height=\"534\" \/><br \/>\n<img loading=\"lazy\" decoding=\"async\" src=\"https:\/\/itajuba.cam.mg.gov.br\/site\/wp-content\/uploads\/2026\/03\/IMG_3185-1024x683.jpg\" sizes=\"auto, (max-width: 800px) 100vw, 800px\" srcset=\"https:\/\/itajuba.cam.mg.gov.br\/site\/wp-content\/uploads\/2026\/03\/IMG_3185-1024x683.jpg 1024w, https:\/\/itajuba.cam.mg.gov.br\/site\/wp-content\/uploads\/2026\/03\/IMG_3185-300x200.jpg 300w, https:\/\/itajuba.cam.mg.gov.br\/site\/wp-content\/uploads\/2026\/03\/IMG_3185-768x512.jpg 768w, https:\/\/itajuba.cam.mg.gov.br\/site\/wp-content\/uploads\/2026\/03\/IMG_3185-1536x1024.jpg 1536w, https:\/\/itajuba.cam.mg.gov.br\/site\/wp-content\/uploads\/2026\/03\/IMG_3185.jpg 2048w\" alt=\"\" width=\"800\" height=\"534\" \/><br \/>\n<img loading=\"lazy\" decoding=\"async\" src=\"https:\/\/itajuba.cam.mg.gov.br\/site\/wp-content\/uploads\/2026\/03\/IMG_3157-1024x683.jpg\" sizes=\"auto, (max-width: 800px) 100vw, 800px\" srcset=\"https:\/\/itajuba.cam.mg.gov.br\/site\/wp-content\/uploads\/2026\/03\/IMG_3157-1024x683.jpg 1024w, https:\/\/itajuba.cam.mg.gov.br\/site\/wp-content\/uploads\/2026\/03\/IMG_3157-300x200.jpg 300w, https:\/\/itajuba.cam.mg.gov.br\/site\/wp-content\/uploads\/2026\/03\/IMG_3157-768x512.jpg 768w, https:\/\/itajuba.cam.mg.gov.br\/site\/wp-content\/uploads\/2026\/03\/IMG_3157-1536x1024.jpg 1536w, https:\/\/itajuba.cam.mg.gov.br\/site\/wp-content\/uploads\/2026\/03\/IMG_3157.jpg 2048w\" alt=\"\" width=\"800\" height=\"534\" \/><br \/>\n<img loading=\"lazy\" decoding=\"async\" src=\"https:\/\/itajuba.cam.mg.gov.br\/site\/wp-content\/uploads\/2026\/03\/IMG_3176-1024x683.jpg\" sizes=\"auto, (max-width: 800px) 100vw, 800px\" srcset=\"https:\/\/itajuba.cam.mg.gov.br\/site\/wp-content\/uploads\/2026\/03\/IMG_3176-1024x683.jpg 1024w, https:\/\/itajuba.cam.mg.gov.br\/site\/wp-content\/uploads\/2026\/03\/IMG_3176-300x200.jpg 300w, https:\/\/itajuba.cam.mg.gov.br\/site\/wp-content\/uploads\/2026\/03\/IMG_3176-768x512.jpg 768w, https:\/\/itajuba.cam.mg.gov.br\/site\/wp-content\/uploads\/2026\/03\/IMG_3176-1536x1024.jpg 1536w, https:\/\/itajuba.cam.mg.gov.br\/site\/wp-content\/uploads\/2026\/03\/IMG_3176.jpg 2048w\" alt=\"\" width=\"800\" height=\"534\" \/><img loading=\"lazy\" decoding=\"async\" class=\"wp-image-17686 alignleft\" src=\"https:\/\/itajuba.cam.mg.gov.br\/site\/wp-content\/uploads\/2026\/03\/IMG_3174-300x200.jpg\" alt=\"\" width=\"799\" height=\"532\" srcset=\"https:\/\/itajuba.cam.mg.gov.br\/site\/wp-content\/uploads\/2026\/03\/IMG_3174-300x200.jpg 300w, https:\/\/itajuba.cam.mg.gov.br\/site\/wp-content\/uploads\/2026\/03\/IMG_3174-1024x683.jpg 1024w, https:\/\/itajuba.cam.mg.gov.br\/site\/wp-content\/uploads\/2026\/03\/IMG_3174-768x512.jpg 768w, https:\/\/itajuba.cam.mg.gov.br\/site\/wp-content\/uploads\/2026\/03\/IMG_3174-1536x1024.jpg 1536w, https:\/\/itajuba.cam.mg.gov.br\/site\/wp-content\/uploads\/2026\/03\/IMG_3174.jpg 2048w\" sizes=\"auto, (max-width: 799px) 100vw, 799px\" \/><br \/>\n<img loading=\"lazy\" decoding=\"async\" src=\"https:\/\/itajuba.cam.mg.gov.br\/site\/wp-content\/uploads\/2026\/03\/IMG_3143-1024x683.jpg\" sizes=\"auto, (max-width: 800px) 100vw, 800px\" srcset=\"https:\/\/itajuba.cam.mg.gov.br\/site\/wp-content\/uploads\/2026\/03\/IMG_3143-1024x683.jpg 1024w, https:\/\/itajuba.cam.mg.gov.br\/site\/wp-content\/uploads\/2026\/03\/IMG_3143-300x200.jpg 300w, https:\/\/itajuba.cam.mg.gov.br\/site\/wp-content\/uploads\/2026\/03\/IMG_3143-768x512.jpg 768w, https:\/\/itajuba.cam.mg.gov.br\/site\/wp-content\/uploads\/2026\/03\/IMG_3143-1536x1024.jpg 1536w, https:\/\/itajuba.cam.mg.gov.br\/site\/wp-content\/uploads\/2026\/03\/IMG_3143.jpg 2048w\" alt=\"\" width=\"800\" height=\"534\" \/><br \/>\n<img loading=\"lazy\" decoding=\"async\" src=\"https:\/\/itajuba.cam.mg.gov.br\/site\/wp-content\/uploads\/2026\/03\/IMG_3151-1024x683.jpg\" sizes=\"auto, (max-width: 800px) 100vw, 800px\" srcset=\"https:\/\/itajuba.cam.mg.gov.br\/site\/wp-content\/uploads\/2026\/03\/IMG_3151-1024x683.jpg 1024w, https:\/\/itajuba.cam.mg.gov.br\/site\/wp-content\/uploads\/2026\/03\/IMG_3151-300x200.jpg 300w, https:\/\/itajuba.cam.mg.gov.br\/site\/wp-content\/uploads\/2026\/03\/IMG_3151-768x512.jpg 768w, https:\/\/itajuba.cam.mg.gov.br\/site\/wp-content\/uploads\/2026\/03\/IMG_3151-1536x1024.jpg 1536w, https:\/\/itajuba.cam.mg.gov.br\/site\/wp-content\/uploads\/2026\/03\/IMG_3151.jpg 2048w\" alt=\"\" width=\"800\" height=\"534\" \/><br \/>\n<img loading=\"lazy\" decoding=\"async\" src=\"https:\/\/itajuba.cam.mg.gov.br\/site\/wp-content\/uploads\/2026\/03\/IMG_3161-1024x683.jpg\" sizes=\"auto, (max-width: 800px) 100vw, 800px\" srcset=\"https:\/\/itajuba.cam.mg.gov.br\/site\/wp-content\/uploads\/2026\/03\/IMG_3161-1024x683.jpg 1024w, https:\/\/itajuba.cam.mg.gov.br\/site\/wp-content\/uploads\/2026\/03\/IMG_3161-300x200.jpg 300w, https:\/\/itajuba.cam.mg.gov.br\/site\/wp-content\/uploads\/2026\/03\/IMG_3161-768x512.jpg 768w, https:\/\/itajuba.cam.mg.gov.br\/site\/wp-content\/uploads\/2026\/03\/IMG_3161-1536x1024.jpg 1536w, https:\/\/itajuba.cam.mg.gov.br\/site\/wp-content\/uploads\/2026\/03\/IMG_3161.jpg 2048w\" alt=\"\" width=\"800\" height=\"534\" \/><br \/>\n<img loading=\"lazy\" decoding=\"async\" src=\"https:\/\/itajuba.cam.mg.gov.br\/site\/wp-content\/uploads\/2026\/03\/IMG_3165-1024x683.jpg\" sizes=\"auto, (max-width: 800px) 100vw, 800px\" srcset=\"https:\/\/itajuba.cam.mg.gov.br\/site\/wp-content\/uploads\/2026\/03\/IMG_3165-1024x683.jpg 1024w, https:\/\/itajuba.cam.mg.gov.br\/site\/wp-content\/uploads\/2026\/03\/IMG_3165-300x200.jpg 300w, https:\/\/itajuba.cam.mg.gov.br\/site\/wp-content\/uploads\/2026\/03\/IMG_3165-768x512.jpg 768w, https:\/\/itajuba.cam.mg.gov.br\/site\/wp-content\/uploads\/2026\/03\/IMG_3165-1536x1024.jpg 1536w, https:\/\/itajuba.cam.mg.gov.br\/site\/wp-content\/uploads\/2026\/03\/IMG_3165.jpg 2048w\" alt=\"\" width=\"800\" height=\"534\" \/><br \/>\n<img loading=\"lazy\" decoding=\"async\" src=\"https:\/\/itajuba.cam.mg.gov.br\/site\/wp-content\/uploads\/2026\/03\/IMG_3280-1024x716.jpg\" sizes=\"auto, (max-width: 800px) 100vw, 800px\" srcset=\"https:\/\/itajuba.cam.mg.gov.br\/site\/wp-content\/uploads\/2026\/03\/IMG_3280-1024x716.jpg 1024w, https:\/\/itajuba.cam.mg.gov.br\/site\/wp-content\/uploads\/2026\/03\/IMG_3280-300x210.jpg 300w, https:\/\/itajuba.cam.mg.gov.br\/site\/wp-content\/uploads\/2026\/03\/IMG_3280-768x537.jpg 768w, https:\/\/itajuba.cam.mg.gov.br\/site\/wp-content\/uploads\/2026\/03\/IMG_3280-1536x1073.jpg 1536w, https:\/\/itajuba.cam.mg.gov.br\/site\/wp-content\/uploads\/2026\/03\/IMG_3280.jpg 2048w\" alt=\"\" width=\"800\" height=\"559\" \/><br \/>\n<img loading=\"lazy\" decoding=\"async\" src=\"https:\/\/itajuba.cam.mg.gov.br\/site\/wp-content\/uploads\/2026\/03\/IMG_3274-1024x683.jpg\" sizes=\"auto, (max-width: 800px) 100vw, 800px\" srcset=\"https:\/\/itajuba.cam.mg.gov.br\/site\/wp-content\/uploads\/2026\/03\/IMG_3274-1024x683.jpg 1024w, https:\/\/itajuba.cam.mg.gov.br\/site\/wp-content\/uploads\/2026\/03\/IMG_3274-300x200.jpg 300w, https:\/\/itajuba.cam.mg.gov.br\/site\/wp-content\/uploads\/2026\/03\/IMG_3274-768x512.jpg 768w, https:\/\/itajuba.cam.mg.gov.br\/site\/wp-content\/uploads\/2026\/03\/IMG_3274-1536x1024.jpg 1536w, https:\/\/itajuba.cam.mg.gov.br\/site\/wp-content\/uploads\/2026\/03\/IMG_3274.jpg 2048w\" alt=\"\" width=\"800\" height=\"534\" \/><br \/>\n<img loading=\"lazy\" decoding=\"async\" src=\"https:\/\/itajuba.cam.mg.gov.br\/site\/wp-content\/uploads\/2026\/03\/IMG_3254-1024x683.jpg\" sizes=\"auto, (max-width: 800px) 100vw, 800px\" srcset=\"https:\/\/itajuba.cam.mg.gov.br\/site\/wp-content\/uploads\/2026\/03\/IMG_3254-1024x683.jpg 1024w, https:\/\/itajuba.cam.mg.gov.br\/site\/wp-content\/uploads\/2026\/03\/IMG_3254-300x200.jpg 300w, https:\/\/itajuba.cam.mg.gov.br\/site\/wp-content\/uploads\/2026\/03\/IMG_3254-768x512.jpg 768w, https:\/\/itajuba.cam.mg.gov.br\/site\/wp-content\/uploads\/2026\/03\/IMG_3254-1536x1024.jpg 1536w, https:\/\/itajuba.cam.mg.gov.br\/site\/wp-content\/uploads\/2026\/03\/IMG_3254.jpg 2048w\" alt=\"\" width=\"800\" height=\"534\" \/><\/p>\n","protected":false},"excerpt":{"rendered":"<p>A C\u00e2mara Municipal de Itajub\u00e1 realizou, nesta segunda-feira (2 de mar\u00e7o), mais uma sess\u00e3o ordin\u00e1ria pautada pela an\u00e1lise de projetos de lei relevantes e pela participa\u00e7\u00e3o ativa da comunidade na Tribuna Popular. Poder Legislativo em Pauta Durante a ordem do dia, o Projeto de Lei n\u00ba 4921\/2025, de autoria da Mesa Diretora, recebeu parecer favor\u00e1vel [&hellip;]<\/p>\n","protected":false},"author":5,"featured_media":17679,"comment_status":"closed","ping_status":"open","sticky":false,"template":"","format":"standard","meta":{"footnotes":""},"categories":[16],"tags":[],"class_list":["post-17678","post","type-post","status-publish","format-standard","has-post-thumbnail","hentry","category-noticias"],"yoast_head":"<!-- This site is optimized with the Yoast SEO plugin v21.0 - https:\/\/yoast.com\/wordpress\/plugins\/seo\/ -->\n<title>Resumo da 5\u00aa Sess\u00e3o Ordin\u00e1ria - C\u00e2mara Municipal de Itajub\u00e1<\/title>\n<meta name=\"robots\" content=\"index, follow, max-snippet:-1, max-image-preview:large, max-video-preview:-1\" \/>\n<link rel=\"canonical\" href=\"https:\/\/itajuba.cam.mg.gov.br\/site\/resumo-da-5a-sessao-ordinaria\/\" \/>\n<meta property=\"og:locale\" content=\"pt_BR\" \/>\n<meta property=\"og:type\" content=\"article\" \/>\n<meta property=\"og:title\" content=\"Resumo da 5\u00aa Sess\u00e3o Ordin\u00e1ria - C\u00e2mara Municipal de Itajub\u00e1\" \/>\n<meta property=\"og:description\" content=\"A C\u00e2mara Municipal de Itajub\u00e1 realizou, nesta segunda-feira (2 de mar\u00e7o), mais uma sess\u00e3o ordin\u00e1ria pautada pela an\u00e1lise de projetos de lei relevantes e pela participa\u00e7\u00e3o ativa da comunidade na Tribuna Popular. Poder Legislativo em Pauta Durante a ordem do dia, o Projeto de Lei n\u00ba 4921\/2025, de autoria da Mesa Diretora, recebeu parecer favor\u00e1vel [&hellip;]\" \/>\n<meta property=\"og:url\" content=\"https:\/\/itajuba.cam.mg.gov.br\/site\/resumo-da-5a-sessao-ordinaria\/\" \/>\n<meta property=\"og:site_name\" content=\"C\u00e2mara Municipal de Itajub\u00e1\" \/>\n<meta property=\"article:publisher\" content=\"https:\/\/www.facebook.com\/camaradeitajubaoficial\" \/>\n<meta property=\"article:published_time\" content=\"2026-03-02T20:26:21+00:00\" \/>\n<meta property=\"article:modified_time\" content=\"2026-03-02T23:38:58+00:00\" \/>\n<meta property=\"og:image\" content=\"https:\/\/itajuba.cam.mg.gov.br\/site\/wp-content\/uploads\/2026\/03\/CAPA_FACE.png\" \/>\n\t<meta property=\"og:image:width\" content=\"1200\" \/>\n\t<meta property=\"og:image:height\" content=\"900\" \/>\n\t<meta property=\"og:image:type\" content=\"image\/png\" \/>\n<meta name=\"author\" content=\"Andr\u00e9 Gustavo Teixeira\" \/>\n<meta name=\"twitter:card\" content=\"summary_large_image\" \/>\n<meta name=\"twitter:label1\" content=\"Escrito por\" \/>\n\t<meta name=\"twitter:data1\" content=\"Andr\u00e9 Gustavo Teixeira\" \/>\n\t<meta name=\"twitter:label2\" content=\"Est. tempo de leitura\" \/>\n\t<meta name=\"twitter:data2\" content=\"5 minutos\" \/>\n<script type=\"application\/ld+json\" class=\"yoast-schema-graph\">{\"@context\":\"https:\/\/schema.org\",\"@graph\":[{\"@type\":\"Article\",\"@id\":\"https:\/\/itajuba.cam.mg.gov.br\/site\/resumo-da-5a-sessao-ordinaria\/#article\",\"isPartOf\":{\"@id\":\"https:\/\/itajuba.cam.mg.gov.br\/site\/resumo-da-5a-sessao-ordinaria\/\"},\"author\":{\"name\":\"Andr\u00e9 Gustavo Teixeira\",\"@id\":\"https:\/\/itajuba.cam.mg.gov.br\/site\/#\/schema\/person\/516ab1ce09e1328601e16a3ff84d77bf\"},\"headline\":\"Resumo da 5\u00aa Sess\u00e3o Ordin\u00e1ria\",\"datePublished\":\"2026-03-02T20:26:21+00:00\",\"dateModified\":\"2026-03-02T23:38:58+00:00\",\"mainEntityOfPage\":{\"@id\":\"https:\/\/itajuba.cam.mg.gov.br\/site\/resumo-da-5a-sessao-ordinaria\/\"},\"wordCount\":373,\"publisher\":{\"@id\":\"https:\/\/itajuba.cam.mg.gov.br\/site\/#organization\"},\"articleSection\":[\"Not\u00edcias\"],\"inLanguage\":\"pt-BR\"},{\"@type\":\"WebPage\",\"@id\":\"https:\/\/itajuba.cam.mg.gov.br\/site\/resumo-da-5a-sessao-ordinaria\/\",\"url\":\"https:\/\/itajuba.cam.mg.gov.br\/site\/resumo-da-5a-sessao-ordinaria\/\",\"name\":\"Resumo da 5\u00aa Sess\u00e3o Ordin\u00e1ria - C\u00e2mara Municipal de Itajub\u00e1\",\"isPartOf\":{\"@id\":\"https:\/\/itajuba.cam.mg.gov.br\/site\/#website\"},\"datePublished\":\"2026-03-02T20:26:21+00:00\",\"dateModified\":\"2026-03-02T23:38:58+00:00\",\"breadcrumb\":{\"@id\":\"https:\/\/itajuba.cam.mg.gov.br\/site\/resumo-da-5a-sessao-ordinaria\/#breadcrumb\"},\"inLanguage\":\"pt-BR\",\"potentialAction\":[{\"@type\":\"ReadAction\",\"target\":[\"https:\/\/itajuba.cam.mg.gov.br\/site\/resumo-da-5a-sessao-ordinaria\/\"]}]},{\"@type\":\"BreadcrumbList\",\"@id\":\"https:\/\/itajuba.cam.mg.gov.br\/site\/resumo-da-5a-sessao-ordinaria\/#breadcrumb\",\"itemListElement\":[{\"@type\":\"ListItem\",\"position\":1,\"name\":\"In\u00edcio\",\"item\":\"https:\/\/itajuba.cam.mg.gov.br\/site\/\"},{\"@type\":\"ListItem\",\"position\":2,\"name\":\"Resumo da 5\u00aa Sess\u00e3o Ordin\u00e1ria\"}]},{\"@type\":\"WebSite\",\"@id\":\"https:\/\/itajuba.cam.mg.gov.br\/site\/#website\",\"url\":\"https:\/\/itajuba.cam.mg.gov.br\/site\/\",\"name\":\"C\u00e2mara Municipal de Itajub\u00e1\",\"description\":\"Efici\u00eancia e Transpar\u00eancia\",\"publisher\":{\"@id\":\"https:\/\/itajuba.cam.mg.gov.br\/site\/#organization\"},\"potentialAction\":[{\"@type\":\"SearchAction\",\"target\":{\"@type\":\"EntryPoint\",\"urlTemplate\":\"https:\/\/itajuba.cam.mg.gov.br\/site\/?s={search_term_string}\"},\"query-input\":\"required name=search_term_string\"}],\"inLanguage\":\"pt-BR\"},{\"@type\":\"Organization\",\"@id\":\"https:\/\/itajuba.cam.mg.gov.br\/site\/#organization\",\"name\":\"C\u00e2mara Municipal de Itajub\u00e1\",\"url\":\"https:\/\/itajuba.cam.mg.gov.br\/site\/\",\"logo\":{\"@type\":\"ImageObject\",\"inLanguage\":\"pt-BR\",\"@id\":\"https:\/\/itajuba.cam.mg.gov.br\/site\/#\/schema\/logo\/image\/\",\"url\":\"https:\/\/itajuba.cam.mg.gov.br\/site\/wp-content\/uploads\/2023\/09\/logo_camara_2024.png\",\"contentUrl\":\"https:\/\/itajuba.cam.mg.gov.br\/site\/wp-content\/uploads\/2023\/09\/logo_camara_2024.png\",\"width\":1000,\"height\":385,\"caption\":\"C\u00e2mara Municipal de Itajub\u00e1\"},\"image\":{\"@id\":\"https:\/\/itajuba.cam.mg.gov.br\/site\/#\/schema\/logo\/image\/\"},\"sameAs\":[\"https:\/\/www.facebook.com\/camaradeitajubaoficial\",\"https:\/\/www.instagram.com\/camaradeitajubaoficial\/\",\"https:\/\/www.youtube.com\/user\/TVCAMARAITAJUBA\"]},{\"@type\":\"Person\",\"@id\":\"https:\/\/itajuba.cam.mg.gov.br\/site\/#\/schema\/person\/516ab1ce09e1328601e16a3ff84d77bf\",\"name\":\"Andr\u00e9 Gustavo Teixeira\",\"image\":{\"@type\":\"ImageObject\",\"inLanguage\":\"pt-BR\",\"@id\":\"https:\/\/itajuba.cam.mg.gov.br\/site\/#\/schema\/person\/image\/\",\"url\":\"https:\/\/secure.gravatar.com\/avatar\/6a0d5d90d1d99f7fb369ed9aa0d1f8eaa340344bfa76a93623094ac2fb7e3d5e?s=96&d=mm&r=g\",\"contentUrl\":\"https:\/\/secure.gravatar.com\/avatar\/6a0d5d90d1d99f7fb369ed9aa0d1f8eaa340344bfa76a93623094ac2fb7e3d5e?s=96&d=mm&r=g\",\"caption\":\"Andr\u00e9 Gustavo Teixeira\"},\"url\":\"https:\/\/itajuba.cam.mg.gov.br\/site\/author\/andregustavo\/\"}]}<\/script>\n<!-- \/ Yoast SEO plugin. -->","yoast_head_json":{"title":"Resumo da 5\u00aa Sess\u00e3o Ordin\u00e1ria - C\u00e2mara Municipal de Itajub\u00e1","robots":{"index":"index","follow":"follow","max-snippet":"max-snippet:-1","max-image-preview":"max-image-preview:large","max-video-preview":"max-video-preview:-1"},"canonical":"https:\/\/itajuba.cam.mg.gov.br\/site\/resumo-da-5a-sessao-ordinaria\/","og_locale":"pt_BR","og_type":"article","og_title":"Resumo da 5\u00aa Sess\u00e3o Ordin\u00e1ria - C\u00e2mara Municipal de Itajub\u00e1","og_description":"A C\u00e2mara Municipal de Itajub\u00e1 realizou, nesta segunda-feira (2 de mar\u00e7o), mais uma sess\u00e3o ordin\u00e1ria pautada pela an\u00e1lise de projetos de lei relevantes e pela participa\u00e7\u00e3o ativa da comunidade na Tribuna Popular. Poder Legislativo em Pauta Durante a ordem do dia, o Projeto de Lei n\u00ba 4921\/2025, de autoria da Mesa Diretora, recebeu parecer favor\u00e1vel [&hellip;]","og_url":"https:\/\/itajuba.cam.mg.gov.br\/site\/resumo-da-5a-sessao-ordinaria\/","og_site_name":"C\u00e2mara Municipal de Itajub\u00e1","article_publisher":"https:\/\/www.facebook.com\/camaradeitajubaoficial","article_published_time":"2026-03-02T20:26:21+00:00","article_modified_time":"2026-03-02T23:38:58+00:00","og_image":[{"width":1200,"height":900,"url":"https:\/\/itajuba.cam.mg.gov.br\/site\/wp-content\/uploads\/2026\/03\/CAPA_FACE.png","type":"image\/png"}],"author":"Andr\u00e9 Gustavo Teixeira","twitter_card":"summary_large_image","twitter_misc":{"Escrito por":"Andr\u00e9 Gustavo Teixeira","Est. tempo de leitura":"5 minutos"},"schema":{"@context":"https:\/\/schema.org","@graph":[{"@type":"Article","@id":"https:\/\/itajuba.cam.mg.gov.br\/site\/resumo-da-5a-sessao-ordinaria\/#article","isPartOf":{"@id":"https:\/\/itajuba.cam.mg.gov.br\/site\/resumo-da-5a-sessao-ordinaria\/"},"author":{"name":"Andr\u00e9 Gustavo Teixeira","@id":"https:\/\/itajuba.cam.mg.gov.br\/site\/#\/schema\/person\/516ab1ce09e1328601e16a3ff84d77bf"},"headline":"Resumo da 5\u00aa Sess\u00e3o Ordin\u00e1ria","datePublished":"2026-03-02T20:26:21+00:00","dateModified":"2026-03-02T23:38:58+00:00","mainEntityOfPage":{"@id":"https:\/\/itajuba.cam.mg.gov.br\/site\/resumo-da-5a-sessao-ordinaria\/"},"wordCount":373,"publisher":{"@id":"https:\/\/itajuba.cam.mg.gov.br\/site\/#organization"},"articleSection":["Not\u00edcias"],"inLanguage":"pt-BR"},{"@type":"WebPage","@id":"https:\/\/itajuba.cam.mg.gov.br\/site\/resumo-da-5a-sessao-ordinaria\/","url":"https:\/\/itajuba.cam.mg.gov.br\/site\/resumo-da-5a-sessao-ordinaria\/","name":"Resumo da 5\u00aa Sess\u00e3o Ordin\u00e1ria - C\u00e2mara Municipal de Itajub\u00e1","isPartOf":{"@id":"https:\/\/itajuba.cam.mg.gov.br\/site\/#website"},"datePublished":"2026-03-02T20:26:21+00:00","dateModified":"2026-03-02T23:38:58+00:00","breadcrumb":{"@id":"https:\/\/itajuba.cam.mg.gov.br\/site\/resumo-da-5a-sessao-ordinaria\/#breadcrumb"},"inLanguage":"pt-BR","potentialAction":[{"@type":"ReadAction","target":["https:\/\/itajuba.cam.mg.gov.br\/site\/resumo-da-5a-sessao-ordinaria\/"]}]},{"@type":"BreadcrumbList","@id":"https:\/\/itajuba.cam.mg.gov.br\/site\/resumo-da-5a-sessao-ordinaria\/#breadcrumb","itemListElement":[{"@type":"ListItem","position":1,"name":"In\u00edcio","item":"https:\/\/itajuba.cam.mg.gov.br\/site\/"},{"@type":"ListItem","position":2,"name":"Resumo da 5\u00aa Sess\u00e3o Ordin\u00e1ria"}]},{"@type":"WebSite","@id":"https:\/\/itajuba.cam.mg.gov.br\/site\/#website","url":"https:\/\/itajuba.cam.mg.gov.br\/site\/","name":"C\u00e2mara Municipal de Itajub\u00e1","description":"Efici\u00eancia e Transpar\u00eancia","publisher":{"@id":"https:\/\/itajuba.cam.mg.gov.br\/site\/#organization"},"potentialAction":[{"@type":"SearchAction","target":{"@type":"EntryPoint","urlTemplate":"https:\/\/itajuba.cam.mg.gov.br\/site\/?s={search_term_string}"},"query-input":"required name=search_term_string"}],"inLanguage":"pt-BR"},{"@type":"Organization","@id":"https:\/\/itajuba.cam.mg.gov.br\/site\/#organization","name":"C\u00e2mara Municipal de Itajub\u00e1","url":"https:\/\/itajuba.cam.mg.gov.br\/site\/","logo":{"@type":"ImageObject","inLanguage":"pt-BR","@id":"https:\/\/itajuba.cam.mg.gov.br\/site\/#\/schema\/logo\/image\/","url":"https:\/\/itajuba.cam.mg.gov.br\/site\/wp-content\/uploads\/2023\/09\/logo_camara_2024.png","contentUrl":"https:\/\/itajuba.cam.mg.gov.br\/site\/wp-content\/uploads\/2023\/09\/logo_camara_2024.png","width":1000,"height":385,"caption":"C\u00e2mara Municipal de Itajub\u00e1"},"image":{"@id":"https:\/\/itajuba.cam.mg.gov.br\/site\/#\/schema\/logo\/image\/"},"sameAs":["https:\/\/www.facebook.com\/camaradeitajubaoficial","https:\/\/www.instagram.com\/camaradeitajubaoficial\/","https:\/\/www.youtube.com\/user\/TVCAMARAITAJUBA"]},{"@type":"Person","@id":"https:\/\/itajuba.cam.mg.gov.br\/site\/#\/schema\/person\/516ab1ce09e1328601e16a3ff84d77bf","name":"Andr\u00e9 Gustavo Teixeira","image":{"@type":"ImageObject","inLanguage":"pt-BR","@id":"https:\/\/itajuba.cam.mg.gov.br\/site\/#\/schema\/person\/image\/","url":"https:\/\/secure.gravatar.com\/avatar\/6a0d5d90d1d99f7fb369ed9aa0d1f8eaa340344bfa76a93623094ac2fb7e3d5e?s=96&d=mm&r=g","contentUrl":"https:\/\/secure.gravatar.com\/avatar\/6a0d5d90d1d99f7fb369ed9aa0d1f8eaa340344bfa76a93623094ac2fb7e3d5e?s=96&d=mm&r=g","caption":"Andr\u00e9 Gustavo Teixeira"},"url":"https:\/\/itajuba.cam.mg.gov.br\/site\/author\/andregustavo\/"}]}},"_links":{"self":[{"href":"https:\/\/itajuba.cam.mg.gov.br\/site\/wp-json\/wp\/v2\/posts\/17678","targetHints":{"allow":["GET"]}}],"collection":[{"href":"https:\/\/itajuba.cam.mg.gov.br\/site\/wp-json\/wp\/v2\/posts"}],"about":[{"href":"https:\/\/itajuba.cam.mg.gov.br\/site\/wp-json\/wp\/v2\/types\/post"}],"author":[{"embeddable":true,"href":"https:\/\/itajuba.cam.mg.gov.br\/site\/wp-json\/wp\/v2\/users\/5"}],"replies":[{"embeddable":true,"href":"https:\/\/itajuba.cam.mg.gov.br\/site\/wp-json\/wp\/v2\/comments?post=17678"}],"version-history":[{"count":10,"href":"https:\/\/itajuba.cam.mg.gov.br\/site\/wp-json\/wp\/v2\/posts\/17678\/revisions"}],"predecessor-version":[{"id":17704,"href":"https:\/\/itajuba.cam.mg.gov.br\/site\/wp-json\/wp\/v2\/posts\/17678\/revisions\/17704"}],"wp:featuredmedia":[{"embeddable":true,"href":"https:\/\/itajuba.cam.mg.gov.br\/site\/wp-json\/wp\/v2\/media\/17679"}],"wp:attachment":[{"href":"https:\/\/itajuba.cam.mg.gov.br\/site\/wp-json\/wp\/v2\/media?parent=17678"}],"wp:term":[{"taxonomy":"category","embeddable":true,"href":"https:\/\/itajuba.cam.mg.gov.br\/site\/wp-json\/wp\/v2\/categories?post=17678"},{"taxonomy":"post_tag","embeddable":true,"href":"https:\/\/itajuba.cam.mg.gov.br\/site\/wp-json\/wp\/v2\/tags?post=17678"}],"curies":[{"name":"wp","href":"https:\/\/api.w.org\/{rel}","templated":true}]}}