{"id":17900,"date":"2026-04-27T19:56:19","date_gmt":"2026-04-27T19:56:19","guid":{"rendered":"https:\/\/itajuba.cam.mg.gov.br\/site\/?p=17900"},"modified":"2026-04-28T16:19:42","modified_gmt":"2026-04-28T16:19:42","slug":"prof-fabio-lacerda-toma-posse-na-camara-legislativo-avanca-na-valorizacao-do-magisterio","status":"publish","type":"post","link":"https:\/\/itajuba.cam.mg.gov.br\/site\/prof-fabio-lacerda-toma-posse-na-camara-legislativo-avanca-na-valorizacao-do-magisterio\/","title":{"rendered":"Prof. F\u00e1bio Lacerda toma posse na C\u00e2mara; Legislativo avan\u00e7a na valoriza\u00e7\u00e3o do Magist\u00e9rio"},"content":{"rendered":"<p><img loading=\"lazy\" decoding=\"async\" class=\"size-medium wp-image-17901 alignleft\" src=\"https:\/\/itajuba.cam.mg.gov.br\/site\/wp-content\/uploads\/2026\/04\/CAPA_FACE-3-300x225.png\" alt=\"\" width=\"300\" height=\"225\" srcset=\"https:\/\/itajuba.cam.mg.gov.br\/site\/wp-content\/uploads\/2026\/04\/CAPA_FACE-3-300x225.png 300w, https:\/\/itajuba.cam.mg.gov.br\/site\/wp-content\/uploads\/2026\/04\/CAPA_FACE-3-1024x768.png 1024w, https:\/\/itajuba.cam.mg.gov.br\/site\/wp-content\/uploads\/2026\/04\/CAPA_FACE-3-768x576.png 768w, https:\/\/itajuba.cam.mg.gov.br\/site\/wp-content\/uploads\/2026\/04\/CAPA_FACE-3.png 1200w\" sizes=\"auto, (max-width: 300px) 100vw, 300px\" \/>Nesta segunda-feira, 27 de abril, a C\u00e2mara Municipal de Itajub\u00e1 realizou uma sess\u00e3o ordin\u00e1ria marcada pela posse de um novo parlamentar e pelo avan\u00e7o de pautas fundamentais para a educa\u00e7\u00e3o municipal, com destaque para a tramita\u00e7\u00e3o do Projeto de Lei Complementar n\u00ba 141\/2026.<\/p>\n<p><strong>Posse no Legislativo<\/strong> O professor F\u00e1bio Lacerda (PV) assumiu oficialmente uma cadeira no Legislativo itajubense. F\u00e1bio tem 50 anos, \u00e9 docente na Fepi \u2013 Centro Universit\u00e1rio de Itajub\u00e1 e integra a coliga\u00e7\u00e3o Federa\u00e7\u00e3o BRASIL DA ESPERAN\u00c7A (PT\/PC do B\/PV). Ele ocupa a vaga da vereadora Andressa do Coletivo (PT), que teve sua licen\u00e7a m\u00e9dica prorrogada por mais 30 dias. Seguindo o regimento, o novo vereador realizou o juramento e assinou o livro de posse.<\/p>\n<p><strong>Valoriza\u00e7\u00e3o da Educa\u00e7\u00e3o: <\/strong>PLC 141\/2026 Um dos pontos altos da sess\u00e3o foi a an\u00e1lise do Projeto de Lei Complementar n\u00ba 141\/2026, de autoria do Executivo, que disp\u00f5e sobre a atualiza\u00e7\u00e3o do piso salarial profissional do magist\u00e9rio p\u00fablico municipal. A proposta fixa o piso para uma jornada de 40 horas semanais em R$ 5.223,61, representando um reajuste de 5,4% em rela\u00e7\u00e3o ao ano anterior.<\/p>\n<p>O projeto avan\u00e7ou com seguran\u00e7a na Casa, contando com pareceres favor\u00e1veis das seguintes comiss\u00f5es:<\/p>\n<ul>\n<li>Comiss\u00e3o de Constitui\u00e7\u00e3o e Justi\u00e7a;<\/li>\n<li>Comiss\u00e3o de Fiscaliza\u00e7\u00e3o Financeira e Or\u00e7amento;<\/li>\n<li>Comiss\u00e3o de Desenvolvimento Urbano, Obras e Servi\u00e7os P\u00fablicos;<\/li>\n<li>Comiss\u00e3o de Educa\u00e7\u00e3o e Esporte.<\/li>\n<\/ul>\n<p><strong>Tribuna Popular<\/strong><\/p>\n<p>A sess\u00e3o contou ainda com a participa\u00e7\u00e3o de Adriana M\u00e1rcia dos Santos, diretora do Clube de Desbravadores Itajub\u00e1. Em sua fala, Adriana detalhou o trabalho social e educativo desenvolvido pela institui\u00e7\u00e3o, ligada \u00e0 Igreja Adventista, que atende crian\u00e7as e jovens da cidade com foco em cidadania e desenvolvimento f\u00edsico e espiritual.<\/p>\n<p>&nbsp;<\/p>\n<p><img loading=\"lazy\" decoding=\"async\" class=\"alignnone size-medium wp-image-17903\" src=\"https:\/\/itajuba.cam.mg.gov.br\/site\/wp-content\/uploads\/2026\/04\/IMG_8281-300x200.jpg\" alt=\"\" width=\"300\" height=\"200\" srcset=\"https:\/\/itajuba.cam.mg.gov.br\/site\/wp-content\/uploads\/2026\/04\/IMG_8281-300x200.jpg 300w, https:\/\/itajuba.cam.mg.gov.br\/site\/wp-content\/uploads\/2026\/04\/IMG_8281-1024x683.jpg 1024w, https:\/\/itajuba.cam.mg.gov.br\/site\/wp-content\/uploads\/2026\/04\/IMG_8281-768x512.jpg 768w, https:\/\/itajuba.cam.mg.gov.br\/site\/wp-content\/uploads\/2026\/04\/IMG_8281-1536x1024.jpg 1536w, https:\/\/itajuba.cam.mg.gov.br\/site\/wp-content\/uploads\/2026\/04\/IMG_8281.jpg 2048w\" sizes=\"auto, (max-width: 300px) 100vw, 300px\" \/> <img loading=\"lazy\" decoding=\"async\" class=\"alignnone size-medium wp-image-17904\" src=\"https:\/\/itajuba.cam.mg.gov.br\/site\/wp-content\/uploads\/2026\/04\/IMG_8291-300x200.jpg\" alt=\"\" width=\"300\" height=\"200\" srcset=\"https:\/\/itajuba.cam.mg.gov.br\/site\/wp-content\/uploads\/2026\/04\/IMG_8291-300x200.jpg 300w, https:\/\/itajuba.cam.mg.gov.br\/site\/wp-content\/uploads\/2026\/04\/IMG_8291-1024x683.jpg 1024w, https:\/\/itajuba.cam.mg.gov.br\/site\/wp-content\/uploads\/2026\/04\/IMG_8291-768x512.jpg 768w, https:\/\/itajuba.cam.mg.gov.br\/site\/wp-content\/uploads\/2026\/04\/IMG_8291-1536x1024.jpg 1536w, https:\/\/itajuba.cam.mg.gov.br\/site\/wp-content\/uploads\/2026\/04\/IMG_8291.jpg 2048w\" sizes=\"auto, (max-width: 300px) 100vw, 300px\" \/> <img loading=\"lazy\" decoding=\"async\" class=\"alignnone size-medium wp-image-17905\" src=\"https:\/\/itajuba.cam.mg.gov.br\/site\/wp-content\/uploads\/2026\/04\/IMG_8295-300x200.jpg\" alt=\"\" width=\"300\" height=\"200\" srcset=\"https:\/\/itajuba.cam.mg.gov.br\/site\/wp-content\/uploads\/2026\/04\/IMG_8295-300x200.jpg 300w, https:\/\/itajuba.cam.mg.gov.br\/site\/wp-content\/uploads\/2026\/04\/IMG_8295-1024x683.jpg 1024w, https:\/\/itajuba.cam.mg.gov.br\/site\/wp-content\/uploads\/2026\/04\/IMG_8295-768x512.jpg 768w, https:\/\/itajuba.cam.mg.gov.br\/site\/wp-content\/uploads\/2026\/04\/IMG_8295-1536x1024.jpg 1536w, https:\/\/itajuba.cam.mg.gov.br\/site\/wp-content\/uploads\/2026\/04\/IMG_8295.jpg 2048w\" sizes=\"auto, (max-width: 300px) 100vw, 300px\" \/> <img loading=\"lazy\" decoding=\"async\" class=\"alignnone size-medium wp-image-17906\" src=\"https:\/\/itajuba.cam.mg.gov.br\/site\/wp-content\/uploads\/2026\/04\/IMG_8302-300x200.jpg\" alt=\"\" width=\"300\" height=\"200\" srcset=\"https:\/\/itajuba.cam.mg.gov.br\/site\/wp-content\/uploads\/2026\/04\/IMG_8302-300x200.jpg 300w, https:\/\/itajuba.cam.mg.gov.br\/site\/wp-content\/uploads\/2026\/04\/IMG_8302-1024x683.jpg 1024w, https:\/\/itajuba.cam.mg.gov.br\/site\/wp-content\/uploads\/2026\/04\/IMG_8302-768x512.jpg 768w, https:\/\/itajuba.cam.mg.gov.br\/site\/wp-content\/uploads\/2026\/04\/IMG_8302-1536x1024.jpg 1536w, https:\/\/itajuba.cam.mg.gov.br\/site\/wp-content\/uploads\/2026\/04\/IMG_8302.jpg 2048w\" sizes=\"auto, (max-width: 300px) 100vw, 300px\" \/> <img loading=\"lazy\" decoding=\"async\" class=\"alignnone size-medium wp-image-17907\" src=\"https:\/\/itajuba.cam.mg.gov.br\/site\/wp-content\/uploads\/2026\/04\/IMG_8307-300x200.jpg\" alt=\"\" width=\"300\" height=\"200\" srcset=\"https:\/\/itajuba.cam.mg.gov.br\/site\/wp-content\/uploads\/2026\/04\/IMG_8307-300x200.jpg 300w, https:\/\/itajuba.cam.mg.gov.br\/site\/wp-content\/uploads\/2026\/04\/IMG_8307-1024x683.jpg 1024w, https:\/\/itajuba.cam.mg.gov.br\/site\/wp-content\/uploads\/2026\/04\/IMG_8307-768x512.jpg 768w, https:\/\/itajuba.cam.mg.gov.br\/site\/wp-content\/uploads\/2026\/04\/IMG_8307-1536x1024.jpg 1536w, https:\/\/itajuba.cam.mg.gov.br\/site\/wp-content\/uploads\/2026\/04\/IMG_8307.jpg 2048w\" sizes=\"auto, (max-width: 300px) 100vw, 300px\" \/> <img loading=\"lazy\" decoding=\"async\" class=\"alignnone size-medium wp-image-17908\" src=\"https:\/\/itajuba.cam.mg.gov.br\/site\/wp-content\/uploads\/2026\/04\/IMG_8312-300x200.jpg\" alt=\"\" width=\"300\" height=\"200\" srcset=\"https:\/\/itajuba.cam.mg.gov.br\/site\/wp-content\/uploads\/2026\/04\/IMG_8312-300x200.jpg 300w, https:\/\/itajuba.cam.mg.gov.br\/site\/wp-content\/uploads\/2026\/04\/IMG_8312-1024x683.jpg 1024w, https:\/\/itajuba.cam.mg.gov.br\/site\/wp-content\/uploads\/2026\/04\/IMG_8312-768x512.jpg 768w, https:\/\/itajuba.cam.mg.gov.br\/site\/wp-content\/uploads\/2026\/04\/IMG_8312-1536x1024.jpg 1536w, https:\/\/itajuba.cam.mg.gov.br\/site\/wp-content\/uploads\/2026\/04\/IMG_8312.jpg 2048w\" sizes=\"auto, (max-width: 300px) 100vw, 300px\" \/> <img loading=\"lazy\" decoding=\"async\" class=\"alignnone size-medium wp-image-17909\" src=\"https:\/\/itajuba.cam.mg.gov.br\/site\/wp-content\/uploads\/2026\/04\/IMG_8319-300x200.jpg\" alt=\"\" width=\"300\" height=\"200\" srcset=\"https:\/\/itajuba.cam.mg.gov.br\/site\/wp-content\/uploads\/2026\/04\/IMG_8319-300x200.jpg 300w, https:\/\/itajuba.cam.mg.gov.br\/site\/wp-content\/uploads\/2026\/04\/IMG_8319-1024x683.jpg 1024w, https:\/\/itajuba.cam.mg.gov.br\/site\/wp-content\/uploads\/2026\/04\/IMG_8319-768x512.jpg 768w, https:\/\/itajuba.cam.mg.gov.br\/site\/wp-content\/uploads\/2026\/04\/IMG_8319-1536x1024.jpg 1536w, https:\/\/itajuba.cam.mg.gov.br\/site\/wp-content\/uploads\/2026\/04\/IMG_8319.jpg 2048w\" sizes=\"auto, (max-width: 300px) 100vw, 300px\" \/> <img loading=\"lazy\" decoding=\"async\" class=\"alignnone size-medium wp-image-17910\" src=\"https:\/\/itajuba.cam.mg.gov.br\/site\/wp-content\/uploads\/2026\/04\/IMG_8355-300x200.jpg\" alt=\"\" width=\"300\" height=\"200\" srcset=\"https:\/\/itajuba.cam.mg.gov.br\/site\/wp-content\/uploads\/2026\/04\/IMG_8355-300x200.jpg 300w, https:\/\/itajuba.cam.mg.gov.br\/site\/wp-content\/uploads\/2026\/04\/IMG_8355-1024x683.jpg 1024w, https:\/\/itajuba.cam.mg.gov.br\/site\/wp-content\/uploads\/2026\/04\/IMG_8355-768x512.jpg 768w, https:\/\/itajuba.cam.mg.gov.br\/site\/wp-content\/uploads\/2026\/04\/IMG_8355-1536x1024.jpg 1536w, https:\/\/itajuba.cam.mg.gov.br\/site\/wp-content\/uploads\/2026\/04\/IMG_8355.jpg 2048w\" sizes=\"auto, (max-width: 300px) 100vw, 300px\" \/> <img loading=\"lazy\" decoding=\"async\" class=\"alignnone size-medium wp-image-17911\" src=\"https:\/\/itajuba.cam.mg.gov.br\/site\/wp-content\/uploads\/2026\/04\/IMG_8363-300x200.jpg\" alt=\"\" width=\"300\" height=\"200\" srcset=\"https:\/\/itajuba.cam.mg.gov.br\/site\/wp-content\/uploads\/2026\/04\/IMG_8363-300x200.jpg 300w, https:\/\/itajuba.cam.mg.gov.br\/site\/wp-content\/uploads\/2026\/04\/IMG_8363-1024x683.jpg 1024w, https:\/\/itajuba.cam.mg.gov.br\/site\/wp-content\/uploads\/2026\/04\/IMG_8363-768x512.jpg 768w, https:\/\/itajuba.cam.mg.gov.br\/site\/wp-content\/uploads\/2026\/04\/IMG_8363-1536x1024.jpg 1536w, https:\/\/itajuba.cam.mg.gov.br\/site\/wp-content\/uploads\/2026\/04\/IMG_8363.jpg 2048w\" sizes=\"auto, (max-width: 300px) 100vw, 300px\" \/> <img loading=\"lazy\" decoding=\"async\" class=\"alignnone size-medium wp-image-17912\" src=\"https:\/\/itajuba.cam.mg.gov.br\/site\/wp-content\/uploads\/2026\/04\/IMG_8369-300x200.jpg\" alt=\"\" width=\"300\" height=\"200\" srcset=\"https:\/\/itajuba.cam.mg.gov.br\/site\/wp-content\/uploads\/2026\/04\/IMG_8369-300x200.jpg 300w, https:\/\/itajuba.cam.mg.gov.br\/site\/wp-content\/uploads\/2026\/04\/IMG_8369-1024x683.jpg 1024w, https:\/\/itajuba.cam.mg.gov.br\/site\/wp-content\/uploads\/2026\/04\/IMG_8369-768x512.jpg 768w, https:\/\/itajuba.cam.mg.gov.br\/site\/wp-content\/uploads\/2026\/04\/IMG_8369-1536x1024.jpg 1536w, https:\/\/itajuba.cam.mg.gov.br\/site\/wp-content\/uploads\/2026\/04\/IMG_8369.jpg 2048w\" sizes=\"auto, (max-width: 300px) 100vw, 300px\" \/> <img loading=\"lazy\" decoding=\"async\" class=\"alignnone size-medium wp-image-17913\" src=\"https:\/\/itajuba.cam.mg.gov.br\/site\/wp-content\/uploads\/2026\/04\/IMG_8377-300x200.jpg\" alt=\"\" width=\"300\" height=\"200\" srcset=\"https:\/\/itajuba.cam.mg.gov.br\/site\/wp-content\/uploads\/2026\/04\/IMG_8377-300x200.jpg 300w, https:\/\/itajuba.cam.mg.gov.br\/site\/wp-content\/uploads\/2026\/04\/IMG_8377-1024x683.jpg 1024w, https:\/\/itajuba.cam.mg.gov.br\/site\/wp-content\/uploads\/2026\/04\/IMG_8377-768x512.jpg 768w, https:\/\/itajuba.cam.mg.gov.br\/site\/wp-content\/uploads\/2026\/04\/IMG_8377-1536x1024.jpg 1536w, https:\/\/itajuba.cam.mg.gov.br\/site\/wp-content\/uploads\/2026\/04\/IMG_8377.jpg 2048w\" sizes=\"auto, (max-width: 300px) 100vw, 300px\" \/> <img loading=\"lazy\" decoding=\"async\" class=\"alignnone size-medium wp-image-17914\" src=\"https:\/\/itajuba.cam.mg.gov.br\/site\/wp-content\/uploads\/2026\/04\/IMG_8391-300x200.jpg\" alt=\"\" width=\"300\" height=\"200\" srcset=\"https:\/\/itajuba.cam.mg.gov.br\/site\/wp-content\/uploads\/2026\/04\/IMG_8391-300x200.jpg 300w, https:\/\/itajuba.cam.mg.gov.br\/site\/wp-content\/uploads\/2026\/04\/IMG_8391-1024x683.jpg 1024w, https:\/\/itajuba.cam.mg.gov.br\/site\/wp-content\/uploads\/2026\/04\/IMG_8391-768x512.jpg 768w, https:\/\/itajuba.cam.mg.gov.br\/site\/wp-content\/uploads\/2026\/04\/IMG_8391-1536x1024.jpg 1536w, https:\/\/itajuba.cam.mg.gov.br\/site\/wp-content\/uploads\/2026\/04\/IMG_8391.jpg 2048w\" sizes=\"auto, (max-width: 300px) 100vw, 300px\" \/> <img loading=\"lazy\" decoding=\"async\" class=\"alignnone size-medium wp-image-17915\" src=\"https:\/\/itajuba.cam.mg.gov.br\/site\/wp-content\/uploads\/2026\/04\/IMG_8402-300x200.jpg\" alt=\"\" width=\"300\" height=\"200\" srcset=\"https:\/\/itajuba.cam.mg.gov.br\/site\/wp-content\/uploads\/2026\/04\/IMG_8402-300x200.jpg 300w, https:\/\/itajuba.cam.mg.gov.br\/site\/wp-content\/uploads\/2026\/04\/IMG_8402-1024x683.jpg 1024w, https:\/\/itajuba.cam.mg.gov.br\/site\/wp-content\/uploads\/2026\/04\/IMG_8402-768x512.jpg 768w, https:\/\/itajuba.cam.mg.gov.br\/site\/wp-content\/uploads\/2026\/04\/IMG_8402-1536x1024.jpg 1536w, https:\/\/itajuba.cam.mg.gov.br\/site\/wp-content\/uploads\/2026\/04\/IMG_8402.jpg 2048w\" sizes=\"auto, (max-width: 300px) 100vw, 300px\" \/> <img loading=\"lazy\" decoding=\"async\" class=\"alignnone size-medium wp-image-17916\" src=\"https:\/\/itajuba.cam.mg.gov.br\/site\/wp-content\/uploads\/2026\/04\/IMG_8406-300x200.jpg\" alt=\"\" width=\"300\" height=\"200\" srcset=\"https:\/\/itajuba.cam.mg.gov.br\/site\/wp-content\/uploads\/2026\/04\/IMG_8406-300x200.jpg 300w, https:\/\/itajuba.cam.mg.gov.br\/site\/wp-content\/uploads\/2026\/04\/IMG_8406-1024x683.jpg 1024w, https:\/\/itajuba.cam.mg.gov.br\/site\/wp-content\/uploads\/2026\/04\/IMG_8406-768x512.jpg 768w, https:\/\/itajuba.cam.mg.gov.br\/site\/wp-content\/uploads\/2026\/04\/IMG_8406-1536x1024.jpg 1536w, https:\/\/itajuba.cam.mg.gov.br\/site\/wp-content\/uploads\/2026\/04\/IMG_8406.jpg 2048w\" sizes=\"auto, (max-width: 300px) 100vw, 300px\" \/> <img loading=\"lazy\" decoding=\"async\" class=\"alignnone size-medium wp-image-17917\" src=\"https:\/\/itajuba.cam.mg.gov.br\/site\/wp-content\/uploads\/2026\/04\/IMG_8411-300x200.jpg\" alt=\"\" width=\"300\" height=\"200\" srcset=\"https:\/\/itajuba.cam.mg.gov.br\/site\/wp-content\/uploads\/2026\/04\/IMG_8411-300x200.jpg 300w, https:\/\/itajuba.cam.mg.gov.br\/site\/wp-content\/uploads\/2026\/04\/IMG_8411-1024x683.jpg 1024w, https:\/\/itajuba.cam.mg.gov.br\/site\/wp-content\/uploads\/2026\/04\/IMG_8411-768x512.jpg 768w, https:\/\/itajuba.cam.mg.gov.br\/site\/wp-content\/uploads\/2026\/04\/IMG_8411-1536x1024.jpg 1536w, https:\/\/itajuba.cam.mg.gov.br\/site\/wp-content\/uploads\/2026\/04\/IMG_8411.jpg 2048w\" sizes=\"auto, (max-width: 300px) 100vw, 300px\" \/> <img loading=\"lazy\" decoding=\"async\" class=\"alignnone size-medium wp-image-17918\" src=\"https:\/\/itajuba.cam.mg.gov.br\/site\/wp-content\/uploads\/2026\/04\/IMG_8417-300x200.jpg\" alt=\"\" width=\"300\" height=\"200\" srcset=\"https:\/\/itajuba.cam.mg.gov.br\/site\/wp-content\/uploads\/2026\/04\/IMG_8417-300x200.jpg 300w, https:\/\/itajuba.cam.mg.gov.br\/site\/wp-content\/uploads\/2026\/04\/IMG_8417-1024x683.jpg 1024w, https:\/\/itajuba.cam.mg.gov.br\/site\/wp-content\/uploads\/2026\/04\/IMG_8417-768x512.jpg 768w, https:\/\/itajuba.cam.mg.gov.br\/site\/wp-content\/uploads\/2026\/04\/IMG_8417-1536x1024.jpg 1536w, https:\/\/itajuba.cam.mg.gov.br\/site\/wp-content\/uploads\/2026\/04\/IMG_8417.jpg 2048w\" sizes=\"auto, (max-width: 300px) 100vw, 300px\" \/><\/p>\n","protected":false},"excerpt":{"rendered":"<p>Nesta segunda-feira, 27 de abril, a C\u00e2mara Municipal de Itajub\u00e1 realizou uma sess\u00e3o ordin\u00e1ria marcada pela posse de um novo parlamentar e pelo avan\u00e7o de pautas fundamentais para a educa\u00e7\u00e3o municipal, com destaque para a tramita\u00e7\u00e3o do Projeto de Lei Complementar n\u00ba 141\/2026. Posse no Legislativo O professor F\u00e1bio Lacerda (PV) assumiu oficialmente uma cadeira [&hellip;]<\/p>\n","protected":false},"author":5,"featured_media":17901,"comment_status":"closed","ping_status":"open","sticky":false,"template":"","format":"standard","meta":{"footnotes":""},"categories":[16],"tags":[],"class_list":["post-17900","post","type-post","status-publish","format-standard","has-post-thumbnail","hentry","category-noticias"],"yoast_head":"<!-- This site is optimized with the Yoast SEO plugin v21.0 - https:\/\/yoast.com\/wordpress\/plugins\/seo\/ -->\n<title>Prof. F\u00e1bio Lacerda toma posse na C\u00e2mara; Legislativo avan\u00e7a na valoriza\u00e7\u00e3o do Magist\u00e9rio - C\u00e2mara Municipal de Itajub\u00e1<\/title>\n<meta name=\"robots\" content=\"index, follow, max-snippet:-1, max-image-preview:large, max-video-preview:-1\" \/>\n<link rel=\"canonical\" href=\"https:\/\/itajuba.cam.mg.gov.br\/site\/prof-fabio-lacerda-toma-posse-na-camara-legislativo-avanca-na-valorizacao-do-magisterio\/\" \/>\n<meta property=\"og:locale\" content=\"pt_BR\" \/>\n<meta property=\"og:type\" content=\"article\" \/>\n<meta property=\"og:title\" content=\"Prof. F\u00e1bio Lacerda toma posse na C\u00e2mara; Legislativo avan\u00e7a na valoriza\u00e7\u00e3o do Magist\u00e9rio - C\u00e2mara Municipal de Itajub\u00e1\" \/>\n<meta property=\"og:description\" content=\"Nesta segunda-feira, 27 de abril, a C\u00e2mara Municipal de Itajub\u00e1 realizou uma sess\u00e3o ordin\u00e1ria marcada pela posse de um novo parlamentar e pelo avan\u00e7o de pautas fundamentais para a educa\u00e7\u00e3o municipal, com destaque para a tramita\u00e7\u00e3o do Projeto de Lei Complementar n\u00ba 141\/2026. Posse no Legislativo O professor F\u00e1bio Lacerda (PV) assumiu oficialmente uma cadeira [&hellip;]\" \/>\n<meta property=\"og:url\" content=\"https:\/\/itajuba.cam.mg.gov.br\/site\/prof-fabio-lacerda-toma-posse-na-camara-legislativo-avanca-na-valorizacao-do-magisterio\/\" \/>\n<meta property=\"og:site_name\" content=\"C\u00e2mara Municipal de Itajub\u00e1\" \/>\n<meta property=\"article:publisher\" content=\"https:\/\/www.facebook.com\/camaradeitajubaoficial\" \/>\n<meta property=\"article:published_time\" content=\"2026-04-27T19:56:19+00:00\" \/>\n<meta property=\"article:modified_time\" content=\"2026-04-28T16:19:42+00:00\" \/>\n<meta property=\"og:image\" content=\"https:\/\/itajuba.cam.mg.gov.br\/site\/wp-content\/uploads\/2026\/04\/CAPA_FACE-3.png\" \/>\n\t<meta property=\"og:image:width\" content=\"1200\" \/>\n\t<meta property=\"og:image:height\" content=\"900\" \/>\n\t<meta property=\"og:image:type\" content=\"image\/png\" \/>\n<meta name=\"author\" content=\"Andr\u00e9 Gustavo Teixeira\" \/>\n<meta name=\"twitter:card\" content=\"summary_large_image\" \/>\n<meta name=\"twitter:label1\" content=\"Escrito por\" \/>\n\t<meta name=\"twitter:data1\" content=\"Andr\u00e9 Gustavo Teixeira\" \/>\n\t<meta name=\"twitter:label2\" content=\"Est. tempo de leitura\" \/>\n\t<meta name=\"twitter:data2\" content=\"5 minutos\" \/>\n<script type=\"application\/ld+json\" class=\"yoast-schema-graph\">{\"@context\":\"https:\/\/schema.org\",\"@graph\":[{\"@type\":\"Article\",\"@id\":\"https:\/\/itajuba.cam.mg.gov.br\/site\/prof-fabio-lacerda-toma-posse-na-camara-legislativo-avanca-na-valorizacao-do-magisterio\/#article\",\"isPartOf\":{\"@id\":\"https:\/\/itajuba.cam.mg.gov.br\/site\/prof-fabio-lacerda-toma-posse-na-camara-legislativo-avanca-na-valorizacao-do-magisterio\/\"},\"author\":{\"name\":\"Andr\u00e9 Gustavo Teixeira\",\"@id\":\"https:\/\/itajuba.cam.mg.gov.br\/site\/#\/schema\/person\/516ab1ce09e1328601e16a3ff84d77bf\"},\"headline\":\"Prof. F\u00e1bio Lacerda toma posse na C\u00e2mara; Legislativo avan\u00e7a na valoriza\u00e7\u00e3o do Magist\u00e9rio\",\"datePublished\":\"2026-04-27T19:56:19+00:00\",\"dateModified\":\"2026-04-28T16:19:42+00:00\",\"mainEntityOfPage\":{\"@id\":\"https:\/\/itajuba.cam.mg.gov.br\/site\/prof-fabio-lacerda-toma-posse-na-camara-legislativo-avanca-na-valorizacao-do-magisterio\/\"},\"wordCount\":324,\"publisher\":{\"@id\":\"https:\/\/itajuba.cam.mg.gov.br\/site\/#organization\"},\"articleSection\":[\"Not\u00edcias\"],\"inLanguage\":\"pt-BR\"},{\"@type\":\"WebPage\",\"@id\":\"https:\/\/itajuba.cam.mg.gov.br\/site\/prof-fabio-lacerda-toma-posse-na-camara-legislativo-avanca-na-valorizacao-do-magisterio\/\",\"url\":\"https:\/\/itajuba.cam.mg.gov.br\/site\/prof-fabio-lacerda-toma-posse-na-camara-legislativo-avanca-na-valorizacao-do-magisterio\/\",\"name\":\"Prof. F\u00e1bio Lacerda toma posse na C\u00e2mara; Legislativo avan\u00e7a na valoriza\u00e7\u00e3o do Magist\u00e9rio - C\u00e2mara Municipal de Itajub\u00e1\",\"isPartOf\":{\"@id\":\"https:\/\/itajuba.cam.mg.gov.br\/site\/#website\"},\"datePublished\":\"2026-04-27T19:56:19+00:00\",\"dateModified\":\"2026-04-28T16:19:42+00:00\",\"breadcrumb\":{\"@id\":\"https:\/\/itajuba.cam.mg.gov.br\/site\/prof-fabio-lacerda-toma-posse-na-camara-legislativo-avanca-na-valorizacao-do-magisterio\/#breadcrumb\"},\"inLanguage\":\"pt-BR\",\"potentialAction\":[{\"@type\":\"ReadAction\",\"target\":[\"https:\/\/itajuba.cam.mg.gov.br\/site\/prof-fabio-lacerda-toma-posse-na-camara-legislativo-avanca-na-valorizacao-do-magisterio\/\"]}]},{\"@type\":\"BreadcrumbList\",\"@id\":\"https:\/\/itajuba.cam.mg.gov.br\/site\/prof-fabio-lacerda-toma-posse-na-camara-legislativo-avanca-na-valorizacao-do-magisterio\/#breadcrumb\",\"itemListElement\":[{\"@type\":\"ListItem\",\"position\":1,\"name\":\"In\u00edcio\",\"item\":\"https:\/\/itajuba.cam.mg.gov.br\/site\/\"},{\"@type\":\"ListItem\",\"position\":2,\"name\":\"Prof. F\u00e1bio Lacerda toma posse na C\u00e2mara; Legislativo avan\u00e7a na valoriza\u00e7\u00e3o do Magist\u00e9rio\"}]},{\"@type\":\"WebSite\",\"@id\":\"https:\/\/itajuba.cam.mg.gov.br\/site\/#website\",\"url\":\"https:\/\/itajuba.cam.mg.gov.br\/site\/\",\"name\":\"C\u00e2mara Municipal de Itajub\u00e1\",\"description\":\"Efici\u00eancia e Transpar\u00eancia\",\"publisher\":{\"@id\":\"https:\/\/itajuba.cam.mg.gov.br\/site\/#organization\"},\"potentialAction\":[{\"@type\":\"SearchAction\",\"target\":{\"@type\":\"EntryPoint\",\"urlTemplate\":\"https:\/\/itajuba.cam.mg.gov.br\/site\/?s={search_term_string}\"},\"query-input\":\"required name=search_term_string\"}],\"inLanguage\":\"pt-BR\"},{\"@type\":\"Organization\",\"@id\":\"https:\/\/itajuba.cam.mg.gov.br\/site\/#organization\",\"name\":\"C\u00e2mara Municipal de Itajub\u00e1\",\"url\":\"https:\/\/itajuba.cam.mg.gov.br\/site\/\",\"logo\":{\"@type\":\"ImageObject\",\"inLanguage\":\"pt-BR\",\"@id\":\"https:\/\/itajuba.cam.mg.gov.br\/site\/#\/schema\/logo\/image\/\",\"url\":\"https:\/\/itajuba.cam.mg.gov.br\/site\/wp-content\/uploads\/2023\/09\/logo_camara_2024.png\",\"contentUrl\":\"https:\/\/itajuba.cam.mg.gov.br\/site\/wp-content\/uploads\/2023\/09\/logo_camara_2024.png\",\"width\":1000,\"height\":385,\"caption\":\"C\u00e2mara Municipal de Itajub\u00e1\"},\"image\":{\"@id\":\"https:\/\/itajuba.cam.mg.gov.br\/site\/#\/schema\/logo\/image\/\"},\"sameAs\":[\"https:\/\/www.facebook.com\/camaradeitajubaoficial\",\"https:\/\/www.instagram.com\/camaradeitajubaoficial\/\",\"https:\/\/www.youtube.com\/user\/TVCAMARAITAJUBA\"]},{\"@type\":\"Person\",\"@id\":\"https:\/\/itajuba.cam.mg.gov.br\/site\/#\/schema\/person\/516ab1ce09e1328601e16a3ff84d77bf\",\"name\":\"Andr\u00e9 Gustavo Teixeira\",\"image\":{\"@type\":\"ImageObject\",\"inLanguage\":\"pt-BR\",\"@id\":\"https:\/\/itajuba.cam.mg.gov.br\/site\/#\/schema\/person\/image\/\",\"url\":\"https:\/\/secure.gravatar.com\/avatar\/6a0d5d90d1d99f7fb369ed9aa0d1f8eaa340344bfa76a93623094ac2fb7e3d5e?s=96&d=mm&r=g\",\"contentUrl\":\"https:\/\/secure.gravatar.com\/avatar\/6a0d5d90d1d99f7fb369ed9aa0d1f8eaa340344bfa76a93623094ac2fb7e3d5e?s=96&d=mm&r=g\",\"caption\":\"Andr\u00e9 Gustavo Teixeira\"},\"url\":\"https:\/\/itajuba.cam.mg.gov.br\/site\/author\/andregustavo\/\"}]}<\/script>\n<!-- \/ Yoast SEO plugin. -->","yoast_head_json":{"title":"Prof. F\u00e1bio Lacerda toma posse na C\u00e2mara; Legislativo avan\u00e7a na valoriza\u00e7\u00e3o do Magist\u00e9rio - C\u00e2mara Municipal de Itajub\u00e1","robots":{"index":"index","follow":"follow","max-snippet":"max-snippet:-1","max-image-preview":"max-image-preview:large","max-video-preview":"max-video-preview:-1"},"canonical":"https:\/\/itajuba.cam.mg.gov.br\/site\/prof-fabio-lacerda-toma-posse-na-camara-legislativo-avanca-na-valorizacao-do-magisterio\/","og_locale":"pt_BR","og_type":"article","og_title":"Prof. F\u00e1bio Lacerda toma posse na C\u00e2mara; Legislativo avan\u00e7a na valoriza\u00e7\u00e3o do Magist\u00e9rio - C\u00e2mara Municipal de Itajub\u00e1","og_description":"Nesta segunda-feira, 27 de abril, a C\u00e2mara Municipal de Itajub\u00e1 realizou uma sess\u00e3o ordin\u00e1ria marcada pela posse de um novo parlamentar e pelo avan\u00e7o de pautas fundamentais para a educa\u00e7\u00e3o municipal, com destaque para a tramita\u00e7\u00e3o do Projeto de Lei Complementar n\u00ba 141\/2026. Posse no Legislativo O professor F\u00e1bio Lacerda (PV) assumiu oficialmente uma cadeira [&hellip;]","og_url":"https:\/\/itajuba.cam.mg.gov.br\/site\/prof-fabio-lacerda-toma-posse-na-camara-legislativo-avanca-na-valorizacao-do-magisterio\/","og_site_name":"C\u00e2mara Municipal de Itajub\u00e1","article_publisher":"https:\/\/www.facebook.com\/camaradeitajubaoficial","article_published_time":"2026-04-27T19:56:19+00:00","article_modified_time":"2026-04-28T16:19:42+00:00","og_image":[{"width":1200,"height":900,"url":"https:\/\/itajuba.cam.mg.gov.br\/site\/wp-content\/uploads\/2026\/04\/CAPA_FACE-3.png","type":"image\/png"}],"author":"Andr\u00e9 Gustavo Teixeira","twitter_card":"summary_large_image","twitter_misc":{"Escrito por":"Andr\u00e9 Gustavo Teixeira","Est. tempo de leitura":"5 minutos"},"schema":{"@context":"https:\/\/schema.org","@graph":[{"@type":"Article","@id":"https:\/\/itajuba.cam.mg.gov.br\/site\/prof-fabio-lacerda-toma-posse-na-camara-legislativo-avanca-na-valorizacao-do-magisterio\/#article","isPartOf":{"@id":"https:\/\/itajuba.cam.mg.gov.br\/site\/prof-fabio-lacerda-toma-posse-na-camara-legislativo-avanca-na-valorizacao-do-magisterio\/"},"author":{"name":"Andr\u00e9 Gustavo Teixeira","@id":"https:\/\/itajuba.cam.mg.gov.br\/site\/#\/schema\/person\/516ab1ce09e1328601e16a3ff84d77bf"},"headline":"Prof. F\u00e1bio Lacerda toma posse na C\u00e2mara; Legislativo avan\u00e7a na valoriza\u00e7\u00e3o do Magist\u00e9rio","datePublished":"2026-04-27T19:56:19+00:00","dateModified":"2026-04-28T16:19:42+00:00","mainEntityOfPage":{"@id":"https:\/\/itajuba.cam.mg.gov.br\/site\/prof-fabio-lacerda-toma-posse-na-camara-legislativo-avanca-na-valorizacao-do-magisterio\/"},"wordCount":324,"publisher":{"@id":"https:\/\/itajuba.cam.mg.gov.br\/site\/#organization"},"articleSection":["Not\u00edcias"],"inLanguage":"pt-BR"},{"@type":"WebPage","@id":"https:\/\/itajuba.cam.mg.gov.br\/site\/prof-fabio-lacerda-toma-posse-na-camara-legislativo-avanca-na-valorizacao-do-magisterio\/","url":"https:\/\/itajuba.cam.mg.gov.br\/site\/prof-fabio-lacerda-toma-posse-na-camara-legislativo-avanca-na-valorizacao-do-magisterio\/","name":"Prof. F\u00e1bio Lacerda toma posse na C\u00e2mara; Legislativo avan\u00e7a na valoriza\u00e7\u00e3o do Magist\u00e9rio - C\u00e2mara Municipal de Itajub\u00e1","isPartOf":{"@id":"https:\/\/itajuba.cam.mg.gov.br\/site\/#website"},"datePublished":"2026-04-27T19:56:19+00:00","dateModified":"2026-04-28T16:19:42+00:00","breadcrumb":{"@id":"https:\/\/itajuba.cam.mg.gov.br\/site\/prof-fabio-lacerda-toma-posse-na-camara-legislativo-avanca-na-valorizacao-do-magisterio\/#breadcrumb"},"inLanguage":"pt-BR","potentialAction":[{"@type":"ReadAction","target":["https:\/\/itajuba.cam.mg.gov.br\/site\/prof-fabio-lacerda-toma-posse-na-camara-legislativo-avanca-na-valorizacao-do-magisterio\/"]}]},{"@type":"BreadcrumbList","@id":"https:\/\/itajuba.cam.mg.gov.br\/site\/prof-fabio-lacerda-toma-posse-na-camara-legislativo-avanca-na-valorizacao-do-magisterio\/#breadcrumb","itemListElement":[{"@type":"ListItem","position":1,"name":"In\u00edcio","item":"https:\/\/itajuba.cam.mg.gov.br\/site\/"},{"@type":"ListItem","position":2,"name":"Prof. F\u00e1bio Lacerda toma posse na C\u00e2mara; Legislativo avan\u00e7a na valoriza\u00e7\u00e3o do Magist\u00e9rio"}]},{"@type":"WebSite","@id":"https:\/\/itajuba.cam.mg.gov.br\/site\/#website","url":"https:\/\/itajuba.cam.mg.gov.br\/site\/","name":"C\u00e2mara Municipal de Itajub\u00e1","description":"Efici\u00eancia e Transpar\u00eancia","publisher":{"@id":"https:\/\/itajuba.cam.mg.gov.br\/site\/#organization"},"potentialAction":[{"@type":"SearchAction","target":{"@type":"EntryPoint","urlTemplate":"https:\/\/itajuba.cam.mg.gov.br\/site\/?s={search_term_string}"},"query-input":"required name=search_term_string"}],"inLanguage":"pt-BR"},{"@type":"Organization","@id":"https:\/\/itajuba.cam.mg.gov.br\/site\/#organization","name":"C\u00e2mara Municipal de Itajub\u00e1","url":"https:\/\/itajuba.cam.mg.gov.br\/site\/","logo":{"@type":"ImageObject","inLanguage":"pt-BR","@id":"https:\/\/itajuba.cam.mg.gov.br\/site\/#\/schema\/logo\/image\/","url":"https:\/\/itajuba.cam.mg.gov.br\/site\/wp-content\/uploads\/2023\/09\/logo_camara_2024.png","contentUrl":"https:\/\/itajuba.cam.mg.gov.br\/site\/wp-content\/uploads\/2023\/09\/logo_camara_2024.png","width":1000,"height":385,"caption":"C\u00e2mara Municipal de Itajub\u00e1"},"image":{"@id":"https:\/\/itajuba.cam.mg.gov.br\/site\/#\/schema\/logo\/image\/"},"sameAs":["https:\/\/www.facebook.com\/camaradeitajubaoficial","https:\/\/www.instagram.com\/camaradeitajubaoficial\/","https:\/\/www.youtube.com\/user\/TVCAMARAITAJUBA"]},{"@type":"Person","@id":"https:\/\/itajuba.cam.mg.gov.br\/site\/#\/schema\/person\/516ab1ce09e1328601e16a3ff84d77bf","name":"Andr\u00e9 Gustavo Teixeira","image":{"@type":"ImageObject","inLanguage":"pt-BR","@id":"https:\/\/itajuba.cam.mg.gov.br\/site\/#\/schema\/person\/image\/","url":"https:\/\/secure.gravatar.com\/avatar\/6a0d5d90d1d99f7fb369ed9aa0d1f8eaa340344bfa76a93623094ac2fb7e3d5e?s=96&d=mm&r=g","contentUrl":"https:\/\/secure.gravatar.com\/avatar\/6a0d5d90d1d99f7fb369ed9aa0d1f8eaa340344bfa76a93623094ac2fb7e3d5e?s=96&d=mm&r=g","caption":"Andr\u00e9 Gustavo Teixeira"},"url":"https:\/\/itajuba.cam.mg.gov.br\/site\/author\/andregustavo\/"}]}},"_links":{"self":[{"href":"https:\/\/itajuba.cam.mg.gov.br\/site\/wp-json\/wp\/v2\/posts\/17900","targetHints":{"allow":["GET"]}}],"collection":[{"href":"https:\/\/itajuba.cam.mg.gov.br\/site\/wp-json\/wp\/v2\/posts"}],"about":[{"href":"https:\/\/itajuba.cam.mg.gov.br\/site\/wp-json\/wp\/v2\/types\/post"}],"author":[{"embeddable":true,"href":"https:\/\/itajuba.cam.mg.gov.br\/site\/wp-json\/wp\/v2\/users\/5"}],"replies":[{"embeddable":true,"href":"https:\/\/itajuba.cam.mg.gov.br\/site\/wp-json\/wp\/v2\/comments?post=17900"}],"version-history":[{"count":2,"href":"https:\/\/itajuba.cam.mg.gov.br\/site\/wp-json\/wp\/v2\/posts\/17900\/revisions"}],"predecessor-version":[{"id":17920,"href":"https:\/\/itajuba.cam.mg.gov.br\/site\/wp-json\/wp\/v2\/posts\/17900\/revisions\/17920"}],"wp:featuredmedia":[{"embeddable":true,"href":"https:\/\/itajuba.cam.mg.gov.br\/site\/wp-json\/wp\/v2\/media\/17901"}],"wp:attachment":[{"href":"https:\/\/itajuba.cam.mg.gov.br\/site\/wp-json\/wp\/v2\/media?parent=17900"}],"wp:term":[{"taxonomy":"category","embeddable":true,"href":"https:\/\/itajuba.cam.mg.gov.br\/site\/wp-json\/wp\/v2\/categories?post=17900"},{"taxonomy":"post_tag","embeddable":true,"href":"https:\/\/itajuba.cam.mg.gov.br\/site\/wp-json\/wp\/v2\/tags?post=17900"}],"curies":[{"name":"wp","href":"https:\/\/api.w.org\/{rel}","templated":true}]}}