{"id":17922,"date":"2026-04-29T13:06:06","date_gmt":"2026-04-29T13:06:06","guid":{"rendered":"https:\/\/itajuba.cam.mg.gov.br\/site\/?p=17922"},"modified":"2026-04-29T16:08:56","modified_gmt":"2026-04-29T16:08:56","slug":"comunicado-publico-camara-municipal-de-itajuba-inicia-processo-para-locacao-de-nova-sede","status":"publish","type":"post","link":"https:\/\/itajuba.cam.mg.gov.br\/site\/comunicado-publico-camara-municipal-de-itajuba-inicia-processo-para-locacao-de-nova-sede\/","title":{"rendered":"Comunicado p\u00fablico: C\u00e2mara Municipal de Itajub\u00e1 inicia processo para loca\u00e7\u00e3o de nova sede"},"content":{"rendered":"<p style=\"font-weight: 400;\"><img loading=\"lazy\" decoding=\"async\" class=\"size-medium wp-image-17923 alignleft\" src=\"https:\/\/itajuba.cam.mg.gov.br\/site\/wp-content\/uploads\/2026\/04\/CAPA_SITE-300x225.png\" alt=\"\" width=\"300\" height=\"225\" srcset=\"https:\/\/itajuba.cam.mg.gov.br\/site\/wp-content\/uploads\/2026\/04\/CAPA_SITE-300x225.png 300w, https:\/\/itajuba.cam.mg.gov.br\/site\/wp-content\/uploads\/2026\/04\/CAPA_SITE-1024x768.png 1024w, https:\/\/itajuba.cam.mg.gov.br\/site\/wp-content\/uploads\/2026\/04\/CAPA_SITE-768x576.png 768w, https:\/\/itajuba.cam.mg.gov.br\/site\/wp-content\/uploads\/2026\/04\/CAPA_SITE.png 1200w\" sizes=\"auto, (max-width: 300px) 100vw, 300px\" \/>A C\u00e2mara Municipal de Itajub\u00e1, por meio da\u00a0<strong>Portaria n\u00ba 051\/2026<\/strong>, assinada pelo Presidente Silvio Vieira em 22 de abril de 2026, determinou o in\u00edcio do processo para a loca\u00e7\u00e3o de im\u00f3vel para acomodar a nova Sede do Legislativo local e a Escola do Professora Era\u00eddes Rabelo. A medida fundamenta-se em laudos t\u00e9cnicos que apontam falhas no sistema de drenagem e infiltra\u00e7\u00f5es no pr\u00e9dio atual, al\u00e9m de riscos estruturais identificados pela Defesa Civil em muros da unidade. Somam-se a isso as severas restri\u00e7\u00f5es de adapta\u00e7\u00e3o por se tratar de um bem tombado pelo\u00a0Conselho Deliberativo de Patrim\u00f4nio Hist\u00f3rico e Art\u00edstico de Itajub\u00e1 (CODPHAI) e a confirma\u00e7\u00e3o, por parte da Prefeitura, da inexist\u00eancia de outros im\u00f3veis p\u00fablicos dispon\u00edveis que atendam \u00e0s normas de acessibilidade e seguran\u00e7a necess\u00e1rias para o funcionamento da Casa Legislativa.<\/p>\n<p style=\"font-weight: 400;\">\n<p style=\"font-weight: 400;\">Para atender \u00e0s demandas institucionais, o im\u00f3vel dever\u00e1 contemplar estrutura m\u00ednima para acomodar o Legislativo Municipal<strong>,\u00a0<\/strong>al\u00e9m de possuir localiza\u00e7\u00e3o de f\u00e1cil acesso, total atendimento \u00e0s normas de acessibilidade, estrutura segura, regularidade documental e possibilidade de adapta\u00e7\u00f5es para uso institucional.<\/p>\n<p style=\"font-weight: 400;\">\n<p style=\"font-weight: 400;\">Demais informa\u00e7\u00f5es ou esclarecimentos adicionais poder\u00e3o ser realizados junto a Diretoria Administrativa da C\u00e2mara Municipal de Itajub\u00e1 por meio do e-mail\u00a0<strong><a href=\"mailto:admcmi@itajuba.cam.mg.gov.br\">admcmi@itajuba.cam.mg.gov.br<\/a>.<\/strong><\/p>\n","protected":false},"excerpt":{"rendered":"<p>A C\u00e2mara Municipal de Itajub\u00e1, por meio da\u00a0Portaria n\u00ba 051\/2026, assinada pelo Presidente Silvio Vieira em 22 de abril de 2026, determinou o in\u00edcio do processo para a loca\u00e7\u00e3o de im\u00f3vel para acomodar a nova Sede do Legislativo local e a Escola do Professora Era\u00eddes Rabelo. A medida fundamenta-se em laudos t\u00e9cnicos que apontam falhas [&hellip;]<\/p>\n","protected":false},"author":5,"featured_media":17923,"comment_status":"closed","ping_status":"open","sticky":false,"template":"","format":"standard","meta":{"footnotes":""},"categories":[16],"tags":[],"class_list":["post-17922","post","type-post","status-publish","format-standard","has-post-thumbnail","hentry","category-noticias"],"yoast_head":"<!-- This site is optimized with the Yoast SEO plugin v21.0 - https:\/\/yoast.com\/wordpress\/plugins\/seo\/ -->\n<title>Comunicado p\u00fablico: C\u00e2mara Municipal de Itajub\u00e1 inicia processo para loca\u00e7\u00e3o de nova sede - C\u00e2mara Municipal de Itajub\u00e1<\/title>\n<meta name=\"robots\" content=\"index, follow, max-snippet:-1, max-image-preview:large, max-video-preview:-1\" \/>\n<link rel=\"canonical\" href=\"https:\/\/itajuba.cam.mg.gov.br\/site\/comunicado-publico-camara-municipal-de-itajuba-inicia-processo-para-locacao-de-nova-sede\/\" \/>\n<meta property=\"og:locale\" content=\"pt_BR\" \/>\n<meta property=\"og:type\" content=\"article\" \/>\n<meta property=\"og:title\" content=\"Comunicado p\u00fablico: C\u00e2mara Municipal de Itajub\u00e1 inicia processo para loca\u00e7\u00e3o de nova sede - C\u00e2mara Municipal de Itajub\u00e1\" \/>\n<meta property=\"og:description\" content=\"A C\u00e2mara Municipal de Itajub\u00e1, por meio da\u00a0Portaria n\u00ba 051\/2026, assinada pelo Presidente Silvio Vieira em 22 de abril de 2026, determinou o in\u00edcio do processo para a loca\u00e7\u00e3o de im\u00f3vel para acomodar a nova Sede do Legislativo local e a Escola do Professora Era\u00eddes Rabelo. A medida fundamenta-se em laudos t\u00e9cnicos que apontam falhas [&hellip;]\" \/>\n<meta property=\"og:url\" content=\"https:\/\/itajuba.cam.mg.gov.br\/site\/comunicado-publico-camara-municipal-de-itajuba-inicia-processo-para-locacao-de-nova-sede\/\" \/>\n<meta property=\"og:site_name\" content=\"C\u00e2mara Municipal de Itajub\u00e1\" \/>\n<meta property=\"article:publisher\" content=\"https:\/\/www.facebook.com\/camaradeitajubaoficial\" \/>\n<meta property=\"article:published_time\" content=\"2026-04-29T13:06:06+00:00\" \/>\n<meta property=\"article:modified_time\" content=\"2026-04-29T16:08:56+00:00\" \/>\n<meta property=\"og:image\" content=\"https:\/\/itajuba.cam.mg.gov.br\/site\/wp-content\/uploads\/2026\/04\/CAPA_SITE.png\" \/>\n\t<meta property=\"og:image:width\" content=\"1200\" \/>\n\t<meta property=\"og:image:height\" content=\"900\" \/>\n\t<meta property=\"og:image:type\" content=\"image\/png\" \/>\n<meta name=\"author\" content=\"Andr\u00e9 Gustavo Teixeira\" \/>\n<meta name=\"twitter:card\" content=\"summary_large_image\" \/>\n<meta name=\"twitter:label1\" content=\"Escrito por\" \/>\n\t<meta name=\"twitter:data1\" content=\"Andr\u00e9 Gustavo Teixeira\" \/>\n\t<meta name=\"twitter:label2\" content=\"Est. tempo de leitura\" \/>\n\t<meta name=\"twitter:data2\" content=\"2 minutos\" \/>\n<script type=\"application\/ld+json\" class=\"yoast-schema-graph\">{\"@context\":\"https:\/\/schema.org\",\"@graph\":[{\"@type\":\"Article\",\"@id\":\"https:\/\/itajuba.cam.mg.gov.br\/site\/comunicado-publico-camara-municipal-de-itajuba-inicia-processo-para-locacao-de-nova-sede\/#article\",\"isPartOf\":{\"@id\":\"https:\/\/itajuba.cam.mg.gov.br\/site\/comunicado-publico-camara-municipal-de-itajuba-inicia-processo-para-locacao-de-nova-sede\/\"},\"author\":{\"name\":\"Andr\u00e9 Gustavo Teixeira\",\"@id\":\"https:\/\/itajuba.cam.mg.gov.br\/site\/#\/schema\/person\/516ab1ce09e1328601e16a3ff84d77bf\"},\"headline\":\"Comunicado p\u00fablico: C\u00e2mara Municipal de Itajub\u00e1 inicia processo para loca\u00e7\u00e3o de nova sede\",\"datePublished\":\"2026-04-29T13:06:06+00:00\",\"dateModified\":\"2026-04-29T16:08:56+00:00\",\"mainEntityOfPage\":{\"@id\":\"https:\/\/itajuba.cam.mg.gov.br\/site\/comunicado-publico-camara-municipal-de-itajuba-inicia-processo-para-locacao-de-nova-sede\/\"},\"wordCount\":242,\"publisher\":{\"@id\":\"https:\/\/itajuba.cam.mg.gov.br\/site\/#organization\"},\"articleSection\":[\"Not\u00edcias\"],\"inLanguage\":\"pt-BR\"},{\"@type\":\"WebPage\",\"@id\":\"https:\/\/itajuba.cam.mg.gov.br\/site\/comunicado-publico-camara-municipal-de-itajuba-inicia-processo-para-locacao-de-nova-sede\/\",\"url\":\"https:\/\/itajuba.cam.mg.gov.br\/site\/comunicado-publico-camara-municipal-de-itajuba-inicia-processo-para-locacao-de-nova-sede\/\",\"name\":\"Comunicado p\u00fablico: C\u00e2mara Municipal de Itajub\u00e1 inicia processo para loca\u00e7\u00e3o de nova sede - C\u00e2mara Municipal de Itajub\u00e1\",\"isPartOf\":{\"@id\":\"https:\/\/itajuba.cam.mg.gov.br\/site\/#website\"},\"datePublished\":\"2026-04-29T13:06:06+00:00\",\"dateModified\":\"2026-04-29T16:08:56+00:00\",\"breadcrumb\":{\"@id\":\"https:\/\/itajuba.cam.mg.gov.br\/site\/comunicado-publico-camara-municipal-de-itajuba-inicia-processo-para-locacao-de-nova-sede\/#breadcrumb\"},\"inLanguage\":\"pt-BR\",\"potentialAction\":[{\"@type\":\"ReadAction\",\"target\":[\"https:\/\/itajuba.cam.mg.gov.br\/site\/comunicado-publico-camara-municipal-de-itajuba-inicia-processo-para-locacao-de-nova-sede\/\"]}]},{\"@type\":\"BreadcrumbList\",\"@id\":\"https:\/\/itajuba.cam.mg.gov.br\/site\/comunicado-publico-camara-municipal-de-itajuba-inicia-processo-para-locacao-de-nova-sede\/#breadcrumb\",\"itemListElement\":[{\"@type\":\"ListItem\",\"position\":1,\"name\":\"In\u00edcio\",\"item\":\"https:\/\/itajuba.cam.mg.gov.br\/site\/\"},{\"@type\":\"ListItem\",\"position\":2,\"name\":\"Comunicado p\u00fablico: C\u00e2mara Municipal de Itajub\u00e1 inicia processo para loca\u00e7\u00e3o de nova sede\"}]},{\"@type\":\"WebSite\",\"@id\":\"https:\/\/itajuba.cam.mg.gov.br\/site\/#website\",\"url\":\"https:\/\/itajuba.cam.mg.gov.br\/site\/\",\"name\":\"C\u00e2mara Municipal de Itajub\u00e1\",\"description\":\"Efici\u00eancia e Transpar\u00eancia\",\"publisher\":{\"@id\":\"https:\/\/itajuba.cam.mg.gov.br\/site\/#organization\"},\"potentialAction\":[{\"@type\":\"SearchAction\",\"target\":{\"@type\":\"EntryPoint\",\"urlTemplate\":\"https:\/\/itajuba.cam.mg.gov.br\/site\/?s={search_term_string}\"},\"query-input\":\"required name=search_term_string\"}],\"inLanguage\":\"pt-BR\"},{\"@type\":\"Organization\",\"@id\":\"https:\/\/itajuba.cam.mg.gov.br\/site\/#organization\",\"name\":\"C\u00e2mara Municipal de Itajub\u00e1\",\"url\":\"https:\/\/itajuba.cam.mg.gov.br\/site\/\",\"logo\":{\"@type\":\"ImageObject\",\"inLanguage\":\"pt-BR\",\"@id\":\"https:\/\/itajuba.cam.mg.gov.br\/site\/#\/schema\/logo\/image\/\",\"url\":\"https:\/\/itajuba.cam.mg.gov.br\/site\/wp-content\/uploads\/2023\/09\/logo_camara_2024.png\",\"contentUrl\":\"https:\/\/itajuba.cam.mg.gov.br\/site\/wp-content\/uploads\/2023\/09\/logo_camara_2024.png\",\"width\":1000,\"height\":385,\"caption\":\"C\u00e2mara Municipal de Itajub\u00e1\"},\"image\":{\"@id\":\"https:\/\/itajuba.cam.mg.gov.br\/site\/#\/schema\/logo\/image\/\"},\"sameAs\":[\"https:\/\/www.facebook.com\/camaradeitajubaoficial\",\"https:\/\/www.instagram.com\/camaradeitajubaoficial\/\",\"https:\/\/www.youtube.com\/user\/TVCAMARAITAJUBA\"]},{\"@type\":\"Person\",\"@id\":\"https:\/\/itajuba.cam.mg.gov.br\/site\/#\/schema\/person\/516ab1ce09e1328601e16a3ff84d77bf\",\"name\":\"Andr\u00e9 Gustavo Teixeira\",\"image\":{\"@type\":\"ImageObject\",\"inLanguage\":\"pt-BR\",\"@id\":\"https:\/\/itajuba.cam.mg.gov.br\/site\/#\/schema\/person\/image\/\",\"url\":\"https:\/\/secure.gravatar.com\/avatar\/6a0d5d90d1d99f7fb369ed9aa0d1f8eaa340344bfa76a93623094ac2fb7e3d5e?s=96&d=mm&r=g\",\"contentUrl\":\"https:\/\/secure.gravatar.com\/avatar\/6a0d5d90d1d99f7fb369ed9aa0d1f8eaa340344bfa76a93623094ac2fb7e3d5e?s=96&d=mm&r=g\",\"caption\":\"Andr\u00e9 Gustavo Teixeira\"},\"url\":\"https:\/\/itajuba.cam.mg.gov.br\/site\/author\/andregustavo\/\"}]}<\/script>\n<!-- \/ Yoast SEO plugin. -->","yoast_head_json":{"title":"Comunicado p\u00fablico: C\u00e2mara Municipal de Itajub\u00e1 inicia processo para loca\u00e7\u00e3o de nova sede - C\u00e2mara Municipal de Itajub\u00e1","robots":{"index":"index","follow":"follow","max-snippet":"max-snippet:-1","max-image-preview":"max-image-preview:large","max-video-preview":"max-video-preview:-1"},"canonical":"https:\/\/itajuba.cam.mg.gov.br\/site\/comunicado-publico-camara-municipal-de-itajuba-inicia-processo-para-locacao-de-nova-sede\/","og_locale":"pt_BR","og_type":"article","og_title":"Comunicado p\u00fablico: C\u00e2mara Municipal de Itajub\u00e1 inicia processo para loca\u00e7\u00e3o de nova sede - C\u00e2mara Municipal de Itajub\u00e1","og_description":"A C\u00e2mara Municipal de Itajub\u00e1, por meio da\u00a0Portaria n\u00ba 051\/2026, assinada pelo Presidente Silvio Vieira em 22 de abril de 2026, determinou o in\u00edcio do processo para a loca\u00e7\u00e3o de im\u00f3vel para acomodar a nova Sede do Legislativo local e a Escola do Professora Era\u00eddes Rabelo. A medida fundamenta-se em laudos t\u00e9cnicos que apontam falhas [&hellip;]","og_url":"https:\/\/itajuba.cam.mg.gov.br\/site\/comunicado-publico-camara-municipal-de-itajuba-inicia-processo-para-locacao-de-nova-sede\/","og_site_name":"C\u00e2mara Municipal de Itajub\u00e1","article_publisher":"https:\/\/www.facebook.com\/camaradeitajubaoficial","article_published_time":"2026-04-29T13:06:06+00:00","article_modified_time":"2026-04-29T16:08:56+00:00","og_image":[{"width":1200,"height":900,"url":"https:\/\/itajuba.cam.mg.gov.br\/site\/wp-content\/uploads\/2026\/04\/CAPA_SITE.png","type":"image\/png"}],"author":"Andr\u00e9 Gustavo Teixeira","twitter_card":"summary_large_image","twitter_misc":{"Escrito por":"Andr\u00e9 Gustavo Teixeira","Est. tempo de leitura":"2 minutos"},"schema":{"@context":"https:\/\/schema.org","@graph":[{"@type":"Article","@id":"https:\/\/itajuba.cam.mg.gov.br\/site\/comunicado-publico-camara-municipal-de-itajuba-inicia-processo-para-locacao-de-nova-sede\/#article","isPartOf":{"@id":"https:\/\/itajuba.cam.mg.gov.br\/site\/comunicado-publico-camara-municipal-de-itajuba-inicia-processo-para-locacao-de-nova-sede\/"},"author":{"name":"Andr\u00e9 Gustavo Teixeira","@id":"https:\/\/itajuba.cam.mg.gov.br\/site\/#\/schema\/person\/516ab1ce09e1328601e16a3ff84d77bf"},"headline":"Comunicado p\u00fablico: C\u00e2mara Municipal de Itajub\u00e1 inicia processo para loca\u00e7\u00e3o de nova sede","datePublished":"2026-04-29T13:06:06+00:00","dateModified":"2026-04-29T16:08:56+00:00","mainEntityOfPage":{"@id":"https:\/\/itajuba.cam.mg.gov.br\/site\/comunicado-publico-camara-municipal-de-itajuba-inicia-processo-para-locacao-de-nova-sede\/"},"wordCount":242,"publisher":{"@id":"https:\/\/itajuba.cam.mg.gov.br\/site\/#organization"},"articleSection":["Not\u00edcias"],"inLanguage":"pt-BR"},{"@type":"WebPage","@id":"https:\/\/itajuba.cam.mg.gov.br\/site\/comunicado-publico-camara-municipal-de-itajuba-inicia-processo-para-locacao-de-nova-sede\/","url":"https:\/\/itajuba.cam.mg.gov.br\/site\/comunicado-publico-camara-municipal-de-itajuba-inicia-processo-para-locacao-de-nova-sede\/","name":"Comunicado p\u00fablico: C\u00e2mara Municipal de Itajub\u00e1 inicia processo para loca\u00e7\u00e3o de nova sede - C\u00e2mara Municipal de Itajub\u00e1","isPartOf":{"@id":"https:\/\/itajuba.cam.mg.gov.br\/site\/#website"},"datePublished":"2026-04-29T13:06:06+00:00","dateModified":"2026-04-29T16:08:56+00:00","breadcrumb":{"@id":"https:\/\/itajuba.cam.mg.gov.br\/site\/comunicado-publico-camara-municipal-de-itajuba-inicia-processo-para-locacao-de-nova-sede\/#breadcrumb"},"inLanguage":"pt-BR","potentialAction":[{"@type":"ReadAction","target":["https:\/\/itajuba.cam.mg.gov.br\/site\/comunicado-publico-camara-municipal-de-itajuba-inicia-processo-para-locacao-de-nova-sede\/"]}]},{"@type":"BreadcrumbList","@id":"https:\/\/itajuba.cam.mg.gov.br\/site\/comunicado-publico-camara-municipal-de-itajuba-inicia-processo-para-locacao-de-nova-sede\/#breadcrumb","itemListElement":[{"@type":"ListItem","position":1,"name":"In\u00edcio","item":"https:\/\/itajuba.cam.mg.gov.br\/site\/"},{"@type":"ListItem","position":2,"name":"Comunicado p\u00fablico: C\u00e2mara Municipal de Itajub\u00e1 inicia processo para loca\u00e7\u00e3o de nova sede"}]},{"@type":"WebSite","@id":"https:\/\/itajuba.cam.mg.gov.br\/site\/#website","url":"https:\/\/itajuba.cam.mg.gov.br\/site\/","name":"C\u00e2mara Municipal de Itajub\u00e1","description":"Efici\u00eancia e Transpar\u00eancia","publisher":{"@id":"https:\/\/itajuba.cam.mg.gov.br\/site\/#organization"},"potentialAction":[{"@type":"SearchAction","target":{"@type":"EntryPoint","urlTemplate":"https:\/\/itajuba.cam.mg.gov.br\/site\/?s={search_term_string}"},"query-input":"required name=search_term_string"}],"inLanguage":"pt-BR"},{"@type":"Organization","@id":"https:\/\/itajuba.cam.mg.gov.br\/site\/#organization","name":"C\u00e2mara Municipal de Itajub\u00e1","url":"https:\/\/itajuba.cam.mg.gov.br\/site\/","logo":{"@type":"ImageObject","inLanguage":"pt-BR","@id":"https:\/\/itajuba.cam.mg.gov.br\/site\/#\/schema\/logo\/image\/","url":"https:\/\/itajuba.cam.mg.gov.br\/site\/wp-content\/uploads\/2023\/09\/logo_camara_2024.png","contentUrl":"https:\/\/itajuba.cam.mg.gov.br\/site\/wp-content\/uploads\/2023\/09\/logo_camara_2024.png","width":1000,"height":385,"caption":"C\u00e2mara Municipal de Itajub\u00e1"},"image":{"@id":"https:\/\/itajuba.cam.mg.gov.br\/site\/#\/schema\/logo\/image\/"},"sameAs":["https:\/\/www.facebook.com\/camaradeitajubaoficial","https:\/\/www.instagram.com\/camaradeitajubaoficial\/","https:\/\/www.youtube.com\/user\/TVCAMARAITAJUBA"]},{"@type":"Person","@id":"https:\/\/itajuba.cam.mg.gov.br\/site\/#\/schema\/person\/516ab1ce09e1328601e16a3ff84d77bf","name":"Andr\u00e9 Gustavo Teixeira","image":{"@type":"ImageObject","inLanguage":"pt-BR","@id":"https:\/\/itajuba.cam.mg.gov.br\/site\/#\/schema\/person\/image\/","url":"https:\/\/secure.gravatar.com\/avatar\/6a0d5d90d1d99f7fb369ed9aa0d1f8eaa340344bfa76a93623094ac2fb7e3d5e?s=96&d=mm&r=g","contentUrl":"https:\/\/secure.gravatar.com\/avatar\/6a0d5d90d1d99f7fb369ed9aa0d1f8eaa340344bfa76a93623094ac2fb7e3d5e?s=96&d=mm&r=g","caption":"Andr\u00e9 Gustavo Teixeira"},"url":"https:\/\/itajuba.cam.mg.gov.br\/site\/author\/andregustavo\/"}]}},"_links":{"self":[{"href":"https:\/\/itajuba.cam.mg.gov.br\/site\/wp-json\/wp\/v2\/posts\/17922","targetHints":{"allow":["GET"]}}],"collection":[{"href":"https:\/\/itajuba.cam.mg.gov.br\/site\/wp-json\/wp\/v2\/posts"}],"about":[{"href":"https:\/\/itajuba.cam.mg.gov.br\/site\/wp-json\/wp\/v2\/types\/post"}],"author":[{"embeddable":true,"href":"https:\/\/itajuba.cam.mg.gov.br\/site\/wp-json\/wp\/v2\/users\/5"}],"replies":[{"embeddable":true,"href":"https:\/\/itajuba.cam.mg.gov.br\/site\/wp-json\/wp\/v2\/comments?post=17922"}],"version-history":[{"count":1,"href":"https:\/\/itajuba.cam.mg.gov.br\/site\/wp-json\/wp\/v2\/posts\/17922\/revisions"}],"predecessor-version":[{"id":17924,"href":"https:\/\/itajuba.cam.mg.gov.br\/site\/wp-json\/wp\/v2\/posts\/17922\/revisions\/17924"}],"wp:featuredmedia":[{"embeddable":true,"href":"https:\/\/itajuba.cam.mg.gov.br\/site\/wp-json\/wp\/v2\/media\/17923"}],"wp:attachment":[{"href":"https:\/\/itajuba.cam.mg.gov.br\/site\/wp-json\/wp\/v2\/media?parent=17922"}],"wp:term":[{"taxonomy":"category","embeddable":true,"href":"https:\/\/itajuba.cam.mg.gov.br\/site\/wp-json\/wp\/v2\/categories?post=17922"},{"taxonomy":"post_tag","embeddable":true,"href":"https:\/\/itajuba.cam.mg.gov.br\/site\/wp-json\/wp\/v2\/tags?post=17922"}],"curies":[{"name":"wp","href":"https:\/\/api.w.org\/{rel}","templated":true}]}}