{"id":5467,"date":"2023-09-11T12:54:07","date_gmt":"2023-09-11T12:54:07","guid":{"rendered":"https:\/\/itajuba.cam.mg.gov.br\/site\/?p=5467"},"modified":"2024-10-07T19:16:19","modified_gmt":"2024-10-07T19:16:19","slug":"as-comissoes-de-constituicao-legislacao-e-redacao-e-de-financas-orcamento-e-fiscalizacao-financeira-se-reunem-nesta-terca-feira-12-de-setembro-as-13h30","status":"publish","type":"post","link":"https:\/\/itajuba.cam.mg.gov.br\/site\/as-comissoes-de-constituicao-legislacao-e-redacao-e-de-financas-orcamento-e-fiscalizacao-financeira-se-reunem-nesta-terca-feira-12-de-setembro-as-13h30\/","title":{"rendered":"As Comiss\u00f5es de Constitui\u00e7\u00e3o, Legisla\u00e7\u00e3o e Reda\u00e7\u00e3o e de Finan\u00e7as, Or\u00e7amento e Fiscaliza\u00e7\u00e3o Financeira se re\u00fanem nesta ter\u00e7a-feira, 12 de setembro, \u00e0s 13h30"},"content":{"rendered":"<p>As Comiss\u00f5es de Constitui\u00e7\u00e3o, Legisla\u00e7\u00e3o e Reda\u00e7\u00e3o e de Finan\u00e7as, Or\u00e7amento e Fiscaliza\u00e7\u00e3o Financeira se re\u00fanem nesta ter\u00e7a-feira, 12 de setembro, \u00e0s 13h30 no Plen\u00e1rio da C\u00e2mara para analisar e votar pareceres dos relatores aos seguintes projetos de lei:<\/p>\n<ul>\n<li>PL n\u00ba 4734\/2023 \u2013 Altera Dispositivo do Plano Plurianual de A\u00e7\u00e3o Governamental 2022-2025. Autor: Executivo Municipal.<\/li>\n<li>PL n\u00ba 4735\/2023 \u2013 Altera Dispositivo da Lei de Diretrizes Or\u00e7ament\u00e1rias de 2023. Autor: Executivo Municipal.<\/li>\n<li>PL n\u00ba 4736\/2023 \u2013 Autoriza o Poder Executivo a abrir cr\u00e9dito especial para recebimento dos recursos da Uni\u00e3o oriundos da Lei Complementar n\u00b0 195, de 8 de julho de 2022, conhecida como Lei Paulo Gustavo \u2013 LPG. Autor: Executivo Municipal.<\/li>\n<\/ul>\n<p>A reuni\u00e3o ter\u00e1 transmiss\u00e3o ao vivo pelo canal TV C\u00e2mara Itajub\u00e1 no Youtube e pela p\u00e1gina oficial da C\u00e2mara Municipal de Itajub\u00e1 no Facebook.<\/p>\n","protected":false},"excerpt":{"rendered":"<p>As Comiss\u00f5es de Constitui\u00e7\u00e3o, Legisla\u00e7\u00e3o e Reda\u00e7\u00e3o e de Finan\u00e7as, Or\u00e7amento e Fiscaliza\u00e7\u00e3o Financeira se re\u00fanem nesta ter\u00e7a-feira, 12 de setembro, \u00e0s 13h30 no Plen\u00e1rio da C\u00e2mara para analisar e votar pareceres dos relatores aos seguintes projetos de lei: PL n\u00ba 4734\/2023 \u2013 Altera Dispositivo do Plano Plurianual de A\u00e7\u00e3o Governamental 2022-2025. Autor: Executivo Municipal. [&hellip;]<\/p>\n","protected":false},"author":1,"featured_media":5468,"comment_status":"closed","ping_status":"open","sticky":false,"template":"","format":"standard","meta":{"footnotes":""},"categories":[16],"tags":[],"class_list":["post-5467","post","type-post","status-publish","format-standard","has-post-thumbnail","hentry","category-noticias"],"yoast_head":"<!-- This site is optimized with the Yoast SEO plugin v21.0 - https:\/\/yoast.com\/wordpress\/plugins\/seo\/ -->\n<title>As Comiss\u00f5es de Constitui\u00e7\u00e3o, Legisla\u00e7\u00e3o e Reda\u00e7\u00e3o e de Finan\u00e7as, Or\u00e7amento e Fiscaliza\u00e7\u00e3o Financeira se re\u00fanem nesta ter\u00e7a-feira, 12 de setembro, \u00e0s 13h30 - C\u00e2mara Municipal de Itajub\u00e1<\/title>\n<meta name=\"robots\" content=\"index, follow, max-snippet:-1, max-image-preview:large, max-video-preview:-1\" \/>\n<link rel=\"canonical\" href=\"https:\/\/itajuba.cam.mg.gov.br\/site\/as-comissoes-de-constituicao-legislacao-e-redacao-e-de-financas-orcamento-e-fiscalizacao-financeira-se-reunem-nesta-terca-feira-12-de-setembro-as-13h30\/\" \/>\n<meta property=\"og:locale\" content=\"pt_BR\" \/>\n<meta property=\"og:type\" content=\"article\" \/>\n<meta property=\"og:title\" content=\"As Comiss\u00f5es de Constitui\u00e7\u00e3o, Legisla\u00e7\u00e3o e Reda\u00e7\u00e3o e de Finan\u00e7as, Or\u00e7amento e Fiscaliza\u00e7\u00e3o Financeira se re\u00fanem nesta ter\u00e7a-feira, 12 de setembro, \u00e0s 13h30 - C\u00e2mara Municipal de Itajub\u00e1\" \/>\n<meta property=\"og:description\" content=\"As Comiss\u00f5es de Constitui\u00e7\u00e3o, Legisla\u00e7\u00e3o e Reda\u00e7\u00e3o e de Finan\u00e7as, Or\u00e7amento e Fiscaliza\u00e7\u00e3o Financeira se re\u00fanem nesta ter\u00e7a-feira, 12 de setembro, \u00e0s 13h30 no Plen\u00e1rio da C\u00e2mara para analisar e votar pareceres dos relatores aos seguintes projetos de lei: PL n\u00ba 4734\/2023 \u2013 Altera Dispositivo do Plano Plurianual de A\u00e7\u00e3o Governamental 2022-2025. Autor: Executivo Municipal. [&hellip;]\" \/>\n<meta property=\"og:url\" content=\"https:\/\/itajuba.cam.mg.gov.br\/site\/as-comissoes-de-constituicao-legislacao-e-redacao-e-de-financas-orcamento-e-fiscalizacao-financeira-se-reunem-nesta-terca-feira-12-de-setembro-as-13h30\/\" \/>\n<meta property=\"og:site_name\" content=\"C\u00e2mara Municipal de Itajub\u00e1\" \/>\n<meta property=\"article:publisher\" content=\"https:\/\/www.facebook.com\/camaradeitajubaoficial\" \/>\n<meta property=\"article:published_time\" content=\"2023-09-11T12:54:07+00:00\" \/>\n<meta property=\"article:modified_time\" content=\"2024-10-07T19:16:19+00:00\" \/>\n<meta property=\"og:image\" content=\"https:\/\/itajuba.cam.mg.gov.br\/site\/wp-content\/uploads\/2023\/09\/1.png\" \/>\n\t<meta property=\"og:image:width\" content=\"1024\" \/>\n\t<meta property=\"og:image:height\" content=\"446\" \/>\n\t<meta property=\"og:image:type\" content=\"image\/png\" \/>\n<meta name=\"author\" content=\"admin\" \/>\n<meta name=\"twitter:card\" content=\"summary_large_image\" \/>\n<meta name=\"twitter:label1\" content=\"Escrito por\" \/>\n\t<meta name=\"twitter:data1\" content=\"admin\" \/>\n\t<meta name=\"twitter:label2\" content=\"Est. tempo de leitura\" \/>\n\t<meta name=\"twitter:data2\" content=\"1 minuto\" \/>\n<script type=\"application\/ld+json\" class=\"yoast-schema-graph\">{\"@context\":\"https:\/\/schema.org\",\"@graph\":[{\"@type\":\"Article\",\"@id\":\"https:\/\/itajuba.cam.mg.gov.br\/site\/as-comissoes-de-constituicao-legislacao-e-redacao-e-de-financas-orcamento-e-fiscalizacao-financeira-se-reunem-nesta-terca-feira-12-de-setembro-as-13h30\/#article\",\"isPartOf\":{\"@id\":\"https:\/\/itajuba.cam.mg.gov.br\/site\/as-comissoes-de-constituicao-legislacao-e-redacao-e-de-financas-orcamento-e-fiscalizacao-financeira-se-reunem-nesta-terca-feira-12-de-setembro-as-13h30\/\"},\"author\":{\"name\":\"admin\",\"@id\":\"https:\/\/itajuba.cam.mg.gov.br\/site\/#\/schema\/person\/4573390017f8d6e586382e72ea8aeafc\"},\"headline\":\"As Comiss\u00f5es de Constitui\u00e7\u00e3o, Legisla\u00e7\u00e3o e Reda\u00e7\u00e3o e de Finan\u00e7as, Or\u00e7amento e Fiscaliza\u00e7\u00e3o Financeira se re\u00fanem nesta ter\u00e7a-feira, 12 de setembro, \u00e0s 13h30\",\"datePublished\":\"2023-09-11T12:54:07+00:00\",\"dateModified\":\"2024-10-07T19:16:19+00:00\",\"mainEntityOfPage\":{\"@id\":\"https:\/\/itajuba.cam.mg.gov.br\/site\/as-comissoes-de-constituicao-legislacao-e-redacao-e-de-financas-orcamento-e-fiscalizacao-financeira-se-reunem-nesta-terca-feira-12-de-setembro-as-13h30\/\"},\"wordCount\":175,\"publisher\":{\"@id\":\"https:\/\/itajuba.cam.mg.gov.br\/site\/#organization\"},\"articleSection\":[\"Not\u00edcias\"],\"inLanguage\":\"pt-BR\"},{\"@type\":\"WebPage\",\"@id\":\"https:\/\/itajuba.cam.mg.gov.br\/site\/as-comissoes-de-constituicao-legislacao-e-redacao-e-de-financas-orcamento-e-fiscalizacao-financeira-se-reunem-nesta-terca-feira-12-de-setembro-as-13h30\/\",\"url\":\"https:\/\/itajuba.cam.mg.gov.br\/site\/as-comissoes-de-constituicao-legislacao-e-redacao-e-de-financas-orcamento-e-fiscalizacao-financeira-se-reunem-nesta-terca-feira-12-de-setembro-as-13h30\/\",\"name\":\"As Comiss\u00f5es de Constitui\u00e7\u00e3o, Legisla\u00e7\u00e3o e Reda\u00e7\u00e3o e de Finan\u00e7as, Or\u00e7amento e Fiscaliza\u00e7\u00e3o Financeira se re\u00fanem nesta ter\u00e7a-feira, 12 de setembro, \u00e0s 13h30 - C\u00e2mara Municipal de Itajub\u00e1\",\"isPartOf\":{\"@id\":\"https:\/\/itajuba.cam.mg.gov.br\/site\/#website\"},\"datePublished\":\"2023-09-11T12:54:07+00:00\",\"dateModified\":\"2024-10-07T19:16:19+00:00\",\"breadcrumb\":{\"@id\":\"https:\/\/itajuba.cam.mg.gov.br\/site\/as-comissoes-de-constituicao-legislacao-e-redacao-e-de-financas-orcamento-e-fiscalizacao-financeira-se-reunem-nesta-terca-feira-12-de-setembro-as-13h30\/#breadcrumb\"},\"inLanguage\":\"pt-BR\",\"potentialAction\":[{\"@type\":\"ReadAction\",\"target\":[\"https:\/\/itajuba.cam.mg.gov.br\/site\/as-comissoes-de-constituicao-legislacao-e-redacao-e-de-financas-orcamento-e-fiscalizacao-financeira-se-reunem-nesta-terca-feira-12-de-setembro-as-13h30\/\"]}]},{\"@type\":\"BreadcrumbList\",\"@id\":\"https:\/\/itajuba.cam.mg.gov.br\/site\/as-comissoes-de-constituicao-legislacao-e-redacao-e-de-financas-orcamento-e-fiscalizacao-financeira-se-reunem-nesta-terca-feira-12-de-setembro-as-13h30\/#breadcrumb\",\"itemListElement\":[{\"@type\":\"ListItem\",\"position\":1,\"name\":\"In\u00edcio\",\"item\":\"https:\/\/itajuba.cam.mg.gov.br\/site\/\"},{\"@type\":\"ListItem\",\"position\":2,\"name\":\"As Comiss\u00f5es de Constitui\u00e7\u00e3o, Legisla\u00e7\u00e3o e Reda\u00e7\u00e3o e de Finan\u00e7as, Or\u00e7amento e Fiscaliza\u00e7\u00e3o Financeira se re\u00fanem nesta ter\u00e7a-feira, 12 de setembro, \u00e0s 13h30\"}]},{\"@type\":\"WebSite\",\"@id\":\"https:\/\/itajuba.cam.mg.gov.br\/site\/#website\",\"url\":\"https:\/\/itajuba.cam.mg.gov.br\/site\/\",\"name\":\"C\u00e2mara Municipal de Itajub\u00e1\",\"description\":\"Efici\u00eancia e Transpar\u00eancia\",\"publisher\":{\"@id\":\"https:\/\/itajuba.cam.mg.gov.br\/site\/#organization\"},\"potentialAction\":[{\"@type\":\"SearchAction\",\"target\":{\"@type\":\"EntryPoint\",\"urlTemplate\":\"https:\/\/itajuba.cam.mg.gov.br\/site\/?s={search_term_string}\"},\"query-input\":\"required name=search_term_string\"}],\"inLanguage\":\"pt-BR\"},{\"@type\":\"Organization\",\"@id\":\"https:\/\/itajuba.cam.mg.gov.br\/site\/#organization\",\"name\":\"C\u00e2mara Municipal de Itajub\u00e1\",\"url\":\"https:\/\/itajuba.cam.mg.gov.br\/site\/\",\"logo\":{\"@type\":\"ImageObject\",\"inLanguage\":\"pt-BR\",\"@id\":\"https:\/\/itajuba.cam.mg.gov.br\/site\/#\/schema\/logo\/image\/\",\"url\":\"https:\/\/itajuba.cam.mg.gov.br\/site\/wp-content\/uploads\/2023\/09\/logo_camara_2024.png\",\"contentUrl\":\"https:\/\/itajuba.cam.mg.gov.br\/site\/wp-content\/uploads\/2023\/09\/logo_camara_2024.png\",\"width\":1000,\"height\":385,\"caption\":\"C\u00e2mara Municipal de Itajub\u00e1\"},\"image\":{\"@id\":\"https:\/\/itajuba.cam.mg.gov.br\/site\/#\/schema\/logo\/image\/\"},\"sameAs\":[\"https:\/\/www.facebook.com\/camaradeitajubaoficial\",\"https:\/\/www.instagram.com\/camaradeitajubaoficial\/\",\"https:\/\/www.youtube.com\/user\/TVCAMARAITAJUBA\"]},{\"@type\":\"Person\",\"@id\":\"https:\/\/itajuba.cam.mg.gov.br\/site\/#\/schema\/person\/4573390017f8d6e586382e72ea8aeafc\",\"name\":\"admin\",\"image\":{\"@type\":\"ImageObject\",\"inLanguage\":\"pt-BR\",\"@id\":\"https:\/\/itajuba.cam.mg.gov.br\/site\/#\/schema\/person\/image\/\",\"url\":\"https:\/\/secure.gravatar.com\/avatar\/ac23fed6a914739b5040ccf137d27d0e5125f47777b6aabe6077effebb1fb788?s=96&d=mm&r=g\",\"contentUrl\":\"https:\/\/secure.gravatar.com\/avatar\/ac23fed6a914739b5040ccf137d27d0e5125f47777b6aabe6077effebb1fb788?s=96&d=mm&r=g\",\"caption\":\"admin\"},\"sameAs\":[\"https:\/\/itajuba.cam.mg.gov.br\/site\"],\"url\":\"https:\/\/itajuba.cam.mg.gov.br\/site\/author\/admin\/\"}]}<\/script>\n<!-- \/ Yoast SEO plugin. -->","yoast_head_json":{"title":"As Comiss\u00f5es de Constitui\u00e7\u00e3o, Legisla\u00e7\u00e3o e Reda\u00e7\u00e3o e de Finan\u00e7as, Or\u00e7amento e Fiscaliza\u00e7\u00e3o Financeira se re\u00fanem nesta ter\u00e7a-feira, 12 de setembro, \u00e0s 13h30 - C\u00e2mara Municipal de Itajub\u00e1","robots":{"index":"index","follow":"follow","max-snippet":"max-snippet:-1","max-image-preview":"max-image-preview:large","max-video-preview":"max-video-preview:-1"},"canonical":"https:\/\/itajuba.cam.mg.gov.br\/site\/as-comissoes-de-constituicao-legislacao-e-redacao-e-de-financas-orcamento-e-fiscalizacao-financeira-se-reunem-nesta-terca-feira-12-de-setembro-as-13h30\/","og_locale":"pt_BR","og_type":"article","og_title":"As Comiss\u00f5es de Constitui\u00e7\u00e3o, Legisla\u00e7\u00e3o e Reda\u00e7\u00e3o e de Finan\u00e7as, Or\u00e7amento e Fiscaliza\u00e7\u00e3o Financeira se re\u00fanem nesta ter\u00e7a-feira, 12 de setembro, \u00e0s 13h30 - C\u00e2mara Municipal de Itajub\u00e1","og_description":"As Comiss\u00f5es de Constitui\u00e7\u00e3o, Legisla\u00e7\u00e3o e Reda\u00e7\u00e3o e de Finan\u00e7as, Or\u00e7amento e Fiscaliza\u00e7\u00e3o Financeira se re\u00fanem nesta ter\u00e7a-feira, 12 de setembro, \u00e0s 13h30 no Plen\u00e1rio da C\u00e2mara para analisar e votar pareceres dos relatores aos seguintes projetos de lei: PL n\u00ba 4734\/2023 \u2013 Altera Dispositivo do Plano Plurianual de A\u00e7\u00e3o Governamental 2022-2025. Autor: Executivo Municipal. [&hellip;]","og_url":"https:\/\/itajuba.cam.mg.gov.br\/site\/as-comissoes-de-constituicao-legislacao-e-redacao-e-de-financas-orcamento-e-fiscalizacao-financeira-se-reunem-nesta-terca-feira-12-de-setembro-as-13h30\/","og_site_name":"C\u00e2mara Municipal de Itajub\u00e1","article_publisher":"https:\/\/www.facebook.com\/camaradeitajubaoficial","article_published_time":"2023-09-11T12:54:07+00:00","article_modified_time":"2024-10-07T19:16:19+00:00","og_image":[{"width":1024,"height":446,"url":"https:\/\/itajuba.cam.mg.gov.br\/site\/wp-content\/uploads\/2023\/09\/1.png","type":"image\/png"}],"author":"admin","twitter_card":"summary_large_image","twitter_misc":{"Escrito por":"admin","Est. tempo de leitura":"1 minuto"},"schema":{"@context":"https:\/\/schema.org","@graph":[{"@type":"Article","@id":"https:\/\/itajuba.cam.mg.gov.br\/site\/as-comissoes-de-constituicao-legislacao-e-redacao-e-de-financas-orcamento-e-fiscalizacao-financeira-se-reunem-nesta-terca-feira-12-de-setembro-as-13h30\/#article","isPartOf":{"@id":"https:\/\/itajuba.cam.mg.gov.br\/site\/as-comissoes-de-constituicao-legislacao-e-redacao-e-de-financas-orcamento-e-fiscalizacao-financeira-se-reunem-nesta-terca-feira-12-de-setembro-as-13h30\/"},"author":{"name":"admin","@id":"https:\/\/itajuba.cam.mg.gov.br\/site\/#\/schema\/person\/4573390017f8d6e586382e72ea8aeafc"},"headline":"As Comiss\u00f5es de Constitui\u00e7\u00e3o, Legisla\u00e7\u00e3o e Reda\u00e7\u00e3o e de Finan\u00e7as, Or\u00e7amento e Fiscaliza\u00e7\u00e3o Financeira se re\u00fanem nesta ter\u00e7a-feira, 12 de setembro, \u00e0s 13h30","datePublished":"2023-09-11T12:54:07+00:00","dateModified":"2024-10-07T19:16:19+00:00","mainEntityOfPage":{"@id":"https:\/\/itajuba.cam.mg.gov.br\/site\/as-comissoes-de-constituicao-legislacao-e-redacao-e-de-financas-orcamento-e-fiscalizacao-financeira-se-reunem-nesta-terca-feira-12-de-setembro-as-13h30\/"},"wordCount":175,"publisher":{"@id":"https:\/\/itajuba.cam.mg.gov.br\/site\/#organization"},"articleSection":["Not\u00edcias"],"inLanguage":"pt-BR"},{"@type":"WebPage","@id":"https:\/\/itajuba.cam.mg.gov.br\/site\/as-comissoes-de-constituicao-legislacao-e-redacao-e-de-financas-orcamento-e-fiscalizacao-financeira-se-reunem-nesta-terca-feira-12-de-setembro-as-13h30\/","url":"https:\/\/itajuba.cam.mg.gov.br\/site\/as-comissoes-de-constituicao-legislacao-e-redacao-e-de-financas-orcamento-e-fiscalizacao-financeira-se-reunem-nesta-terca-feira-12-de-setembro-as-13h30\/","name":"As Comiss\u00f5es de Constitui\u00e7\u00e3o, Legisla\u00e7\u00e3o e Reda\u00e7\u00e3o e de Finan\u00e7as, Or\u00e7amento e Fiscaliza\u00e7\u00e3o Financeira se re\u00fanem nesta ter\u00e7a-feira, 12 de setembro, \u00e0s 13h30 - C\u00e2mara Municipal de Itajub\u00e1","isPartOf":{"@id":"https:\/\/itajuba.cam.mg.gov.br\/site\/#website"},"datePublished":"2023-09-11T12:54:07+00:00","dateModified":"2024-10-07T19:16:19+00:00","breadcrumb":{"@id":"https:\/\/itajuba.cam.mg.gov.br\/site\/as-comissoes-de-constituicao-legislacao-e-redacao-e-de-financas-orcamento-e-fiscalizacao-financeira-se-reunem-nesta-terca-feira-12-de-setembro-as-13h30\/#breadcrumb"},"inLanguage":"pt-BR","potentialAction":[{"@type":"ReadAction","target":["https:\/\/itajuba.cam.mg.gov.br\/site\/as-comissoes-de-constituicao-legislacao-e-redacao-e-de-financas-orcamento-e-fiscalizacao-financeira-se-reunem-nesta-terca-feira-12-de-setembro-as-13h30\/"]}]},{"@type":"BreadcrumbList","@id":"https:\/\/itajuba.cam.mg.gov.br\/site\/as-comissoes-de-constituicao-legislacao-e-redacao-e-de-financas-orcamento-e-fiscalizacao-financeira-se-reunem-nesta-terca-feira-12-de-setembro-as-13h30\/#breadcrumb","itemListElement":[{"@type":"ListItem","position":1,"name":"In\u00edcio","item":"https:\/\/itajuba.cam.mg.gov.br\/site\/"},{"@type":"ListItem","position":2,"name":"As Comiss\u00f5es de Constitui\u00e7\u00e3o, Legisla\u00e7\u00e3o e Reda\u00e7\u00e3o e de Finan\u00e7as, Or\u00e7amento e Fiscaliza\u00e7\u00e3o Financeira se re\u00fanem nesta ter\u00e7a-feira, 12 de setembro, \u00e0s 13h30"}]},{"@type":"WebSite","@id":"https:\/\/itajuba.cam.mg.gov.br\/site\/#website","url":"https:\/\/itajuba.cam.mg.gov.br\/site\/","name":"C\u00e2mara Municipal de Itajub\u00e1","description":"Efici\u00eancia e Transpar\u00eancia","publisher":{"@id":"https:\/\/itajuba.cam.mg.gov.br\/site\/#organization"},"potentialAction":[{"@type":"SearchAction","target":{"@type":"EntryPoint","urlTemplate":"https:\/\/itajuba.cam.mg.gov.br\/site\/?s={search_term_string}"},"query-input":"required name=search_term_string"}],"inLanguage":"pt-BR"},{"@type":"Organization","@id":"https:\/\/itajuba.cam.mg.gov.br\/site\/#organization","name":"C\u00e2mara Municipal de Itajub\u00e1","url":"https:\/\/itajuba.cam.mg.gov.br\/site\/","logo":{"@type":"ImageObject","inLanguage":"pt-BR","@id":"https:\/\/itajuba.cam.mg.gov.br\/site\/#\/schema\/logo\/image\/","url":"https:\/\/itajuba.cam.mg.gov.br\/site\/wp-content\/uploads\/2023\/09\/logo_camara_2024.png","contentUrl":"https:\/\/itajuba.cam.mg.gov.br\/site\/wp-content\/uploads\/2023\/09\/logo_camara_2024.png","width":1000,"height":385,"caption":"C\u00e2mara Municipal de Itajub\u00e1"},"image":{"@id":"https:\/\/itajuba.cam.mg.gov.br\/site\/#\/schema\/logo\/image\/"},"sameAs":["https:\/\/www.facebook.com\/camaradeitajubaoficial","https:\/\/www.instagram.com\/camaradeitajubaoficial\/","https:\/\/www.youtube.com\/user\/TVCAMARAITAJUBA"]},{"@type":"Person","@id":"https:\/\/itajuba.cam.mg.gov.br\/site\/#\/schema\/person\/4573390017f8d6e586382e72ea8aeafc","name":"admin","image":{"@type":"ImageObject","inLanguage":"pt-BR","@id":"https:\/\/itajuba.cam.mg.gov.br\/site\/#\/schema\/person\/image\/","url":"https:\/\/secure.gravatar.com\/avatar\/ac23fed6a914739b5040ccf137d27d0e5125f47777b6aabe6077effebb1fb788?s=96&d=mm&r=g","contentUrl":"https:\/\/secure.gravatar.com\/avatar\/ac23fed6a914739b5040ccf137d27d0e5125f47777b6aabe6077effebb1fb788?s=96&d=mm&r=g","caption":"admin"},"sameAs":["https:\/\/itajuba.cam.mg.gov.br\/site"],"url":"https:\/\/itajuba.cam.mg.gov.br\/site\/author\/admin\/"}]}},"_links":{"self":[{"href":"https:\/\/itajuba.cam.mg.gov.br\/site\/wp-json\/wp\/v2\/posts\/5467","targetHints":{"allow":["GET"]}}],"collection":[{"href":"https:\/\/itajuba.cam.mg.gov.br\/site\/wp-json\/wp\/v2\/posts"}],"about":[{"href":"https:\/\/itajuba.cam.mg.gov.br\/site\/wp-json\/wp\/v2\/types\/post"}],"author":[{"embeddable":true,"href":"https:\/\/itajuba.cam.mg.gov.br\/site\/wp-json\/wp\/v2\/users\/1"}],"replies":[{"embeddable":true,"href":"https:\/\/itajuba.cam.mg.gov.br\/site\/wp-json\/wp\/v2\/comments?post=5467"}],"version-history":[{"count":1,"href":"https:\/\/itajuba.cam.mg.gov.br\/site\/wp-json\/wp\/v2\/posts\/5467\/revisions"}],"predecessor-version":[{"id":5469,"href":"https:\/\/itajuba.cam.mg.gov.br\/site\/wp-json\/wp\/v2\/posts\/5467\/revisions\/5469"}],"wp:featuredmedia":[{"embeddable":true,"href":"https:\/\/itajuba.cam.mg.gov.br\/site\/wp-json\/wp\/v2\/media\/5468"}],"wp:attachment":[{"href":"https:\/\/itajuba.cam.mg.gov.br\/site\/wp-json\/wp\/v2\/media?parent=5467"}],"wp:term":[{"taxonomy":"category","embeddable":true,"href":"https:\/\/itajuba.cam.mg.gov.br\/site\/wp-json\/wp\/v2\/categories?post=5467"},{"taxonomy":"post_tag","embeddable":true,"href":"https:\/\/itajuba.cam.mg.gov.br\/site\/wp-json\/wp\/v2\/tags?post=5467"}],"curies":[{"name":"wp","href":"https:\/\/api.w.org\/{rel}","templated":true}]}}