{"id":5486,"date":"2023-08-28T13:09:36","date_gmt":"2023-08-28T13:09:36","guid":{"rendered":"https:\/\/itajuba.cam.mg.gov.br\/site\/?p=5486"},"modified":"2024-10-07T19:17:31","modified_gmt":"2024-10-07T19:17:31","slug":"camara-municipal-recebe-padre-da-paroquia-sao-jose-operario","status":"publish","type":"post","link":"https:\/\/itajuba.cam.mg.gov.br\/site\/camara-municipal-recebe-padre-da-paroquia-sao-jose-operario\/","title":{"rendered":"C\u00e2mara Municipal recebe padre da Par\u00f3quia S\u00e3o Jos\u00e9 Oper\u00e1rio"},"content":{"rendered":"<p>A C\u00e2mara Municipal de Itajub\u00e1 recebeu na tarde desta segunda-feira, 28 de agosto, a visita oficial do padre Daniel Santini Rodrigues, p\u00e1roco da Par\u00f3quia S\u00e3o Jos\u00e9 Oper\u00e1rio, no bairro Boa Vista.<\/p>\n<p>O sacerdote foi convidado pelo vereador Markinhu Meireles (PSD) estava acompanhado da senhora Cida, membro e volunt\u00e1ria da Par\u00f3quia S\u00e3o Jos\u00e9 Oper\u00e1rio h\u00e1 mais de 60 anos. Eles foram recepcionados pelo Presidente da C\u00e2mara Municipal de Itajub\u00e1, vereador Marcelo Krauss (Progressistas), juntamente com o pr\u00f3prio vereador Markinhu Meireles e o vereador Chiquinho do Euz\u00e9bio (PTB), al\u00e9m de servidores da casa legislativa e do coordenador pol\u00edtico da Prefeitura de Itajub\u00e1, Israel Guimar\u00e3es.<\/p>\n<p>A visita teve car\u00e1ter institucional, com vistas a um bom relacionamento entre o segmento religioso e o Poder Legislativo.<\/p>\n<p>Padre Daniel \u00e9 natural de Jacutinga (Sul de Minas) e seu \u00faltimo trabalho foi na cidade de Congonhal, tendo tamb\u00e9m atuado nas cidades de Borda da Mata e Cachoeira de Minas. Padre Daniel conduz a Par\u00f3quia S\u00e3o Jos\u00e9 Oper\u00e1rio desde fevereiro deste ano.<\/p>\n","protected":false},"excerpt":{"rendered":"<p>A C\u00e2mara Municipal de Itajub\u00e1 recebeu na tarde desta segunda-feira, 28 de agosto, a visita oficial do padre Daniel Santini Rodrigues, p\u00e1roco da Par\u00f3quia S\u00e3o Jos\u00e9 Oper\u00e1rio, no bairro Boa Vista. O sacerdote foi convidado pelo vereador Markinhu Meireles (PSD) estava acompanhado da senhora Cida, membro e volunt\u00e1ria da Par\u00f3quia S\u00e3o Jos\u00e9 Oper\u00e1rio h\u00e1 mais [&hellip;]<\/p>\n","protected":false},"author":1,"featured_media":5487,"comment_status":"closed","ping_status":"open","sticky":false,"template":"","format":"standard","meta":{"footnotes":""},"categories":[16],"tags":[],"class_list":["post-5486","post","type-post","status-publish","format-standard","has-post-thumbnail","hentry","category-noticias"],"yoast_head":"<!-- This site is optimized with the Yoast SEO plugin v21.0 - https:\/\/yoast.com\/wordpress\/plugins\/seo\/ -->\n<title>C\u00e2mara Municipal recebe padre da Par\u00f3quia S\u00e3o Jos\u00e9 Oper\u00e1rio - C\u00e2mara Municipal de Itajub\u00e1<\/title>\n<meta name=\"robots\" content=\"index, follow, max-snippet:-1, max-image-preview:large, max-video-preview:-1\" \/>\n<link rel=\"canonical\" href=\"https:\/\/itajuba.cam.mg.gov.br\/site\/camara-municipal-recebe-padre-da-paroquia-sao-jose-operario\/\" \/>\n<meta property=\"og:locale\" content=\"pt_BR\" \/>\n<meta property=\"og:type\" content=\"article\" \/>\n<meta property=\"og:title\" content=\"C\u00e2mara Municipal recebe padre da Par\u00f3quia S\u00e3o Jos\u00e9 Oper\u00e1rio - C\u00e2mara Municipal de Itajub\u00e1\" \/>\n<meta property=\"og:description\" content=\"A C\u00e2mara Municipal de Itajub\u00e1 recebeu na tarde desta segunda-feira, 28 de agosto, a visita oficial do padre Daniel Santini Rodrigues, p\u00e1roco da Par\u00f3quia S\u00e3o Jos\u00e9 Oper\u00e1rio, no bairro Boa Vista. O sacerdote foi convidado pelo vereador Markinhu Meireles (PSD) estava acompanhado da senhora Cida, membro e volunt\u00e1ria da Par\u00f3quia S\u00e3o Jos\u00e9 Oper\u00e1rio h\u00e1 mais [&hellip;]\" \/>\n<meta property=\"og:url\" content=\"https:\/\/itajuba.cam.mg.gov.br\/site\/camara-municipal-recebe-padre-da-paroquia-sao-jose-operario\/\" \/>\n<meta property=\"og:site_name\" content=\"C\u00e2mara Municipal de Itajub\u00e1\" \/>\n<meta property=\"article:publisher\" content=\"https:\/\/www.facebook.com\/camaradeitajubaoficial\" \/>\n<meta property=\"article:published_time\" content=\"2023-08-28T13:09:36+00:00\" \/>\n<meta property=\"article:modified_time\" content=\"2024-10-07T19:17:31+00:00\" \/>\n<meta property=\"og:image\" content=\"https:\/\/itajuba.cam.mg.gov.br\/site\/wp-content\/uploads\/2023\/09\/7.png\" \/>\n\t<meta property=\"og:image:width\" content=\"1024\" \/>\n\t<meta property=\"og:image:height\" content=\"446\" \/>\n\t<meta property=\"og:image:type\" content=\"image\/png\" \/>\n<meta name=\"author\" content=\"admin\" \/>\n<meta name=\"twitter:card\" content=\"summary_large_image\" \/>\n<meta name=\"twitter:label1\" content=\"Escrito por\" \/>\n\t<meta name=\"twitter:data1\" content=\"admin\" \/>\n\t<meta name=\"twitter:label2\" content=\"Est. tempo de leitura\" \/>\n\t<meta name=\"twitter:data2\" content=\"1 minuto\" \/>\n<script type=\"application\/ld+json\" class=\"yoast-schema-graph\">{\"@context\":\"https:\/\/schema.org\",\"@graph\":[{\"@type\":\"Article\",\"@id\":\"https:\/\/itajuba.cam.mg.gov.br\/site\/camara-municipal-recebe-padre-da-paroquia-sao-jose-operario\/#article\",\"isPartOf\":{\"@id\":\"https:\/\/itajuba.cam.mg.gov.br\/site\/camara-municipal-recebe-padre-da-paroquia-sao-jose-operario\/\"},\"author\":{\"name\":\"admin\",\"@id\":\"https:\/\/itajuba.cam.mg.gov.br\/site\/#\/schema\/person\/4573390017f8d6e586382e72ea8aeafc\"},\"headline\":\"C\u00e2mara Municipal recebe padre da Par\u00f3quia S\u00e3o Jos\u00e9 Oper\u00e1rio\",\"datePublished\":\"2023-08-28T13:09:36+00:00\",\"dateModified\":\"2024-10-07T19:17:31+00:00\",\"mainEntityOfPage\":{\"@id\":\"https:\/\/itajuba.cam.mg.gov.br\/site\/camara-municipal-recebe-padre-da-paroquia-sao-jose-operario\/\"},\"wordCount\":194,\"publisher\":{\"@id\":\"https:\/\/itajuba.cam.mg.gov.br\/site\/#organization\"},\"articleSection\":[\"Not\u00edcias\"],\"inLanguage\":\"pt-BR\"},{\"@type\":\"WebPage\",\"@id\":\"https:\/\/itajuba.cam.mg.gov.br\/site\/camara-municipal-recebe-padre-da-paroquia-sao-jose-operario\/\",\"url\":\"https:\/\/itajuba.cam.mg.gov.br\/site\/camara-municipal-recebe-padre-da-paroquia-sao-jose-operario\/\",\"name\":\"C\u00e2mara Municipal recebe padre da Par\u00f3quia S\u00e3o Jos\u00e9 Oper\u00e1rio - C\u00e2mara Municipal de Itajub\u00e1\",\"isPartOf\":{\"@id\":\"https:\/\/itajuba.cam.mg.gov.br\/site\/#website\"},\"datePublished\":\"2023-08-28T13:09:36+00:00\",\"dateModified\":\"2024-10-07T19:17:31+00:00\",\"breadcrumb\":{\"@id\":\"https:\/\/itajuba.cam.mg.gov.br\/site\/camara-municipal-recebe-padre-da-paroquia-sao-jose-operario\/#breadcrumb\"},\"inLanguage\":\"pt-BR\",\"potentialAction\":[{\"@type\":\"ReadAction\",\"target\":[\"https:\/\/itajuba.cam.mg.gov.br\/site\/camara-municipal-recebe-padre-da-paroquia-sao-jose-operario\/\"]}]},{\"@type\":\"BreadcrumbList\",\"@id\":\"https:\/\/itajuba.cam.mg.gov.br\/site\/camara-municipal-recebe-padre-da-paroquia-sao-jose-operario\/#breadcrumb\",\"itemListElement\":[{\"@type\":\"ListItem\",\"position\":1,\"name\":\"In\u00edcio\",\"item\":\"https:\/\/itajuba.cam.mg.gov.br\/site\/\"},{\"@type\":\"ListItem\",\"position\":2,\"name\":\"C\u00e2mara Municipal recebe padre da Par\u00f3quia S\u00e3o Jos\u00e9 Oper\u00e1rio\"}]},{\"@type\":\"WebSite\",\"@id\":\"https:\/\/itajuba.cam.mg.gov.br\/site\/#website\",\"url\":\"https:\/\/itajuba.cam.mg.gov.br\/site\/\",\"name\":\"C\u00e2mara Municipal de Itajub\u00e1\",\"description\":\"Efici\u00eancia e Transpar\u00eancia\",\"publisher\":{\"@id\":\"https:\/\/itajuba.cam.mg.gov.br\/site\/#organization\"},\"potentialAction\":[{\"@type\":\"SearchAction\",\"target\":{\"@type\":\"EntryPoint\",\"urlTemplate\":\"https:\/\/itajuba.cam.mg.gov.br\/site\/?s={search_term_string}\"},\"query-input\":\"required name=search_term_string\"}],\"inLanguage\":\"pt-BR\"},{\"@type\":\"Organization\",\"@id\":\"https:\/\/itajuba.cam.mg.gov.br\/site\/#organization\",\"name\":\"C\u00e2mara Municipal de Itajub\u00e1\",\"url\":\"https:\/\/itajuba.cam.mg.gov.br\/site\/\",\"logo\":{\"@type\":\"ImageObject\",\"inLanguage\":\"pt-BR\",\"@id\":\"https:\/\/itajuba.cam.mg.gov.br\/site\/#\/schema\/logo\/image\/\",\"url\":\"https:\/\/itajuba.cam.mg.gov.br\/site\/wp-content\/uploads\/2023\/09\/logo_camara_2024.png\",\"contentUrl\":\"https:\/\/itajuba.cam.mg.gov.br\/site\/wp-content\/uploads\/2023\/09\/logo_camara_2024.png\",\"width\":1000,\"height\":385,\"caption\":\"C\u00e2mara Municipal de Itajub\u00e1\"},\"image\":{\"@id\":\"https:\/\/itajuba.cam.mg.gov.br\/site\/#\/schema\/logo\/image\/\"},\"sameAs\":[\"https:\/\/www.facebook.com\/camaradeitajubaoficial\",\"https:\/\/www.instagram.com\/camaradeitajubaoficial\/\",\"https:\/\/www.youtube.com\/user\/TVCAMARAITAJUBA\"]},{\"@type\":\"Person\",\"@id\":\"https:\/\/itajuba.cam.mg.gov.br\/site\/#\/schema\/person\/4573390017f8d6e586382e72ea8aeafc\",\"name\":\"admin\",\"image\":{\"@type\":\"ImageObject\",\"inLanguage\":\"pt-BR\",\"@id\":\"https:\/\/itajuba.cam.mg.gov.br\/site\/#\/schema\/person\/image\/\",\"url\":\"https:\/\/secure.gravatar.com\/avatar\/ac23fed6a914739b5040ccf137d27d0e5125f47777b6aabe6077effebb1fb788?s=96&d=mm&r=g\",\"contentUrl\":\"https:\/\/secure.gravatar.com\/avatar\/ac23fed6a914739b5040ccf137d27d0e5125f47777b6aabe6077effebb1fb788?s=96&d=mm&r=g\",\"caption\":\"admin\"},\"sameAs\":[\"https:\/\/itajuba.cam.mg.gov.br\/site\"],\"url\":\"https:\/\/itajuba.cam.mg.gov.br\/site\/author\/admin\/\"}]}<\/script>\n<!-- \/ Yoast SEO plugin. -->","yoast_head_json":{"title":"C\u00e2mara Municipal recebe padre da Par\u00f3quia S\u00e3o Jos\u00e9 Oper\u00e1rio - C\u00e2mara Municipal de Itajub\u00e1","robots":{"index":"index","follow":"follow","max-snippet":"max-snippet:-1","max-image-preview":"max-image-preview:large","max-video-preview":"max-video-preview:-1"},"canonical":"https:\/\/itajuba.cam.mg.gov.br\/site\/camara-municipal-recebe-padre-da-paroquia-sao-jose-operario\/","og_locale":"pt_BR","og_type":"article","og_title":"C\u00e2mara Municipal recebe padre da Par\u00f3quia S\u00e3o Jos\u00e9 Oper\u00e1rio - C\u00e2mara Municipal de Itajub\u00e1","og_description":"A C\u00e2mara Municipal de Itajub\u00e1 recebeu na tarde desta segunda-feira, 28 de agosto, a visita oficial do padre Daniel Santini Rodrigues, p\u00e1roco da Par\u00f3quia S\u00e3o Jos\u00e9 Oper\u00e1rio, no bairro Boa Vista. O sacerdote foi convidado pelo vereador Markinhu Meireles (PSD) estava acompanhado da senhora Cida, membro e volunt\u00e1ria da Par\u00f3quia S\u00e3o Jos\u00e9 Oper\u00e1rio h\u00e1 mais [&hellip;]","og_url":"https:\/\/itajuba.cam.mg.gov.br\/site\/camara-municipal-recebe-padre-da-paroquia-sao-jose-operario\/","og_site_name":"C\u00e2mara Municipal de Itajub\u00e1","article_publisher":"https:\/\/www.facebook.com\/camaradeitajubaoficial","article_published_time":"2023-08-28T13:09:36+00:00","article_modified_time":"2024-10-07T19:17:31+00:00","og_image":[{"width":1024,"height":446,"url":"https:\/\/itajuba.cam.mg.gov.br\/site\/wp-content\/uploads\/2023\/09\/7.png","type":"image\/png"}],"author":"admin","twitter_card":"summary_large_image","twitter_misc":{"Escrito por":"admin","Est. tempo de leitura":"1 minuto"},"schema":{"@context":"https:\/\/schema.org","@graph":[{"@type":"Article","@id":"https:\/\/itajuba.cam.mg.gov.br\/site\/camara-municipal-recebe-padre-da-paroquia-sao-jose-operario\/#article","isPartOf":{"@id":"https:\/\/itajuba.cam.mg.gov.br\/site\/camara-municipal-recebe-padre-da-paroquia-sao-jose-operario\/"},"author":{"name":"admin","@id":"https:\/\/itajuba.cam.mg.gov.br\/site\/#\/schema\/person\/4573390017f8d6e586382e72ea8aeafc"},"headline":"C\u00e2mara Municipal recebe padre da Par\u00f3quia S\u00e3o Jos\u00e9 Oper\u00e1rio","datePublished":"2023-08-28T13:09:36+00:00","dateModified":"2024-10-07T19:17:31+00:00","mainEntityOfPage":{"@id":"https:\/\/itajuba.cam.mg.gov.br\/site\/camara-municipal-recebe-padre-da-paroquia-sao-jose-operario\/"},"wordCount":194,"publisher":{"@id":"https:\/\/itajuba.cam.mg.gov.br\/site\/#organization"},"articleSection":["Not\u00edcias"],"inLanguage":"pt-BR"},{"@type":"WebPage","@id":"https:\/\/itajuba.cam.mg.gov.br\/site\/camara-municipal-recebe-padre-da-paroquia-sao-jose-operario\/","url":"https:\/\/itajuba.cam.mg.gov.br\/site\/camara-municipal-recebe-padre-da-paroquia-sao-jose-operario\/","name":"C\u00e2mara Municipal recebe padre da Par\u00f3quia S\u00e3o Jos\u00e9 Oper\u00e1rio - C\u00e2mara Municipal de Itajub\u00e1","isPartOf":{"@id":"https:\/\/itajuba.cam.mg.gov.br\/site\/#website"},"datePublished":"2023-08-28T13:09:36+00:00","dateModified":"2024-10-07T19:17:31+00:00","breadcrumb":{"@id":"https:\/\/itajuba.cam.mg.gov.br\/site\/camara-municipal-recebe-padre-da-paroquia-sao-jose-operario\/#breadcrumb"},"inLanguage":"pt-BR","potentialAction":[{"@type":"ReadAction","target":["https:\/\/itajuba.cam.mg.gov.br\/site\/camara-municipal-recebe-padre-da-paroquia-sao-jose-operario\/"]}]},{"@type":"BreadcrumbList","@id":"https:\/\/itajuba.cam.mg.gov.br\/site\/camara-municipal-recebe-padre-da-paroquia-sao-jose-operario\/#breadcrumb","itemListElement":[{"@type":"ListItem","position":1,"name":"In\u00edcio","item":"https:\/\/itajuba.cam.mg.gov.br\/site\/"},{"@type":"ListItem","position":2,"name":"C\u00e2mara Municipal recebe padre da Par\u00f3quia S\u00e3o Jos\u00e9 Oper\u00e1rio"}]},{"@type":"WebSite","@id":"https:\/\/itajuba.cam.mg.gov.br\/site\/#website","url":"https:\/\/itajuba.cam.mg.gov.br\/site\/","name":"C\u00e2mara Municipal de Itajub\u00e1","description":"Efici\u00eancia e Transpar\u00eancia","publisher":{"@id":"https:\/\/itajuba.cam.mg.gov.br\/site\/#organization"},"potentialAction":[{"@type":"SearchAction","target":{"@type":"EntryPoint","urlTemplate":"https:\/\/itajuba.cam.mg.gov.br\/site\/?s={search_term_string}"},"query-input":"required name=search_term_string"}],"inLanguage":"pt-BR"},{"@type":"Organization","@id":"https:\/\/itajuba.cam.mg.gov.br\/site\/#organization","name":"C\u00e2mara Municipal de Itajub\u00e1","url":"https:\/\/itajuba.cam.mg.gov.br\/site\/","logo":{"@type":"ImageObject","inLanguage":"pt-BR","@id":"https:\/\/itajuba.cam.mg.gov.br\/site\/#\/schema\/logo\/image\/","url":"https:\/\/itajuba.cam.mg.gov.br\/site\/wp-content\/uploads\/2023\/09\/logo_camara_2024.png","contentUrl":"https:\/\/itajuba.cam.mg.gov.br\/site\/wp-content\/uploads\/2023\/09\/logo_camara_2024.png","width":1000,"height":385,"caption":"C\u00e2mara Municipal de Itajub\u00e1"},"image":{"@id":"https:\/\/itajuba.cam.mg.gov.br\/site\/#\/schema\/logo\/image\/"},"sameAs":["https:\/\/www.facebook.com\/camaradeitajubaoficial","https:\/\/www.instagram.com\/camaradeitajubaoficial\/","https:\/\/www.youtube.com\/user\/TVCAMARAITAJUBA"]},{"@type":"Person","@id":"https:\/\/itajuba.cam.mg.gov.br\/site\/#\/schema\/person\/4573390017f8d6e586382e72ea8aeafc","name":"admin","image":{"@type":"ImageObject","inLanguage":"pt-BR","@id":"https:\/\/itajuba.cam.mg.gov.br\/site\/#\/schema\/person\/image\/","url":"https:\/\/secure.gravatar.com\/avatar\/ac23fed6a914739b5040ccf137d27d0e5125f47777b6aabe6077effebb1fb788?s=96&d=mm&r=g","contentUrl":"https:\/\/secure.gravatar.com\/avatar\/ac23fed6a914739b5040ccf137d27d0e5125f47777b6aabe6077effebb1fb788?s=96&d=mm&r=g","caption":"admin"},"sameAs":["https:\/\/itajuba.cam.mg.gov.br\/site"],"url":"https:\/\/itajuba.cam.mg.gov.br\/site\/author\/admin\/"}]}},"_links":{"self":[{"href":"https:\/\/itajuba.cam.mg.gov.br\/site\/wp-json\/wp\/v2\/posts\/5486","targetHints":{"allow":["GET"]}}],"collection":[{"href":"https:\/\/itajuba.cam.mg.gov.br\/site\/wp-json\/wp\/v2\/posts"}],"about":[{"href":"https:\/\/itajuba.cam.mg.gov.br\/site\/wp-json\/wp\/v2\/types\/post"}],"author":[{"embeddable":true,"href":"https:\/\/itajuba.cam.mg.gov.br\/site\/wp-json\/wp\/v2\/users\/1"}],"replies":[{"embeddable":true,"href":"https:\/\/itajuba.cam.mg.gov.br\/site\/wp-json\/wp\/v2\/comments?post=5486"}],"version-history":[{"count":1,"href":"https:\/\/itajuba.cam.mg.gov.br\/site\/wp-json\/wp\/v2\/posts\/5486\/revisions"}],"predecessor-version":[{"id":5488,"href":"https:\/\/itajuba.cam.mg.gov.br\/site\/wp-json\/wp\/v2\/posts\/5486\/revisions\/5488"}],"wp:featuredmedia":[{"embeddable":true,"href":"https:\/\/itajuba.cam.mg.gov.br\/site\/wp-json\/wp\/v2\/media\/5487"}],"wp:attachment":[{"href":"https:\/\/itajuba.cam.mg.gov.br\/site\/wp-json\/wp\/v2\/media?parent=5486"}],"wp:term":[{"taxonomy":"category","embeddable":true,"href":"https:\/\/itajuba.cam.mg.gov.br\/site\/wp-json\/wp\/v2\/categories?post=5486"},{"taxonomy":"post_tag","embeddable":true,"href":"https:\/\/itajuba.cam.mg.gov.br\/site\/wp-json\/wp\/v2\/tags?post=5486"}],"curies":[{"name":"wp","href":"https:\/\/api.w.org\/{rel}","templated":true}]}}