{"id":5489,"date":"2023-08-28T13:10:32","date_gmt":"2023-08-28T13:10:32","guid":{"rendered":"https:\/\/itajuba.cam.mg.gov.br\/site\/?p=5489"},"modified":"2024-10-07T19:17:16","modified_gmt":"2024-10-07T19:17:16","slug":"sera-realizada-na-noite-desta-segunda-feira-28-de-agosto-as-19h-a-30a-sessao-ordinaria-da-camara-municipal-de-itajuba-de-2023","status":"publish","type":"post","link":"https:\/\/itajuba.cam.mg.gov.br\/site\/sera-realizada-na-noite-desta-segunda-feira-28-de-agosto-as-19h-a-30a-sessao-ordinaria-da-camara-municipal-de-itajuba-de-2023\/","title":{"rendered":"Ser\u00e1 realizada na noite desta segunda-feira, 28 de agosto, \u00e0s 19h, a 30\u00aa Sess\u00e3o Ordin\u00e1ria da C\u00e2mara Municipal de Itajub\u00e1 de 2023"},"content":{"rendered":"<p>Em \u00fanico turno ser\u00e3o votadas duas emendas ao Substitutivo N\u00ba 1 ao Projeto de Lei N\u00ba 4697\/2023, que disp\u00f5e sobre a proibi\u00e7\u00e3o da aquisi\u00e7\u00e3o, estocagem, comercializa\u00e7\u00e3o, reciclagem, processamento e benef\u00edcio de materiais sem comprova\u00e7\u00e3o de origem, de autoria dos vereadores Robson Vaz (PSDB), Andressa do Coletivo (PT), S\u00edlvio Vieira (PV), Pedro Gama (PV) e Enfermeira Rita (REPUBLICANOS). Tamb\u00e9m em \u00fanico turno ser\u00e3o votados:<\/p>\n<ul>\n<li>Mo\u00e7\u00e3o de Congratula\u00e7\u00e3o \u00e0 enxadrista Giovanna Almeida Magalh\u00e3es e ao professor de xadrez Antonio Martins de Souza Neto, de autoria dos vereadores Pedro Gama (PV) e Enfermeira Rita (REPUBLICANOS);<\/li>\n<li>Requerimentos ao Poder Executivo, de autoria dos vereadores Robson Vaz (PSDB), Rafael Rodrigues (UNI\u00c3O), Pedro Gama (PV), Andressa do Coletivo (PT).<\/li>\n<\/ul>\n<p>Em segundo e definitivo turno ser\u00e1 votado o Substitutivo N\u00ba 1 ao Projeto de Lei N\u00ba 4697\/2023, que disp\u00f5e sobre a proibi\u00e7\u00e3o da aquisi\u00e7\u00e3o, estocagem, comercializa\u00e7\u00e3o, reciclagem, processamento e benef\u00edcio de materiais sem comprova\u00e7\u00e3o de origem, de autoria do vereador Markinhu Meireles (PSD).<\/p>\n<p>A sess\u00e3o ordin\u00e1ria ser\u00e1 transmitida pelo canal TV C\u00e2mara Itajub\u00e1 no Youtube e pela p\u00e1gina oficial da C\u00e2mara Municipal de Itajub\u00e1 no Facebook.<\/p>\n<p>#camaradeitajub\u00e1 #sess\u00e3oordin\u00e1ria #vereadores #casadopovo #poderlegislativo #itajub\u00e1 #suldeminasgerais<\/p>\n","protected":false},"excerpt":{"rendered":"<p>Em \u00fanico turno ser\u00e3o votadas duas emendas ao Substitutivo N\u00ba 1 ao Projeto de Lei N\u00ba 4697\/2023, que disp\u00f5e sobre a proibi\u00e7\u00e3o da aquisi\u00e7\u00e3o, estocagem, comercializa\u00e7\u00e3o, reciclagem, processamento e benef\u00edcio de materiais sem comprova\u00e7\u00e3o de origem, de autoria dos vereadores Robson Vaz (PSDB), Andressa do Coletivo (PT), S\u00edlvio Vieira (PV), Pedro Gama (PV) e Enfermeira [&hellip;]<\/p>\n","protected":false},"author":1,"featured_media":5490,"comment_status":"closed","ping_status":"open","sticky":false,"template":"","format":"standard","meta":{"footnotes":""},"categories":[16],"tags":[],"class_list":["post-5489","post","type-post","status-publish","format-standard","has-post-thumbnail","hentry","category-noticias"],"yoast_head":"<!-- This site is optimized with the Yoast SEO plugin v21.0 - https:\/\/yoast.com\/wordpress\/plugins\/seo\/ -->\n<title>Ser\u00e1 realizada na noite desta segunda-feira, 28 de agosto, \u00e0s 19h, a 30\u00aa Sess\u00e3o Ordin\u00e1ria da C\u00e2mara Municipal de Itajub\u00e1 de 2023 - C\u00e2mara Municipal de Itajub\u00e1<\/title>\n<meta name=\"robots\" content=\"index, follow, max-snippet:-1, max-image-preview:large, max-video-preview:-1\" \/>\n<link rel=\"canonical\" href=\"https:\/\/itajuba.cam.mg.gov.br\/site\/sera-realizada-na-noite-desta-segunda-feira-28-de-agosto-as-19h-a-30a-sessao-ordinaria-da-camara-municipal-de-itajuba-de-2023\/\" \/>\n<meta property=\"og:locale\" content=\"pt_BR\" \/>\n<meta property=\"og:type\" content=\"article\" \/>\n<meta property=\"og:title\" content=\"Ser\u00e1 realizada na noite desta segunda-feira, 28 de agosto, \u00e0s 19h, a 30\u00aa Sess\u00e3o Ordin\u00e1ria da C\u00e2mara Municipal de Itajub\u00e1 de 2023 - C\u00e2mara Municipal de Itajub\u00e1\" \/>\n<meta property=\"og:description\" content=\"Em \u00fanico turno ser\u00e3o votadas duas emendas ao Substitutivo N\u00ba 1 ao Projeto de Lei N\u00ba 4697\/2023, que disp\u00f5e sobre a proibi\u00e7\u00e3o da aquisi\u00e7\u00e3o, estocagem, comercializa\u00e7\u00e3o, reciclagem, processamento e benef\u00edcio de materiais sem comprova\u00e7\u00e3o de origem, de autoria dos vereadores Robson Vaz (PSDB), Andressa do Coletivo (PT), S\u00edlvio Vieira (PV), Pedro Gama (PV) e Enfermeira [&hellip;]\" \/>\n<meta property=\"og:url\" content=\"https:\/\/itajuba.cam.mg.gov.br\/site\/sera-realizada-na-noite-desta-segunda-feira-28-de-agosto-as-19h-a-30a-sessao-ordinaria-da-camara-municipal-de-itajuba-de-2023\/\" \/>\n<meta property=\"og:site_name\" content=\"C\u00e2mara Municipal de Itajub\u00e1\" \/>\n<meta property=\"article:publisher\" content=\"https:\/\/www.facebook.com\/camaradeitajubaoficial\" \/>\n<meta property=\"article:published_time\" content=\"2023-08-28T13:10:32+00:00\" \/>\n<meta property=\"article:modified_time\" content=\"2024-10-07T19:17:16+00:00\" \/>\n<meta property=\"og:image\" content=\"https:\/\/itajuba.cam.mg.gov.br\/site\/wp-content\/uploads\/2023\/09\/8.png\" \/>\n\t<meta property=\"og:image:width\" content=\"1024\" \/>\n\t<meta property=\"og:image:height\" content=\"446\" \/>\n\t<meta property=\"og:image:type\" content=\"image\/png\" \/>\n<meta name=\"author\" content=\"admin\" \/>\n<meta name=\"twitter:card\" content=\"summary_large_image\" \/>\n<meta name=\"twitter:label1\" content=\"Escrito por\" \/>\n\t<meta name=\"twitter:data1\" content=\"admin\" \/>\n\t<meta name=\"twitter:label2\" content=\"Est. tempo de leitura\" \/>\n\t<meta name=\"twitter:data2\" content=\"2 minutos\" \/>\n<script type=\"application\/ld+json\" class=\"yoast-schema-graph\">{\"@context\":\"https:\/\/schema.org\",\"@graph\":[{\"@type\":\"Article\",\"@id\":\"https:\/\/itajuba.cam.mg.gov.br\/site\/sera-realizada-na-noite-desta-segunda-feira-28-de-agosto-as-19h-a-30a-sessao-ordinaria-da-camara-municipal-de-itajuba-de-2023\/#article\",\"isPartOf\":{\"@id\":\"https:\/\/itajuba.cam.mg.gov.br\/site\/sera-realizada-na-noite-desta-segunda-feira-28-de-agosto-as-19h-a-30a-sessao-ordinaria-da-camara-municipal-de-itajuba-de-2023\/\"},\"author\":{\"name\":\"admin\",\"@id\":\"https:\/\/itajuba.cam.mg.gov.br\/site\/#\/schema\/person\/4573390017f8d6e586382e72ea8aeafc\"},\"headline\":\"Ser\u00e1 realizada na noite desta segunda-feira, 28 de agosto, \u00e0s 19h, a 30\u00aa Sess\u00e3o Ordin\u00e1ria da C\u00e2mara Municipal de Itajub\u00e1 de 2023\",\"datePublished\":\"2023-08-28T13:10:32+00:00\",\"dateModified\":\"2024-10-07T19:17:16+00:00\",\"mainEntityOfPage\":{\"@id\":\"https:\/\/itajuba.cam.mg.gov.br\/site\/sera-realizada-na-noite-desta-segunda-feira-28-de-agosto-as-19h-a-30a-sessao-ordinaria-da-camara-municipal-de-itajuba-de-2023\/\"},\"wordCount\":230,\"publisher\":{\"@id\":\"https:\/\/itajuba.cam.mg.gov.br\/site\/#organization\"},\"articleSection\":[\"Not\u00edcias\"],\"inLanguage\":\"pt-BR\"},{\"@type\":\"WebPage\",\"@id\":\"https:\/\/itajuba.cam.mg.gov.br\/site\/sera-realizada-na-noite-desta-segunda-feira-28-de-agosto-as-19h-a-30a-sessao-ordinaria-da-camara-municipal-de-itajuba-de-2023\/\",\"url\":\"https:\/\/itajuba.cam.mg.gov.br\/site\/sera-realizada-na-noite-desta-segunda-feira-28-de-agosto-as-19h-a-30a-sessao-ordinaria-da-camara-municipal-de-itajuba-de-2023\/\",\"name\":\"Ser\u00e1 realizada na noite desta segunda-feira, 28 de agosto, \u00e0s 19h, a 30\u00aa Sess\u00e3o Ordin\u00e1ria da C\u00e2mara Municipal de Itajub\u00e1 de 2023 - C\u00e2mara Municipal de Itajub\u00e1\",\"isPartOf\":{\"@id\":\"https:\/\/itajuba.cam.mg.gov.br\/site\/#website\"},\"datePublished\":\"2023-08-28T13:10:32+00:00\",\"dateModified\":\"2024-10-07T19:17:16+00:00\",\"breadcrumb\":{\"@id\":\"https:\/\/itajuba.cam.mg.gov.br\/site\/sera-realizada-na-noite-desta-segunda-feira-28-de-agosto-as-19h-a-30a-sessao-ordinaria-da-camara-municipal-de-itajuba-de-2023\/#breadcrumb\"},\"inLanguage\":\"pt-BR\",\"potentialAction\":[{\"@type\":\"ReadAction\",\"target\":[\"https:\/\/itajuba.cam.mg.gov.br\/site\/sera-realizada-na-noite-desta-segunda-feira-28-de-agosto-as-19h-a-30a-sessao-ordinaria-da-camara-municipal-de-itajuba-de-2023\/\"]}]},{\"@type\":\"BreadcrumbList\",\"@id\":\"https:\/\/itajuba.cam.mg.gov.br\/site\/sera-realizada-na-noite-desta-segunda-feira-28-de-agosto-as-19h-a-30a-sessao-ordinaria-da-camara-municipal-de-itajuba-de-2023\/#breadcrumb\",\"itemListElement\":[{\"@type\":\"ListItem\",\"position\":1,\"name\":\"In\u00edcio\",\"item\":\"https:\/\/itajuba.cam.mg.gov.br\/site\/\"},{\"@type\":\"ListItem\",\"position\":2,\"name\":\"Ser\u00e1 realizada na noite desta segunda-feira, 28 de agosto, \u00e0s 19h, a 30\u00aa Sess\u00e3o Ordin\u00e1ria da C\u00e2mara Municipal de Itajub\u00e1 de 2023\"}]},{\"@type\":\"WebSite\",\"@id\":\"https:\/\/itajuba.cam.mg.gov.br\/site\/#website\",\"url\":\"https:\/\/itajuba.cam.mg.gov.br\/site\/\",\"name\":\"C\u00e2mara Municipal de Itajub\u00e1\",\"description\":\"Efici\u00eancia e Transpar\u00eancia\",\"publisher\":{\"@id\":\"https:\/\/itajuba.cam.mg.gov.br\/site\/#organization\"},\"potentialAction\":[{\"@type\":\"SearchAction\",\"target\":{\"@type\":\"EntryPoint\",\"urlTemplate\":\"https:\/\/itajuba.cam.mg.gov.br\/site\/?s={search_term_string}\"},\"query-input\":\"required name=search_term_string\"}],\"inLanguage\":\"pt-BR\"},{\"@type\":\"Organization\",\"@id\":\"https:\/\/itajuba.cam.mg.gov.br\/site\/#organization\",\"name\":\"C\u00e2mara Municipal de Itajub\u00e1\",\"url\":\"https:\/\/itajuba.cam.mg.gov.br\/site\/\",\"logo\":{\"@type\":\"ImageObject\",\"inLanguage\":\"pt-BR\",\"@id\":\"https:\/\/itajuba.cam.mg.gov.br\/site\/#\/schema\/logo\/image\/\",\"url\":\"https:\/\/itajuba.cam.mg.gov.br\/site\/wp-content\/uploads\/2023\/09\/logo_camara_2024.png\",\"contentUrl\":\"https:\/\/itajuba.cam.mg.gov.br\/site\/wp-content\/uploads\/2023\/09\/logo_camara_2024.png\",\"width\":1000,\"height\":385,\"caption\":\"C\u00e2mara Municipal de Itajub\u00e1\"},\"image\":{\"@id\":\"https:\/\/itajuba.cam.mg.gov.br\/site\/#\/schema\/logo\/image\/\"},\"sameAs\":[\"https:\/\/www.facebook.com\/camaradeitajubaoficial\",\"https:\/\/www.instagram.com\/camaradeitajubaoficial\/\",\"https:\/\/www.youtube.com\/user\/TVCAMARAITAJUBA\"]},{\"@type\":\"Person\",\"@id\":\"https:\/\/itajuba.cam.mg.gov.br\/site\/#\/schema\/person\/4573390017f8d6e586382e72ea8aeafc\",\"name\":\"admin\",\"image\":{\"@type\":\"ImageObject\",\"inLanguage\":\"pt-BR\",\"@id\":\"https:\/\/itajuba.cam.mg.gov.br\/site\/#\/schema\/person\/image\/\",\"url\":\"https:\/\/secure.gravatar.com\/avatar\/ac23fed6a914739b5040ccf137d27d0e5125f47777b6aabe6077effebb1fb788?s=96&d=mm&r=g\",\"contentUrl\":\"https:\/\/secure.gravatar.com\/avatar\/ac23fed6a914739b5040ccf137d27d0e5125f47777b6aabe6077effebb1fb788?s=96&d=mm&r=g\",\"caption\":\"admin\"},\"sameAs\":[\"https:\/\/itajuba.cam.mg.gov.br\/site\"],\"url\":\"https:\/\/itajuba.cam.mg.gov.br\/site\/author\/admin\/\"}]}<\/script>\n<!-- \/ Yoast SEO plugin. -->","yoast_head_json":{"title":"Ser\u00e1 realizada na noite desta segunda-feira, 28 de agosto, \u00e0s 19h, a 30\u00aa Sess\u00e3o Ordin\u00e1ria da C\u00e2mara Municipal de Itajub\u00e1 de 2023 - C\u00e2mara Municipal de Itajub\u00e1","robots":{"index":"index","follow":"follow","max-snippet":"max-snippet:-1","max-image-preview":"max-image-preview:large","max-video-preview":"max-video-preview:-1"},"canonical":"https:\/\/itajuba.cam.mg.gov.br\/site\/sera-realizada-na-noite-desta-segunda-feira-28-de-agosto-as-19h-a-30a-sessao-ordinaria-da-camara-municipal-de-itajuba-de-2023\/","og_locale":"pt_BR","og_type":"article","og_title":"Ser\u00e1 realizada na noite desta segunda-feira, 28 de agosto, \u00e0s 19h, a 30\u00aa Sess\u00e3o Ordin\u00e1ria da C\u00e2mara Municipal de Itajub\u00e1 de 2023 - C\u00e2mara Municipal de Itajub\u00e1","og_description":"Em \u00fanico turno ser\u00e3o votadas duas emendas ao Substitutivo N\u00ba 1 ao Projeto de Lei N\u00ba 4697\/2023, que disp\u00f5e sobre a proibi\u00e7\u00e3o da aquisi\u00e7\u00e3o, estocagem, comercializa\u00e7\u00e3o, reciclagem, processamento e benef\u00edcio de materiais sem comprova\u00e7\u00e3o de origem, de autoria dos vereadores Robson Vaz (PSDB), Andressa do Coletivo (PT), S\u00edlvio Vieira (PV), Pedro Gama (PV) e Enfermeira [&hellip;]","og_url":"https:\/\/itajuba.cam.mg.gov.br\/site\/sera-realizada-na-noite-desta-segunda-feira-28-de-agosto-as-19h-a-30a-sessao-ordinaria-da-camara-municipal-de-itajuba-de-2023\/","og_site_name":"C\u00e2mara Municipal de Itajub\u00e1","article_publisher":"https:\/\/www.facebook.com\/camaradeitajubaoficial","article_published_time":"2023-08-28T13:10:32+00:00","article_modified_time":"2024-10-07T19:17:16+00:00","og_image":[{"width":1024,"height":446,"url":"https:\/\/itajuba.cam.mg.gov.br\/site\/wp-content\/uploads\/2023\/09\/8.png","type":"image\/png"}],"author":"admin","twitter_card":"summary_large_image","twitter_misc":{"Escrito por":"admin","Est. tempo de leitura":"2 minutos"},"schema":{"@context":"https:\/\/schema.org","@graph":[{"@type":"Article","@id":"https:\/\/itajuba.cam.mg.gov.br\/site\/sera-realizada-na-noite-desta-segunda-feira-28-de-agosto-as-19h-a-30a-sessao-ordinaria-da-camara-municipal-de-itajuba-de-2023\/#article","isPartOf":{"@id":"https:\/\/itajuba.cam.mg.gov.br\/site\/sera-realizada-na-noite-desta-segunda-feira-28-de-agosto-as-19h-a-30a-sessao-ordinaria-da-camara-municipal-de-itajuba-de-2023\/"},"author":{"name":"admin","@id":"https:\/\/itajuba.cam.mg.gov.br\/site\/#\/schema\/person\/4573390017f8d6e586382e72ea8aeafc"},"headline":"Ser\u00e1 realizada na noite desta segunda-feira, 28 de agosto, \u00e0s 19h, a 30\u00aa Sess\u00e3o Ordin\u00e1ria da C\u00e2mara Municipal de Itajub\u00e1 de 2023","datePublished":"2023-08-28T13:10:32+00:00","dateModified":"2024-10-07T19:17:16+00:00","mainEntityOfPage":{"@id":"https:\/\/itajuba.cam.mg.gov.br\/site\/sera-realizada-na-noite-desta-segunda-feira-28-de-agosto-as-19h-a-30a-sessao-ordinaria-da-camara-municipal-de-itajuba-de-2023\/"},"wordCount":230,"publisher":{"@id":"https:\/\/itajuba.cam.mg.gov.br\/site\/#organization"},"articleSection":["Not\u00edcias"],"inLanguage":"pt-BR"},{"@type":"WebPage","@id":"https:\/\/itajuba.cam.mg.gov.br\/site\/sera-realizada-na-noite-desta-segunda-feira-28-de-agosto-as-19h-a-30a-sessao-ordinaria-da-camara-municipal-de-itajuba-de-2023\/","url":"https:\/\/itajuba.cam.mg.gov.br\/site\/sera-realizada-na-noite-desta-segunda-feira-28-de-agosto-as-19h-a-30a-sessao-ordinaria-da-camara-municipal-de-itajuba-de-2023\/","name":"Ser\u00e1 realizada na noite desta segunda-feira, 28 de agosto, \u00e0s 19h, a 30\u00aa Sess\u00e3o Ordin\u00e1ria da C\u00e2mara Municipal de Itajub\u00e1 de 2023 - C\u00e2mara Municipal de Itajub\u00e1","isPartOf":{"@id":"https:\/\/itajuba.cam.mg.gov.br\/site\/#website"},"datePublished":"2023-08-28T13:10:32+00:00","dateModified":"2024-10-07T19:17:16+00:00","breadcrumb":{"@id":"https:\/\/itajuba.cam.mg.gov.br\/site\/sera-realizada-na-noite-desta-segunda-feira-28-de-agosto-as-19h-a-30a-sessao-ordinaria-da-camara-municipal-de-itajuba-de-2023\/#breadcrumb"},"inLanguage":"pt-BR","potentialAction":[{"@type":"ReadAction","target":["https:\/\/itajuba.cam.mg.gov.br\/site\/sera-realizada-na-noite-desta-segunda-feira-28-de-agosto-as-19h-a-30a-sessao-ordinaria-da-camara-municipal-de-itajuba-de-2023\/"]}]},{"@type":"BreadcrumbList","@id":"https:\/\/itajuba.cam.mg.gov.br\/site\/sera-realizada-na-noite-desta-segunda-feira-28-de-agosto-as-19h-a-30a-sessao-ordinaria-da-camara-municipal-de-itajuba-de-2023\/#breadcrumb","itemListElement":[{"@type":"ListItem","position":1,"name":"In\u00edcio","item":"https:\/\/itajuba.cam.mg.gov.br\/site\/"},{"@type":"ListItem","position":2,"name":"Ser\u00e1 realizada na noite desta segunda-feira, 28 de agosto, \u00e0s 19h, a 30\u00aa Sess\u00e3o Ordin\u00e1ria da C\u00e2mara Municipal de Itajub\u00e1 de 2023"}]},{"@type":"WebSite","@id":"https:\/\/itajuba.cam.mg.gov.br\/site\/#website","url":"https:\/\/itajuba.cam.mg.gov.br\/site\/","name":"C\u00e2mara Municipal de Itajub\u00e1","description":"Efici\u00eancia e Transpar\u00eancia","publisher":{"@id":"https:\/\/itajuba.cam.mg.gov.br\/site\/#organization"},"potentialAction":[{"@type":"SearchAction","target":{"@type":"EntryPoint","urlTemplate":"https:\/\/itajuba.cam.mg.gov.br\/site\/?s={search_term_string}"},"query-input":"required name=search_term_string"}],"inLanguage":"pt-BR"},{"@type":"Organization","@id":"https:\/\/itajuba.cam.mg.gov.br\/site\/#organization","name":"C\u00e2mara Municipal de Itajub\u00e1","url":"https:\/\/itajuba.cam.mg.gov.br\/site\/","logo":{"@type":"ImageObject","inLanguage":"pt-BR","@id":"https:\/\/itajuba.cam.mg.gov.br\/site\/#\/schema\/logo\/image\/","url":"https:\/\/itajuba.cam.mg.gov.br\/site\/wp-content\/uploads\/2023\/09\/logo_camara_2024.png","contentUrl":"https:\/\/itajuba.cam.mg.gov.br\/site\/wp-content\/uploads\/2023\/09\/logo_camara_2024.png","width":1000,"height":385,"caption":"C\u00e2mara Municipal de Itajub\u00e1"},"image":{"@id":"https:\/\/itajuba.cam.mg.gov.br\/site\/#\/schema\/logo\/image\/"},"sameAs":["https:\/\/www.facebook.com\/camaradeitajubaoficial","https:\/\/www.instagram.com\/camaradeitajubaoficial\/","https:\/\/www.youtube.com\/user\/TVCAMARAITAJUBA"]},{"@type":"Person","@id":"https:\/\/itajuba.cam.mg.gov.br\/site\/#\/schema\/person\/4573390017f8d6e586382e72ea8aeafc","name":"admin","image":{"@type":"ImageObject","inLanguage":"pt-BR","@id":"https:\/\/itajuba.cam.mg.gov.br\/site\/#\/schema\/person\/image\/","url":"https:\/\/secure.gravatar.com\/avatar\/ac23fed6a914739b5040ccf137d27d0e5125f47777b6aabe6077effebb1fb788?s=96&d=mm&r=g","contentUrl":"https:\/\/secure.gravatar.com\/avatar\/ac23fed6a914739b5040ccf137d27d0e5125f47777b6aabe6077effebb1fb788?s=96&d=mm&r=g","caption":"admin"},"sameAs":["https:\/\/itajuba.cam.mg.gov.br\/site"],"url":"https:\/\/itajuba.cam.mg.gov.br\/site\/author\/admin\/"}]}},"_links":{"self":[{"href":"https:\/\/itajuba.cam.mg.gov.br\/site\/wp-json\/wp\/v2\/posts\/5489","targetHints":{"allow":["GET"]}}],"collection":[{"href":"https:\/\/itajuba.cam.mg.gov.br\/site\/wp-json\/wp\/v2\/posts"}],"about":[{"href":"https:\/\/itajuba.cam.mg.gov.br\/site\/wp-json\/wp\/v2\/types\/post"}],"author":[{"embeddable":true,"href":"https:\/\/itajuba.cam.mg.gov.br\/site\/wp-json\/wp\/v2\/users\/1"}],"replies":[{"embeddable":true,"href":"https:\/\/itajuba.cam.mg.gov.br\/site\/wp-json\/wp\/v2\/comments?post=5489"}],"version-history":[{"count":2,"href":"https:\/\/itajuba.cam.mg.gov.br\/site\/wp-json\/wp\/v2\/posts\/5489\/revisions"}],"predecessor-version":[{"id":5492,"href":"https:\/\/itajuba.cam.mg.gov.br\/site\/wp-json\/wp\/v2\/posts\/5489\/revisions\/5492"}],"wp:featuredmedia":[{"embeddable":true,"href":"https:\/\/itajuba.cam.mg.gov.br\/site\/wp-json\/wp\/v2\/media\/5490"}],"wp:attachment":[{"href":"https:\/\/itajuba.cam.mg.gov.br\/site\/wp-json\/wp\/v2\/media?parent=5489"}],"wp:term":[{"taxonomy":"category","embeddable":true,"href":"https:\/\/itajuba.cam.mg.gov.br\/site\/wp-json\/wp\/v2\/categories?post=5489"},{"taxonomy":"post_tag","embeddable":true,"href":"https:\/\/itajuba.cam.mg.gov.br\/site\/wp-json\/wp\/v2\/tags?post=5489"}],"curies":[{"name":"wp","href":"https:\/\/api.w.org\/{rel}","templated":true}]}}