{"id":5502,"date":"2023-08-21T13:16:52","date_gmt":"2023-08-21T13:16:52","guid":{"rendered":"https:\/\/itajuba.cam.mg.gov.br\/site\/?p=5502"},"modified":"2024-10-07T19:19:49","modified_gmt":"2024-10-07T19:19:49","slug":"os-vereadores-se-reunem-logo-mais-as-19h-para-a-29a-sessao-ordinaria-da-camara-municipal-de-itajuba-de-2023","status":"publish","type":"post","link":"https:\/\/itajuba.cam.mg.gov.br\/site\/os-vereadores-se-reunem-logo-mais-as-19h-para-a-29a-sessao-ordinaria-da-camara-municipal-de-itajuba-de-2023\/","title":{"rendered":"Os vereadores se re\u00fanem logo mais, \u00e0s 19h, para a 29\u00aa Sess\u00e3o Ordin\u00e1ria da C\u00e2mara Municipal de Itajub\u00e1 de 2023"},"content":{"rendered":"<p>A Ordem do Dia ter\u00e1 a leitura de pareceres de comiss\u00f5es permanentes a tr\u00eas emendas ao PL n\u00ba 4697\/2023, de autoria do vereador Markinhu Meireles (PSD), que \u201cdisp\u00f5e sobre a proibi\u00e7\u00e3o da aquisi\u00e7\u00e3o, estocagem, comercializa\u00e7\u00e3o, reciclagem, processamento e benef\u00edcio de materiais sem comprova\u00e7\u00e3o de origem\u201d.<\/p>\n<p>Em primeiro turno ser\u00e1 votado o PL N\u00ba 4729\/2023, que \u201cautoriza a concess\u00e3o dos servi\u00e7os p\u00fablicos de abastecimento de \u00e1gua das localidades Anhumas, Pessegueiros, Canta Galo, Ponte Santo Ant\u00f4nio, Pedra Mamona, Santa Cecilia, S\u00e3o Pedro, Morro Grande, Serra dos Toledos, Retiro, Juru, Geriv\u00e1, Capetinga, Vila Betel, Barbosa, Ambr\u00f3sios, Ponte Alta, Cafona, Ilh\u00e9us, Capituba, Pinheirinho, Porto Seguro e Pacatita, de autoria do Poder Executivo.<\/p>\n<p>Em \u00fanico turno ser\u00e3o votadas duas mo\u00e7\u00f5es:<\/p>\n<ul>\n<li>Mo\u00e7\u00e3o de Congratula\u00e7\u00e3o, de autoria da vereadora Enfermeira Rita (REPUBLICANOS), a ser encaminhada \u00e0 empresa Atend Home Care, representada pelas enfermeiras L\u00facia Renata Rodrigues Silva Guimar\u00e3es e Celeste Piedade Silva, extensiva a todos os colaboradores e profissionais envolvidos, pelos 15 anos de excel\u00eancia e dedica\u00e7\u00e3o no campo do atendimento domiciliar de sa\u00fade;<\/li>\n<li>Mo\u00e7\u00e3o de Rep\u00fadio, de autoria dos vereadores Rafael Rodrigues (UNI\u00c3O), Chiquinho do Euz\u00e9bio (PTB), Markinhu Meireles (PSD), Enfermeira Rita (REPUBLICANOS) e Robson Vaz (PSDB), a ser encaminhada ao Supremo Tribunal Federal (STF) contra as raz\u00f5es da Argui\u00e7\u00e3o de Descumprimento de Preceito Fundamental (ADPF) 442 e contra o seu intento de descriminalizar o aborto at\u00e9 a 12\u00aa ( d\u00e9cima segunda) semana de gesta\u00e7\u00e3o, mediante via judicial.<\/li>\n<\/ul>\n<p>Est\u00e1 prevista tamb\u00e9m o uso da Tribuna Popular pelo presidente da C\u00e2mara de Dirigentes Lojistas de Itajub\u00e1 (CDL), o empres\u00e1rio Alexandre Costa Lopes, que ir\u00e1 falar sobre a alta carga de impostos e a import\u00e2ncia da efici\u00eancia da atividade p\u00fablica.<\/p>\n<p>A sess\u00e3o ordin\u00e1ria ser\u00e1 transmitida pelo canal TV C\u00e2mara Itajub\u00e1 no Youtube e pela p\u00e1gina oficial da C\u00e2mara Municipal de Itajub\u00e1 no Facebook.<\/p>\n<p>#camaradeitajub\u00e1 #sess\u00e3oordin\u00e1ria #vereadores #casadopovo #poderlegislativo #itajub\u00e1 #suldeminasgerais<\/p>\n","protected":false},"excerpt":{"rendered":"<p>A Ordem do Dia ter\u00e1 a leitura de pareceres de comiss\u00f5es permanentes a tr\u00eas emendas ao PL n\u00ba 4697\/2023, de autoria do vereador Markinhu Meireles (PSD), que \u201cdisp\u00f5e sobre a proibi\u00e7\u00e3o da aquisi\u00e7\u00e3o, estocagem, comercializa\u00e7\u00e3o, reciclagem, processamento e benef\u00edcio de materiais sem comprova\u00e7\u00e3o de origem\u201d. Em primeiro turno ser\u00e1 votado o PL N\u00ba 4729\/2023, que [&hellip;]<\/p>\n","protected":false},"author":1,"featured_media":5503,"comment_status":"closed","ping_status":"open","sticky":false,"template":"","format":"standard","meta":{"footnotes":""},"categories":[16],"tags":[],"class_list":["post-5502","post","type-post","status-publish","format-standard","has-post-thumbnail","hentry","category-noticias"],"yoast_head":"<!-- This site is optimized with the Yoast SEO plugin v21.0 - https:\/\/yoast.com\/wordpress\/plugins\/seo\/ -->\n<title>Os vereadores se re\u00fanem logo mais, \u00e0s 19h, para a 29\u00aa Sess\u00e3o Ordin\u00e1ria da C\u00e2mara Municipal de Itajub\u00e1 de 2023 - C\u00e2mara Municipal de Itajub\u00e1<\/title>\n<meta name=\"robots\" content=\"index, follow, max-snippet:-1, max-image-preview:large, max-video-preview:-1\" \/>\n<link rel=\"canonical\" href=\"https:\/\/itajuba.cam.mg.gov.br\/site\/os-vereadores-se-reunem-logo-mais-as-19h-para-a-29a-sessao-ordinaria-da-camara-municipal-de-itajuba-de-2023\/\" \/>\n<meta property=\"og:locale\" content=\"pt_BR\" \/>\n<meta property=\"og:type\" content=\"article\" \/>\n<meta property=\"og:title\" content=\"Os vereadores se re\u00fanem logo mais, \u00e0s 19h, para a 29\u00aa Sess\u00e3o Ordin\u00e1ria da C\u00e2mara Municipal de Itajub\u00e1 de 2023 - C\u00e2mara Municipal de Itajub\u00e1\" \/>\n<meta property=\"og:description\" content=\"A Ordem do Dia ter\u00e1 a leitura de pareceres de comiss\u00f5es permanentes a tr\u00eas emendas ao PL n\u00ba 4697\/2023, de autoria do vereador Markinhu Meireles (PSD), que \u201cdisp\u00f5e sobre a proibi\u00e7\u00e3o da aquisi\u00e7\u00e3o, estocagem, comercializa\u00e7\u00e3o, reciclagem, processamento e benef\u00edcio de materiais sem comprova\u00e7\u00e3o de origem\u201d. Em primeiro turno ser\u00e1 votado o PL N\u00ba 4729\/2023, que [&hellip;]\" \/>\n<meta property=\"og:url\" content=\"https:\/\/itajuba.cam.mg.gov.br\/site\/os-vereadores-se-reunem-logo-mais-as-19h-para-a-29a-sessao-ordinaria-da-camara-municipal-de-itajuba-de-2023\/\" \/>\n<meta property=\"og:site_name\" content=\"C\u00e2mara Municipal de Itajub\u00e1\" \/>\n<meta property=\"article:publisher\" content=\"https:\/\/www.facebook.com\/camaradeitajubaoficial\" \/>\n<meta property=\"article:published_time\" content=\"2023-08-21T13:16:52+00:00\" \/>\n<meta property=\"article:modified_time\" content=\"2024-10-07T19:19:49+00:00\" \/>\n<meta property=\"og:image\" content=\"https:\/\/itajuba.cam.mg.gov.br\/site\/wp-content\/uploads\/2023\/09\/12.png\" \/>\n\t<meta property=\"og:image:width\" content=\"1024\" \/>\n\t<meta property=\"og:image:height\" content=\"446\" \/>\n\t<meta property=\"og:image:type\" content=\"image\/png\" \/>\n<meta name=\"author\" content=\"admin\" \/>\n<meta name=\"twitter:card\" content=\"summary_large_image\" \/>\n<meta name=\"twitter:label1\" content=\"Escrito por\" \/>\n\t<meta name=\"twitter:data1\" content=\"admin\" \/>\n\t<meta name=\"twitter:label2\" content=\"Est. tempo de leitura\" \/>\n\t<meta name=\"twitter:data2\" content=\"2 minutos\" \/>\n<script type=\"application\/ld+json\" class=\"yoast-schema-graph\">{\"@context\":\"https:\/\/schema.org\",\"@graph\":[{\"@type\":\"Article\",\"@id\":\"https:\/\/itajuba.cam.mg.gov.br\/site\/os-vereadores-se-reunem-logo-mais-as-19h-para-a-29a-sessao-ordinaria-da-camara-municipal-de-itajuba-de-2023\/#article\",\"isPartOf\":{\"@id\":\"https:\/\/itajuba.cam.mg.gov.br\/site\/os-vereadores-se-reunem-logo-mais-as-19h-para-a-29a-sessao-ordinaria-da-camara-municipal-de-itajuba-de-2023\/\"},\"author\":{\"name\":\"admin\",\"@id\":\"https:\/\/itajuba.cam.mg.gov.br\/site\/#\/schema\/person\/4573390017f8d6e586382e72ea8aeafc\"},\"headline\":\"Os vereadores se re\u00fanem logo mais, \u00e0s 19h, para a 29\u00aa Sess\u00e3o Ordin\u00e1ria da C\u00e2mara Municipal de Itajub\u00e1 de 2023\",\"datePublished\":\"2023-08-21T13:16:52+00:00\",\"dateModified\":\"2024-10-07T19:19:49+00:00\",\"mainEntityOfPage\":{\"@id\":\"https:\/\/itajuba.cam.mg.gov.br\/site\/os-vereadores-se-reunem-logo-mais-as-19h-para-a-29a-sessao-ordinaria-da-camara-municipal-de-itajuba-de-2023\/\"},\"wordCount\":362,\"publisher\":{\"@id\":\"https:\/\/itajuba.cam.mg.gov.br\/site\/#organization\"},\"articleSection\":[\"Not\u00edcias\"],\"inLanguage\":\"pt-BR\"},{\"@type\":\"WebPage\",\"@id\":\"https:\/\/itajuba.cam.mg.gov.br\/site\/os-vereadores-se-reunem-logo-mais-as-19h-para-a-29a-sessao-ordinaria-da-camara-municipal-de-itajuba-de-2023\/\",\"url\":\"https:\/\/itajuba.cam.mg.gov.br\/site\/os-vereadores-se-reunem-logo-mais-as-19h-para-a-29a-sessao-ordinaria-da-camara-municipal-de-itajuba-de-2023\/\",\"name\":\"Os vereadores se re\u00fanem logo mais, \u00e0s 19h, para a 29\u00aa Sess\u00e3o Ordin\u00e1ria da C\u00e2mara Municipal de Itajub\u00e1 de 2023 - C\u00e2mara Municipal de Itajub\u00e1\",\"isPartOf\":{\"@id\":\"https:\/\/itajuba.cam.mg.gov.br\/site\/#website\"},\"datePublished\":\"2023-08-21T13:16:52+00:00\",\"dateModified\":\"2024-10-07T19:19:49+00:00\",\"breadcrumb\":{\"@id\":\"https:\/\/itajuba.cam.mg.gov.br\/site\/os-vereadores-se-reunem-logo-mais-as-19h-para-a-29a-sessao-ordinaria-da-camara-municipal-de-itajuba-de-2023\/#breadcrumb\"},\"inLanguage\":\"pt-BR\",\"potentialAction\":[{\"@type\":\"ReadAction\",\"target\":[\"https:\/\/itajuba.cam.mg.gov.br\/site\/os-vereadores-se-reunem-logo-mais-as-19h-para-a-29a-sessao-ordinaria-da-camara-municipal-de-itajuba-de-2023\/\"]}]},{\"@type\":\"BreadcrumbList\",\"@id\":\"https:\/\/itajuba.cam.mg.gov.br\/site\/os-vereadores-se-reunem-logo-mais-as-19h-para-a-29a-sessao-ordinaria-da-camara-municipal-de-itajuba-de-2023\/#breadcrumb\",\"itemListElement\":[{\"@type\":\"ListItem\",\"position\":1,\"name\":\"In\u00edcio\",\"item\":\"https:\/\/itajuba.cam.mg.gov.br\/site\/\"},{\"@type\":\"ListItem\",\"position\":2,\"name\":\"Os vereadores se re\u00fanem logo mais, \u00e0s 19h, para a 29\u00aa Sess\u00e3o Ordin\u00e1ria da C\u00e2mara Municipal de Itajub\u00e1 de 2023\"}]},{\"@type\":\"WebSite\",\"@id\":\"https:\/\/itajuba.cam.mg.gov.br\/site\/#website\",\"url\":\"https:\/\/itajuba.cam.mg.gov.br\/site\/\",\"name\":\"C\u00e2mara Municipal de Itajub\u00e1\",\"description\":\"Efici\u00eancia e Transpar\u00eancia\",\"publisher\":{\"@id\":\"https:\/\/itajuba.cam.mg.gov.br\/site\/#organization\"},\"potentialAction\":[{\"@type\":\"SearchAction\",\"target\":{\"@type\":\"EntryPoint\",\"urlTemplate\":\"https:\/\/itajuba.cam.mg.gov.br\/site\/?s={search_term_string}\"},\"query-input\":\"required name=search_term_string\"}],\"inLanguage\":\"pt-BR\"},{\"@type\":\"Organization\",\"@id\":\"https:\/\/itajuba.cam.mg.gov.br\/site\/#organization\",\"name\":\"C\u00e2mara Municipal de Itajub\u00e1\",\"url\":\"https:\/\/itajuba.cam.mg.gov.br\/site\/\",\"logo\":{\"@type\":\"ImageObject\",\"inLanguage\":\"pt-BR\",\"@id\":\"https:\/\/itajuba.cam.mg.gov.br\/site\/#\/schema\/logo\/image\/\",\"url\":\"https:\/\/itajuba.cam.mg.gov.br\/site\/wp-content\/uploads\/2023\/09\/logo_camara_2024.png\",\"contentUrl\":\"https:\/\/itajuba.cam.mg.gov.br\/site\/wp-content\/uploads\/2023\/09\/logo_camara_2024.png\",\"width\":1000,\"height\":385,\"caption\":\"C\u00e2mara Municipal de Itajub\u00e1\"},\"image\":{\"@id\":\"https:\/\/itajuba.cam.mg.gov.br\/site\/#\/schema\/logo\/image\/\"},\"sameAs\":[\"https:\/\/www.facebook.com\/camaradeitajubaoficial\",\"https:\/\/www.instagram.com\/camaradeitajubaoficial\/\",\"https:\/\/www.youtube.com\/user\/TVCAMARAITAJUBA\"]},{\"@type\":\"Person\",\"@id\":\"https:\/\/itajuba.cam.mg.gov.br\/site\/#\/schema\/person\/4573390017f8d6e586382e72ea8aeafc\",\"name\":\"admin\",\"image\":{\"@type\":\"ImageObject\",\"inLanguage\":\"pt-BR\",\"@id\":\"https:\/\/itajuba.cam.mg.gov.br\/site\/#\/schema\/person\/image\/\",\"url\":\"https:\/\/secure.gravatar.com\/avatar\/ac23fed6a914739b5040ccf137d27d0e5125f47777b6aabe6077effebb1fb788?s=96&d=mm&r=g\",\"contentUrl\":\"https:\/\/secure.gravatar.com\/avatar\/ac23fed6a914739b5040ccf137d27d0e5125f47777b6aabe6077effebb1fb788?s=96&d=mm&r=g\",\"caption\":\"admin\"},\"sameAs\":[\"https:\/\/itajuba.cam.mg.gov.br\/site\"],\"url\":\"https:\/\/itajuba.cam.mg.gov.br\/site\/author\/admin\/\"}]}<\/script>\n<!-- \/ Yoast SEO plugin. -->","yoast_head_json":{"title":"Os vereadores se re\u00fanem logo mais, \u00e0s 19h, para a 29\u00aa Sess\u00e3o Ordin\u00e1ria da C\u00e2mara Municipal de Itajub\u00e1 de 2023 - C\u00e2mara Municipal de Itajub\u00e1","robots":{"index":"index","follow":"follow","max-snippet":"max-snippet:-1","max-image-preview":"max-image-preview:large","max-video-preview":"max-video-preview:-1"},"canonical":"https:\/\/itajuba.cam.mg.gov.br\/site\/os-vereadores-se-reunem-logo-mais-as-19h-para-a-29a-sessao-ordinaria-da-camara-municipal-de-itajuba-de-2023\/","og_locale":"pt_BR","og_type":"article","og_title":"Os vereadores se re\u00fanem logo mais, \u00e0s 19h, para a 29\u00aa Sess\u00e3o Ordin\u00e1ria da C\u00e2mara Municipal de Itajub\u00e1 de 2023 - C\u00e2mara Municipal de Itajub\u00e1","og_description":"A Ordem do Dia ter\u00e1 a leitura de pareceres de comiss\u00f5es permanentes a tr\u00eas emendas ao PL n\u00ba 4697\/2023, de autoria do vereador Markinhu Meireles (PSD), que \u201cdisp\u00f5e sobre a proibi\u00e7\u00e3o da aquisi\u00e7\u00e3o, estocagem, comercializa\u00e7\u00e3o, reciclagem, processamento e benef\u00edcio de materiais sem comprova\u00e7\u00e3o de origem\u201d. Em primeiro turno ser\u00e1 votado o PL N\u00ba 4729\/2023, que [&hellip;]","og_url":"https:\/\/itajuba.cam.mg.gov.br\/site\/os-vereadores-se-reunem-logo-mais-as-19h-para-a-29a-sessao-ordinaria-da-camara-municipal-de-itajuba-de-2023\/","og_site_name":"C\u00e2mara Municipal de Itajub\u00e1","article_publisher":"https:\/\/www.facebook.com\/camaradeitajubaoficial","article_published_time":"2023-08-21T13:16:52+00:00","article_modified_time":"2024-10-07T19:19:49+00:00","og_image":[{"width":1024,"height":446,"url":"https:\/\/itajuba.cam.mg.gov.br\/site\/wp-content\/uploads\/2023\/09\/12.png","type":"image\/png"}],"author":"admin","twitter_card":"summary_large_image","twitter_misc":{"Escrito por":"admin","Est. tempo de leitura":"2 minutos"},"schema":{"@context":"https:\/\/schema.org","@graph":[{"@type":"Article","@id":"https:\/\/itajuba.cam.mg.gov.br\/site\/os-vereadores-se-reunem-logo-mais-as-19h-para-a-29a-sessao-ordinaria-da-camara-municipal-de-itajuba-de-2023\/#article","isPartOf":{"@id":"https:\/\/itajuba.cam.mg.gov.br\/site\/os-vereadores-se-reunem-logo-mais-as-19h-para-a-29a-sessao-ordinaria-da-camara-municipal-de-itajuba-de-2023\/"},"author":{"name":"admin","@id":"https:\/\/itajuba.cam.mg.gov.br\/site\/#\/schema\/person\/4573390017f8d6e586382e72ea8aeafc"},"headline":"Os vereadores se re\u00fanem logo mais, \u00e0s 19h, para a 29\u00aa Sess\u00e3o Ordin\u00e1ria da C\u00e2mara Municipal de Itajub\u00e1 de 2023","datePublished":"2023-08-21T13:16:52+00:00","dateModified":"2024-10-07T19:19:49+00:00","mainEntityOfPage":{"@id":"https:\/\/itajuba.cam.mg.gov.br\/site\/os-vereadores-se-reunem-logo-mais-as-19h-para-a-29a-sessao-ordinaria-da-camara-municipal-de-itajuba-de-2023\/"},"wordCount":362,"publisher":{"@id":"https:\/\/itajuba.cam.mg.gov.br\/site\/#organization"},"articleSection":["Not\u00edcias"],"inLanguage":"pt-BR"},{"@type":"WebPage","@id":"https:\/\/itajuba.cam.mg.gov.br\/site\/os-vereadores-se-reunem-logo-mais-as-19h-para-a-29a-sessao-ordinaria-da-camara-municipal-de-itajuba-de-2023\/","url":"https:\/\/itajuba.cam.mg.gov.br\/site\/os-vereadores-se-reunem-logo-mais-as-19h-para-a-29a-sessao-ordinaria-da-camara-municipal-de-itajuba-de-2023\/","name":"Os vereadores se re\u00fanem logo mais, \u00e0s 19h, para a 29\u00aa Sess\u00e3o Ordin\u00e1ria da C\u00e2mara Municipal de Itajub\u00e1 de 2023 - C\u00e2mara Municipal de Itajub\u00e1","isPartOf":{"@id":"https:\/\/itajuba.cam.mg.gov.br\/site\/#website"},"datePublished":"2023-08-21T13:16:52+00:00","dateModified":"2024-10-07T19:19:49+00:00","breadcrumb":{"@id":"https:\/\/itajuba.cam.mg.gov.br\/site\/os-vereadores-se-reunem-logo-mais-as-19h-para-a-29a-sessao-ordinaria-da-camara-municipal-de-itajuba-de-2023\/#breadcrumb"},"inLanguage":"pt-BR","potentialAction":[{"@type":"ReadAction","target":["https:\/\/itajuba.cam.mg.gov.br\/site\/os-vereadores-se-reunem-logo-mais-as-19h-para-a-29a-sessao-ordinaria-da-camara-municipal-de-itajuba-de-2023\/"]}]},{"@type":"BreadcrumbList","@id":"https:\/\/itajuba.cam.mg.gov.br\/site\/os-vereadores-se-reunem-logo-mais-as-19h-para-a-29a-sessao-ordinaria-da-camara-municipal-de-itajuba-de-2023\/#breadcrumb","itemListElement":[{"@type":"ListItem","position":1,"name":"In\u00edcio","item":"https:\/\/itajuba.cam.mg.gov.br\/site\/"},{"@type":"ListItem","position":2,"name":"Os vereadores se re\u00fanem logo mais, \u00e0s 19h, para a 29\u00aa Sess\u00e3o Ordin\u00e1ria da C\u00e2mara Municipal de Itajub\u00e1 de 2023"}]},{"@type":"WebSite","@id":"https:\/\/itajuba.cam.mg.gov.br\/site\/#website","url":"https:\/\/itajuba.cam.mg.gov.br\/site\/","name":"C\u00e2mara Municipal de Itajub\u00e1","description":"Efici\u00eancia e Transpar\u00eancia","publisher":{"@id":"https:\/\/itajuba.cam.mg.gov.br\/site\/#organization"},"potentialAction":[{"@type":"SearchAction","target":{"@type":"EntryPoint","urlTemplate":"https:\/\/itajuba.cam.mg.gov.br\/site\/?s={search_term_string}"},"query-input":"required name=search_term_string"}],"inLanguage":"pt-BR"},{"@type":"Organization","@id":"https:\/\/itajuba.cam.mg.gov.br\/site\/#organization","name":"C\u00e2mara Municipal de Itajub\u00e1","url":"https:\/\/itajuba.cam.mg.gov.br\/site\/","logo":{"@type":"ImageObject","inLanguage":"pt-BR","@id":"https:\/\/itajuba.cam.mg.gov.br\/site\/#\/schema\/logo\/image\/","url":"https:\/\/itajuba.cam.mg.gov.br\/site\/wp-content\/uploads\/2023\/09\/logo_camara_2024.png","contentUrl":"https:\/\/itajuba.cam.mg.gov.br\/site\/wp-content\/uploads\/2023\/09\/logo_camara_2024.png","width":1000,"height":385,"caption":"C\u00e2mara Municipal de Itajub\u00e1"},"image":{"@id":"https:\/\/itajuba.cam.mg.gov.br\/site\/#\/schema\/logo\/image\/"},"sameAs":["https:\/\/www.facebook.com\/camaradeitajubaoficial","https:\/\/www.instagram.com\/camaradeitajubaoficial\/","https:\/\/www.youtube.com\/user\/TVCAMARAITAJUBA"]},{"@type":"Person","@id":"https:\/\/itajuba.cam.mg.gov.br\/site\/#\/schema\/person\/4573390017f8d6e586382e72ea8aeafc","name":"admin","image":{"@type":"ImageObject","inLanguage":"pt-BR","@id":"https:\/\/itajuba.cam.mg.gov.br\/site\/#\/schema\/person\/image\/","url":"https:\/\/secure.gravatar.com\/avatar\/ac23fed6a914739b5040ccf137d27d0e5125f47777b6aabe6077effebb1fb788?s=96&d=mm&r=g","contentUrl":"https:\/\/secure.gravatar.com\/avatar\/ac23fed6a914739b5040ccf137d27d0e5125f47777b6aabe6077effebb1fb788?s=96&d=mm&r=g","caption":"admin"},"sameAs":["https:\/\/itajuba.cam.mg.gov.br\/site"],"url":"https:\/\/itajuba.cam.mg.gov.br\/site\/author\/admin\/"}]}},"_links":{"self":[{"href":"https:\/\/itajuba.cam.mg.gov.br\/site\/wp-json\/wp\/v2\/posts\/5502","targetHints":{"allow":["GET"]}}],"collection":[{"href":"https:\/\/itajuba.cam.mg.gov.br\/site\/wp-json\/wp\/v2\/posts"}],"about":[{"href":"https:\/\/itajuba.cam.mg.gov.br\/site\/wp-json\/wp\/v2\/types\/post"}],"author":[{"embeddable":true,"href":"https:\/\/itajuba.cam.mg.gov.br\/site\/wp-json\/wp\/v2\/users\/1"}],"replies":[{"embeddable":true,"href":"https:\/\/itajuba.cam.mg.gov.br\/site\/wp-json\/wp\/v2\/comments?post=5502"}],"version-history":[{"count":1,"href":"https:\/\/itajuba.cam.mg.gov.br\/site\/wp-json\/wp\/v2\/posts\/5502\/revisions"}],"predecessor-version":[{"id":5504,"href":"https:\/\/itajuba.cam.mg.gov.br\/site\/wp-json\/wp\/v2\/posts\/5502\/revisions\/5504"}],"wp:featuredmedia":[{"embeddable":true,"href":"https:\/\/itajuba.cam.mg.gov.br\/site\/wp-json\/wp\/v2\/media\/5503"}],"wp:attachment":[{"href":"https:\/\/itajuba.cam.mg.gov.br\/site\/wp-json\/wp\/v2\/media?parent=5502"}],"wp:term":[{"taxonomy":"category","embeddable":true,"href":"https:\/\/itajuba.cam.mg.gov.br\/site\/wp-json\/wp\/v2\/categories?post=5502"},{"taxonomy":"post_tag","embeddable":true,"href":"https:\/\/itajuba.cam.mg.gov.br\/site\/wp-json\/wp\/v2\/tags?post=5502"}],"curies":[{"name":"wp","href":"https:\/\/api.w.org\/{rel}","templated":true}]}}