{"id":5508,"date":"2023-08-17T13:18:49","date_gmt":"2023-08-17T13:18:49","guid":{"rendered":"https:\/\/itajuba.cam.mg.gov.br\/site\/?p=5508"},"modified":"2024-10-07T19:20:09","modified_gmt":"2024-10-07T19:20:09","slug":"vereadores-da-camara-jovem-2023-tomam-posse-em-sessao-solene-no-teatro-municipal","status":"publish","type":"post","link":"https:\/\/itajuba.cam.mg.gov.br\/site\/vereadores-da-camara-jovem-2023-tomam-posse-em-sessao-solene-no-teatro-municipal\/","title":{"rendered":"Vereadores da C\u00e2mara Jovem 2023 tomam posse em Sess\u00e3o Solene no Teatro Municipal"},"content":{"rendered":"<p>A C\u00e2mara Municipal de Itajub\u00e1, juntamente com a Escola do Legislativo Professora Era\u00eddes Rabelo, realizou na noite desta quarta-feira (16) a Sess\u00e3o Solene de Diploma\u00e7\u00e3o e Posse da C\u00e2mara Jovem 2023, em cerim\u00f4nia promovida no Teatro Municipal Christiane Ri\u00eara.<\/p>\n<p>O evento foi conduzido pelo Presidente da C\u00e2mara, vereador Marcelo Krauss, e contou com a participa\u00e7\u00e3o de vereadores da CMI, do vice-prefeito de Itajub\u00e1 Dr. Nilo Baracho, da Diretora do Foro da Comarca de Itajub\u00e1 Dra. Let\u00edcia Drumond, bem como pais\/respons\u00e1veis dos alunos e comunidade escolar itajubense.<\/p>\n<p>Foram diplomados e empossados os respectivos vereadores jovens:<br \/>\nAdrian Henrique dos Santos da Silva \u2013 E.E. Florival Xavier<br \/>\nAndr\u00e9 Henrique Couto Reis \u2013 Col\u00e9gio Empreender<br \/>\nAngelo Henrique Januzelli da Costa \u2013 Col\u00e9gio Empreender<br \/>\nArthur Gil Lanza Braga \u2013 Col\u00e9gio XIX de Mar\u00e7o<br \/>\nArthur Gomes Ribeiro \u2013 Col\u00e9gio Empreender<br \/>\nCaio Eloi Ferreira Silva \u2013 Col\u00e9gio Empreender<br \/>\nEster de Castro Gomes \u2013 E.E. Bar\u00e3o do Rio Branco<br \/>\nIsabella Rodrigues Tagliari Leite Machado \u2013 Col\u00e9gio Sagrado Cora\u00e7\u00e3o de Jesus<br \/>\nIvan Rodrigues Marinho \u2013 E.E. Major Jo\u00e3o Pereira<br \/>\nJhonatann Advan Rodrigues Santos \u2013 E.E. Jo\u00e3o XXIII<br \/>\nTheo Kenji Martins Yoshida \u2013 Col\u00e9gio XIX de Mar\u00e7o<br \/>\nAp\u00f3s a cerim\u00f4nia de posse, entrega dos certificados e o juramento dos alunos, foi realizada a elei\u00e7\u00e3o da Mesa Diretora da C\u00e2mara Jovem, que ficou composta da seguinte forma:<br \/>\n\u2022 Presidente: Ester de Castro Gomes<br \/>\n\u2022 Vice-presidente: Adrian Henrique Santos da Silva<br \/>\n\u2022 Secret\u00e1rio: Caio El\u00f3i Ferreira Silva<\/p>\n<p>A primeira Sess\u00e3o Ordin\u00e1ria da C\u00e2mara Jovem 2023 ser\u00e1 realizada no dia 25 de agosto, no Plen\u00e1rio da CMI.<\/p>\n<p><strong>O que \u00e9 C\u00e2mara Jovem?<\/strong><\/p>\n<p>Institu\u00eddo pela Resolu\u00e7\u00e3o N\u00ba 1023\/2021, a C\u00e2mara Jovem \u00e9 um programa que tem como objetivo principal proporcionar aos alunos do Ensino M\u00e9dio de escolas p\u00fablicas e particulares a viv\u00eancia do processo pol\u00edtico e democr\u00e1tico por meio de simula\u00e7\u00e3o das atividades legislativas, desempenhando o mesmo papel dos vereadores no plen\u00e1rio da C\u00e2mara Municipal.<\/p>\n<p>Para participar da C\u00e2mara Jovem, cada vereador jovem, em parceria com seu respectivo suplente, elaborou um projeto de lei que ser\u00e1 apresentado e discutido em plen\u00e1rio durante as atividades. Tais projetos poder\u00e3o receber emendas e serem aprovados ou rejeitados pela maioria, da mesma forma como acontece durante uma sess\u00e3o oficial dos vereadores. Os projetos aprovados pela C\u00e2mara Jovem ser\u00e3o apresentados aos poderes Legislativo e Executivo, como propostas para se tornarem leis municipais.<\/p>\n<div class=\"wp-container-4 wp-block-columns\">\n<div class=\"wp-container-3 wp-block-column\"><\/div>\n<\/div>\n","protected":false},"excerpt":{"rendered":"<p>A C\u00e2mara Municipal de Itajub\u00e1, juntamente com a Escola do Legislativo Professora Era\u00eddes Rabelo, realizou na noite desta quarta-feira (16) a Sess\u00e3o Solene de Diploma\u00e7\u00e3o e Posse da C\u00e2mara Jovem 2023, em cerim\u00f4nia promovida no Teatro Municipal Christiane Ri\u00eara. O evento foi conduzido pelo Presidente da C\u00e2mara, vereador Marcelo Krauss, e contou com a participa\u00e7\u00e3o [&hellip;]<\/p>\n","protected":false},"author":1,"featured_media":5509,"comment_status":"closed","ping_status":"open","sticky":false,"template":"","format":"standard","meta":{"footnotes":""},"categories":[16],"tags":[],"class_list":["post-5508","post","type-post","status-publish","format-standard","has-post-thumbnail","hentry","category-noticias"],"yoast_head":"<!-- This site is optimized with the Yoast SEO plugin v21.0 - https:\/\/yoast.com\/wordpress\/plugins\/seo\/ -->\n<title>Vereadores da C\u00e2mara Jovem 2023 tomam posse em Sess\u00e3o Solene no Teatro Municipal - C\u00e2mara Municipal de Itajub\u00e1<\/title>\n<meta name=\"robots\" content=\"index, follow, max-snippet:-1, max-image-preview:large, max-video-preview:-1\" \/>\n<link rel=\"canonical\" href=\"https:\/\/itajuba.cam.mg.gov.br\/site\/vereadores-da-camara-jovem-2023-tomam-posse-em-sessao-solene-no-teatro-municipal\/\" \/>\n<meta property=\"og:locale\" content=\"pt_BR\" \/>\n<meta property=\"og:type\" content=\"article\" \/>\n<meta property=\"og:title\" content=\"Vereadores da C\u00e2mara Jovem 2023 tomam posse em Sess\u00e3o Solene no Teatro Municipal - C\u00e2mara Municipal de Itajub\u00e1\" \/>\n<meta property=\"og:description\" content=\"A C\u00e2mara Municipal de Itajub\u00e1, juntamente com a Escola do Legislativo Professora Era\u00eddes Rabelo, realizou na noite desta quarta-feira (16) a Sess\u00e3o Solene de Diploma\u00e7\u00e3o e Posse da C\u00e2mara Jovem 2023, em cerim\u00f4nia promovida no Teatro Municipal Christiane Ri\u00eara. O evento foi conduzido pelo Presidente da C\u00e2mara, vereador Marcelo Krauss, e contou com a participa\u00e7\u00e3o [&hellip;]\" \/>\n<meta property=\"og:url\" content=\"https:\/\/itajuba.cam.mg.gov.br\/site\/vereadores-da-camara-jovem-2023-tomam-posse-em-sessao-solene-no-teatro-municipal\/\" \/>\n<meta property=\"og:site_name\" content=\"C\u00e2mara Municipal de Itajub\u00e1\" \/>\n<meta property=\"article:publisher\" content=\"https:\/\/www.facebook.com\/camaradeitajubaoficial\" \/>\n<meta property=\"article:published_time\" content=\"2023-08-17T13:18:49+00:00\" \/>\n<meta property=\"article:modified_time\" content=\"2024-10-07T19:20:09+00:00\" \/>\n<meta property=\"og:image\" content=\"https:\/\/itajuba.cam.mg.gov.br\/site\/wp-content\/uploads\/2023\/09\/14.png\" \/>\n\t<meta property=\"og:image:width\" content=\"1024\" \/>\n\t<meta property=\"og:image:height\" content=\"446\" \/>\n\t<meta property=\"og:image:type\" content=\"image\/png\" \/>\n<meta name=\"author\" content=\"admin\" \/>\n<meta name=\"twitter:card\" content=\"summary_large_image\" \/>\n<meta name=\"twitter:label1\" content=\"Escrito por\" \/>\n\t<meta name=\"twitter:data1\" content=\"admin\" \/>\n\t<meta name=\"twitter:label2\" content=\"Est. tempo de leitura\" \/>\n\t<meta name=\"twitter:data2\" content=\"3 minutos\" \/>\n<script type=\"application\/ld+json\" class=\"yoast-schema-graph\">{\"@context\":\"https:\/\/schema.org\",\"@graph\":[{\"@type\":\"Article\",\"@id\":\"https:\/\/itajuba.cam.mg.gov.br\/site\/vereadores-da-camara-jovem-2023-tomam-posse-em-sessao-solene-no-teatro-municipal\/#article\",\"isPartOf\":{\"@id\":\"https:\/\/itajuba.cam.mg.gov.br\/site\/vereadores-da-camara-jovem-2023-tomam-posse-em-sessao-solene-no-teatro-municipal\/\"},\"author\":{\"name\":\"admin\",\"@id\":\"https:\/\/itajuba.cam.mg.gov.br\/site\/#\/schema\/person\/4573390017f8d6e586382e72ea8aeafc\"},\"headline\":\"Vereadores da C\u00e2mara Jovem 2023 tomam posse em Sess\u00e3o Solene no Teatro Municipal\",\"datePublished\":\"2023-08-17T13:18:49+00:00\",\"dateModified\":\"2024-10-07T19:20:09+00:00\",\"mainEntityOfPage\":{\"@id\":\"https:\/\/itajuba.cam.mg.gov.br\/site\/vereadores-da-camara-jovem-2023-tomam-posse-em-sessao-solene-no-teatro-municipal\/\"},\"wordCount\":433,\"publisher\":{\"@id\":\"https:\/\/itajuba.cam.mg.gov.br\/site\/#organization\"},\"articleSection\":[\"Not\u00edcias\"],\"inLanguage\":\"pt-BR\"},{\"@type\":\"WebPage\",\"@id\":\"https:\/\/itajuba.cam.mg.gov.br\/site\/vereadores-da-camara-jovem-2023-tomam-posse-em-sessao-solene-no-teatro-municipal\/\",\"url\":\"https:\/\/itajuba.cam.mg.gov.br\/site\/vereadores-da-camara-jovem-2023-tomam-posse-em-sessao-solene-no-teatro-municipal\/\",\"name\":\"Vereadores da C\u00e2mara Jovem 2023 tomam posse em Sess\u00e3o Solene no Teatro Municipal - C\u00e2mara Municipal de Itajub\u00e1\",\"isPartOf\":{\"@id\":\"https:\/\/itajuba.cam.mg.gov.br\/site\/#website\"},\"datePublished\":\"2023-08-17T13:18:49+00:00\",\"dateModified\":\"2024-10-07T19:20:09+00:00\",\"breadcrumb\":{\"@id\":\"https:\/\/itajuba.cam.mg.gov.br\/site\/vereadores-da-camara-jovem-2023-tomam-posse-em-sessao-solene-no-teatro-municipal\/#breadcrumb\"},\"inLanguage\":\"pt-BR\",\"potentialAction\":[{\"@type\":\"ReadAction\",\"target\":[\"https:\/\/itajuba.cam.mg.gov.br\/site\/vereadores-da-camara-jovem-2023-tomam-posse-em-sessao-solene-no-teatro-municipal\/\"]}]},{\"@type\":\"BreadcrumbList\",\"@id\":\"https:\/\/itajuba.cam.mg.gov.br\/site\/vereadores-da-camara-jovem-2023-tomam-posse-em-sessao-solene-no-teatro-municipal\/#breadcrumb\",\"itemListElement\":[{\"@type\":\"ListItem\",\"position\":1,\"name\":\"In\u00edcio\",\"item\":\"https:\/\/itajuba.cam.mg.gov.br\/site\/\"},{\"@type\":\"ListItem\",\"position\":2,\"name\":\"Vereadores da C\u00e2mara Jovem 2023 tomam posse em Sess\u00e3o Solene no Teatro Municipal\"}]},{\"@type\":\"WebSite\",\"@id\":\"https:\/\/itajuba.cam.mg.gov.br\/site\/#website\",\"url\":\"https:\/\/itajuba.cam.mg.gov.br\/site\/\",\"name\":\"C\u00e2mara Municipal de Itajub\u00e1\",\"description\":\"Efici\u00eancia e Transpar\u00eancia\",\"publisher\":{\"@id\":\"https:\/\/itajuba.cam.mg.gov.br\/site\/#organization\"},\"potentialAction\":[{\"@type\":\"SearchAction\",\"target\":{\"@type\":\"EntryPoint\",\"urlTemplate\":\"https:\/\/itajuba.cam.mg.gov.br\/site\/?s={search_term_string}\"},\"query-input\":\"required name=search_term_string\"}],\"inLanguage\":\"pt-BR\"},{\"@type\":\"Organization\",\"@id\":\"https:\/\/itajuba.cam.mg.gov.br\/site\/#organization\",\"name\":\"C\u00e2mara Municipal de Itajub\u00e1\",\"url\":\"https:\/\/itajuba.cam.mg.gov.br\/site\/\",\"logo\":{\"@type\":\"ImageObject\",\"inLanguage\":\"pt-BR\",\"@id\":\"https:\/\/itajuba.cam.mg.gov.br\/site\/#\/schema\/logo\/image\/\",\"url\":\"https:\/\/itajuba.cam.mg.gov.br\/site\/wp-content\/uploads\/2023\/09\/logo_camara_2024.png\",\"contentUrl\":\"https:\/\/itajuba.cam.mg.gov.br\/site\/wp-content\/uploads\/2023\/09\/logo_camara_2024.png\",\"width\":1000,\"height\":385,\"caption\":\"C\u00e2mara Municipal de Itajub\u00e1\"},\"image\":{\"@id\":\"https:\/\/itajuba.cam.mg.gov.br\/site\/#\/schema\/logo\/image\/\"},\"sameAs\":[\"https:\/\/www.facebook.com\/camaradeitajubaoficial\",\"https:\/\/www.instagram.com\/camaradeitajubaoficial\/\",\"https:\/\/www.youtube.com\/user\/TVCAMARAITAJUBA\"]},{\"@type\":\"Person\",\"@id\":\"https:\/\/itajuba.cam.mg.gov.br\/site\/#\/schema\/person\/4573390017f8d6e586382e72ea8aeafc\",\"name\":\"admin\",\"image\":{\"@type\":\"ImageObject\",\"inLanguage\":\"pt-BR\",\"@id\":\"https:\/\/itajuba.cam.mg.gov.br\/site\/#\/schema\/person\/image\/\",\"url\":\"https:\/\/secure.gravatar.com\/avatar\/ac23fed6a914739b5040ccf137d27d0e5125f47777b6aabe6077effebb1fb788?s=96&d=mm&r=g\",\"contentUrl\":\"https:\/\/secure.gravatar.com\/avatar\/ac23fed6a914739b5040ccf137d27d0e5125f47777b6aabe6077effebb1fb788?s=96&d=mm&r=g\",\"caption\":\"admin\"},\"sameAs\":[\"https:\/\/itajuba.cam.mg.gov.br\/site\"],\"url\":\"https:\/\/itajuba.cam.mg.gov.br\/site\/author\/admin\/\"}]}<\/script>\n<!-- \/ Yoast SEO plugin. -->","yoast_head_json":{"title":"Vereadores da C\u00e2mara Jovem 2023 tomam posse em Sess\u00e3o Solene no Teatro Municipal - C\u00e2mara Municipal de Itajub\u00e1","robots":{"index":"index","follow":"follow","max-snippet":"max-snippet:-1","max-image-preview":"max-image-preview:large","max-video-preview":"max-video-preview:-1"},"canonical":"https:\/\/itajuba.cam.mg.gov.br\/site\/vereadores-da-camara-jovem-2023-tomam-posse-em-sessao-solene-no-teatro-municipal\/","og_locale":"pt_BR","og_type":"article","og_title":"Vereadores da C\u00e2mara Jovem 2023 tomam posse em Sess\u00e3o Solene no Teatro Municipal - C\u00e2mara Municipal de Itajub\u00e1","og_description":"A C\u00e2mara Municipal de Itajub\u00e1, juntamente com a Escola do Legislativo Professora Era\u00eddes Rabelo, realizou na noite desta quarta-feira (16) a Sess\u00e3o Solene de Diploma\u00e7\u00e3o e Posse da C\u00e2mara Jovem 2023, em cerim\u00f4nia promovida no Teatro Municipal Christiane Ri\u00eara. O evento foi conduzido pelo Presidente da C\u00e2mara, vereador Marcelo Krauss, e contou com a participa\u00e7\u00e3o [&hellip;]","og_url":"https:\/\/itajuba.cam.mg.gov.br\/site\/vereadores-da-camara-jovem-2023-tomam-posse-em-sessao-solene-no-teatro-municipal\/","og_site_name":"C\u00e2mara Municipal de Itajub\u00e1","article_publisher":"https:\/\/www.facebook.com\/camaradeitajubaoficial","article_published_time":"2023-08-17T13:18:49+00:00","article_modified_time":"2024-10-07T19:20:09+00:00","og_image":[{"width":1024,"height":446,"url":"https:\/\/itajuba.cam.mg.gov.br\/site\/wp-content\/uploads\/2023\/09\/14.png","type":"image\/png"}],"author":"admin","twitter_card":"summary_large_image","twitter_misc":{"Escrito por":"admin","Est. tempo de leitura":"3 minutos"},"schema":{"@context":"https:\/\/schema.org","@graph":[{"@type":"Article","@id":"https:\/\/itajuba.cam.mg.gov.br\/site\/vereadores-da-camara-jovem-2023-tomam-posse-em-sessao-solene-no-teatro-municipal\/#article","isPartOf":{"@id":"https:\/\/itajuba.cam.mg.gov.br\/site\/vereadores-da-camara-jovem-2023-tomam-posse-em-sessao-solene-no-teatro-municipal\/"},"author":{"name":"admin","@id":"https:\/\/itajuba.cam.mg.gov.br\/site\/#\/schema\/person\/4573390017f8d6e586382e72ea8aeafc"},"headline":"Vereadores da C\u00e2mara Jovem 2023 tomam posse em Sess\u00e3o Solene no Teatro Municipal","datePublished":"2023-08-17T13:18:49+00:00","dateModified":"2024-10-07T19:20:09+00:00","mainEntityOfPage":{"@id":"https:\/\/itajuba.cam.mg.gov.br\/site\/vereadores-da-camara-jovem-2023-tomam-posse-em-sessao-solene-no-teatro-municipal\/"},"wordCount":433,"publisher":{"@id":"https:\/\/itajuba.cam.mg.gov.br\/site\/#organization"},"articleSection":["Not\u00edcias"],"inLanguage":"pt-BR"},{"@type":"WebPage","@id":"https:\/\/itajuba.cam.mg.gov.br\/site\/vereadores-da-camara-jovem-2023-tomam-posse-em-sessao-solene-no-teatro-municipal\/","url":"https:\/\/itajuba.cam.mg.gov.br\/site\/vereadores-da-camara-jovem-2023-tomam-posse-em-sessao-solene-no-teatro-municipal\/","name":"Vereadores da C\u00e2mara Jovem 2023 tomam posse em Sess\u00e3o Solene no Teatro Municipal - C\u00e2mara Municipal de Itajub\u00e1","isPartOf":{"@id":"https:\/\/itajuba.cam.mg.gov.br\/site\/#website"},"datePublished":"2023-08-17T13:18:49+00:00","dateModified":"2024-10-07T19:20:09+00:00","breadcrumb":{"@id":"https:\/\/itajuba.cam.mg.gov.br\/site\/vereadores-da-camara-jovem-2023-tomam-posse-em-sessao-solene-no-teatro-municipal\/#breadcrumb"},"inLanguage":"pt-BR","potentialAction":[{"@type":"ReadAction","target":["https:\/\/itajuba.cam.mg.gov.br\/site\/vereadores-da-camara-jovem-2023-tomam-posse-em-sessao-solene-no-teatro-municipal\/"]}]},{"@type":"BreadcrumbList","@id":"https:\/\/itajuba.cam.mg.gov.br\/site\/vereadores-da-camara-jovem-2023-tomam-posse-em-sessao-solene-no-teatro-municipal\/#breadcrumb","itemListElement":[{"@type":"ListItem","position":1,"name":"In\u00edcio","item":"https:\/\/itajuba.cam.mg.gov.br\/site\/"},{"@type":"ListItem","position":2,"name":"Vereadores da C\u00e2mara Jovem 2023 tomam posse em Sess\u00e3o Solene no Teatro Municipal"}]},{"@type":"WebSite","@id":"https:\/\/itajuba.cam.mg.gov.br\/site\/#website","url":"https:\/\/itajuba.cam.mg.gov.br\/site\/","name":"C\u00e2mara Municipal de Itajub\u00e1","description":"Efici\u00eancia e Transpar\u00eancia","publisher":{"@id":"https:\/\/itajuba.cam.mg.gov.br\/site\/#organization"},"potentialAction":[{"@type":"SearchAction","target":{"@type":"EntryPoint","urlTemplate":"https:\/\/itajuba.cam.mg.gov.br\/site\/?s={search_term_string}"},"query-input":"required name=search_term_string"}],"inLanguage":"pt-BR"},{"@type":"Organization","@id":"https:\/\/itajuba.cam.mg.gov.br\/site\/#organization","name":"C\u00e2mara Municipal de Itajub\u00e1","url":"https:\/\/itajuba.cam.mg.gov.br\/site\/","logo":{"@type":"ImageObject","inLanguage":"pt-BR","@id":"https:\/\/itajuba.cam.mg.gov.br\/site\/#\/schema\/logo\/image\/","url":"https:\/\/itajuba.cam.mg.gov.br\/site\/wp-content\/uploads\/2023\/09\/logo_camara_2024.png","contentUrl":"https:\/\/itajuba.cam.mg.gov.br\/site\/wp-content\/uploads\/2023\/09\/logo_camara_2024.png","width":1000,"height":385,"caption":"C\u00e2mara Municipal de Itajub\u00e1"},"image":{"@id":"https:\/\/itajuba.cam.mg.gov.br\/site\/#\/schema\/logo\/image\/"},"sameAs":["https:\/\/www.facebook.com\/camaradeitajubaoficial","https:\/\/www.instagram.com\/camaradeitajubaoficial\/","https:\/\/www.youtube.com\/user\/TVCAMARAITAJUBA"]},{"@type":"Person","@id":"https:\/\/itajuba.cam.mg.gov.br\/site\/#\/schema\/person\/4573390017f8d6e586382e72ea8aeafc","name":"admin","image":{"@type":"ImageObject","inLanguage":"pt-BR","@id":"https:\/\/itajuba.cam.mg.gov.br\/site\/#\/schema\/person\/image\/","url":"https:\/\/secure.gravatar.com\/avatar\/ac23fed6a914739b5040ccf137d27d0e5125f47777b6aabe6077effebb1fb788?s=96&d=mm&r=g","contentUrl":"https:\/\/secure.gravatar.com\/avatar\/ac23fed6a914739b5040ccf137d27d0e5125f47777b6aabe6077effebb1fb788?s=96&d=mm&r=g","caption":"admin"},"sameAs":["https:\/\/itajuba.cam.mg.gov.br\/site"],"url":"https:\/\/itajuba.cam.mg.gov.br\/site\/author\/admin\/"}]}},"_links":{"self":[{"href":"https:\/\/itajuba.cam.mg.gov.br\/site\/wp-json\/wp\/v2\/posts\/5508","targetHints":{"allow":["GET"]}}],"collection":[{"href":"https:\/\/itajuba.cam.mg.gov.br\/site\/wp-json\/wp\/v2\/posts"}],"about":[{"href":"https:\/\/itajuba.cam.mg.gov.br\/site\/wp-json\/wp\/v2\/types\/post"}],"author":[{"embeddable":true,"href":"https:\/\/itajuba.cam.mg.gov.br\/site\/wp-json\/wp\/v2\/users\/1"}],"replies":[{"embeddable":true,"href":"https:\/\/itajuba.cam.mg.gov.br\/site\/wp-json\/wp\/v2\/comments?post=5508"}],"version-history":[{"count":1,"href":"https:\/\/itajuba.cam.mg.gov.br\/site\/wp-json\/wp\/v2\/posts\/5508\/revisions"}],"predecessor-version":[{"id":5510,"href":"https:\/\/itajuba.cam.mg.gov.br\/site\/wp-json\/wp\/v2\/posts\/5508\/revisions\/5510"}],"wp:featuredmedia":[{"embeddable":true,"href":"https:\/\/itajuba.cam.mg.gov.br\/site\/wp-json\/wp\/v2\/media\/5509"}],"wp:attachment":[{"href":"https:\/\/itajuba.cam.mg.gov.br\/site\/wp-json\/wp\/v2\/media?parent=5508"}],"wp:term":[{"taxonomy":"category","embeddable":true,"href":"https:\/\/itajuba.cam.mg.gov.br\/site\/wp-json\/wp\/v2\/categories?post=5508"},{"taxonomy":"post_tag","embeddable":true,"href":"https:\/\/itajuba.cam.mg.gov.br\/site\/wp-json\/wp\/v2\/tags?post=5508"}],"curies":[{"name":"wp","href":"https:\/\/api.w.org\/{rel}","templated":true}]}}