{"id":5511,"date":"2023-08-17T13:19:48","date_gmt":"2023-08-17T13:19:48","guid":{"rendered":"https:\/\/itajuba.cam.mg.gov.br\/site\/?p=5511"},"modified":"2024-10-07T19:20:01","modified_gmt":"2024-10-07T19:20:01","slug":"excepcionalmente-nesta-quinta-feira-17-de-agosto-as-19h-sera-realizada-a-28a-sessao-ordinaria-da-camara-municipal-de-itajuba","status":"publish","type":"post","link":"https:\/\/itajuba.cam.mg.gov.br\/site\/excepcionalmente-nesta-quinta-feira-17-de-agosto-as-19h-sera-realizada-a-28a-sessao-ordinaria-da-camara-municipal-de-itajuba\/","title":{"rendered":"Excepcionalmente nesta quinta-feira, 17 de agosto, \u00e0s 19h, ser\u00e1 realizada a 28\u00aa Sess\u00e3o Ordin\u00e1ria da C\u00e2mara Municipal de Itajub\u00e1"},"content":{"rendered":"<p>Na pauta da reuni\u00e3o, ser\u00e1 feita leitura de parecer de comiss\u00f5es permanentes ao PL n\u00ba 4729\/2023, que autoriza a Concess\u00e3o dos Servi\u00e7os P\u00fablicos de Abastecimento de \u00c1gua das Localidades Anhumas, Pessegueiros, Canta Galo, Ponte Santo Ant\u00f4nio, Pedra Mamona, Santa Cecilia, S\u00e3o Pedro, Morro Grande, Serra dos Toledos, Retiro, Juru, Geriv\u00e1, Capetinga, Vila Betel, Barbosa, Ambr\u00f3sios, Ponte Alta, Cafona, Ilh\u00e9us, Capituba, Pinheirinho, Porto Seguro e Pacatita do Munic\u00edpio de Itajub\u00e1, de autoria do Poder Executivo. Tamb\u00e9m ser\u00e3o lidos pareceres a duas emendas ao PL n\u00ba 4658\/2022, que cria empregos p\u00fablicos de Agente Comunit\u00e1rio de Sa\u00fade e de Agente de Combate \u00e0s Endemias.<\/p>\n<p>Em 1\u00ba turno ser\u00e1 votado o Substitutivo n\u00ba 1 ao Projeto de Lei N\u00ba 4713\/2023, que disp\u00f5e sobre a doa\u00e7\u00e3o de \u00e1rea \u00e0 empresa Master Sensores e Equipamentos LTDA. de autoria do Poder Executivo.<\/p>\n<p>Em \u00fanico turno ser\u00e3o votados seis requerimentos ao Poder Executivo, de autoria dos vereadores Pedro Gama (PV) e Andressa do Coletivo (PT).<\/p>\n<p>A sess\u00e3o ordin\u00e1ria ser\u00e1 transmitida pelo canal TV C\u00e2mara Itajub\u00e1 no Youtube e pela p\u00e1gina oficial da C\u00e2mara Municipal de Itajub\u00e1 no Facebook.<\/p>\n<p>#camaradeitajub\u00e1 #sess\u00e3oordin\u00e1ria #vereadores #casadopovo #poderlegislativo #itajub\u00e1 #suldeminasgerais<\/p>\n","protected":false},"excerpt":{"rendered":"<p>Na pauta da reuni\u00e3o, ser\u00e1 feita leitura de parecer de comiss\u00f5es permanentes ao PL n\u00ba 4729\/2023, que autoriza a Concess\u00e3o dos Servi\u00e7os P\u00fablicos de Abastecimento de \u00c1gua das Localidades Anhumas, Pessegueiros, Canta Galo, Ponte Santo Ant\u00f4nio, Pedra Mamona, Santa Cecilia, S\u00e3o Pedro, Morro Grande, Serra dos Toledos, Retiro, Juru, Geriv\u00e1, Capetinga, Vila Betel, Barbosa, Ambr\u00f3sios, [&hellip;]<\/p>\n","protected":false},"author":1,"featured_media":5512,"comment_status":"closed","ping_status":"open","sticky":false,"template":"","format":"standard","meta":{"footnotes":""},"categories":[16],"tags":[],"class_list":["post-5511","post","type-post","status-publish","format-standard","has-post-thumbnail","hentry","category-noticias"],"yoast_head":"<!-- This site is optimized with the Yoast SEO plugin v21.0 - https:\/\/yoast.com\/wordpress\/plugins\/seo\/ -->\n<title>Excepcionalmente nesta quinta-feira, 17 de agosto, \u00e0s 19h, ser\u00e1 realizada a 28\u00aa Sess\u00e3o Ordin\u00e1ria da C\u00e2mara Municipal de Itajub\u00e1 - C\u00e2mara Municipal de Itajub\u00e1<\/title>\n<meta name=\"robots\" content=\"index, follow, max-snippet:-1, max-image-preview:large, max-video-preview:-1\" \/>\n<link rel=\"canonical\" href=\"https:\/\/itajuba.cam.mg.gov.br\/site\/excepcionalmente-nesta-quinta-feira-17-de-agosto-as-19h-sera-realizada-a-28a-sessao-ordinaria-da-camara-municipal-de-itajuba\/\" \/>\n<meta property=\"og:locale\" content=\"pt_BR\" \/>\n<meta property=\"og:type\" content=\"article\" \/>\n<meta property=\"og:title\" content=\"Excepcionalmente nesta quinta-feira, 17 de agosto, \u00e0s 19h, ser\u00e1 realizada a 28\u00aa Sess\u00e3o Ordin\u00e1ria da C\u00e2mara Municipal de Itajub\u00e1 - C\u00e2mara Municipal de Itajub\u00e1\" \/>\n<meta property=\"og:description\" content=\"Na pauta da reuni\u00e3o, ser\u00e1 feita leitura de parecer de comiss\u00f5es permanentes ao PL n\u00ba 4729\/2023, que autoriza a Concess\u00e3o dos Servi\u00e7os P\u00fablicos de Abastecimento de \u00c1gua das Localidades Anhumas, Pessegueiros, Canta Galo, Ponte Santo Ant\u00f4nio, Pedra Mamona, Santa Cecilia, S\u00e3o Pedro, Morro Grande, Serra dos Toledos, Retiro, Juru, Geriv\u00e1, Capetinga, Vila Betel, Barbosa, Ambr\u00f3sios, [&hellip;]\" \/>\n<meta property=\"og:url\" content=\"https:\/\/itajuba.cam.mg.gov.br\/site\/excepcionalmente-nesta-quinta-feira-17-de-agosto-as-19h-sera-realizada-a-28a-sessao-ordinaria-da-camara-municipal-de-itajuba\/\" \/>\n<meta property=\"og:site_name\" content=\"C\u00e2mara Municipal de Itajub\u00e1\" \/>\n<meta property=\"article:publisher\" content=\"https:\/\/www.facebook.com\/camaradeitajubaoficial\" \/>\n<meta property=\"article:published_time\" content=\"2023-08-17T13:19:48+00:00\" \/>\n<meta property=\"article:modified_time\" content=\"2024-10-07T19:20:01+00:00\" \/>\n<meta property=\"og:image\" content=\"https:\/\/itajuba.cam.mg.gov.br\/site\/wp-content\/uploads\/2023\/09\/15.png\" \/>\n\t<meta property=\"og:image:width\" content=\"1024\" \/>\n\t<meta property=\"og:image:height\" content=\"446\" \/>\n\t<meta property=\"og:image:type\" content=\"image\/png\" \/>\n<meta name=\"author\" content=\"admin\" \/>\n<meta name=\"twitter:card\" content=\"summary_large_image\" \/>\n<meta name=\"twitter:label1\" content=\"Escrito por\" \/>\n\t<meta name=\"twitter:data1\" content=\"admin\" \/>\n\t<meta name=\"twitter:label2\" content=\"Est. tempo de leitura\" \/>\n\t<meta name=\"twitter:data2\" content=\"2 minutos\" \/>\n<script type=\"application\/ld+json\" class=\"yoast-schema-graph\">{\"@context\":\"https:\/\/schema.org\",\"@graph\":[{\"@type\":\"Article\",\"@id\":\"https:\/\/itajuba.cam.mg.gov.br\/site\/excepcionalmente-nesta-quinta-feira-17-de-agosto-as-19h-sera-realizada-a-28a-sessao-ordinaria-da-camara-municipal-de-itajuba\/#article\",\"isPartOf\":{\"@id\":\"https:\/\/itajuba.cam.mg.gov.br\/site\/excepcionalmente-nesta-quinta-feira-17-de-agosto-as-19h-sera-realizada-a-28a-sessao-ordinaria-da-camara-municipal-de-itajuba\/\"},\"author\":{\"name\":\"admin\",\"@id\":\"https:\/\/itajuba.cam.mg.gov.br\/site\/#\/schema\/person\/4573390017f8d6e586382e72ea8aeafc\"},\"headline\":\"Excepcionalmente nesta quinta-feira, 17 de agosto, \u00e0s 19h, ser\u00e1 realizada a 28\u00aa Sess\u00e3o Ordin\u00e1ria da C\u00e2mara Municipal de Itajub\u00e1\",\"datePublished\":\"2023-08-17T13:19:48+00:00\",\"dateModified\":\"2024-10-07T19:20:01+00:00\",\"mainEntityOfPage\":{\"@id\":\"https:\/\/itajuba.cam.mg.gov.br\/site\/excepcionalmente-nesta-quinta-feira-17-de-agosto-as-19h-sera-realizada-a-28a-sessao-ordinaria-da-camara-municipal-de-itajuba\/\"},\"wordCount\":226,\"publisher\":{\"@id\":\"https:\/\/itajuba.cam.mg.gov.br\/site\/#organization\"},\"articleSection\":[\"Not\u00edcias\"],\"inLanguage\":\"pt-BR\"},{\"@type\":\"WebPage\",\"@id\":\"https:\/\/itajuba.cam.mg.gov.br\/site\/excepcionalmente-nesta-quinta-feira-17-de-agosto-as-19h-sera-realizada-a-28a-sessao-ordinaria-da-camara-municipal-de-itajuba\/\",\"url\":\"https:\/\/itajuba.cam.mg.gov.br\/site\/excepcionalmente-nesta-quinta-feira-17-de-agosto-as-19h-sera-realizada-a-28a-sessao-ordinaria-da-camara-municipal-de-itajuba\/\",\"name\":\"Excepcionalmente nesta quinta-feira, 17 de agosto, \u00e0s 19h, ser\u00e1 realizada a 28\u00aa Sess\u00e3o Ordin\u00e1ria da C\u00e2mara Municipal de Itajub\u00e1 - C\u00e2mara Municipal de Itajub\u00e1\",\"isPartOf\":{\"@id\":\"https:\/\/itajuba.cam.mg.gov.br\/site\/#website\"},\"datePublished\":\"2023-08-17T13:19:48+00:00\",\"dateModified\":\"2024-10-07T19:20:01+00:00\",\"breadcrumb\":{\"@id\":\"https:\/\/itajuba.cam.mg.gov.br\/site\/excepcionalmente-nesta-quinta-feira-17-de-agosto-as-19h-sera-realizada-a-28a-sessao-ordinaria-da-camara-municipal-de-itajuba\/#breadcrumb\"},\"inLanguage\":\"pt-BR\",\"potentialAction\":[{\"@type\":\"ReadAction\",\"target\":[\"https:\/\/itajuba.cam.mg.gov.br\/site\/excepcionalmente-nesta-quinta-feira-17-de-agosto-as-19h-sera-realizada-a-28a-sessao-ordinaria-da-camara-municipal-de-itajuba\/\"]}]},{\"@type\":\"BreadcrumbList\",\"@id\":\"https:\/\/itajuba.cam.mg.gov.br\/site\/excepcionalmente-nesta-quinta-feira-17-de-agosto-as-19h-sera-realizada-a-28a-sessao-ordinaria-da-camara-municipal-de-itajuba\/#breadcrumb\",\"itemListElement\":[{\"@type\":\"ListItem\",\"position\":1,\"name\":\"In\u00edcio\",\"item\":\"https:\/\/itajuba.cam.mg.gov.br\/site\/\"},{\"@type\":\"ListItem\",\"position\":2,\"name\":\"Excepcionalmente nesta quinta-feira, 17 de agosto, \u00e0s 19h, ser\u00e1 realizada a 28\u00aa Sess\u00e3o Ordin\u00e1ria da C\u00e2mara Municipal de Itajub\u00e1\"}]},{\"@type\":\"WebSite\",\"@id\":\"https:\/\/itajuba.cam.mg.gov.br\/site\/#website\",\"url\":\"https:\/\/itajuba.cam.mg.gov.br\/site\/\",\"name\":\"C\u00e2mara Municipal de Itajub\u00e1\",\"description\":\"Efici\u00eancia e Transpar\u00eancia\",\"publisher\":{\"@id\":\"https:\/\/itajuba.cam.mg.gov.br\/site\/#organization\"},\"potentialAction\":[{\"@type\":\"SearchAction\",\"target\":{\"@type\":\"EntryPoint\",\"urlTemplate\":\"https:\/\/itajuba.cam.mg.gov.br\/site\/?s={search_term_string}\"},\"query-input\":\"required name=search_term_string\"}],\"inLanguage\":\"pt-BR\"},{\"@type\":\"Organization\",\"@id\":\"https:\/\/itajuba.cam.mg.gov.br\/site\/#organization\",\"name\":\"C\u00e2mara Municipal de Itajub\u00e1\",\"url\":\"https:\/\/itajuba.cam.mg.gov.br\/site\/\",\"logo\":{\"@type\":\"ImageObject\",\"inLanguage\":\"pt-BR\",\"@id\":\"https:\/\/itajuba.cam.mg.gov.br\/site\/#\/schema\/logo\/image\/\",\"url\":\"https:\/\/itajuba.cam.mg.gov.br\/site\/wp-content\/uploads\/2023\/09\/logo_camara_2024.png\",\"contentUrl\":\"https:\/\/itajuba.cam.mg.gov.br\/site\/wp-content\/uploads\/2023\/09\/logo_camara_2024.png\",\"width\":1000,\"height\":385,\"caption\":\"C\u00e2mara Municipal de Itajub\u00e1\"},\"image\":{\"@id\":\"https:\/\/itajuba.cam.mg.gov.br\/site\/#\/schema\/logo\/image\/\"},\"sameAs\":[\"https:\/\/www.facebook.com\/camaradeitajubaoficial\",\"https:\/\/www.instagram.com\/camaradeitajubaoficial\/\",\"https:\/\/www.youtube.com\/user\/TVCAMARAITAJUBA\"]},{\"@type\":\"Person\",\"@id\":\"https:\/\/itajuba.cam.mg.gov.br\/site\/#\/schema\/person\/4573390017f8d6e586382e72ea8aeafc\",\"name\":\"admin\",\"image\":{\"@type\":\"ImageObject\",\"inLanguage\":\"pt-BR\",\"@id\":\"https:\/\/itajuba.cam.mg.gov.br\/site\/#\/schema\/person\/image\/\",\"url\":\"https:\/\/secure.gravatar.com\/avatar\/ac23fed6a914739b5040ccf137d27d0e5125f47777b6aabe6077effebb1fb788?s=96&d=mm&r=g\",\"contentUrl\":\"https:\/\/secure.gravatar.com\/avatar\/ac23fed6a914739b5040ccf137d27d0e5125f47777b6aabe6077effebb1fb788?s=96&d=mm&r=g\",\"caption\":\"admin\"},\"sameAs\":[\"https:\/\/itajuba.cam.mg.gov.br\/site\"],\"url\":\"https:\/\/itajuba.cam.mg.gov.br\/site\/author\/admin\/\"}]}<\/script>\n<!-- \/ Yoast SEO plugin. -->","yoast_head_json":{"title":"Excepcionalmente nesta quinta-feira, 17 de agosto, \u00e0s 19h, ser\u00e1 realizada a 28\u00aa Sess\u00e3o Ordin\u00e1ria da C\u00e2mara Municipal de Itajub\u00e1 - C\u00e2mara Municipal de Itajub\u00e1","robots":{"index":"index","follow":"follow","max-snippet":"max-snippet:-1","max-image-preview":"max-image-preview:large","max-video-preview":"max-video-preview:-1"},"canonical":"https:\/\/itajuba.cam.mg.gov.br\/site\/excepcionalmente-nesta-quinta-feira-17-de-agosto-as-19h-sera-realizada-a-28a-sessao-ordinaria-da-camara-municipal-de-itajuba\/","og_locale":"pt_BR","og_type":"article","og_title":"Excepcionalmente nesta quinta-feira, 17 de agosto, \u00e0s 19h, ser\u00e1 realizada a 28\u00aa Sess\u00e3o Ordin\u00e1ria da C\u00e2mara Municipal de Itajub\u00e1 - C\u00e2mara Municipal de Itajub\u00e1","og_description":"Na pauta da reuni\u00e3o, ser\u00e1 feita leitura de parecer de comiss\u00f5es permanentes ao PL n\u00ba 4729\/2023, que autoriza a Concess\u00e3o dos Servi\u00e7os P\u00fablicos de Abastecimento de \u00c1gua das Localidades Anhumas, Pessegueiros, Canta Galo, Ponte Santo Ant\u00f4nio, Pedra Mamona, Santa Cecilia, S\u00e3o Pedro, Morro Grande, Serra dos Toledos, Retiro, Juru, Geriv\u00e1, Capetinga, Vila Betel, Barbosa, Ambr\u00f3sios, [&hellip;]","og_url":"https:\/\/itajuba.cam.mg.gov.br\/site\/excepcionalmente-nesta-quinta-feira-17-de-agosto-as-19h-sera-realizada-a-28a-sessao-ordinaria-da-camara-municipal-de-itajuba\/","og_site_name":"C\u00e2mara Municipal de Itajub\u00e1","article_publisher":"https:\/\/www.facebook.com\/camaradeitajubaoficial","article_published_time":"2023-08-17T13:19:48+00:00","article_modified_time":"2024-10-07T19:20:01+00:00","og_image":[{"width":1024,"height":446,"url":"https:\/\/itajuba.cam.mg.gov.br\/site\/wp-content\/uploads\/2023\/09\/15.png","type":"image\/png"}],"author":"admin","twitter_card":"summary_large_image","twitter_misc":{"Escrito por":"admin","Est. tempo de leitura":"2 minutos"},"schema":{"@context":"https:\/\/schema.org","@graph":[{"@type":"Article","@id":"https:\/\/itajuba.cam.mg.gov.br\/site\/excepcionalmente-nesta-quinta-feira-17-de-agosto-as-19h-sera-realizada-a-28a-sessao-ordinaria-da-camara-municipal-de-itajuba\/#article","isPartOf":{"@id":"https:\/\/itajuba.cam.mg.gov.br\/site\/excepcionalmente-nesta-quinta-feira-17-de-agosto-as-19h-sera-realizada-a-28a-sessao-ordinaria-da-camara-municipal-de-itajuba\/"},"author":{"name":"admin","@id":"https:\/\/itajuba.cam.mg.gov.br\/site\/#\/schema\/person\/4573390017f8d6e586382e72ea8aeafc"},"headline":"Excepcionalmente nesta quinta-feira, 17 de agosto, \u00e0s 19h, ser\u00e1 realizada a 28\u00aa Sess\u00e3o Ordin\u00e1ria da C\u00e2mara Municipal de Itajub\u00e1","datePublished":"2023-08-17T13:19:48+00:00","dateModified":"2024-10-07T19:20:01+00:00","mainEntityOfPage":{"@id":"https:\/\/itajuba.cam.mg.gov.br\/site\/excepcionalmente-nesta-quinta-feira-17-de-agosto-as-19h-sera-realizada-a-28a-sessao-ordinaria-da-camara-municipal-de-itajuba\/"},"wordCount":226,"publisher":{"@id":"https:\/\/itajuba.cam.mg.gov.br\/site\/#organization"},"articleSection":["Not\u00edcias"],"inLanguage":"pt-BR"},{"@type":"WebPage","@id":"https:\/\/itajuba.cam.mg.gov.br\/site\/excepcionalmente-nesta-quinta-feira-17-de-agosto-as-19h-sera-realizada-a-28a-sessao-ordinaria-da-camara-municipal-de-itajuba\/","url":"https:\/\/itajuba.cam.mg.gov.br\/site\/excepcionalmente-nesta-quinta-feira-17-de-agosto-as-19h-sera-realizada-a-28a-sessao-ordinaria-da-camara-municipal-de-itajuba\/","name":"Excepcionalmente nesta quinta-feira, 17 de agosto, \u00e0s 19h, ser\u00e1 realizada a 28\u00aa Sess\u00e3o Ordin\u00e1ria da C\u00e2mara Municipal de Itajub\u00e1 - C\u00e2mara Municipal de Itajub\u00e1","isPartOf":{"@id":"https:\/\/itajuba.cam.mg.gov.br\/site\/#website"},"datePublished":"2023-08-17T13:19:48+00:00","dateModified":"2024-10-07T19:20:01+00:00","breadcrumb":{"@id":"https:\/\/itajuba.cam.mg.gov.br\/site\/excepcionalmente-nesta-quinta-feira-17-de-agosto-as-19h-sera-realizada-a-28a-sessao-ordinaria-da-camara-municipal-de-itajuba\/#breadcrumb"},"inLanguage":"pt-BR","potentialAction":[{"@type":"ReadAction","target":["https:\/\/itajuba.cam.mg.gov.br\/site\/excepcionalmente-nesta-quinta-feira-17-de-agosto-as-19h-sera-realizada-a-28a-sessao-ordinaria-da-camara-municipal-de-itajuba\/"]}]},{"@type":"BreadcrumbList","@id":"https:\/\/itajuba.cam.mg.gov.br\/site\/excepcionalmente-nesta-quinta-feira-17-de-agosto-as-19h-sera-realizada-a-28a-sessao-ordinaria-da-camara-municipal-de-itajuba\/#breadcrumb","itemListElement":[{"@type":"ListItem","position":1,"name":"In\u00edcio","item":"https:\/\/itajuba.cam.mg.gov.br\/site\/"},{"@type":"ListItem","position":2,"name":"Excepcionalmente nesta quinta-feira, 17 de agosto, \u00e0s 19h, ser\u00e1 realizada a 28\u00aa Sess\u00e3o Ordin\u00e1ria da C\u00e2mara Municipal de Itajub\u00e1"}]},{"@type":"WebSite","@id":"https:\/\/itajuba.cam.mg.gov.br\/site\/#website","url":"https:\/\/itajuba.cam.mg.gov.br\/site\/","name":"C\u00e2mara Municipal de Itajub\u00e1","description":"Efici\u00eancia e Transpar\u00eancia","publisher":{"@id":"https:\/\/itajuba.cam.mg.gov.br\/site\/#organization"},"potentialAction":[{"@type":"SearchAction","target":{"@type":"EntryPoint","urlTemplate":"https:\/\/itajuba.cam.mg.gov.br\/site\/?s={search_term_string}"},"query-input":"required name=search_term_string"}],"inLanguage":"pt-BR"},{"@type":"Organization","@id":"https:\/\/itajuba.cam.mg.gov.br\/site\/#organization","name":"C\u00e2mara Municipal de Itajub\u00e1","url":"https:\/\/itajuba.cam.mg.gov.br\/site\/","logo":{"@type":"ImageObject","inLanguage":"pt-BR","@id":"https:\/\/itajuba.cam.mg.gov.br\/site\/#\/schema\/logo\/image\/","url":"https:\/\/itajuba.cam.mg.gov.br\/site\/wp-content\/uploads\/2023\/09\/logo_camara_2024.png","contentUrl":"https:\/\/itajuba.cam.mg.gov.br\/site\/wp-content\/uploads\/2023\/09\/logo_camara_2024.png","width":1000,"height":385,"caption":"C\u00e2mara Municipal de Itajub\u00e1"},"image":{"@id":"https:\/\/itajuba.cam.mg.gov.br\/site\/#\/schema\/logo\/image\/"},"sameAs":["https:\/\/www.facebook.com\/camaradeitajubaoficial","https:\/\/www.instagram.com\/camaradeitajubaoficial\/","https:\/\/www.youtube.com\/user\/TVCAMARAITAJUBA"]},{"@type":"Person","@id":"https:\/\/itajuba.cam.mg.gov.br\/site\/#\/schema\/person\/4573390017f8d6e586382e72ea8aeafc","name":"admin","image":{"@type":"ImageObject","inLanguage":"pt-BR","@id":"https:\/\/itajuba.cam.mg.gov.br\/site\/#\/schema\/person\/image\/","url":"https:\/\/secure.gravatar.com\/avatar\/ac23fed6a914739b5040ccf137d27d0e5125f47777b6aabe6077effebb1fb788?s=96&d=mm&r=g","contentUrl":"https:\/\/secure.gravatar.com\/avatar\/ac23fed6a914739b5040ccf137d27d0e5125f47777b6aabe6077effebb1fb788?s=96&d=mm&r=g","caption":"admin"},"sameAs":["https:\/\/itajuba.cam.mg.gov.br\/site"],"url":"https:\/\/itajuba.cam.mg.gov.br\/site\/author\/admin\/"}]}},"_links":{"self":[{"href":"https:\/\/itajuba.cam.mg.gov.br\/site\/wp-json\/wp\/v2\/posts\/5511","targetHints":{"allow":["GET"]}}],"collection":[{"href":"https:\/\/itajuba.cam.mg.gov.br\/site\/wp-json\/wp\/v2\/posts"}],"about":[{"href":"https:\/\/itajuba.cam.mg.gov.br\/site\/wp-json\/wp\/v2\/types\/post"}],"author":[{"embeddable":true,"href":"https:\/\/itajuba.cam.mg.gov.br\/site\/wp-json\/wp\/v2\/users\/1"}],"replies":[{"embeddable":true,"href":"https:\/\/itajuba.cam.mg.gov.br\/site\/wp-json\/wp\/v2\/comments?post=5511"}],"version-history":[{"count":1,"href":"https:\/\/itajuba.cam.mg.gov.br\/site\/wp-json\/wp\/v2\/posts\/5511\/revisions"}],"predecessor-version":[{"id":5513,"href":"https:\/\/itajuba.cam.mg.gov.br\/site\/wp-json\/wp\/v2\/posts\/5511\/revisions\/5513"}],"wp:featuredmedia":[{"embeddable":true,"href":"https:\/\/itajuba.cam.mg.gov.br\/site\/wp-json\/wp\/v2\/media\/5512"}],"wp:attachment":[{"href":"https:\/\/itajuba.cam.mg.gov.br\/site\/wp-json\/wp\/v2\/media?parent=5511"}],"wp:term":[{"taxonomy":"category","embeddable":true,"href":"https:\/\/itajuba.cam.mg.gov.br\/site\/wp-json\/wp\/v2\/categories?post=5511"},{"taxonomy":"post_tag","embeddable":true,"href":"https:\/\/itajuba.cam.mg.gov.br\/site\/wp-json\/wp\/v2\/tags?post=5511"}],"curies":[{"name":"wp","href":"https:\/\/api.w.org\/{rel}","templated":true}]}}