{"id":5527,"date":"2023-07-07T13:40:38","date_gmt":"2023-07-07T13:40:38","guid":{"rendered":"https:\/\/itajuba.cam.mg.gov.br\/site\/?p=5527"},"modified":"2024-10-07T19:23:27","modified_gmt":"2024-10-07T19:23:27","slug":"confira-a-ordem-do-dia-da-sessao-ordinaria-desta-segunda-feira-07-de-agosto-2","status":"publish","type":"post","link":"https:\/\/itajuba.cam.mg.gov.br\/site\/confira-a-ordem-do-dia-da-sessao-ordinaria-desta-segunda-feira-07-de-agosto-2\/","title":{"rendered":"Confira a Ordem do dia da Sess\u00e3o Ordin\u00e1ria desta segunda-feira, 07 de agosto"},"content":{"rendered":"<p>Os vereadores se re\u00fanem para a 27\u00aa Sess\u00e3o Ordin\u00e1ria da C\u00e2mara Municipal de Itajub\u00e1 nesta segunda-feira, 7 de agosto, a partir das 19h. Na pauta da reuni\u00e3o, ser\u00e3o feitas as leituras de pareceres de comiss\u00f5es permanentes a dois projetos de lei. Tamb\u00e9m ser\u00e1 votado em 1\u00ba turno o Substitutivo ao Projeto de Lei n\u00ba 4720\/2023, que estabelece normas para apresenta\u00e7\u00e3o de projetos que gerem custos ou majorem al\u00edquotas de tributos \u00e0s pessoas naturais ou jur\u00eddicas em Itajub\u00e1, de autoria dos vereadores Rafael Rodrigues (UNI\u00c3O) e Markinhu Meireles (PSD).<\/p>\n<p>Em \u00fanico turno ser\u00e1 votada Mo\u00e7\u00e3o de Congratula\u00e7\u00e3o \u00e0 comunidade do Santu\u00e1rio Arquidiocesano Nossa Senhora da Agonia pelos 10 anos de eleva\u00e7\u00e3o Santu\u00e1rio, de autoria do vereador Rafael Rodrigues (UNI\u00c3O). Tamb\u00e9m ser\u00e3o votados em \u00fanico turno quatro requerimentos de autoria das vereadoras Andressa do Coletivo (PT) e Enfermeira Rita (REPUBLICANOS) e do vereador Pedro Gama (PV).<\/p>\n<p>Tamb\u00e9m ser\u00e1 aberta a Tribuna Popular a dois inscritos: Aparecido da Silva Muniz, que ir\u00e1 falar sobre o transporte de paciente da sa\u00fade; e Padre Rodrigo Carneiro Paiva Mendes, Reitor do Santu\u00e1rio Arquidiocesano Nossa Senhora da Agonia, que ir\u00e1 falar sobre os 10 anos da eleva\u00e7\u00e3o do Santu\u00e1rio em Itajub\u00e1.<\/p>\n<p>A sess\u00e3o ordin\u00e1ria ser\u00e1 transmitida pelo canal TV C\u00e2mara Itajub\u00e1 no Youtube e pela p\u00e1gina oficial da C\u00e2mara Municipal de Itajub\u00e1 no Facebook.<\/p>\n<p>#camaradeitajub\u00e1 #sess\u00e3oordin\u00e1ria #vereadores #casadopovo #poderlegislativo #itajub\u00e1 #suldeminasgerais<\/p>\n","protected":false},"excerpt":{"rendered":"<p>Os vereadores se re\u00fanem para a 27\u00aa Sess\u00e3o Ordin\u00e1ria da C\u00e2mara Municipal de Itajub\u00e1 nesta segunda-feira, 7 de agosto, a partir das 19h. Na pauta da reuni\u00e3o, ser\u00e3o feitas as leituras de pareceres de comiss\u00f5es permanentes a dois projetos de lei. Tamb\u00e9m ser\u00e1 votado em 1\u00ba turno o Substitutivo ao Projeto de Lei n\u00ba 4720\/2023, [&hellip;]<\/p>\n","protected":false},"author":1,"featured_media":5528,"comment_status":"closed","ping_status":"open","sticky":false,"template":"","format":"standard","meta":{"footnotes":""},"categories":[16],"tags":[],"class_list":["post-5527","post","type-post","status-publish","format-standard","has-post-thumbnail","hentry","category-noticias"],"yoast_head":"<!-- This site is optimized with the Yoast SEO plugin v21.0 - https:\/\/yoast.com\/wordpress\/plugins\/seo\/ -->\n<title>Confira a Ordem do dia da Sess\u00e3o Ordin\u00e1ria desta segunda-feira, 07 de agosto - C\u00e2mara Municipal de Itajub\u00e1<\/title>\n<meta name=\"robots\" content=\"index, follow, max-snippet:-1, max-image-preview:large, max-video-preview:-1\" \/>\n<link rel=\"canonical\" href=\"https:\/\/itajuba.cam.mg.gov.br\/site\/confira-a-ordem-do-dia-da-sessao-ordinaria-desta-segunda-feira-07-de-agosto-2\/\" \/>\n<meta property=\"og:locale\" content=\"pt_BR\" \/>\n<meta property=\"og:type\" content=\"article\" \/>\n<meta property=\"og:title\" content=\"Confira a Ordem do dia da Sess\u00e3o Ordin\u00e1ria desta segunda-feira, 07 de agosto - C\u00e2mara Municipal de Itajub\u00e1\" \/>\n<meta property=\"og:description\" content=\"Os vereadores se re\u00fanem para a 27\u00aa Sess\u00e3o Ordin\u00e1ria da C\u00e2mara Municipal de Itajub\u00e1 nesta segunda-feira, 7 de agosto, a partir das 19h. Na pauta da reuni\u00e3o, ser\u00e3o feitas as leituras de pareceres de comiss\u00f5es permanentes a dois projetos de lei. Tamb\u00e9m ser\u00e1 votado em 1\u00ba turno o Substitutivo ao Projeto de Lei n\u00ba 4720\/2023, [&hellip;]\" \/>\n<meta property=\"og:url\" content=\"https:\/\/itajuba.cam.mg.gov.br\/site\/confira-a-ordem-do-dia-da-sessao-ordinaria-desta-segunda-feira-07-de-agosto-2\/\" \/>\n<meta property=\"og:site_name\" content=\"C\u00e2mara Municipal de Itajub\u00e1\" \/>\n<meta property=\"article:publisher\" content=\"https:\/\/www.facebook.com\/camaradeitajubaoficial\" \/>\n<meta property=\"article:published_time\" content=\"2023-07-07T13:40:38+00:00\" \/>\n<meta property=\"article:modified_time\" content=\"2024-10-07T19:23:27+00:00\" \/>\n<meta property=\"og:image\" content=\"https:\/\/itajuba.cam.mg.gov.br\/site\/wp-content\/uploads\/2023\/09\/21.png\" \/>\n\t<meta property=\"og:image:width\" content=\"1024\" \/>\n\t<meta property=\"og:image:height\" content=\"446\" \/>\n\t<meta property=\"og:image:type\" content=\"image\/png\" \/>\n<meta name=\"author\" content=\"admin\" \/>\n<meta name=\"twitter:card\" content=\"summary_large_image\" \/>\n<meta name=\"twitter:label1\" content=\"Escrito por\" \/>\n\t<meta name=\"twitter:data1\" content=\"admin\" \/>\n\t<meta name=\"twitter:label2\" content=\"Est. tempo de leitura\" \/>\n\t<meta name=\"twitter:data2\" content=\"2 minutos\" \/>\n<script type=\"application\/ld+json\" class=\"yoast-schema-graph\">{\"@context\":\"https:\/\/schema.org\",\"@graph\":[{\"@type\":\"Article\",\"@id\":\"https:\/\/itajuba.cam.mg.gov.br\/site\/confira-a-ordem-do-dia-da-sessao-ordinaria-desta-segunda-feira-07-de-agosto-2\/#article\",\"isPartOf\":{\"@id\":\"https:\/\/itajuba.cam.mg.gov.br\/site\/confira-a-ordem-do-dia-da-sessao-ordinaria-desta-segunda-feira-07-de-agosto-2\/\"},\"author\":{\"name\":\"admin\",\"@id\":\"https:\/\/itajuba.cam.mg.gov.br\/site\/#\/schema\/person\/4573390017f8d6e586382e72ea8aeafc\"},\"headline\":\"Confira a Ordem do dia da Sess\u00e3o Ordin\u00e1ria desta segunda-feira, 07 de agosto\",\"datePublished\":\"2023-07-07T13:40:38+00:00\",\"dateModified\":\"2024-10-07T19:23:27+00:00\",\"mainEntityOfPage\":{\"@id\":\"https:\/\/itajuba.cam.mg.gov.br\/site\/confira-a-ordem-do-dia-da-sessao-ordinaria-desta-segunda-feira-07-de-agosto-2\/\"},\"wordCount\":263,\"publisher\":{\"@id\":\"https:\/\/itajuba.cam.mg.gov.br\/site\/#organization\"},\"articleSection\":[\"Not\u00edcias\"],\"inLanguage\":\"pt-BR\"},{\"@type\":\"WebPage\",\"@id\":\"https:\/\/itajuba.cam.mg.gov.br\/site\/confira-a-ordem-do-dia-da-sessao-ordinaria-desta-segunda-feira-07-de-agosto-2\/\",\"url\":\"https:\/\/itajuba.cam.mg.gov.br\/site\/confira-a-ordem-do-dia-da-sessao-ordinaria-desta-segunda-feira-07-de-agosto-2\/\",\"name\":\"Confira a Ordem do dia da Sess\u00e3o Ordin\u00e1ria desta segunda-feira, 07 de agosto - C\u00e2mara Municipal de Itajub\u00e1\",\"isPartOf\":{\"@id\":\"https:\/\/itajuba.cam.mg.gov.br\/site\/#website\"},\"datePublished\":\"2023-07-07T13:40:38+00:00\",\"dateModified\":\"2024-10-07T19:23:27+00:00\",\"breadcrumb\":{\"@id\":\"https:\/\/itajuba.cam.mg.gov.br\/site\/confira-a-ordem-do-dia-da-sessao-ordinaria-desta-segunda-feira-07-de-agosto-2\/#breadcrumb\"},\"inLanguage\":\"pt-BR\",\"potentialAction\":[{\"@type\":\"ReadAction\",\"target\":[\"https:\/\/itajuba.cam.mg.gov.br\/site\/confira-a-ordem-do-dia-da-sessao-ordinaria-desta-segunda-feira-07-de-agosto-2\/\"]}]},{\"@type\":\"BreadcrumbList\",\"@id\":\"https:\/\/itajuba.cam.mg.gov.br\/site\/confira-a-ordem-do-dia-da-sessao-ordinaria-desta-segunda-feira-07-de-agosto-2\/#breadcrumb\",\"itemListElement\":[{\"@type\":\"ListItem\",\"position\":1,\"name\":\"In\u00edcio\",\"item\":\"https:\/\/itajuba.cam.mg.gov.br\/site\/\"},{\"@type\":\"ListItem\",\"position\":2,\"name\":\"Confira a Ordem do dia da Sess\u00e3o Ordin\u00e1ria desta segunda-feira, 07 de agosto\"}]},{\"@type\":\"WebSite\",\"@id\":\"https:\/\/itajuba.cam.mg.gov.br\/site\/#website\",\"url\":\"https:\/\/itajuba.cam.mg.gov.br\/site\/\",\"name\":\"C\u00e2mara Municipal de Itajub\u00e1\",\"description\":\"Efici\u00eancia e Transpar\u00eancia\",\"publisher\":{\"@id\":\"https:\/\/itajuba.cam.mg.gov.br\/site\/#organization\"},\"potentialAction\":[{\"@type\":\"SearchAction\",\"target\":{\"@type\":\"EntryPoint\",\"urlTemplate\":\"https:\/\/itajuba.cam.mg.gov.br\/site\/?s={search_term_string}\"},\"query-input\":\"required name=search_term_string\"}],\"inLanguage\":\"pt-BR\"},{\"@type\":\"Organization\",\"@id\":\"https:\/\/itajuba.cam.mg.gov.br\/site\/#organization\",\"name\":\"C\u00e2mara Municipal de Itajub\u00e1\",\"url\":\"https:\/\/itajuba.cam.mg.gov.br\/site\/\",\"logo\":{\"@type\":\"ImageObject\",\"inLanguage\":\"pt-BR\",\"@id\":\"https:\/\/itajuba.cam.mg.gov.br\/site\/#\/schema\/logo\/image\/\",\"url\":\"https:\/\/itajuba.cam.mg.gov.br\/site\/wp-content\/uploads\/2023\/09\/logo_camara_2024.png\",\"contentUrl\":\"https:\/\/itajuba.cam.mg.gov.br\/site\/wp-content\/uploads\/2023\/09\/logo_camara_2024.png\",\"width\":1000,\"height\":385,\"caption\":\"C\u00e2mara Municipal de Itajub\u00e1\"},\"image\":{\"@id\":\"https:\/\/itajuba.cam.mg.gov.br\/site\/#\/schema\/logo\/image\/\"},\"sameAs\":[\"https:\/\/www.facebook.com\/camaradeitajubaoficial\",\"https:\/\/www.instagram.com\/camaradeitajubaoficial\/\",\"https:\/\/www.youtube.com\/user\/TVCAMARAITAJUBA\"]},{\"@type\":\"Person\",\"@id\":\"https:\/\/itajuba.cam.mg.gov.br\/site\/#\/schema\/person\/4573390017f8d6e586382e72ea8aeafc\",\"name\":\"admin\",\"image\":{\"@type\":\"ImageObject\",\"inLanguage\":\"pt-BR\",\"@id\":\"https:\/\/itajuba.cam.mg.gov.br\/site\/#\/schema\/person\/image\/\",\"url\":\"https:\/\/secure.gravatar.com\/avatar\/ac23fed6a914739b5040ccf137d27d0e5125f47777b6aabe6077effebb1fb788?s=96&d=mm&r=g\",\"contentUrl\":\"https:\/\/secure.gravatar.com\/avatar\/ac23fed6a914739b5040ccf137d27d0e5125f47777b6aabe6077effebb1fb788?s=96&d=mm&r=g\",\"caption\":\"admin\"},\"sameAs\":[\"https:\/\/itajuba.cam.mg.gov.br\/site\"],\"url\":\"https:\/\/itajuba.cam.mg.gov.br\/site\/author\/admin\/\"}]}<\/script>\n<!-- \/ Yoast SEO plugin. -->","yoast_head_json":{"title":"Confira a Ordem do dia da Sess\u00e3o Ordin\u00e1ria desta segunda-feira, 07 de agosto - C\u00e2mara Municipal de Itajub\u00e1","robots":{"index":"index","follow":"follow","max-snippet":"max-snippet:-1","max-image-preview":"max-image-preview:large","max-video-preview":"max-video-preview:-1"},"canonical":"https:\/\/itajuba.cam.mg.gov.br\/site\/confira-a-ordem-do-dia-da-sessao-ordinaria-desta-segunda-feira-07-de-agosto-2\/","og_locale":"pt_BR","og_type":"article","og_title":"Confira a Ordem do dia da Sess\u00e3o Ordin\u00e1ria desta segunda-feira, 07 de agosto - C\u00e2mara Municipal de Itajub\u00e1","og_description":"Os vereadores se re\u00fanem para a 27\u00aa Sess\u00e3o Ordin\u00e1ria da C\u00e2mara Municipal de Itajub\u00e1 nesta segunda-feira, 7 de agosto, a partir das 19h. Na pauta da reuni\u00e3o, ser\u00e3o feitas as leituras de pareceres de comiss\u00f5es permanentes a dois projetos de lei. Tamb\u00e9m ser\u00e1 votado em 1\u00ba turno o Substitutivo ao Projeto de Lei n\u00ba 4720\/2023, [&hellip;]","og_url":"https:\/\/itajuba.cam.mg.gov.br\/site\/confira-a-ordem-do-dia-da-sessao-ordinaria-desta-segunda-feira-07-de-agosto-2\/","og_site_name":"C\u00e2mara Municipal de Itajub\u00e1","article_publisher":"https:\/\/www.facebook.com\/camaradeitajubaoficial","article_published_time":"2023-07-07T13:40:38+00:00","article_modified_time":"2024-10-07T19:23:27+00:00","og_image":[{"width":1024,"height":446,"url":"https:\/\/itajuba.cam.mg.gov.br\/site\/wp-content\/uploads\/2023\/09\/21.png","type":"image\/png"}],"author":"admin","twitter_card":"summary_large_image","twitter_misc":{"Escrito por":"admin","Est. tempo de leitura":"2 minutos"},"schema":{"@context":"https:\/\/schema.org","@graph":[{"@type":"Article","@id":"https:\/\/itajuba.cam.mg.gov.br\/site\/confira-a-ordem-do-dia-da-sessao-ordinaria-desta-segunda-feira-07-de-agosto-2\/#article","isPartOf":{"@id":"https:\/\/itajuba.cam.mg.gov.br\/site\/confira-a-ordem-do-dia-da-sessao-ordinaria-desta-segunda-feira-07-de-agosto-2\/"},"author":{"name":"admin","@id":"https:\/\/itajuba.cam.mg.gov.br\/site\/#\/schema\/person\/4573390017f8d6e586382e72ea8aeafc"},"headline":"Confira a Ordem do dia da Sess\u00e3o Ordin\u00e1ria desta segunda-feira, 07 de agosto","datePublished":"2023-07-07T13:40:38+00:00","dateModified":"2024-10-07T19:23:27+00:00","mainEntityOfPage":{"@id":"https:\/\/itajuba.cam.mg.gov.br\/site\/confira-a-ordem-do-dia-da-sessao-ordinaria-desta-segunda-feira-07-de-agosto-2\/"},"wordCount":263,"publisher":{"@id":"https:\/\/itajuba.cam.mg.gov.br\/site\/#organization"},"articleSection":["Not\u00edcias"],"inLanguage":"pt-BR"},{"@type":"WebPage","@id":"https:\/\/itajuba.cam.mg.gov.br\/site\/confira-a-ordem-do-dia-da-sessao-ordinaria-desta-segunda-feira-07-de-agosto-2\/","url":"https:\/\/itajuba.cam.mg.gov.br\/site\/confira-a-ordem-do-dia-da-sessao-ordinaria-desta-segunda-feira-07-de-agosto-2\/","name":"Confira a Ordem do dia da Sess\u00e3o Ordin\u00e1ria desta segunda-feira, 07 de agosto - C\u00e2mara Municipal de Itajub\u00e1","isPartOf":{"@id":"https:\/\/itajuba.cam.mg.gov.br\/site\/#website"},"datePublished":"2023-07-07T13:40:38+00:00","dateModified":"2024-10-07T19:23:27+00:00","breadcrumb":{"@id":"https:\/\/itajuba.cam.mg.gov.br\/site\/confira-a-ordem-do-dia-da-sessao-ordinaria-desta-segunda-feira-07-de-agosto-2\/#breadcrumb"},"inLanguage":"pt-BR","potentialAction":[{"@type":"ReadAction","target":["https:\/\/itajuba.cam.mg.gov.br\/site\/confira-a-ordem-do-dia-da-sessao-ordinaria-desta-segunda-feira-07-de-agosto-2\/"]}]},{"@type":"BreadcrumbList","@id":"https:\/\/itajuba.cam.mg.gov.br\/site\/confira-a-ordem-do-dia-da-sessao-ordinaria-desta-segunda-feira-07-de-agosto-2\/#breadcrumb","itemListElement":[{"@type":"ListItem","position":1,"name":"In\u00edcio","item":"https:\/\/itajuba.cam.mg.gov.br\/site\/"},{"@type":"ListItem","position":2,"name":"Confira a Ordem do dia da Sess\u00e3o Ordin\u00e1ria desta segunda-feira, 07 de agosto"}]},{"@type":"WebSite","@id":"https:\/\/itajuba.cam.mg.gov.br\/site\/#website","url":"https:\/\/itajuba.cam.mg.gov.br\/site\/","name":"C\u00e2mara Municipal de Itajub\u00e1","description":"Efici\u00eancia e Transpar\u00eancia","publisher":{"@id":"https:\/\/itajuba.cam.mg.gov.br\/site\/#organization"},"potentialAction":[{"@type":"SearchAction","target":{"@type":"EntryPoint","urlTemplate":"https:\/\/itajuba.cam.mg.gov.br\/site\/?s={search_term_string}"},"query-input":"required name=search_term_string"}],"inLanguage":"pt-BR"},{"@type":"Organization","@id":"https:\/\/itajuba.cam.mg.gov.br\/site\/#organization","name":"C\u00e2mara Municipal de Itajub\u00e1","url":"https:\/\/itajuba.cam.mg.gov.br\/site\/","logo":{"@type":"ImageObject","inLanguage":"pt-BR","@id":"https:\/\/itajuba.cam.mg.gov.br\/site\/#\/schema\/logo\/image\/","url":"https:\/\/itajuba.cam.mg.gov.br\/site\/wp-content\/uploads\/2023\/09\/logo_camara_2024.png","contentUrl":"https:\/\/itajuba.cam.mg.gov.br\/site\/wp-content\/uploads\/2023\/09\/logo_camara_2024.png","width":1000,"height":385,"caption":"C\u00e2mara Municipal de Itajub\u00e1"},"image":{"@id":"https:\/\/itajuba.cam.mg.gov.br\/site\/#\/schema\/logo\/image\/"},"sameAs":["https:\/\/www.facebook.com\/camaradeitajubaoficial","https:\/\/www.instagram.com\/camaradeitajubaoficial\/","https:\/\/www.youtube.com\/user\/TVCAMARAITAJUBA"]},{"@type":"Person","@id":"https:\/\/itajuba.cam.mg.gov.br\/site\/#\/schema\/person\/4573390017f8d6e586382e72ea8aeafc","name":"admin","image":{"@type":"ImageObject","inLanguage":"pt-BR","@id":"https:\/\/itajuba.cam.mg.gov.br\/site\/#\/schema\/person\/image\/","url":"https:\/\/secure.gravatar.com\/avatar\/ac23fed6a914739b5040ccf137d27d0e5125f47777b6aabe6077effebb1fb788?s=96&d=mm&r=g","contentUrl":"https:\/\/secure.gravatar.com\/avatar\/ac23fed6a914739b5040ccf137d27d0e5125f47777b6aabe6077effebb1fb788?s=96&d=mm&r=g","caption":"admin"},"sameAs":["https:\/\/itajuba.cam.mg.gov.br\/site"],"url":"https:\/\/itajuba.cam.mg.gov.br\/site\/author\/admin\/"}]}},"_links":{"self":[{"href":"https:\/\/itajuba.cam.mg.gov.br\/site\/wp-json\/wp\/v2\/posts\/5527","targetHints":{"allow":["GET"]}}],"collection":[{"href":"https:\/\/itajuba.cam.mg.gov.br\/site\/wp-json\/wp\/v2\/posts"}],"about":[{"href":"https:\/\/itajuba.cam.mg.gov.br\/site\/wp-json\/wp\/v2\/types\/post"}],"author":[{"embeddable":true,"href":"https:\/\/itajuba.cam.mg.gov.br\/site\/wp-json\/wp\/v2\/users\/1"}],"replies":[{"embeddable":true,"href":"https:\/\/itajuba.cam.mg.gov.br\/site\/wp-json\/wp\/v2\/comments?post=5527"}],"version-history":[{"count":1,"href":"https:\/\/itajuba.cam.mg.gov.br\/site\/wp-json\/wp\/v2\/posts\/5527\/revisions"}],"predecessor-version":[{"id":5529,"href":"https:\/\/itajuba.cam.mg.gov.br\/site\/wp-json\/wp\/v2\/posts\/5527\/revisions\/5529"}],"wp:featuredmedia":[{"embeddable":true,"href":"https:\/\/itajuba.cam.mg.gov.br\/site\/wp-json\/wp\/v2\/media\/5528"}],"wp:attachment":[{"href":"https:\/\/itajuba.cam.mg.gov.br\/site\/wp-json\/wp\/v2\/media?parent=5527"}],"wp:term":[{"taxonomy":"category","embeddable":true,"href":"https:\/\/itajuba.cam.mg.gov.br\/site\/wp-json\/wp\/v2\/categories?post=5527"},{"taxonomy":"post_tag","embeddable":true,"href":"https:\/\/itajuba.cam.mg.gov.br\/site\/wp-json\/wp\/v2\/tags?post=5527"}],"curies":[{"name":"wp","href":"https:\/\/api.w.org\/{rel}","templated":true}]}}