{"id":5549,"date":"2023-07-04T13:49:46","date_gmt":"2023-07-04T13:49:46","guid":{"rendered":"https:\/\/itajuba.cam.mg.gov.br\/site\/?p=5549"},"modified":"2024-10-07T19:23:34","modified_gmt":"2024-10-07T19:23:34","slug":"durante-a-sessao-ordinaria-realizada-nesta-segunda-feira-3-de-julho-os-vereadores-aprovaram-por-unanimidade-quatro-requerimentos-ao-poder-executivo","status":"publish","type":"post","link":"https:\/\/itajuba.cam.mg.gov.br\/site\/durante-a-sessao-ordinaria-realizada-nesta-segunda-feira-3-de-julho-os-vereadores-aprovaram-por-unanimidade-quatro-requerimentos-ao-poder-executivo\/","title":{"rendered":"Durante a sess\u00e3o ordin\u00e1ria realizada nesta segunda-feira, 3 de julho, os vereadores aprovaram por unanimidade quatro requerimentos ao Poder Executivo"},"content":{"rendered":"<p>Durante a sess\u00e3o ordin\u00e1ria realizada nesta segunda-feira, 3 de julho, os vereadores aprovaram por unanimidade quatro requerimentos ao Poder Executivo, de autoria dos vereadores Robson Vaz (PSDB), Pedro Gama (PV), Markinhu Meireles (PSD) e Andressa do Coletivo.<\/p>\n<p>31 indica\u00e7\u00f5es ao Executivo foram apresentadas pelos vereadores Chiquinho do Euz\u00e9bio (PTB), Dr. Kener Maia (PL), Marcelo Krauss (PROGRESSISTAS), Markinhu Meireles (PSD), Pedro Gama (PV), Rafael Rodrigues (UNI\u00c3O) e Robson\u00a0Vaz (PSDB).<\/p>\n<p>Foram apresentados tr\u00eas projetos que passam a tramitar no Legislativo:<\/p>\n<p>\u2013 PROJETO DE LEI N\u00b0 4727\/2023: Disp\u00f5e sobre a cria\u00e7\u00e3o do Centro Especializado de Atendimento e Acolhimento \u00e0 mulher v\u00edtima de viol\u00eancia dom\u00e9stica e familiar no Munic\u00edpio de Itajub\u00e1, de autoria do Prefeito;<\/p>\n<p>\u2013 PROJETO DE LEI N\u00b0 4728\/2023: Altera a Lei Municipal n\u00ba 3075\/2014 que disp\u00f5e sobre a autoriza\u00e7\u00e3o para a participa\u00e7\u00e3o do munic\u00edpio de Itajub\u00e1 no Cons\u00f3rcio Intermunicipal Multifinalit\u00e1rio da Microrregi\u00e3o do Alto Sapuca\u00ed \u2013 CIMASP, de autoria do Prefeito;<\/p>\n<p>\u2013 PROJETO DE DECRETO LEGISLATIVO N\u00b0 532\/2023: Denomina Prefeito Dr. Rosemburgo Romano o Parque Cient\u00edfico Tecnol\u00f3gico de Itajub\u00e1, de autoria do vereador Marcelo Krauss (PROGRESSISTAS).<\/p>\n<p>Na Tribuna Popular o inscrito foi o servidor p\u00fablico municipal Alexandre Francisco da Mata, que falou sobre a necessidade de se aplicar o piso salarial para os profissionais da Enfermagem em Itajub\u00e1.<\/p>\n<p>Ao final, o vereador Markinhu Meireles usou a palavra na tribuna livre do Grande Expediente.<\/p>\n<p>Acompanhe as Reuni\u00f5es Ordin\u00e1rias da C\u00e2mara Municipal de Itajub\u00e1 e fique por dentro das discuss\u00f5es e leis aprovadas em nossa cidade!<\/p>\n<p><a role=\"link\" href=\"https:\/\/www.facebook.com\/hashtag\/camaradeitajub%C3%A1?__eep__=6&amp;__cft__[0]=AZUTb7Ye_k-s8KmnHEgWhk2iBWomMblH2jeiZH0JJIr2No4ppNG9laTJS265-GBcE2d8oZ1alDo6M9W-wLR0KByNh-6l4c6FK_7wfgOxrz7c_s6R8qjEbuuSfZPFEkSa5_VoLxDLZ8ymkWqgEylLp6HbLZpX3f8E2wGTspbGhT1yXm5bCmSDK5X7VnVmRGj_UN-dDawUn_UtKwFLegVGupU6&amp;__tn__=*NK-R\">#camaradeitajub\u00e1<\/a><a role=\"link\" href=\"https:\/\/www.facebook.com\/hashtag\/sess%C3%A3oordin%C3%A1ria?__eep__=6&amp;__cft__[0]=AZUTb7Ye_k-s8KmnHEgWhk2iBWomMblH2jeiZH0JJIr2No4ppNG9laTJS265-GBcE2d8oZ1alDo6M9W-wLR0KByNh-6l4c6FK_7wfgOxrz7c_s6R8qjEbuuSfZPFEkSa5_VoLxDLZ8ymkWqgEylLp6HbLZpX3f8E2wGTspbGhT1yXm5bCmSDK5X7VnVmRGj_UN-dDawUn_UtKwFLegVGupU6&amp;__tn__=*NK-R\">#sess\u00e3oordin\u00e1ria<\/a><a role=\"link\" href=\"https:\/\/www.facebook.com\/hashtag\/vereadores?__eep__=6&amp;__cft__[0]=AZUTb7Ye_k-s8KmnHEgWhk2iBWomMblH2jeiZH0JJIr2No4ppNG9laTJS265-GBcE2d8oZ1alDo6M9W-wLR0KByNh-6l4c6FK_7wfgOxrz7c_s6R8qjEbuuSfZPFEkSa5_VoLxDLZ8ymkWqgEylLp6HbLZpX3f8E2wGTspbGhT1yXm5bCmSDK5X7VnVmRGj_UN-dDawUn_UtKwFLegVGupU6&amp;__tn__=*NK-R\">#vereadores<\/a><a role=\"link\" href=\"https:\/\/www.facebook.com\/hashtag\/casadopovo?__eep__=6&amp;__cft__[0]=AZUTb7Ye_k-s8KmnHEgWhk2iBWomMblH2jeiZH0JJIr2No4ppNG9laTJS265-GBcE2d8oZ1alDo6M9W-wLR0KByNh-6l4c6FK_7wfgOxrz7c_s6R8qjEbuuSfZPFEkSa5_VoLxDLZ8ymkWqgEylLp6HbLZpX3f8E2wGTspbGhT1yXm5bCmSDK5X7VnVmRGj_UN-dDawUn_UtKwFLegVGupU6&amp;__tn__=*NK-R\">#casadopovo<\/a><a role=\"link\" href=\"https:\/\/www.facebook.com\/hashtag\/poderlegislativo?__eep__=6&amp;__cft__[0]=AZUTb7Ye_k-s8KmnHEgWhk2iBWomMblH2jeiZH0JJIr2No4ppNG9laTJS265-GBcE2d8oZ1alDo6M9W-wLR0KByNh-6l4c6FK_7wfgOxrz7c_s6R8qjEbuuSfZPFEkSa5_VoLxDLZ8ymkWqgEylLp6HbLZpX3f8E2wGTspbGhT1yXm5bCmSDK5X7VnVmRGj_UN-dDawUn_UtKwFLegVGupU6&amp;__tn__=*NK-R\">#poderlegislativo<\/a><a role=\"link\" href=\"https:\/\/www.facebook.com\/hashtag\/itajub%C3%A1?__eep__=6&amp;__cft__[0]=AZUTb7Ye_k-s8KmnHEgWhk2iBWomMblH2jeiZH0JJIr2No4ppNG9laTJS265-GBcE2d8oZ1alDo6M9W-wLR0KByNh-6l4c6FK_7wfgOxrz7c_s6R8qjEbuuSfZPFEkSa5_VoLxDLZ8ymkWqgEylLp6HbLZpX3f8E2wGTspbGhT1yXm5bCmSDK5X7VnVmRGj_UN-dDawUn_UtKwFLegVGupU6&amp;__tn__=*NK-R\">#itajub\u00e1<\/a><a role=\"link\" href=\"https:\/\/www.facebook.com\/hashtag\/suldeminas?__eep__=6&amp;__cft__[0]=AZUTb7Ye_k-s8KmnHEgWhk2iBWomMblH2jeiZH0JJIr2No4ppNG9laTJS265-GBcE2d8oZ1alDo6M9W-wLR0KByNh-6l4c6FK_7wfgOxrz7c_s6R8qjEbuuSfZPFEkSa5_VoLxDLZ8ymkWqgEylLp6HbLZpX3f8E2wGTspbGhT1yXm5bCmSDK5X7VnVmRGj_UN-dDawUn_UtKwFLegVGupU6&amp;__tn__=*NK-R\">#suldeminas<\/a><\/p>\n","protected":false},"excerpt":{"rendered":"<p>Durante a sess\u00e3o ordin\u00e1ria realizada nesta segunda-feira, 3 de julho, os vereadores aprovaram por unanimidade quatro requerimentos ao Poder Executivo, de autoria dos vereadores Robson Vaz (PSDB), Pedro Gama (PV), Markinhu Meireles (PSD) e Andressa do Coletivo. 31 indica\u00e7\u00f5es ao Executivo foram apresentadas pelos vereadores Chiquinho do Euz\u00e9bio (PTB), Dr. Kener Maia (PL), Marcelo Krauss [&hellip;]<\/p>\n","protected":false},"author":1,"featured_media":5550,"comment_status":"closed","ping_status":"open","sticky":false,"template":"","format":"standard","meta":{"footnotes":""},"categories":[16],"tags":[],"class_list":["post-5549","post","type-post","status-publish","format-standard","has-post-thumbnail","hentry","category-noticias"],"yoast_head":"<!-- This site is optimized with the Yoast SEO plugin v21.0 - https:\/\/yoast.com\/wordpress\/plugins\/seo\/ -->\n<title>Durante a sess\u00e3o ordin\u00e1ria realizada nesta segunda-feira, 3 de julho, os vereadores aprovaram por unanimidade quatro requerimentos ao Poder Executivo - C\u00e2mara Municipal de Itajub\u00e1<\/title>\n<meta name=\"robots\" content=\"index, follow, max-snippet:-1, max-image-preview:large, max-video-preview:-1\" \/>\n<link rel=\"canonical\" href=\"https:\/\/itajuba.cam.mg.gov.br\/site\/durante-a-sessao-ordinaria-realizada-nesta-segunda-feira-3-de-julho-os-vereadores-aprovaram-por-unanimidade-quatro-requerimentos-ao-poder-executivo\/\" \/>\n<meta property=\"og:locale\" content=\"pt_BR\" \/>\n<meta property=\"og:type\" content=\"article\" \/>\n<meta property=\"og:title\" content=\"Durante a sess\u00e3o ordin\u00e1ria realizada nesta segunda-feira, 3 de julho, os vereadores aprovaram por unanimidade quatro requerimentos ao Poder Executivo - C\u00e2mara Municipal de Itajub\u00e1\" \/>\n<meta property=\"og:description\" content=\"Durante a sess\u00e3o ordin\u00e1ria realizada nesta segunda-feira, 3 de julho, os vereadores aprovaram por unanimidade quatro requerimentos ao Poder Executivo, de autoria dos vereadores Robson Vaz (PSDB), Pedro Gama (PV), Markinhu Meireles (PSD) e Andressa do Coletivo. 31 indica\u00e7\u00f5es ao Executivo foram apresentadas pelos vereadores Chiquinho do Euz\u00e9bio (PTB), Dr. Kener Maia (PL), Marcelo Krauss [&hellip;]\" \/>\n<meta property=\"og:url\" content=\"https:\/\/itajuba.cam.mg.gov.br\/site\/durante-a-sessao-ordinaria-realizada-nesta-segunda-feira-3-de-julho-os-vereadores-aprovaram-por-unanimidade-quatro-requerimentos-ao-poder-executivo\/\" \/>\n<meta property=\"og:site_name\" content=\"C\u00e2mara Municipal de Itajub\u00e1\" \/>\n<meta property=\"article:publisher\" content=\"https:\/\/www.facebook.com\/camaradeitajubaoficial\" \/>\n<meta property=\"article:published_time\" content=\"2023-07-04T13:49:46+00:00\" \/>\n<meta property=\"article:modified_time\" content=\"2024-10-07T19:23:34+00:00\" \/>\n<meta property=\"og:image\" content=\"https:\/\/itajuba.cam.mg.gov.br\/site\/wp-content\/uploads\/2023\/09\/29.png\" \/>\n\t<meta property=\"og:image:width\" content=\"1024\" \/>\n\t<meta property=\"og:image:height\" content=\"446\" \/>\n\t<meta property=\"og:image:type\" content=\"image\/png\" \/>\n<meta name=\"author\" content=\"admin\" \/>\n<meta name=\"twitter:card\" content=\"summary_large_image\" \/>\n<meta name=\"twitter:label1\" content=\"Escrito por\" \/>\n\t<meta name=\"twitter:data1\" content=\"admin\" \/>\n\t<meta name=\"twitter:label2\" content=\"Est. tempo de leitura\" \/>\n\t<meta name=\"twitter:data2\" content=\"2 minutos\" \/>\n<script type=\"application\/ld+json\" class=\"yoast-schema-graph\">{\"@context\":\"https:\/\/schema.org\",\"@graph\":[{\"@type\":\"Article\",\"@id\":\"https:\/\/itajuba.cam.mg.gov.br\/site\/durante-a-sessao-ordinaria-realizada-nesta-segunda-feira-3-de-julho-os-vereadores-aprovaram-por-unanimidade-quatro-requerimentos-ao-poder-executivo\/#article\",\"isPartOf\":{\"@id\":\"https:\/\/itajuba.cam.mg.gov.br\/site\/durante-a-sessao-ordinaria-realizada-nesta-segunda-feira-3-de-julho-os-vereadores-aprovaram-por-unanimidade-quatro-requerimentos-ao-poder-executivo\/\"},\"author\":{\"name\":\"admin\",\"@id\":\"https:\/\/itajuba.cam.mg.gov.br\/site\/#\/schema\/person\/4573390017f8d6e586382e72ea8aeafc\"},\"headline\":\"Durante a sess\u00e3o ordin\u00e1ria realizada nesta segunda-feira, 3 de julho, os vereadores aprovaram por unanimidade quatro requerimentos ao Poder Executivo\",\"datePublished\":\"2023-07-04T13:49:46+00:00\",\"dateModified\":\"2024-10-07T19:23:34+00:00\",\"mainEntityOfPage\":{\"@id\":\"https:\/\/itajuba.cam.mg.gov.br\/site\/durante-a-sessao-ordinaria-realizada-nesta-segunda-feira-3-de-julho-os-vereadores-aprovaram-por-unanimidade-quatro-requerimentos-ao-poder-executivo\/\"},\"wordCount\":289,\"publisher\":{\"@id\":\"https:\/\/itajuba.cam.mg.gov.br\/site\/#organization\"},\"articleSection\":[\"Not\u00edcias\"],\"inLanguage\":\"pt-BR\"},{\"@type\":\"WebPage\",\"@id\":\"https:\/\/itajuba.cam.mg.gov.br\/site\/durante-a-sessao-ordinaria-realizada-nesta-segunda-feira-3-de-julho-os-vereadores-aprovaram-por-unanimidade-quatro-requerimentos-ao-poder-executivo\/\",\"url\":\"https:\/\/itajuba.cam.mg.gov.br\/site\/durante-a-sessao-ordinaria-realizada-nesta-segunda-feira-3-de-julho-os-vereadores-aprovaram-por-unanimidade-quatro-requerimentos-ao-poder-executivo\/\",\"name\":\"Durante a sess\u00e3o ordin\u00e1ria realizada nesta segunda-feira, 3 de julho, os vereadores aprovaram por unanimidade quatro requerimentos ao Poder Executivo - C\u00e2mara Municipal de Itajub\u00e1\",\"isPartOf\":{\"@id\":\"https:\/\/itajuba.cam.mg.gov.br\/site\/#website\"},\"datePublished\":\"2023-07-04T13:49:46+00:00\",\"dateModified\":\"2024-10-07T19:23:34+00:00\",\"breadcrumb\":{\"@id\":\"https:\/\/itajuba.cam.mg.gov.br\/site\/durante-a-sessao-ordinaria-realizada-nesta-segunda-feira-3-de-julho-os-vereadores-aprovaram-por-unanimidade-quatro-requerimentos-ao-poder-executivo\/#breadcrumb\"},\"inLanguage\":\"pt-BR\",\"potentialAction\":[{\"@type\":\"ReadAction\",\"target\":[\"https:\/\/itajuba.cam.mg.gov.br\/site\/durante-a-sessao-ordinaria-realizada-nesta-segunda-feira-3-de-julho-os-vereadores-aprovaram-por-unanimidade-quatro-requerimentos-ao-poder-executivo\/\"]}]},{\"@type\":\"BreadcrumbList\",\"@id\":\"https:\/\/itajuba.cam.mg.gov.br\/site\/durante-a-sessao-ordinaria-realizada-nesta-segunda-feira-3-de-julho-os-vereadores-aprovaram-por-unanimidade-quatro-requerimentos-ao-poder-executivo\/#breadcrumb\",\"itemListElement\":[{\"@type\":\"ListItem\",\"position\":1,\"name\":\"In\u00edcio\",\"item\":\"https:\/\/itajuba.cam.mg.gov.br\/site\/\"},{\"@type\":\"ListItem\",\"position\":2,\"name\":\"Durante a sess\u00e3o ordin\u00e1ria realizada nesta segunda-feira, 3 de julho, os vereadores aprovaram por unanimidade quatro requerimentos ao Poder Executivo\"}]},{\"@type\":\"WebSite\",\"@id\":\"https:\/\/itajuba.cam.mg.gov.br\/site\/#website\",\"url\":\"https:\/\/itajuba.cam.mg.gov.br\/site\/\",\"name\":\"C\u00e2mara Municipal de Itajub\u00e1\",\"description\":\"Efici\u00eancia e Transpar\u00eancia\",\"publisher\":{\"@id\":\"https:\/\/itajuba.cam.mg.gov.br\/site\/#organization\"},\"potentialAction\":[{\"@type\":\"SearchAction\",\"target\":{\"@type\":\"EntryPoint\",\"urlTemplate\":\"https:\/\/itajuba.cam.mg.gov.br\/site\/?s={search_term_string}\"},\"query-input\":\"required name=search_term_string\"}],\"inLanguage\":\"pt-BR\"},{\"@type\":\"Organization\",\"@id\":\"https:\/\/itajuba.cam.mg.gov.br\/site\/#organization\",\"name\":\"C\u00e2mara Municipal de Itajub\u00e1\",\"url\":\"https:\/\/itajuba.cam.mg.gov.br\/site\/\",\"logo\":{\"@type\":\"ImageObject\",\"inLanguage\":\"pt-BR\",\"@id\":\"https:\/\/itajuba.cam.mg.gov.br\/site\/#\/schema\/logo\/image\/\",\"url\":\"https:\/\/itajuba.cam.mg.gov.br\/site\/wp-content\/uploads\/2023\/09\/logo_camara_2024.png\",\"contentUrl\":\"https:\/\/itajuba.cam.mg.gov.br\/site\/wp-content\/uploads\/2023\/09\/logo_camara_2024.png\",\"width\":1000,\"height\":385,\"caption\":\"C\u00e2mara Municipal de Itajub\u00e1\"},\"image\":{\"@id\":\"https:\/\/itajuba.cam.mg.gov.br\/site\/#\/schema\/logo\/image\/\"},\"sameAs\":[\"https:\/\/www.facebook.com\/camaradeitajubaoficial\",\"https:\/\/www.instagram.com\/camaradeitajubaoficial\/\",\"https:\/\/www.youtube.com\/user\/TVCAMARAITAJUBA\"]},{\"@type\":\"Person\",\"@id\":\"https:\/\/itajuba.cam.mg.gov.br\/site\/#\/schema\/person\/4573390017f8d6e586382e72ea8aeafc\",\"name\":\"admin\",\"image\":{\"@type\":\"ImageObject\",\"inLanguage\":\"pt-BR\",\"@id\":\"https:\/\/itajuba.cam.mg.gov.br\/site\/#\/schema\/person\/image\/\",\"url\":\"https:\/\/secure.gravatar.com\/avatar\/ac23fed6a914739b5040ccf137d27d0e5125f47777b6aabe6077effebb1fb788?s=96&d=mm&r=g\",\"contentUrl\":\"https:\/\/secure.gravatar.com\/avatar\/ac23fed6a914739b5040ccf137d27d0e5125f47777b6aabe6077effebb1fb788?s=96&d=mm&r=g\",\"caption\":\"admin\"},\"sameAs\":[\"https:\/\/itajuba.cam.mg.gov.br\/site\"],\"url\":\"https:\/\/itajuba.cam.mg.gov.br\/site\/author\/admin\/\"}]}<\/script>\n<!-- \/ Yoast SEO plugin. -->","yoast_head_json":{"title":"Durante a sess\u00e3o ordin\u00e1ria realizada nesta segunda-feira, 3 de julho, os vereadores aprovaram por unanimidade quatro requerimentos ao Poder Executivo - C\u00e2mara Municipal de Itajub\u00e1","robots":{"index":"index","follow":"follow","max-snippet":"max-snippet:-1","max-image-preview":"max-image-preview:large","max-video-preview":"max-video-preview:-1"},"canonical":"https:\/\/itajuba.cam.mg.gov.br\/site\/durante-a-sessao-ordinaria-realizada-nesta-segunda-feira-3-de-julho-os-vereadores-aprovaram-por-unanimidade-quatro-requerimentos-ao-poder-executivo\/","og_locale":"pt_BR","og_type":"article","og_title":"Durante a sess\u00e3o ordin\u00e1ria realizada nesta segunda-feira, 3 de julho, os vereadores aprovaram por unanimidade quatro requerimentos ao Poder Executivo - C\u00e2mara Municipal de Itajub\u00e1","og_description":"Durante a sess\u00e3o ordin\u00e1ria realizada nesta segunda-feira, 3 de julho, os vereadores aprovaram por unanimidade quatro requerimentos ao Poder Executivo, de autoria dos vereadores Robson Vaz (PSDB), Pedro Gama (PV), Markinhu Meireles (PSD) e Andressa do Coletivo. 31 indica\u00e7\u00f5es ao Executivo foram apresentadas pelos vereadores Chiquinho do Euz\u00e9bio (PTB), Dr. Kener Maia (PL), Marcelo Krauss [&hellip;]","og_url":"https:\/\/itajuba.cam.mg.gov.br\/site\/durante-a-sessao-ordinaria-realizada-nesta-segunda-feira-3-de-julho-os-vereadores-aprovaram-por-unanimidade-quatro-requerimentos-ao-poder-executivo\/","og_site_name":"C\u00e2mara Municipal de Itajub\u00e1","article_publisher":"https:\/\/www.facebook.com\/camaradeitajubaoficial","article_published_time":"2023-07-04T13:49:46+00:00","article_modified_time":"2024-10-07T19:23:34+00:00","og_image":[{"width":1024,"height":446,"url":"https:\/\/itajuba.cam.mg.gov.br\/site\/wp-content\/uploads\/2023\/09\/29.png","type":"image\/png"}],"author":"admin","twitter_card":"summary_large_image","twitter_misc":{"Escrito por":"admin","Est. tempo de leitura":"2 minutos"},"schema":{"@context":"https:\/\/schema.org","@graph":[{"@type":"Article","@id":"https:\/\/itajuba.cam.mg.gov.br\/site\/durante-a-sessao-ordinaria-realizada-nesta-segunda-feira-3-de-julho-os-vereadores-aprovaram-por-unanimidade-quatro-requerimentos-ao-poder-executivo\/#article","isPartOf":{"@id":"https:\/\/itajuba.cam.mg.gov.br\/site\/durante-a-sessao-ordinaria-realizada-nesta-segunda-feira-3-de-julho-os-vereadores-aprovaram-por-unanimidade-quatro-requerimentos-ao-poder-executivo\/"},"author":{"name":"admin","@id":"https:\/\/itajuba.cam.mg.gov.br\/site\/#\/schema\/person\/4573390017f8d6e586382e72ea8aeafc"},"headline":"Durante a sess\u00e3o ordin\u00e1ria realizada nesta segunda-feira, 3 de julho, os vereadores aprovaram por unanimidade quatro requerimentos ao Poder Executivo","datePublished":"2023-07-04T13:49:46+00:00","dateModified":"2024-10-07T19:23:34+00:00","mainEntityOfPage":{"@id":"https:\/\/itajuba.cam.mg.gov.br\/site\/durante-a-sessao-ordinaria-realizada-nesta-segunda-feira-3-de-julho-os-vereadores-aprovaram-por-unanimidade-quatro-requerimentos-ao-poder-executivo\/"},"wordCount":289,"publisher":{"@id":"https:\/\/itajuba.cam.mg.gov.br\/site\/#organization"},"articleSection":["Not\u00edcias"],"inLanguage":"pt-BR"},{"@type":"WebPage","@id":"https:\/\/itajuba.cam.mg.gov.br\/site\/durante-a-sessao-ordinaria-realizada-nesta-segunda-feira-3-de-julho-os-vereadores-aprovaram-por-unanimidade-quatro-requerimentos-ao-poder-executivo\/","url":"https:\/\/itajuba.cam.mg.gov.br\/site\/durante-a-sessao-ordinaria-realizada-nesta-segunda-feira-3-de-julho-os-vereadores-aprovaram-por-unanimidade-quatro-requerimentos-ao-poder-executivo\/","name":"Durante a sess\u00e3o ordin\u00e1ria realizada nesta segunda-feira, 3 de julho, os vereadores aprovaram por unanimidade quatro requerimentos ao Poder Executivo - C\u00e2mara Municipal de Itajub\u00e1","isPartOf":{"@id":"https:\/\/itajuba.cam.mg.gov.br\/site\/#website"},"datePublished":"2023-07-04T13:49:46+00:00","dateModified":"2024-10-07T19:23:34+00:00","breadcrumb":{"@id":"https:\/\/itajuba.cam.mg.gov.br\/site\/durante-a-sessao-ordinaria-realizada-nesta-segunda-feira-3-de-julho-os-vereadores-aprovaram-por-unanimidade-quatro-requerimentos-ao-poder-executivo\/#breadcrumb"},"inLanguage":"pt-BR","potentialAction":[{"@type":"ReadAction","target":["https:\/\/itajuba.cam.mg.gov.br\/site\/durante-a-sessao-ordinaria-realizada-nesta-segunda-feira-3-de-julho-os-vereadores-aprovaram-por-unanimidade-quatro-requerimentos-ao-poder-executivo\/"]}]},{"@type":"BreadcrumbList","@id":"https:\/\/itajuba.cam.mg.gov.br\/site\/durante-a-sessao-ordinaria-realizada-nesta-segunda-feira-3-de-julho-os-vereadores-aprovaram-por-unanimidade-quatro-requerimentos-ao-poder-executivo\/#breadcrumb","itemListElement":[{"@type":"ListItem","position":1,"name":"In\u00edcio","item":"https:\/\/itajuba.cam.mg.gov.br\/site\/"},{"@type":"ListItem","position":2,"name":"Durante a sess\u00e3o ordin\u00e1ria realizada nesta segunda-feira, 3 de julho, os vereadores aprovaram por unanimidade quatro requerimentos ao Poder Executivo"}]},{"@type":"WebSite","@id":"https:\/\/itajuba.cam.mg.gov.br\/site\/#website","url":"https:\/\/itajuba.cam.mg.gov.br\/site\/","name":"C\u00e2mara Municipal de Itajub\u00e1","description":"Efici\u00eancia e Transpar\u00eancia","publisher":{"@id":"https:\/\/itajuba.cam.mg.gov.br\/site\/#organization"},"potentialAction":[{"@type":"SearchAction","target":{"@type":"EntryPoint","urlTemplate":"https:\/\/itajuba.cam.mg.gov.br\/site\/?s={search_term_string}"},"query-input":"required name=search_term_string"}],"inLanguage":"pt-BR"},{"@type":"Organization","@id":"https:\/\/itajuba.cam.mg.gov.br\/site\/#organization","name":"C\u00e2mara Municipal de Itajub\u00e1","url":"https:\/\/itajuba.cam.mg.gov.br\/site\/","logo":{"@type":"ImageObject","inLanguage":"pt-BR","@id":"https:\/\/itajuba.cam.mg.gov.br\/site\/#\/schema\/logo\/image\/","url":"https:\/\/itajuba.cam.mg.gov.br\/site\/wp-content\/uploads\/2023\/09\/logo_camara_2024.png","contentUrl":"https:\/\/itajuba.cam.mg.gov.br\/site\/wp-content\/uploads\/2023\/09\/logo_camara_2024.png","width":1000,"height":385,"caption":"C\u00e2mara Municipal de Itajub\u00e1"},"image":{"@id":"https:\/\/itajuba.cam.mg.gov.br\/site\/#\/schema\/logo\/image\/"},"sameAs":["https:\/\/www.facebook.com\/camaradeitajubaoficial","https:\/\/www.instagram.com\/camaradeitajubaoficial\/","https:\/\/www.youtube.com\/user\/TVCAMARAITAJUBA"]},{"@type":"Person","@id":"https:\/\/itajuba.cam.mg.gov.br\/site\/#\/schema\/person\/4573390017f8d6e586382e72ea8aeafc","name":"admin","image":{"@type":"ImageObject","inLanguage":"pt-BR","@id":"https:\/\/itajuba.cam.mg.gov.br\/site\/#\/schema\/person\/image\/","url":"https:\/\/secure.gravatar.com\/avatar\/ac23fed6a914739b5040ccf137d27d0e5125f47777b6aabe6077effebb1fb788?s=96&d=mm&r=g","contentUrl":"https:\/\/secure.gravatar.com\/avatar\/ac23fed6a914739b5040ccf137d27d0e5125f47777b6aabe6077effebb1fb788?s=96&d=mm&r=g","caption":"admin"},"sameAs":["https:\/\/itajuba.cam.mg.gov.br\/site"],"url":"https:\/\/itajuba.cam.mg.gov.br\/site\/author\/admin\/"}]}},"_links":{"self":[{"href":"https:\/\/itajuba.cam.mg.gov.br\/site\/wp-json\/wp\/v2\/posts\/5549","targetHints":{"allow":["GET"]}}],"collection":[{"href":"https:\/\/itajuba.cam.mg.gov.br\/site\/wp-json\/wp\/v2\/posts"}],"about":[{"href":"https:\/\/itajuba.cam.mg.gov.br\/site\/wp-json\/wp\/v2\/types\/post"}],"author":[{"embeddable":true,"href":"https:\/\/itajuba.cam.mg.gov.br\/site\/wp-json\/wp\/v2\/users\/1"}],"replies":[{"embeddable":true,"href":"https:\/\/itajuba.cam.mg.gov.br\/site\/wp-json\/wp\/v2\/comments?post=5549"}],"version-history":[{"count":1,"href":"https:\/\/itajuba.cam.mg.gov.br\/site\/wp-json\/wp\/v2\/posts\/5549\/revisions"}],"predecessor-version":[{"id":5551,"href":"https:\/\/itajuba.cam.mg.gov.br\/site\/wp-json\/wp\/v2\/posts\/5549\/revisions\/5551"}],"wp:featuredmedia":[{"embeddable":true,"href":"https:\/\/itajuba.cam.mg.gov.br\/site\/wp-json\/wp\/v2\/media\/5550"}],"wp:attachment":[{"href":"https:\/\/itajuba.cam.mg.gov.br\/site\/wp-json\/wp\/v2\/media?parent=5549"}],"wp:term":[{"taxonomy":"category","embeddable":true,"href":"https:\/\/itajuba.cam.mg.gov.br\/site\/wp-json\/wp\/v2\/categories?post=5549"},{"taxonomy":"post_tag","embeddable":true,"href":"https:\/\/itajuba.cam.mg.gov.br\/site\/wp-json\/wp\/v2\/tags?post=5549"}],"curies":[{"name":"wp","href":"https:\/\/api.w.org\/{rel}","templated":true}]}}