{"id":5552,"date":"2023-07-03T13:50:45","date_gmt":"2023-07-03T13:50:45","guid":{"rendered":"https:\/\/itajuba.cam.mg.gov.br\/site\/?p=5552"},"modified":"2024-10-07T19:24:43","modified_gmt":"2024-10-07T19:24:43","slug":"a-camara-municipal-de-itajuba-realiza-logo-mais-a-partir-das-19h-a-24a-sessao-ordinaria-do-ano-na-pauta-serao-votados-requerimentos-e-apresentacao-de-indicacoes-dos-vereadores-ao-poder-executivo","status":"publish","type":"post","link":"https:\/\/itajuba.cam.mg.gov.br\/site\/a-camara-municipal-de-itajuba-realiza-logo-mais-a-partir-das-19h-a-24a-sessao-ordinaria-do-ano-na-pauta-serao-votados-requerimentos-e-apresentacao-de-indicacoes-dos-vereadores-ao-poder-executivo\/","title":{"rendered":"A C\u00e2mara Municipal de Itajub\u00e1 realiza logo mais, a partir das 19h, a 24\u00aa Sess\u00e3o Ordin\u00e1ria do ano. Na pauta, ser\u00e3o votados requerimentos e apresenta\u00e7\u00e3o de indica\u00e7\u00f5es dos vereadores ao Poder Executivo, al\u00e9m de apresenta\u00e7\u00e3o de projetos que passam a tramitar na Casa Legislativa."},"content":{"rendered":"<p>As Comiss\u00f5es Permanentes de Constitui\u00e7\u00e3o, Legisla\u00e7\u00e3o e Reda\u00e7\u00e3o, de Obras, Servi\u00e7os P\u00fablicos, Habita\u00e7\u00e3o e Pol\u00edtica Urbana e de Finan\u00e7as, Or\u00e7amento e Fiscaliza\u00e7\u00e3o Financeira, se re\u00fanem conjuntamente nesta ter\u00e7a-feira, 4 de julho, \u00e0s 13h30, no Plen\u00e1rio da C\u00e2mara Municipal de Itajub\u00e1, para emitir pareceres aos seguintes projetos de lei:<\/p>\n<p>Projeto de Lei n\u00ba 4708 \u2013 Institui a \u201cSemana Municipal de Conscientiza\u00e7\u00e3o sobre os Cuidados Paliativos\u201d no Munic\u00edpio de Itajub\u00e1 e d\u00e1 outras provid\u00eancias \u2013 autora: ver. Enfermeira Rita (Republicanos);<\/p>\n<p>Projeto de Lei n\u00ba 4720 \u2013 Estabelece normas para apresenta\u00e7\u00e3o de projetos que gerem custos ou majorem al\u00edquotas de tributos \u00e0s pessoas naturais ou jur\u00eddicas no Munic\u00edpio de Itajub\u00e1 \u2013 MG e d\u00e1 outras provid\u00eancias \u2013 autor: ver. Rafael Rodrigues (UNI\u00c3O);<\/p>\n<p>Projeto de Lei 4721 \u2013 Disp\u00f5e sobre as Diretrizes para Elabora\u00e7\u00e3o da Lei Or\u00e7ament\u00e1ria do Munic\u00edpio de Itajub\u00e1 para o Exerc\u00edcio de 2024, e d\u00e1 outras provid\u00eancias \u2013 autor: Executivo Municipal.<\/p>\n<p>A reuni\u00e3o ter\u00e1 transmiss\u00e3o ao vivo pelo canal TV C\u00e2mara Itajub\u00e1 no Youtube e na p\u00e1gina oficial da C\u00e2mara Municipal de Itajub\u00e1 no Facebook.<\/p>\n","protected":false},"excerpt":{"rendered":"<p>As Comiss\u00f5es Permanentes de Constitui\u00e7\u00e3o, Legisla\u00e7\u00e3o e Reda\u00e7\u00e3o, de Obras, Servi\u00e7os P\u00fablicos, Habita\u00e7\u00e3o e Pol\u00edtica Urbana e de Finan\u00e7as, Or\u00e7amento e Fiscaliza\u00e7\u00e3o Financeira, se re\u00fanem conjuntamente nesta ter\u00e7a-feira, 4 de julho, \u00e0s 13h30, no Plen\u00e1rio da C\u00e2mara Municipal de Itajub\u00e1, para emitir pareceres aos seguintes projetos de lei: Projeto de Lei n\u00ba 4708 \u2013 Institui [&hellip;]<\/p>\n","protected":false},"author":1,"featured_media":5553,"comment_status":"closed","ping_status":"open","sticky":false,"template":"","format":"standard","meta":{"footnotes":""},"categories":[16],"tags":[],"class_list":["post-5552","post","type-post","status-publish","format-standard","has-post-thumbnail","hentry","category-noticias"],"yoast_head":"<!-- This site is optimized with the Yoast SEO plugin v21.0 - https:\/\/yoast.com\/wordpress\/plugins\/seo\/ -->\n<title>A C\u00e2mara Municipal de Itajub\u00e1 realiza logo mais, a partir das 19h, a 24\u00aa Sess\u00e3o Ordin\u00e1ria do ano. Na pauta, ser\u00e3o votados requerimentos e apresenta\u00e7\u00e3o de indica\u00e7\u00f5es dos vereadores ao Poder Executivo, al\u00e9m de apresenta\u00e7\u00e3o de projetos que passam a tramitar na Casa Legislativa. - C\u00e2mara Municipal de Itajub\u00e1<\/title>\n<meta name=\"robots\" content=\"index, follow, max-snippet:-1, max-image-preview:large, max-video-preview:-1\" \/>\n<link rel=\"canonical\" href=\"https:\/\/itajuba.cam.mg.gov.br\/site\/a-camara-municipal-de-itajuba-realiza-logo-mais-a-partir-das-19h-a-24a-sessao-ordinaria-do-ano-na-pauta-serao-votados-requerimentos-e-apresentacao-de-indicacoes-dos-vereadores-ao-poder-executivo\/\" \/>\n<meta property=\"og:locale\" content=\"pt_BR\" \/>\n<meta property=\"og:type\" content=\"article\" \/>\n<meta property=\"og:title\" content=\"A C\u00e2mara Municipal de Itajub\u00e1 realiza logo mais, a partir das 19h, a 24\u00aa Sess\u00e3o Ordin\u00e1ria do ano. Na pauta, ser\u00e3o votados requerimentos e apresenta\u00e7\u00e3o de indica\u00e7\u00f5es dos vereadores ao Poder Executivo, al\u00e9m de apresenta\u00e7\u00e3o de projetos que passam a tramitar na Casa Legislativa. - C\u00e2mara Municipal de Itajub\u00e1\" \/>\n<meta property=\"og:description\" content=\"As Comiss\u00f5es Permanentes de Constitui\u00e7\u00e3o, Legisla\u00e7\u00e3o e Reda\u00e7\u00e3o, de Obras, Servi\u00e7os P\u00fablicos, Habita\u00e7\u00e3o e Pol\u00edtica Urbana e de Finan\u00e7as, Or\u00e7amento e Fiscaliza\u00e7\u00e3o Financeira, se re\u00fanem conjuntamente nesta ter\u00e7a-feira, 4 de julho, \u00e0s 13h30, no Plen\u00e1rio da C\u00e2mara Municipal de Itajub\u00e1, para emitir pareceres aos seguintes projetos de lei: Projeto de Lei n\u00ba 4708 \u2013 Institui [&hellip;]\" \/>\n<meta property=\"og:url\" content=\"https:\/\/itajuba.cam.mg.gov.br\/site\/a-camara-municipal-de-itajuba-realiza-logo-mais-a-partir-das-19h-a-24a-sessao-ordinaria-do-ano-na-pauta-serao-votados-requerimentos-e-apresentacao-de-indicacoes-dos-vereadores-ao-poder-executivo\/\" \/>\n<meta property=\"og:site_name\" content=\"C\u00e2mara Municipal de Itajub\u00e1\" \/>\n<meta property=\"article:publisher\" content=\"https:\/\/www.facebook.com\/camaradeitajubaoficial\" \/>\n<meta property=\"article:published_time\" content=\"2023-07-03T13:50:45+00:00\" \/>\n<meta property=\"article:modified_time\" content=\"2024-10-07T19:24:43+00:00\" \/>\n<meta property=\"og:image\" content=\"https:\/\/itajuba.cam.mg.gov.br\/site\/wp-content\/uploads\/2023\/09\/30.png\" \/>\n\t<meta property=\"og:image:width\" content=\"1024\" \/>\n\t<meta property=\"og:image:height\" content=\"446\" \/>\n\t<meta property=\"og:image:type\" content=\"image\/png\" \/>\n<meta name=\"author\" content=\"admin\" \/>\n<meta name=\"twitter:card\" content=\"summary_large_image\" \/>\n<meta name=\"twitter:label1\" content=\"Escrito por\" \/>\n\t<meta name=\"twitter:data1\" content=\"admin\" \/>\n\t<meta name=\"twitter:label2\" content=\"Est. tempo de leitura\" \/>\n\t<meta name=\"twitter:data2\" content=\"1 minuto\" \/>\n<script type=\"application\/ld+json\" class=\"yoast-schema-graph\">{\"@context\":\"https:\/\/schema.org\",\"@graph\":[{\"@type\":\"Article\",\"@id\":\"https:\/\/itajuba.cam.mg.gov.br\/site\/a-camara-municipal-de-itajuba-realiza-logo-mais-a-partir-das-19h-a-24a-sessao-ordinaria-do-ano-na-pauta-serao-votados-requerimentos-e-apresentacao-de-indicacoes-dos-vereadores-ao-poder-executivo\/#article\",\"isPartOf\":{\"@id\":\"https:\/\/itajuba.cam.mg.gov.br\/site\/a-camara-municipal-de-itajuba-realiza-logo-mais-a-partir-das-19h-a-24a-sessao-ordinaria-do-ano-na-pauta-serao-votados-requerimentos-e-apresentacao-de-indicacoes-dos-vereadores-ao-poder-executivo\/\"},\"author\":{\"name\":\"admin\",\"@id\":\"https:\/\/itajuba.cam.mg.gov.br\/site\/#\/schema\/person\/4573390017f8d6e586382e72ea8aeafc\"},\"headline\":\"A C\u00e2mara Municipal de Itajub\u00e1 realiza logo mais, a partir das 19h, a 24\u00aa Sess\u00e3o Ordin\u00e1ria do ano. Na pauta, ser\u00e3o votados requerimentos e apresenta\u00e7\u00e3o de indica\u00e7\u00f5es dos vereadores ao Poder Executivo, al\u00e9m de apresenta\u00e7\u00e3o de projetos que passam a tramitar na Casa Legislativa.\",\"datePublished\":\"2023-07-03T13:50:45+00:00\",\"dateModified\":\"2024-10-07T19:24:43+00:00\",\"mainEntityOfPage\":{\"@id\":\"https:\/\/itajuba.cam.mg.gov.br\/site\/a-camara-municipal-de-itajuba-realiza-logo-mais-a-partir-das-19h-a-24a-sessao-ordinaria-do-ano-na-pauta-serao-votados-requerimentos-e-apresentacao-de-indicacoes-dos-vereadores-ao-poder-executivo\/\"},\"wordCount\":249,\"publisher\":{\"@id\":\"https:\/\/itajuba.cam.mg.gov.br\/site\/#organization\"},\"articleSection\":[\"Not\u00edcias\"],\"inLanguage\":\"pt-BR\"},{\"@type\":\"WebPage\",\"@id\":\"https:\/\/itajuba.cam.mg.gov.br\/site\/a-camara-municipal-de-itajuba-realiza-logo-mais-a-partir-das-19h-a-24a-sessao-ordinaria-do-ano-na-pauta-serao-votados-requerimentos-e-apresentacao-de-indicacoes-dos-vereadores-ao-poder-executivo\/\",\"url\":\"https:\/\/itajuba.cam.mg.gov.br\/site\/a-camara-municipal-de-itajuba-realiza-logo-mais-a-partir-das-19h-a-24a-sessao-ordinaria-do-ano-na-pauta-serao-votados-requerimentos-e-apresentacao-de-indicacoes-dos-vereadores-ao-poder-executivo\/\",\"name\":\"A C\u00e2mara Municipal de Itajub\u00e1 realiza logo mais, a partir das 19h, a 24\u00aa Sess\u00e3o Ordin\u00e1ria do ano. Na pauta, ser\u00e3o votados requerimentos e apresenta\u00e7\u00e3o de indica\u00e7\u00f5es dos vereadores ao Poder Executivo, al\u00e9m de apresenta\u00e7\u00e3o de projetos que passam a tramitar na Casa Legislativa. - C\u00e2mara Municipal de Itajub\u00e1\",\"isPartOf\":{\"@id\":\"https:\/\/itajuba.cam.mg.gov.br\/site\/#website\"},\"datePublished\":\"2023-07-03T13:50:45+00:00\",\"dateModified\":\"2024-10-07T19:24:43+00:00\",\"breadcrumb\":{\"@id\":\"https:\/\/itajuba.cam.mg.gov.br\/site\/a-camara-municipal-de-itajuba-realiza-logo-mais-a-partir-das-19h-a-24a-sessao-ordinaria-do-ano-na-pauta-serao-votados-requerimentos-e-apresentacao-de-indicacoes-dos-vereadores-ao-poder-executivo\/#breadcrumb\"},\"inLanguage\":\"pt-BR\",\"potentialAction\":[{\"@type\":\"ReadAction\",\"target\":[\"https:\/\/itajuba.cam.mg.gov.br\/site\/a-camara-municipal-de-itajuba-realiza-logo-mais-a-partir-das-19h-a-24a-sessao-ordinaria-do-ano-na-pauta-serao-votados-requerimentos-e-apresentacao-de-indicacoes-dos-vereadores-ao-poder-executivo\/\"]}]},{\"@type\":\"BreadcrumbList\",\"@id\":\"https:\/\/itajuba.cam.mg.gov.br\/site\/a-camara-municipal-de-itajuba-realiza-logo-mais-a-partir-das-19h-a-24a-sessao-ordinaria-do-ano-na-pauta-serao-votados-requerimentos-e-apresentacao-de-indicacoes-dos-vereadores-ao-poder-executivo\/#breadcrumb\",\"itemListElement\":[{\"@type\":\"ListItem\",\"position\":1,\"name\":\"In\u00edcio\",\"item\":\"https:\/\/itajuba.cam.mg.gov.br\/site\/\"},{\"@type\":\"ListItem\",\"position\":2,\"name\":\"A C\u00e2mara Municipal de Itajub\u00e1 realiza logo mais, a partir das 19h, a 24\u00aa Sess\u00e3o Ordin\u00e1ria do ano. Na pauta, ser\u00e3o votados requerimentos e apresenta\u00e7\u00e3o de indica\u00e7\u00f5es dos vereadores ao Poder Executivo, al\u00e9m de apresenta\u00e7\u00e3o de projetos que passam a tramitar na Casa Legislativa.\"}]},{\"@type\":\"WebSite\",\"@id\":\"https:\/\/itajuba.cam.mg.gov.br\/site\/#website\",\"url\":\"https:\/\/itajuba.cam.mg.gov.br\/site\/\",\"name\":\"C\u00e2mara Municipal de Itajub\u00e1\",\"description\":\"Efici\u00eancia e Transpar\u00eancia\",\"publisher\":{\"@id\":\"https:\/\/itajuba.cam.mg.gov.br\/site\/#organization\"},\"potentialAction\":[{\"@type\":\"SearchAction\",\"target\":{\"@type\":\"EntryPoint\",\"urlTemplate\":\"https:\/\/itajuba.cam.mg.gov.br\/site\/?s={search_term_string}\"},\"query-input\":\"required name=search_term_string\"}],\"inLanguage\":\"pt-BR\"},{\"@type\":\"Organization\",\"@id\":\"https:\/\/itajuba.cam.mg.gov.br\/site\/#organization\",\"name\":\"C\u00e2mara Municipal de Itajub\u00e1\",\"url\":\"https:\/\/itajuba.cam.mg.gov.br\/site\/\",\"logo\":{\"@type\":\"ImageObject\",\"inLanguage\":\"pt-BR\",\"@id\":\"https:\/\/itajuba.cam.mg.gov.br\/site\/#\/schema\/logo\/image\/\",\"url\":\"https:\/\/itajuba.cam.mg.gov.br\/site\/wp-content\/uploads\/2023\/09\/logo_camara_2024.png\",\"contentUrl\":\"https:\/\/itajuba.cam.mg.gov.br\/site\/wp-content\/uploads\/2023\/09\/logo_camara_2024.png\",\"width\":1000,\"height\":385,\"caption\":\"C\u00e2mara Municipal de Itajub\u00e1\"},\"image\":{\"@id\":\"https:\/\/itajuba.cam.mg.gov.br\/site\/#\/schema\/logo\/image\/\"},\"sameAs\":[\"https:\/\/www.facebook.com\/camaradeitajubaoficial\",\"https:\/\/www.instagram.com\/camaradeitajubaoficial\/\",\"https:\/\/www.youtube.com\/user\/TVCAMARAITAJUBA\"]},{\"@type\":\"Person\",\"@id\":\"https:\/\/itajuba.cam.mg.gov.br\/site\/#\/schema\/person\/4573390017f8d6e586382e72ea8aeafc\",\"name\":\"admin\",\"image\":{\"@type\":\"ImageObject\",\"inLanguage\":\"pt-BR\",\"@id\":\"https:\/\/itajuba.cam.mg.gov.br\/site\/#\/schema\/person\/image\/\",\"url\":\"https:\/\/secure.gravatar.com\/avatar\/ac23fed6a914739b5040ccf137d27d0e5125f47777b6aabe6077effebb1fb788?s=96&d=mm&r=g\",\"contentUrl\":\"https:\/\/secure.gravatar.com\/avatar\/ac23fed6a914739b5040ccf137d27d0e5125f47777b6aabe6077effebb1fb788?s=96&d=mm&r=g\",\"caption\":\"admin\"},\"sameAs\":[\"https:\/\/itajuba.cam.mg.gov.br\/site\"],\"url\":\"https:\/\/itajuba.cam.mg.gov.br\/site\/author\/admin\/\"}]}<\/script>\n<!-- \/ Yoast SEO plugin. -->","yoast_head_json":{"title":"A C\u00e2mara Municipal de Itajub\u00e1 realiza logo mais, a partir das 19h, a 24\u00aa Sess\u00e3o Ordin\u00e1ria do ano. Na pauta, ser\u00e3o votados requerimentos e apresenta\u00e7\u00e3o de indica\u00e7\u00f5es dos vereadores ao Poder Executivo, al\u00e9m de apresenta\u00e7\u00e3o de projetos que passam a tramitar na Casa Legislativa. - C\u00e2mara Municipal de Itajub\u00e1","robots":{"index":"index","follow":"follow","max-snippet":"max-snippet:-1","max-image-preview":"max-image-preview:large","max-video-preview":"max-video-preview:-1"},"canonical":"https:\/\/itajuba.cam.mg.gov.br\/site\/a-camara-municipal-de-itajuba-realiza-logo-mais-a-partir-das-19h-a-24a-sessao-ordinaria-do-ano-na-pauta-serao-votados-requerimentos-e-apresentacao-de-indicacoes-dos-vereadores-ao-poder-executivo\/","og_locale":"pt_BR","og_type":"article","og_title":"A C\u00e2mara Municipal de Itajub\u00e1 realiza logo mais, a partir das 19h, a 24\u00aa Sess\u00e3o Ordin\u00e1ria do ano. Na pauta, ser\u00e3o votados requerimentos e apresenta\u00e7\u00e3o de indica\u00e7\u00f5es dos vereadores ao Poder Executivo, al\u00e9m de apresenta\u00e7\u00e3o de projetos que passam a tramitar na Casa Legislativa. - C\u00e2mara Municipal de Itajub\u00e1","og_description":"As Comiss\u00f5es Permanentes de Constitui\u00e7\u00e3o, Legisla\u00e7\u00e3o e Reda\u00e7\u00e3o, de Obras, Servi\u00e7os P\u00fablicos, Habita\u00e7\u00e3o e Pol\u00edtica Urbana e de Finan\u00e7as, Or\u00e7amento e Fiscaliza\u00e7\u00e3o Financeira, se re\u00fanem conjuntamente nesta ter\u00e7a-feira, 4 de julho, \u00e0s 13h30, no Plen\u00e1rio da C\u00e2mara Municipal de Itajub\u00e1, para emitir pareceres aos seguintes projetos de lei: Projeto de Lei n\u00ba 4708 \u2013 Institui [&hellip;]","og_url":"https:\/\/itajuba.cam.mg.gov.br\/site\/a-camara-municipal-de-itajuba-realiza-logo-mais-a-partir-das-19h-a-24a-sessao-ordinaria-do-ano-na-pauta-serao-votados-requerimentos-e-apresentacao-de-indicacoes-dos-vereadores-ao-poder-executivo\/","og_site_name":"C\u00e2mara Municipal de Itajub\u00e1","article_publisher":"https:\/\/www.facebook.com\/camaradeitajubaoficial","article_published_time":"2023-07-03T13:50:45+00:00","article_modified_time":"2024-10-07T19:24:43+00:00","og_image":[{"width":1024,"height":446,"url":"https:\/\/itajuba.cam.mg.gov.br\/site\/wp-content\/uploads\/2023\/09\/30.png","type":"image\/png"}],"author":"admin","twitter_card":"summary_large_image","twitter_misc":{"Escrito por":"admin","Est. tempo de leitura":"1 minuto"},"schema":{"@context":"https:\/\/schema.org","@graph":[{"@type":"Article","@id":"https:\/\/itajuba.cam.mg.gov.br\/site\/a-camara-municipal-de-itajuba-realiza-logo-mais-a-partir-das-19h-a-24a-sessao-ordinaria-do-ano-na-pauta-serao-votados-requerimentos-e-apresentacao-de-indicacoes-dos-vereadores-ao-poder-executivo\/#article","isPartOf":{"@id":"https:\/\/itajuba.cam.mg.gov.br\/site\/a-camara-municipal-de-itajuba-realiza-logo-mais-a-partir-das-19h-a-24a-sessao-ordinaria-do-ano-na-pauta-serao-votados-requerimentos-e-apresentacao-de-indicacoes-dos-vereadores-ao-poder-executivo\/"},"author":{"name":"admin","@id":"https:\/\/itajuba.cam.mg.gov.br\/site\/#\/schema\/person\/4573390017f8d6e586382e72ea8aeafc"},"headline":"A C\u00e2mara Municipal de Itajub\u00e1 realiza logo mais, a partir das 19h, a 24\u00aa Sess\u00e3o Ordin\u00e1ria do ano. Na pauta, ser\u00e3o votados requerimentos e apresenta\u00e7\u00e3o de indica\u00e7\u00f5es dos vereadores ao Poder Executivo, al\u00e9m de apresenta\u00e7\u00e3o de projetos que passam a tramitar na Casa Legislativa.","datePublished":"2023-07-03T13:50:45+00:00","dateModified":"2024-10-07T19:24:43+00:00","mainEntityOfPage":{"@id":"https:\/\/itajuba.cam.mg.gov.br\/site\/a-camara-municipal-de-itajuba-realiza-logo-mais-a-partir-das-19h-a-24a-sessao-ordinaria-do-ano-na-pauta-serao-votados-requerimentos-e-apresentacao-de-indicacoes-dos-vereadores-ao-poder-executivo\/"},"wordCount":249,"publisher":{"@id":"https:\/\/itajuba.cam.mg.gov.br\/site\/#organization"},"articleSection":["Not\u00edcias"],"inLanguage":"pt-BR"},{"@type":"WebPage","@id":"https:\/\/itajuba.cam.mg.gov.br\/site\/a-camara-municipal-de-itajuba-realiza-logo-mais-a-partir-das-19h-a-24a-sessao-ordinaria-do-ano-na-pauta-serao-votados-requerimentos-e-apresentacao-de-indicacoes-dos-vereadores-ao-poder-executivo\/","url":"https:\/\/itajuba.cam.mg.gov.br\/site\/a-camara-municipal-de-itajuba-realiza-logo-mais-a-partir-das-19h-a-24a-sessao-ordinaria-do-ano-na-pauta-serao-votados-requerimentos-e-apresentacao-de-indicacoes-dos-vereadores-ao-poder-executivo\/","name":"A C\u00e2mara Municipal de Itajub\u00e1 realiza logo mais, a partir das 19h, a 24\u00aa Sess\u00e3o Ordin\u00e1ria do ano. Na pauta, ser\u00e3o votados requerimentos e apresenta\u00e7\u00e3o de indica\u00e7\u00f5es dos vereadores ao Poder Executivo, al\u00e9m de apresenta\u00e7\u00e3o de projetos que passam a tramitar na Casa Legislativa. - C\u00e2mara Municipal de Itajub\u00e1","isPartOf":{"@id":"https:\/\/itajuba.cam.mg.gov.br\/site\/#website"},"datePublished":"2023-07-03T13:50:45+00:00","dateModified":"2024-10-07T19:24:43+00:00","breadcrumb":{"@id":"https:\/\/itajuba.cam.mg.gov.br\/site\/a-camara-municipal-de-itajuba-realiza-logo-mais-a-partir-das-19h-a-24a-sessao-ordinaria-do-ano-na-pauta-serao-votados-requerimentos-e-apresentacao-de-indicacoes-dos-vereadores-ao-poder-executivo\/#breadcrumb"},"inLanguage":"pt-BR","potentialAction":[{"@type":"ReadAction","target":["https:\/\/itajuba.cam.mg.gov.br\/site\/a-camara-municipal-de-itajuba-realiza-logo-mais-a-partir-das-19h-a-24a-sessao-ordinaria-do-ano-na-pauta-serao-votados-requerimentos-e-apresentacao-de-indicacoes-dos-vereadores-ao-poder-executivo\/"]}]},{"@type":"BreadcrumbList","@id":"https:\/\/itajuba.cam.mg.gov.br\/site\/a-camara-municipal-de-itajuba-realiza-logo-mais-a-partir-das-19h-a-24a-sessao-ordinaria-do-ano-na-pauta-serao-votados-requerimentos-e-apresentacao-de-indicacoes-dos-vereadores-ao-poder-executivo\/#breadcrumb","itemListElement":[{"@type":"ListItem","position":1,"name":"In\u00edcio","item":"https:\/\/itajuba.cam.mg.gov.br\/site\/"},{"@type":"ListItem","position":2,"name":"A C\u00e2mara Municipal de Itajub\u00e1 realiza logo mais, a partir das 19h, a 24\u00aa Sess\u00e3o Ordin\u00e1ria do ano. Na pauta, ser\u00e3o votados requerimentos e apresenta\u00e7\u00e3o de indica\u00e7\u00f5es dos vereadores ao Poder Executivo, al\u00e9m de apresenta\u00e7\u00e3o de projetos que passam a tramitar na Casa Legislativa."}]},{"@type":"WebSite","@id":"https:\/\/itajuba.cam.mg.gov.br\/site\/#website","url":"https:\/\/itajuba.cam.mg.gov.br\/site\/","name":"C\u00e2mara Municipal de Itajub\u00e1","description":"Efici\u00eancia e Transpar\u00eancia","publisher":{"@id":"https:\/\/itajuba.cam.mg.gov.br\/site\/#organization"},"potentialAction":[{"@type":"SearchAction","target":{"@type":"EntryPoint","urlTemplate":"https:\/\/itajuba.cam.mg.gov.br\/site\/?s={search_term_string}"},"query-input":"required name=search_term_string"}],"inLanguage":"pt-BR"},{"@type":"Organization","@id":"https:\/\/itajuba.cam.mg.gov.br\/site\/#organization","name":"C\u00e2mara Municipal de Itajub\u00e1","url":"https:\/\/itajuba.cam.mg.gov.br\/site\/","logo":{"@type":"ImageObject","inLanguage":"pt-BR","@id":"https:\/\/itajuba.cam.mg.gov.br\/site\/#\/schema\/logo\/image\/","url":"https:\/\/itajuba.cam.mg.gov.br\/site\/wp-content\/uploads\/2023\/09\/logo_camara_2024.png","contentUrl":"https:\/\/itajuba.cam.mg.gov.br\/site\/wp-content\/uploads\/2023\/09\/logo_camara_2024.png","width":1000,"height":385,"caption":"C\u00e2mara Municipal de Itajub\u00e1"},"image":{"@id":"https:\/\/itajuba.cam.mg.gov.br\/site\/#\/schema\/logo\/image\/"},"sameAs":["https:\/\/www.facebook.com\/camaradeitajubaoficial","https:\/\/www.instagram.com\/camaradeitajubaoficial\/","https:\/\/www.youtube.com\/user\/TVCAMARAITAJUBA"]},{"@type":"Person","@id":"https:\/\/itajuba.cam.mg.gov.br\/site\/#\/schema\/person\/4573390017f8d6e586382e72ea8aeafc","name":"admin","image":{"@type":"ImageObject","inLanguage":"pt-BR","@id":"https:\/\/itajuba.cam.mg.gov.br\/site\/#\/schema\/person\/image\/","url":"https:\/\/secure.gravatar.com\/avatar\/ac23fed6a914739b5040ccf137d27d0e5125f47777b6aabe6077effebb1fb788?s=96&d=mm&r=g","contentUrl":"https:\/\/secure.gravatar.com\/avatar\/ac23fed6a914739b5040ccf137d27d0e5125f47777b6aabe6077effebb1fb788?s=96&d=mm&r=g","caption":"admin"},"sameAs":["https:\/\/itajuba.cam.mg.gov.br\/site"],"url":"https:\/\/itajuba.cam.mg.gov.br\/site\/author\/admin\/"}]}},"_links":{"self":[{"href":"https:\/\/itajuba.cam.mg.gov.br\/site\/wp-json\/wp\/v2\/posts\/5552","targetHints":{"allow":["GET"]}}],"collection":[{"href":"https:\/\/itajuba.cam.mg.gov.br\/site\/wp-json\/wp\/v2\/posts"}],"about":[{"href":"https:\/\/itajuba.cam.mg.gov.br\/site\/wp-json\/wp\/v2\/types\/post"}],"author":[{"embeddable":true,"href":"https:\/\/itajuba.cam.mg.gov.br\/site\/wp-json\/wp\/v2\/users\/1"}],"replies":[{"embeddable":true,"href":"https:\/\/itajuba.cam.mg.gov.br\/site\/wp-json\/wp\/v2\/comments?post=5552"}],"version-history":[{"count":1,"href":"https:\/\/itajuba.cam.mg.gov.br\/site\/wp-json\/wp\/v2\/posts\/5552\/revisions"}],"predecessor-version":[{"id":5554,"href":"https:\/\/itajuba.cam.mg.gov.br\/site\/wp-json\/wp\/v2\/posts\/5552\/revisions\/5554"}],"wp:featuredmedia":[{"embeddable":true,"href":"https:\/\/itajuba.cam.mg.gov.br\/site\/wp-json\/wp\/v2\/media\/5553"}],"wp:attachment":[{"href":"https:\/\/itajuba.cam.mg.gov.br\/site\/wp-json\/wp\/v2\/media?parent=5552"}],"wp:term":[{"taxonomy":"category","embeddable":true,"href":"https:\/\/itajuba.cam.mg.gov.br\/site\/wp-json\/wp\/v2\/categories?post=5552"},{"taxonomy":"post_tag","embeddable":true,"href":"https:\/\/itajuba.cam.mg.gov.br\/site\/wp-json\/wp\/v2\/tags?post=5552"}],"curies":[{"name":"wp","href":"https:\/\/api.w.org\/{rel}","templated":true}]}}