{"id":5558,"date":"2023-06-30T13:52:41","date_gmt":"2023-06-30T13:52:41","guid":{"rendered":"https:\/\/itajuba.cam.mg.gov.br\/site\/?p=5558"},"modified":"2024-10-07T19:25:03","modified_gmt":"2024-10-07T19:25:03","slug":"mes-setembro-amarelo-dedicado-a-prevencao-do-suicidio-e-aprovado-pelos-vereadores","status":"publish","type":"post","link":"https:\/\/itajuba.cam.mg.gov.br\/site\/mes-setembro-amarelo-dedicado-a-prevencao-do-suicidio-e-aprovado-pelos-vereadores\/","title":{"rendered":"M\u00eas \u201cSetembro Amarelo\u201d, dedicado \u00e0 preven\u00e7\u00e3o do suic\u00eddio, \u00e9 aprovado pelos vereadores"},"content":{"rendered":"<p>Foi aprovado pelos vereadores o Projeto de Lei N\u00ba 4712\/2023, que institui e Inclui no Calend\u00e1rio Oficial de Eventos e Festas do Munic\u00edpio de Itajub\u00e1 o m\u00eas \u2018Setembro Amarelo\u2019, dedicado \u00e0 preven\u00e7\u00e3o ao suic\u00eddio.<\/p>\n<p>O projeto \u00e9 de autoria do vereador Markinhu Meireles (PSD) e tem o objetivo de levar conhecimento e informa\u00e7\u00e3o \u00e0s pessoas sobre as causas e formas de preven\u00e7\u00e3o do suic\u00eddio. Entre as a\u00e7\u00f5es, discutir e promover o debate sobre o suic\u00eddio e suas poss\u00edveis causas e contribuir para a redu\u00e7\u00e3o dos casos e tentativas de suic\u00eddios em Itajub\u00e1.<\/p>\n<p>A nova lei recomenda, sempre que poss\u00edvel, que ser\u00e1 procedida a ilumina\u00e7\u00e3o em amarelo das edifica\u00e7\u00f5es p\u00fablicas municipais, de forma a remeter ao tema durante todo o m\u00eas de setembro.<\/p>\n<p>Os dados sobre suic\u00eddio s\u00e3o alarmantes. Em 2014, a Organiza\u00e7\u00e3o Mundial da Sa\u00fade (OMS) publicou um relat\u00f3rio que mostra o Brasil entre os 10 pa\u00edses com maior n\u00famero de suic\u00eddio das Am\u00e9ricas. Aproximadamente, uma pessoa se mata por hora no pa\u00eds, sendo os jovens o grupo mais vulner\u00e1vel. Ainda de acordo com a OMS, a taxa de suic\u00eddio no Brasil vem crescendo consideravelmente, ocupando o terceiro lugar entre as mortes violentas no Brasil, ficando atr\u00e1s dos homic\u00eddios e acidentes de tr\u00e2nsito. Neste contexto, o Brasil faz parte dos 17% dentre 172 pa\u00edses que tiveram um aumento em suas taxas, em vez de redu\u00e7\u00e3o. No ranking desses pa\u00edses pesquisados, o Brasil \u00e9 o oitavo desse tipo de morte.<\/p>\n<p>Atualmente, o dia 10 de setembro \u00e9 considerado o Dia Mundial para a Preven\u00e7\u00e3o do Suic\u00eddio. Nesta data, promovem-se, em todo o mundo, acordos e medidas pr\u00e1ticas para prevenir essas mortes.<\/p>\n<p>O Minist\u00e9rio da Sa\u00fade entende que o suic\u00eddio \u00e9 um problema de sa\u00fade p\u00fablica que pode ser prevenido. \u201cA institui\u00e7\u00e3o do \u2018Setembro Amarelo\u2019 viabilizar\u00e1 a conscientiza\u00e7\u00e3o acerca do suic\u00eddio, sendo de suma import\u00e2ncia para o alcance do objetivo de sua redu\u00e7\u00e3o\u201d, destacou Markinhu Meireles.<\/p>\n","protected":false},"excerpt":{"rendered":"<p>Foi aprovado pelos vereadores o Projeto de Lei N\u00ba 4712\/2023, que institui e Inclui no Calend\u00e1rio Oficial de Eventos e Festas do Munic\u00edpio de Itajub\u00e1 o m\u00eas \u2018Setembro Amarelo\u2019, dedicado \u00e0 preven\u00e7\u00e3o ao suic\u00eddio. O projeto \u00e9 de autoria do vereador Markinhu Meireles (PSD) e tem o objetivo de levar conhecimento e informa\u00e7\u00e3o \u00e0s pessoas [&hellip;]<\/p>\n","protected":false},"author":1,"featured_media":5556,"comment_status":"closed","ping_status":"open","sticky":false,"template":"","format":"standard","meta":{"footnotes":""},"categories":[16],"tags":[],"class_list":["post-5558","post","type-post","status-publish","format-standard","has-post-thumbnail","hentry","category-noticias"],"yoast_head":"<!-- This site is optimized with the Yoast SEO plugin v21.0 - https:\/\/yoast.com\/wordpress\/plugins\/seo\/ -->\n<title>M\u00eas \u201cSetembro Amarelo\u201d, dedicado \u00e0 preven\u00e7\u00e3o do suic\u00eddio, \u00e9 aprovado pelos vereadores - C\u00e2mara Municipal de Itajub\u00e1<\/title>\n<meta name=\"robots\" content=\"index, follow, max-snippet:-1, max-image-preview:large, max-video-preview:-1\" \/>\n<link rel=\"canonical\" href=\"https:\/\/itajuba.cam.mg.gov.br\/site\/mes-setembro-amarelo-dedicado-a-prevencao-do-suicidio-e-aprovado-pelos-vereadores\/\" \/>\n<meta property=\"og:locale\" content=\"pt_BR\" \/>\n<meta property=\"og:type\" content=\"article\" \/>\n<meta property=\"og:title\" content=\"M\u00eas \u201cSetembro Amarelo\u201d, dedicado \u00e0 preven\u00e7\u00e3o do suic\u00eddio, \u00e9 aprovado pelos vereadores - C\u00e2mara Municipal de Itajub\u00e1\" \/>\n<meta property=\"og:description\" content=\"Foi aprovado pelos vereadores o Projeto de Lei N\u00ba 4712\/2023, que institui e Inclui no Calend\u00e1rio Oficial de Eventos e Festas do Munic\u00edpio de Itajub\u00e1 o m\u00eas \u2018Setembro Amarelo\u2019, dedicado \u00e0 preven\u00e7\u00e3o ao suic\u00eddio. O projeto \u00e9 de autoria do vereador Markinhu Meireles (PSD) e tem o objetivo de levar conhecimento e informa\u00e7\u00e3o \u00e0s pessoas [&hellip;]\" \/>\n<meta property=\"og:url\" content=\"https:\/\/itajuba.cam.mg.gov.br\/site\/mes-setembro-amarelo-dedicado-a-prevencao-do-suicidio-e-aprovado-pelos-vereadores\/\" \/>\n<meta property=\"og:site_name\" content=\"C\u00e2mara Municipal de Itajub\u00e1\" \/>\n<meta property=\"article:publisher\" content=\"https:\/\/www.facebook.com\/camaradeitajubaoficial\" \/>\n<meta property=\"article:published_time\" content=\"2023-06-30T13:52:41+00:00\" \/>\n<meta property=\"article:modified_time\" content=\"2024-10-07T19:25:03+00:00\" \/>\n<meta property=\"og:image\" content=\"https:\/\/itajuba.cam.mg.gov.br\/site\/wp-content\/uploads\/2023\/09\/31.png\" \/>\n\t<meta property=\"og:image:width\" content=\"1024\" \/>\n\t<meta property=\"og:image:height\" content=\"446\" \/>\n\t<meta property=\"og:image:type\" content=\"image\/png\" \/>\n<meta name=\"author\" content=\"admin\" \/>\n<meta name=\"twitter:card\" content=\"summary_large_image\" \/>\n<meta name=\"twitter:label1\" content=\"Escrito por\" \/>\n\t<meta name=\"twitter:data1\" content=\"admin\" \/>\n\t<meta name=\"twitter:label2\" content=\"Est. tempo de leitura\" \/>\n\t<meta name=\"twitter:data2\" content=\"2 minutos\" \/>\n<script type=\"application\/ld+json\" class=\"yoast-schema-graph\">{\"@context\":\"https:\/\/schema.org\",\"@graph\":[{\"@type\":\"Article\",\"@id\":\"https:\/\/itajuba.cam.mg.gov.br\/site\/mes-setembro-amarelo-dedicado-a-prevencao-do-suicidio-e-aprovado-pelos-vereadores\/#article\",\"isPartOf\":{\"@id\":\"https:\/\/itajuba.cam.mg.gov.br\/site\/mes-setembro-amarelo-dedicado-a-prevencao-do-suicidio-e-aprovado-pelos-vereadores\/\"},\"author\":{\"name\":\"admin\",\"@id\":\"https:\/\/itajuba.cam.mg.gov.br\/site\/#\/schema\/person\/4573390017f8d6e586382e72ea8aeafc\"},\"headline\":\"M\u00eas \u201cSetembro Amarelo\u201d, dedicado \u00e0 preven\u00e7\u00e3o do suic\u00eddio, \u00e9 aprovado pelos vereadores\",\"datePublished\":\"2023-06-30T13:52:41+00:00\",\"dateModified\":\"2024-10-07T19:25:03+00:00\",\"mainEntityOfPage\":{\"@id\":\"https:\/\/itajuba.cam.mg.gov.br\/site\/mes-setembro-amarelo-dedicado-a-prevencao-do-suicidio-e-aprovado-pelos-vereadores\/\"},\"wordCount\":365,\"publisher\":{\"@id\":\"https:\/\/itajuba.cam.mg.gov.br\/site\/#organization\"},\"articleSection\":[\"Not\u00edcias\"],\"inLanguage\":\"pt-BR\"},{\"@type\":\"WebPage\",\"@id\":\"https:\/\/itajuba.cam.mg.gov.br\/site\/mes-setembro-amarelo-dedicado-a-prevencao-do-suicidio-e-aprovado-pelos-vereadores\/\",\"url\":\"https:\/\/itajuba.cam.mg.gov.br\/site\/mes-setembro-amarelo-dedicado-a-prevencao-do-suicidio-e-aprovado-pelos-vereadores\/\",\"name\":\"M\u00eas \u201cSetembro Amarelo\u201d, dedicado \u00e0 preven\u00e7\u00e3o do suic\u00eddio, \u00e9 aprovado pelos vereadores - C\u00e2mara Municipal de Itajub\u00e1\",\"isPartOf\":{\"@id\":\"https:\/\/itajuba.cam.mg.gov.br\/site\/#website\"},\"datePublished\":\"2023-06-30T13:52:41+00:00\",\"dateModified\":\"2024-10-07T19:25:03+00:00\",\"breadcrumb\":{\"@id\":\"https:\/\/itajuba.cam.mg.gov.br\/site\/mes-setembro-amarelo-dedicado-a-prevencao-do-suicidio-e-aprovado-pelos-vereadores\/#breadcrumb\"},\"inLanguage\":\"pt-BR\",\"potentialAction\":[{\"@type\":\"ReadAction\",\"target\":[\"https:\/\/itajuba.cam.mg.gov.br\/site\/mes-setembro-amarelo-dedicado-a-prevencao-do-suicidio-e-aprovado-pelos-vereadores\/\"]}]},{\"@type\":\"BreadcrumbList\",\"@id\":\"https:\/\/itajuba.cam.mg.gov.br\/site\/mes-setembro-amarelo-dedicado-a-prevencao-do-suicidio-e-aprovado-pelos-vereadores\/#breadcrumb\",\"itemListElement\":[{\"@type\":\"ListItem\",\"position\":1,\"name\":\"In\u00edcio\",\"item\":\"https:\/\/itajuba.cam.mg.gov.br\/site\/\"},{\"@type\":\"ListItem\",\"position\":2,\"name\":\"M\u00eas \u201cSetembro Amarelo\u201d, dedicado \u00e0 preven\u00e7\u00e3o do suic\u00eddio, \u00e9 aprovado pelos vereadores\"}]},{\"@type\":\"WebSite\",\"@id\":\"https:\/\/itajuba.cam.mg.gov.br\/site\/#website\",\"url\":\"https:\/\/itajuba.cam.mg.gov.br\/site\/\",\"name\":\"C\u00e2mara Municipal de Itajub\u00e1\",\"description\":\"Efici\u00eancia e Transpar\u00eancia\",\"publisher\":{\"@id\":\"https:\/\/itajuba.cam.mg.gov.br\/site\/#organization\"},\"potentialAction\":[{\"@type\":\"SearchAction\",\"target\":{\"@type\":\"EntryPoint\",\"urlTemplate\":\"https:\/\/itajuba.cam.mg.gov.br\/site\/?s={search_term_string}\"},\"query-input\":\"required name=search_term_string\"}],\"inLanguage\":\"pt-BR\"},{\"@type\":\"Organization\",\"@id\":\"https:\/\/itajuba.cam.mg.gov.br\/site\/#organization\",\"name\":\"C\u00e2mara Municipal de Itajub\u00e1\",\"url\":\"https:\/\/itajuba.cam.mg.gov.br\/site\/\",\"logo\":{\"@type\":\"ImageObject\",\"inLanguage\":\"pt-BR\",\"@id\":\"https:\/\/itajuba.cam.mg.gov.br\/site\/#\/schema\/logo\/image\/\",\"url\":\"https:\/\/itajuba.cam.mg.gov.br\/site\/wp-content\/uploads\/2023\/09\/logo_camara_2024.png\",\"contentUrl\":\"https:\/\/itajuba.cam.mg.gov.br\/site\/wp-content\/uploads\/2023\/09\/logo_camara_2024.png\",\"width\":1000,\"height\":385,\"caption\":\"C\u00e2mara Municipal de Itajub\u00e1\"},\"image\":{\"@id\":\"https:\/\/itajuba.cam.mg.gov.br\/site\/#\/schema\/logo\/image\/\"},\"sameAs\":[\"https:\/\/www.facebook.com\/camaradeitajubaoficial\",\"https:\/\/www.instagram.com\/camaradeitajubaoficial\/\",\"https:\/\/www.youtube.com\/user\/TVCAMARAITAJUBA\"]},{\"@type\":\"Person\",\"@id\":\"https:\/\/itajuba.cam.mg.gov.br\/site\/#\/schema\/person\/4573390017f8d6e586382e72ea8aeafc\",\"name\":\"admin\",\"image\":{\"@type\":\"ImageObject\",\"inLanguage\":\"pt-BR\",\"@id\":\"https:\/\/itajuba.cam.mg.gov.br\/site\/#\/schema\/person\/image\/\",\"url\":\"https:\/\/secure.gravatar.com\/avatar\/ac23fed6a914739b5040ccf137d27d0e5125f47777b6aabe6077effebb1fb788?s=96&d=mm&r=g\",\"contentUrl\":\"https:\/\/secure.gravatar.com\/avatar\/ac23fed6a914739b5040ccf137d27d0e5125f47777b6aabe6077effebb1fb788?s=96&d=mm&r=g\",\"caption\":\"admin\"},\"sameAs\":[\"https:\/\/itajuba.cam.mg.gov.br\/site\"],\"url\":\"https:\/\/itajuba.cam.mg.gov.br\/site\/author\/admin\/\"}]}<\/script>\n<!-- \/ Yoast SEO plugin. -->","yoast_head_json":{"title":"M\u00eas \u201cSetembro Amarelo\u201d, dedicado \u00e0 preven\u00e7\u00e3o do suic\u00eddio, \u00e9 aprovado pelos vereadores - C\u00e2mara Municipal de Itajub\u00e1","robots":{"index":"index","follow":"follow","max-snippet":"max-snippet:-1","max-image-preview":"max-image-preview:large","max-video-preview":"max-video-preview:-1"},"canonical":"https:\/\/itajuba.cam.mg.gov.br\/site\/mes-setembro-amarelo-dedicado-a-prevencao-do-suicidio-e-aprovado-pelos-vereadores\/","og_locale":"pt_BR","og_type":"article","og_title":"M\u00eas \u201cSetembro Amarelo\u201d, dedicado \u00e0 preven\u00e7\u00e3o do suic\u00eddio, \u00e9 aprovado pelos vereadores - C\u00e2mara Municipal de Itajub\u00e1","og_description":"Foi aprovado pelos vereadores o Projeto de Lei N\u00ba 4712\/2023, que institui e Inclui no Calend\u00e1rio Oficial de Eventos e Festas do Munic\u00edpio de Itajub\u00e1 o m\u00eas \u2018Setembro Amarelo\u2019, dedicado \u00e0 preven\u00e7\u00e3o ao suic\u00eddio. O projeto \u00e9 de autoria do vereador Markinhu Meireles (PSD) e tem o objetivo de levar conhecimento e informa\u00e7\u00e3o \u00e0s pessoas [&hellip;]","og_url":"https:\/\/itajuba.cam.mg.gov.br\/site\/mes-setembro-amarelo-dedicado-a-prevencao-do-suicidio-e-aprovado-pelos-vereadores\/","og_site_name":"C\u00e2mara Municipal de Itajub\u00e1","article_publisher":"https:\/\/www.facebook.com\/camaradeitajubaoficial","article_published_time":"2023-06-30T13:52:41+00:00","article_modified_time":"2024-10-07T19:25:03+00:00","og_image":[{"width":1024,"height":446,"url":"https:\/\/itajuba.cam.mg.gov.br\/site\/wp-content\/uploads\/2023\/09\/31.png","type":"image\/png"}],"author":"admin","twitter_card":"summary_large_image","twitter_misc":{"Escrito por":"admin","Est. tempo de leitura":"2 minutos"},"schema":{"@context":"https:\/\/schema.org","@graph":[{"@type":"Article","@id":"https:\/\/itajuba.cam.mg.gov.br\/site\/mes-setembro-amarelo-dedicado-a-prevencao-do-suicidio-e-aprovado-pelos-vereadores\/#article","isPartOf":{"@id":"https:\/\/itajuba.cam.mg.gov.br\/site\/mes-setembro-amarelo-dedicado-a-prevencao-do-suicidio-e-aprovado-pelos-vereadores\/"},"author":{"name":"admin","@id":"https:\/\/itajuba.cam.mg.gov.br\/site\/#\/schema\/person\/4573390017f8d6e586382e72ea8aeafc"},"headline":"M\u00eas \u201cSetembro Amarelo\u201d, dedicado \u00e0 preven\u00e7\u00e3o do suic\u00eddio, \u00e9 aprovado pelos vereadores","datePublished":"2023-06-30T13:52:41+00:00","dateModified":"2024-10-07T19:25:03+00:00","mainEntityOfPage":{"@id":"https:\/\/itajuba.cam.mg.gov.br\/site\/mes-setembro-amarelo-dedicado-a-prevencao-do-suicidio-e-aprovado-pelos-vereadores\/"},"wordCount":365,"publisher":{"@id":"https:\/\/itajuba.cam.mg.gov.br\/site\/#organization"},"articleSection":["Not\u00edcias"],"inLanguage":"pt-BR"},{"@type":"WebPage","@id":"https:\/\/itajuba.cam.mg.gov.br\/site\/mes-setembro-amarelo-dedicado-a-prevencao-do-suicidio-e-aprovado-pelos-vereadores\/","url":"https:\/\/itajuba.cam.mg.gov.br\/site\/mes-setembro-amarelo-dedicado-a-prevencao-do-suicidio-e-aprovado-pelos-vereadores\/","name":"M\u00eas \u201cSetembro Amarelo\u201d, dedicado \u00e0 preven\u00e7\u00e3o do suic\u00eddio, \u00e9 aprovado pelos vereadores - C\u00e2mara Municipal de Itajub\u00e1","isPartOf":{"@id":"https:\/\/itajuba.cam.mg.gov.br\/site\/#website"},"datePublished":"2023-06-30T13:52:41+00:00","dateModified":"2024-10-07T19:25:03+00:00","breadcrumb":{"@id":"https:\/\/itajuba.cam.mg.gov.br\/site\/mes-setembro-amarelo-dedicado-a-prevencao-do-suicidio-e-aprovado-pelos-vereadores\/#breadcrumb"},"inLanguage":"pt-BR","potentialAction":[{"@type":"ReadAction","target":["https:\/\/itajuba.cam.mg.gov.br\/site\/mes-setembro-amarelo-dedicado-a-prevencao-do-suicidio-e-aprovado-pelos-vereadores\/"]}]},{"@type":"BreadcrumbList","@id":"https:\/\/itajuba.cam.mg.gov.br\/site\/mes-setembro-amarelo-dedicado-a-prevencao-do-suicidio-e-aprovado-pelos-vereadores\/#breadcrumb","itemListElement":[{"@type":"ListItem","position":1,"name":"In\u00edcio","item":"https:\/\/itajuba.cam.mg.gov.br\/site\/"},{"@type":"ListItem","position":2,"name":"M\u00eas \u201cSetembro Amarelo\u201d, dedicado \u00e0 preven\u00e7\u00e3o do suic\u00eddio, \u00e9 aprovado pelos vereadores"}]},{"@type":"WebSite","@id":"https:\/\/itajuba.cam.mg.gov.br\/site\/#website","url":"https:\/\/itajuba.cam.mg.gov.br\/site\/","name":"C\u00e2mara Municipal de Itajub\u00e1","description":"Efici\u00eancia e Transpar\u00eancia","publisher":{"@id":"https:\/\/itajuba.cam.mg.gov.br\/site\/#organization"},"potentialAction":[{"@type":"SearchAction","target":{"@type":"EntryPoint","urlTemplate":"https:\/\/itajuba.cam.mg.gov.br\/site\/?s={search_term_string}"},"query-input":"required name=search_term_string"}],"inLanguage":"pt-BR"},{"@type":"Organization","@id":"https:\/\/itajuba.cam.mg.gov.br\/site\/#organization","name":"C\u00e2mara Municipal de Itajub\u00e1","url":"https:\/\/itajuba.cam.mg.gov.br\/site\/","logo":{"@type":"ImageObject","inLanguage":"pt-BR","@id":"https:\/\/itajuba.cam.mg.gov.br\/site\/#\/schema\/logo\/image\/","url":"https:\/\/itajuba.cam.mg.gov.br\/site\/wp-content\/uploads\/2023\/09\/logo_camara_2024.png","contentUrl":"https:\/\/itajuba.cam.mg.gov.br\/site\/wp-content\/uploads\/2023\/09\/logo_camara_2024.png","width":1000,"height":385,"caption":"C\u00e2mara Municipal de Itajub\u00e1"},"image":{"@id":"https:\/\/itajuba.cam.mg.gov.br\/site\/#\/schema\/logo\/image\/"},"sameAs":["https:\/\/www.facebook.com\/camaradeitajubaoficial","https:\/\/www.instagram.com\/camaradeitajubaoficial\/","https:\/\/www.youtube.com\/user\/TVCAMARAITAJUBA"]},{"@type":"Person","@id":"https:\/\/itajuba.cam.mg.gov.br\/site\/#\/schema\/person\/4573390017f8d6e586382e72ea8aeafc","name":"admin","image":{"@type":"ImageObject","inLanguage":"pt-BR","@id":"https:\/\/itajuba.cam.mg.gov.br\/site\/#\/schema\/person\/image\/","url":"https:\/\/secure.gravatar.com\/avatar\/ac23fed6a914739b5040ccf137d27d0e5125f47777b6aabe6077effebb1fb788?s=96&d=mm&r=g","contentUrl":"https:\/\/secure.gravatar.com\/avatar\/ac23fed6a914739b5040ccf137d27d0e5125f47777b6aabe6077effebb1fb788?s=96&d=mm&r=g","caption":"admin"},"sameAs":["https:\/\/itajuba.cam.mg.gov.br\/site"],"url":"https:\/\/itajuba.cam.mg.gov.br\/site\/author\/admin\/"}]}},"_links":{"self":[{"href":"https:\/\/itajuba.cam.mg.gov.br\/site\/wp-json\/wp\/v2\/posts\/5558","targetHints":{"allow":["GET"]}}],"collection":[{"href":"https:\/\/itajuba.cam.mg.gov.br\/site\/wp-json\/wp\/v2\/posts"}],"about":[{"href":"https:\/\/itajuba.cam.mg.gov.br\/site\/wp-json\/wp\/v2\/types\/post"}],"author":[{"embeddable":true,"href":"https:\/\/itajuba.cam.mg.gov.br\/site\/wp-json\/wp\/v2\/users\/1"}],"replies":[{"embeddable":true,"href":"https:\/\/itajuba.cam.mg.gov.br\/site\/wp-json\/wp\/v2\/comments?post=5558"}],"version-history":[{"count":1,"href":"https:\/\/itajuba.cam.mg.gov.br\/site\/wp-json\/wp\/v2\/posts\/5558\/revisions"}],"predecessor-version":[{"id":5560,"href":"https:\/\/itajuba.cam.mg.gov.br\/site\/wp-json\/wp\/v2\/posts\/5558\/revisions\/5560"}],"wp:featuredmedia":[{"embeddable":true,"href":"https:\/\/itajuba.cam.mg.gov.br\/site\/wp-json\/wp\/v2\/media\/5556"}],"wp:attachment":[{"href":"https:\/\/itajuba.cam.mg.gov.br\/site\/wp-json\/wp\/v2\/media?parent=5558"}],"wp:term":[{"taxonomy":"category","embeddable":true,"href":"https:\/\/itajuba.cam.mg.gov.br\/site\/wp-json\/wp\/v2\/categories?post=5558"},{"taxonomy":"post_tag","embeddable":true,"href":"https:\/\/itajuba.cam.mg.gov.br\/site\/wp-json\/wp\/v2\/tags?post=5558"}],"curies":[{"name":"wp","href":"https:\/\/api.w.org\/{rel}","templated":true}]}}