{"id":5564,"date":"2023-06-30T13:55:04","date_gmt":"2023-06-30T13:55:04","guid":{"rendered":"https:\/\/itajuba.cam.mg.gov.br\/site\/?p=5564"},"modified":"2024-10-07T19:24:50","modified_gmt":"2024-10-07T19:24:50","slug":"camara-institui-oficialmente-o-dia-da-comarca-em-15-de-julho","status":"publish","type":"post","link":"https:\/\/itajuba.cam.mg.gov.br\/site\/camara-institui-oficialmente-o-dia-da-comarca-em-15-de-julho\/","title":{"rendered":"C\u00e2mara institui oficialmente o Dia da Comarca em 15 de julho"},"content":{"rendered":"<p>A C\u00e2mara Municipal de Itajub\u00e1 aprovou em dois turnos o Projeto de Lei N\u00ba 4723\/2023, que institui e Inclui no Calend\u00e1rio Eventos e Festas do Munic\u00edpio de Itajub\u00e1 o \u201cDia da Comarca\u201d.<\/p>\n<p>De autoria do presidente da C\u00e2mara, vereador Marcelo Krauss (PROGRESSISTAS), o projeto aprovado institui a celebra\u00e7\u00e3o da data anualmente no dia 15 de julho.<\/p>\n<p>De acordo com a proposta, o Dia da Comarca tem por objetivo homenagear a cria\u00e7\u00e3o da Comarca de Itajub\u00e1, decretada pela Assembleia Legislativa Provincial por meio da Lei N\u00ba 1867, de 15 de julho de 1872. Foi um evento significativo na hist\u00f3ria do munic\u00edpio, que marcou o in\u00edcio de uma nova era jur\u00eddica e administrativa, consolidando a import\u00e2ncia de Itajub\u00e1 como centro regional.<\/p>\n<p>Para o vereador, a institui\u00e7\u00e3o do Dia da Comarca \u00e9 uma forma de reconhecer a dedica\u00e7\u00e3o e o trabalho daqueles que contribu\u00edram para o desenvolvimento e fortalecimento do sistema judici\u00e1rio na nossa regi\u00e3o ao longo dos anos. \u201cEssa celebra\u00e7\u00e3o poder\u00e1 incluir eventos como cerim\u00f4nias, discursos, exposi\u00e7\u00f5es hist\u00f3ricas e atividades culturais que destacam a import\u00e2ncia da Comarca de Itajub\u00e1 e seus impactos na vida de nossos cidad\u00e3os. \u00c9 uma oportunidade para refor\u00e7ar os valores da justi\u00e7a, cidadania e respeito ao estado de direito\u201d, justificou Marcelo Krauss.<\/p>\n","protected":false},"excerpt":{"rendered":"<p>A C\u00e2mara Municipal de Itajub\u00e1 aprovou em dois turnos o Projeto de Lei N\u00ba 4723\/2023, que institui e Inclui no Calend\u00e1rio Eventos e Festas do Munic\u00edpio de Itajub\u00e1 o \u201cDia da Comarca\u201d. De autoria do presidente da C\u00e2mara, vereador Marcelo Krauss (PROGRESSISTAS), o projeto aprovado institui a celebra\u00e7\u00e3o da data anualmente no dia 15 de [&hellip;]<\/p>\n","protected":false},"author":1,"featured_media":5565,"comment_status":"closed","ping_status":"open","sticky":false,"template":"","format":"standard","meta":{"footnotes":""},"categories":[16],"tags":[],"class_list":["post-5564","post","type-post","status-publish","format-standard","has-post-thumbnail","hentry","category-noticias"],"yoast_head":"<!-- This site is optimized with the Yoast SEO plugin v21.0 - https:\/\/yoast.com\/wordpress\/plugins\/seo\/ -->\n<title>C\u00e2mara institui oficialmente o Dia da Comarca em 15 de julho - C\u00e2mara Municipal de Itajub\u00e1<\/title>\n<meta name=\"robots\" content=\"index, follow, max-snippet:-1, max-image-preview:large, max-video-preview:-1\" \/>\n<link rel=\"canonical\" href=\"https:\/\/itajuba.cam.mg.gov.br\/site\/camara-institui-oficialmente-o-dia-da-comarca-em-15-de-julho\/\" \/>\n<meta property=\"og:locale\" content=\"pt_BR\" \/>\n<meta property=\"og:type\" content=\"article\" \/>\n<meta property=\"og:title\" content=\"C\u00e2mara institui oficialmente o Dia da Comarca em 15 de julho - C\u00e2mara Municipal de Itajub\u00e1\" \/>\n<meta property=\"og:description\" content=\"A C\u00e2mara Municipal de Itajub\u00e1 aprovou em dois turnos o Projeto de Lei N\u00ba 4723\/2023, que institui e Inclui no Calend\u00e1rio Eventos e Festas do Munic\u00edpio de Itajub\u00e1 o \u201cDia da Comarca\u201d. De autoria do presidente da C\u00e2mara, vereador Marcelo Krauss (PROGRESSISTAS), o projeto aprovado institui a celebra\u00e7\u00e3o da data anualmente no dia 15 de [&hellip;]\" \/>\n<meta property=\"og:url\" content=\"https:\/\/itajuba.cam.mg.gov.br\/site\/camara-institui-oficialmente-o-dia-da-comarca-em-15-de-julho\/\" \/>\n<meta property=\"og:site_name\" content=\"C\u00e2mara Municipal de Itajub\u00e1\" \/>\n<meta property=\"article:publisher\" content=\"https:\/\/www.facebook.com\/camaradeitajubaoficial\" \/>\n<meta property=\"article:published_time\" content=\"2023-06-30T13:55:04+00:00\" \/>\n<meta property=\"article:modified_time\" content=\"2024-10-07T19:24:50+00:00\" \/>\n<meta property=\"og:image\" content=\"https:\/\/itajuba.cam.mg.gov.br\/site\/wp-content\/uploads\/2023\/09\/33.png\" \/>\n\t<meta property=\"og:image:width\" content=\"1024\" \/>\n\t<meta property=\"og:image:height\" content=\"446\" \/>\n\t<meta property=\"og:image:type\" content=\"image\/png\" \/>\n<meta name=\"author\" content=\"admin\" \/>\n<meta name=\"twitter:card\" content=\"summary_large_image\" \/>\n<meta name=\"twitter:label1\" content=\"Escrito por\" \/>\n\t<meta name=\"twitter:data1\" content=\"admin\" \/>\n\t<meta name=\"twitter:label2\" content=\"Est. tempo de leitura\" \/>\n\t<meta name=\"twitter:data2\" content=\"2 minutos\" \/>\n<script type=\"application\/ld+json\" class=\"yoast-schema-graph\">{\"@context\":\"https:\/\/schema.org\",\"@graph\":[{\"@type\":\"Article\",\"@id\":\"https:\/\/itajuba.cam.mg.gov.br\/site\/camara-institui-oficialmente-o-dia-da-comarca-em-15-de-julho\/#article\",\"isPartOf\":{\"@id\":\"https:\/\/itajuba.cam.mg.gov.br\/site\/camara-institui-oficialmente-o-dia-da-comarca-em-15-de-julho\/\"},\"author\":{\"name\":\"admin\",\"@id\":\"https:\/\/itajuba.cam.mg.gov.br\/site\/#\/schema\/person\/4573390017f8d6e586382e72ea8aeafc\"},\"headline\":\"C\u00e2mara institui oficialmente o Dia da Comarca em 15 de julho\",\"datePublished\":\"2023-06-30T13:55:04+00:00\",\"dateModified\":\"2024-10-07T19:24:50+00:00\",\"mainEntityOfPage\":{\"@id\":\"https:\/\/itajuba.cam.mg.gov.br\/site\/camara-institui-oficialmente-o-dia-da-comarca-em-15-de-julho\/\"},\"wordCount\":232,\"publisher\":{\"@id\":\"https:\/\/itajuba.cam.mg.gov.br\/site\/#organization\"},\"articleSection\":[\"Not\u00edcias\"],\"inLanguage\":\"pt-BR\"},{\"@type\":\"WebPage\",\"@id\":\"https:\/\/itajuba.cam.mg.gov.br\/site\/camara-institui-oficialmente-o-dia-da-comarca-em-15-de-julho\/\",\"url\":\"https:\/\/itajuba.cam.mg.gov.br\/site\/camara-institui-oficialmente-o-dia-da-comarca-em-15-de-julho\/\",\"name\":\"C\u00e2mara institui oficialmente o Dia da Comarca em 15 de julho - C\u00e2mara Municipal de Itajub\u00e1\",\"isPartOf\":{\"@id\":\"https:\/\/itajuba.cam.mg.gov.br\/site\/#website\"},\"datePublished\":\"2023-06-30T13:55:04+00:00\",\"dateModified\":\"2024-10-07T19:24:50+00:00\",\"breadcrumb\":{\"@id\":\"https:\/\/itajuba.cam.mg.gov.br\/site\/camara-institui-oficialmente-o-dia-da-comarca-em-15-de-julho\/#breadcrumb\"},\"inLanguage\":\"pt-BR\",\"potentialAction\":[{\"@type\":\"ReadAction\",\"target\":[\"https:\/\/itajuba.cam.mg.gov.br\/site\/camara-institui-oficialmente-o-dia-da-comarca-em-15-de-julho\/\"]}]},{\"@type\":\"BreadcrumbList\",\"@id\":\"https:\/\/itajuba.cam.mg.gov.br\/site\/camara-institui-oficialmente-o-dia-da-comarca-em-15-de-julho\/#breadcrumb\",\"itemListElement\":[{\"@type\":\"ListItem\",\"position\":1,\"name\":\"In\u00edcio\",\"item\":\"https:\/\/itajuba.cam.mg.gov.br\/site\/\"},{\"@type\":\"ListItem\",\"position\":2,\"name\":\"C\u00e2mara institui oficialmente o Dia da Comarca em 15 de julho\"}]},{\"@type\":\"WebSite\",\"@id\":\"https:\/\/itajuba.cam.mg.gov.br\/site\/#website\",\"url\":\"https:\/\/itajuba.cam.mg.gov.br\/site\/\",\"name\":\"C\u00e2mara Municipal de Itajub\u00e1\",\"description\":\"Efici\u00eancia e Transpar\u00eancia\",\"publisher\":{\"@id\":\"https:\/\/itajuba.cam.mg.gov.br\/site\/#organization\"},\"potentialAction\":[{\"@type\":\"SearchAction\",\"target\":{\"@type\":\"EntryPoint\",\"urlTemplate\":\"https:\/\/itajuba.cam.mg.gov.br\/site\/?s={search_term_string}\"},\"query-input\":\"required name=search_term_string\"}],\"inLanguage\":\"pt-BR\"},{\"@type\":\"Organization\",\"@id\":\"https:\/\/itajuba.cam.mg.gov.br\/site\/#organization\",\"name\":\"C\u00e2mara Municipal de Itajub\u00e1\",\"url\":\"https:\/\/itajuba.cam.mg.gov.br\/site\/\",\"logo\":{\"@type\":\"ImageObject\",\"inLanguage\":\"pt-BR\",\"@id\":\"https:\/\/itajuba.cam.mg.gov.br\/site\/#\/schema\/logo\/image\/\",\"url\":\"https:\/\/itajuba.cam.mg.gov.br\/site\/wp-content\/uploads\/2023\/09\/logo_camara_2024.png\",\"contentUrl\":\"https:\/\/itajuba.cam.mg.gov.br\/site\/wp-content\/uploads\/2023\/09\/logo_camara_2024.png\",\"width\":1000,\"height\":385,\"caption\":\"C\u00e2mara Municipal de Itajub\u00e1\"},\"image\":{\"@id\":\"https:\/\/itajuba.cam.mg.gov.br\/site\/#\/schema\/logo\/image\/\"},\"sameAs\":[\"https:\/\/www.facebook.com\/camaradeitajubaoficial\",\"https:\/\/www.instagram.com\/camaradeitajubaoficial\/\",\"https:\/\/www.youtube.com\/user\/TVCAMARAITAJUBA\"]},{\"@type\":\"Person\",\"@id\":\"https:\/\/itajuba.cam.mg.gov.br\/site\/#\/schema\/person\/4573390017f8d6e586382e72ea8aeafc\",\"name\":\"admin\",\"image\":{\"@type\":\"ImageObject\",\"inLanguage\":\"pt-BR\",\"@id\":\"https:\/\/itajuba.cam.mg.gov.br\/site\/#\/schema\/person\/image\/\",\"url\":\"https:\/\/secure.gravatar.com\/avatar\/ac23fed6a914739b5040ccf137d27d0e5125f47777b6aabe6077effebb1fb788?s=96&d=mm&r=g\",\"contentUrl\":\"https:\/\/secure.gravatar.com\/avatar\/ac23fed6a914739b5040ccf137d27d0e5125f47777b6aabe6077effebb1fb788?s=96&d=mm&r=g\",\"caption\":\"admin\"},\"sameAs\":[\"https:\/\/itajuba.cam.mg.gov.br\/site\"],\"url\":\"https:\/\/itajuba.cam.mg.gov.br\/site\/author\/admin\/\"}]}<\/script>\n<!-- \/ Yoast SEO plugin. -->","yoast_head_json":{"title":"C\u00e2mara institui oficialmente o Dia da Comarca em 15 de julho - C\u00e2mara Municipal de Itajub\u00e1","robots":{"index":"index","follow":"follow","max-snippet":"max-snippet:-1","max-image-preview":"max-image-preview:large","max-video-preview":"max-video-preview:-1"},"canonical":"https:\/\/itajuba.cam.mg.gov.br\/site\/camara-institui-oficialmente-o-dia-da-comarca-em-15-de-julho\/","og_locale":"pt_BR","og_type":"article","og_title":"C\u00e2mara institui oficialmente o Dia da Comarca em 15 de julho - C\u00e2mara Municipal de Itajub\u00e1","og_description":"A C\u00e2mara Municipal de Itajub\u00e1 aprovou em dois turnos o Projeto de Lei N\u00ba 4723\/2023, que institui e Inclui no Calend\u00e1rio Eventos e Festas do Munic\u00edpio de Itajub\u00e1 o \u201cDia da Comarca\u201d. De autoria do presidente da C\u00e2mara, vereador Marcelo Krauss (PROGRESSISTAS), o projeto aprovado institui a celebra\u00e7\u00e3o da data anualmente no dia 15 de [&hellip;]","og_url":"https:\/\/itajuba.cam.mg.gov.br\/site\/camara-institui-oficialmente-o-dia-da-comarca-em-15-de-julho\/","og_site_name":"C\u00e2mara Municipal de Itajub\u00e1","article_publisher":"https:\/\/www.facebook.com\/camaradeitajubaoficial","article_published_time":"2023-06-30T13:55:04+00:00","article_modified_time":"2024-10-07T19:24:50+00:00","og_image":[{"width":1024,"height":446,"url":"https:\/\/itajuba.cam.mg.gov.br\/site\/wp-content\/uploads\/2023\/09\/33.png","type":"image\/png"}],"author":"admin","twitter_card":"summary_large_image","twitter_misc":{"Escrito por":"admin","Est. tempo de leitura":"2 minutos"},"schema":{"@context":"https:\/\/schema.org","@graph":[{"@type":"Article","@id":"https:\/\/itajuba.cam.mg.gov.br\/site\/camara-institui-oficialmente-o-dia-da-comarca-em-15-de-julho\/#article","isPartOf":{"@id":"https:\/\/itajuba.cam.mg.gov.br\/site\/camara-institui-oficialmente-o-dia-da-comarca-em-15-de-julho\/"},"author":{"name":"admin","@id":"https:\/\/itajuba.cam.mg.gov.br\/site\/#\/schema\/person\/4573390017f8d6e586382e72ea8aeafc"},"headline":"C\u00e2mara institui oficialmente o Dia da Comarca em 15 de julho","datePublished":"2023-06-30T13:55:04+00:00","dateModified":"2024-10-07T19:24:50+00:00","mainEntityOfPage":{"@id":"https:\/\/itajuba.cam.mg.gov.br\/site\/camara-institui-oficialmente-o-dia-da-comarca-em-15-de-julho\/"},"wordCount":232,"publisher":{"@id":"https:\/\/itajuba.cam.mg.gov.br\/site\/#organization"},"articleSection":["Not\u00edcias"],"inLanguage":"pt-BR"},{"@type":"WebPage","@id":"https:\/\/itajuba.cam.mg.gov.br\/site\/camara-institui-oficialmente-o-dia-da-comarca-em-15-de-julho\/","url":"https:\/\/itajuba.cam.mg.gov.br\/site\/camara-institui-oficialmente-o-dia-da-comarca-em-15-de-julho\/","name":"C\u00e2mara institui oficialmente o Dia da Comarca em 15 de julho - C\u00e2mara Municipal de Itajub\u00e1","isPartOf":{"@id":"https:\/\/itajuba.cam.mg.gov.br\/site\/#website"},"datePublished":"2023-06-30T13:55:04+00:00","dateModified":"2024-10-07T19:24:50+00:00","breadcrumb":{"@id":"https:\/\/itajuba.cam.mg.gov.br\/site\/camara-institui-oficialmente-o-dia-da-comarca-em-15-de-julho\/#breadcrumb"},"inLanguage":"pt-BR","potentialAction":[{"@type":"ReadAction","target":["https:\/\/itajuba.cam.mg.gov.br\/site\/camara-institui-oficialmente-o-dia-da-comarca-em-15-de-julho\/"]}]},{"@type":"BreadcrumbList","@id":"https:\/\/itajuba.cam.mg.gov.br\/site\/camara-institui-oficialmente-o-dia-da-comarca-em-15-de-julho\/#breadcrumb","itemListElement":[{"@type":"ListItem","position":1,"name":"In\u00edcio","item":"https:\/\/itajuba.cam.mg.gov.br\/site\/"},{"@type":"ListItem","position":2,"name":"C\u00e2mara institui oficialmente o Dia da Comarca em 15 de julho"}]},{"@type":"WebSite","@id":"https:\/\/itajuba.cam.mg.gov.br\/site\/#website","url":"https:\/\/itajuba.cam.mg.gov.br\/site\/","name":"C\u00e2mara Municipal de Itajub\u00e1","description":"Efici\u00eancia e Transpar\u00eancia","publisher":{"@id":"https:\/\/itajuba.cam.mg.gov.br\/site\/#organization"},"potentialAction":[{"@type":"SearchAction","target":{"@type":"EntryPoint","urlTemplate":"https:\/\/itajuba.cam.mg.gov.br\/site\/?s={search_term_string}"},"query-input":"required name=search_term_string"}],"inLanguage":"pt-BR"},{"@type":"Organization","@id":"https:\/\/itajuba.cam.mg.gov.br\/site\/#organization","name":"C\u00e2mara Municipal de Itajub\u00e1","url":"https:\/\/itajuba.cam.mg.gov.br\/site\/","logo":{"@type":"ImageObject","inLanguage":"pt-BR","@id":"https:\/\/itajuba.cam.mg.gov.br\/site\/#\/schema\/logo\/image\/","url":"https:\/\/itajuba.cam.mg.gov.br\/site\/wp-content\/uploads\/2023\/09\/logo_camara_2024.png","contentUrl":"https:\/\/itajuba.cam.mg.gov.br\/site\/wp-content\/uploads\/2023\/09\/logo_camara_2024.png","width":1000,"height":385,"caption":"C\u00e2mara Municipal de Itajub\u00e1"},"image":{"@id":"https:\/\/itajuba.cam.mg.gov.br\/site\/#\/schema\/logo\/image\/"},"sameAs":["https:\/\/www.facebook.com\/camaradeitajubaoficial","https:\/\/www.instagram.com\/camaradeitajubaoficial\/","https:\/\/www.youtube.com\/user\/TVCAMARAITAJUBA"]},{"@type":"Person","@id":"https:\/\/itajuba.cam.mg.gov.br\/site\/#\/schema\/person\/4573390017f8d6e586382e72ea8aeafc","name":"admin","image":{"@type":"ImageObject","inLanguage":"pt-BR","@id":"https:\/\/itajuba.cam.mg.gov.br\/site\/#\/schema\/person\/image\/","url":"https:\/\/secure.gravatar.com\/avatar\/ac23fed6a914739b5040ccf137d27d0e5125f47777b6aabe6077effebb1fb788?s=96&d=mm&r=g","contentUrl":"https:\/\/secure.gravatar.com\/avatar\/ac23fed6a914739b5040ccf137d27d0e5125f47777b6aabe6077effebb1fb788?s=96&d=mm&r=g","caption":"admin"},"sameAs":["https:\/\/itajuba.cam.mg.gov.br\/site"],"url":"https:\/\/itajuba.cam.mg.gov.br\/site\/author\/admin\/"}]}},"_links":{"self":[{"href":"https:\/\/itajuba.cam.mg.gov.br\/site\/wp-json\/wp\/v2\/posts\/5564","targetHints":{"allow":["GET"]}}],"collection":[{"href":"https:\/\/itajuba.cam.mg.gov.br\/site\/wp-json\/wp\/v2\/posts"}],"about":[{"href":"https:\/\/itajuba.cam.mg.gov.br\/site\/wp-json\/wp\/v2\/types\/post"}],"author":[{"embeddable":true,"href":"https:\/\/itajuba.cam.mg.gov.br\/site\/wp-json\/wp\/v2\/users\/1"}],"replies":[{"embeddable":true,"href":"https:\/\/itajuba.cam.mg.gov.br\/site\/wp-json\/wp\/v2\/comments?post=5564"}],"version-history":[{"count":1,"href":"https:\/\/itajuba.cam.mg.gov.br\/site\/wp-json\/wp\/v2\/posts\/5564\/revisions"}],"predecessor-version":[{"id":5566,"href":"https:\/\/itajuba.cam.mg.gov.br\/site\/wp-json\/wp\/v2\/posts\/5564\/revisions\/5566"}],"wp:featuredmedia":[{"embeddable":true,"href":"https:\/\/itajuba.cam.mg.gov.br\/site\/wp-json\/wp\/v2\/media\/5565"}],"wp:attachment":[{"href":"https:\/\/itajuba.cam.mg.gov.br\/site\/wp-json\/wp\/v2\/media?parent=5564"}],"wp:term":[{"taxonomy":"category","embeddable":true,"href":"https:\/\/itajuba.cam.mg.gov.br\/site\/wp-json\/wp\/v2\/categories?post=5564"},{"taxonomy":"post_tag","embeddable":true,"href":"https:\/\/itajuba.cam.mg.gov.br\/site\/wp-json\/wp\/v2\/tags?post=5564"}],"curies":[{"name":"wp","href":"https:\/\/api.w.org\/{rel}","templated":true}]}}