{"id":5567,"date":"2023-06-29T13:56:01","date_gmt":"2023-06-29T13:56:01","guid":{"rendered":"https:\/\/itajuba.cam.mg.gov.br\/site\/?p=5567"},"modified":"2024-10-07T19:25:10","modified_gmt":"2024-10-07T19:25:10","slug":"vereadores-aprovam-5-projetos-de-lei-nesta-quarta-feira-28-de-junho","status":"publish","type":"post","link":"https:\/\/itajuba.cam.mg.gov.br\/site\/vereadores-aprovam-5-projetos-de-lei-nesta-quarta-feira-28-de-junho\/","title":{"rendered":"Vereadores aprovam 5 projetos de lei nesta quarta-feira, 28 de junho"},"content":{"rendered":"<p>Cinco projetos de lei foram aprovados pelos vereadores em sess\u00f5es extraordin\u00e1rias realizadas nesta quarta-feira, dia 28.<\/p>\n<p>Em segundo turno aprovado o Substitutivo ao Projeto de Lei Complementar N\u00ba 127, de autoria do Poder Executivo, que altera a estrutura administrativa da Prefeitura de Itajub\u00e1, criando novos cargos e departamentos na administra\u00e7\u00e3o municipal. O placar de vota\u00e7\u00e3o foi de 7 votos favor\u00e1veis e 2 contr\u00e1rios e uma aus\u00eancia da vereadora Andressa do Coletivo por motivo de sa\u00fade.<\/p>\n<p>O Projeto de Lei N\u00ba 4690\/2023 \u2013 determina a afixa\u00e7\u00e3o de placas informativas sobre a entrega legal para ado\u00e7\u00e3o, no \u00e2mbito do Munic\u00edpio de Itajub\u00e1, de autoria do vereador Rafael Rodrigues (UNI\u00c3O) \u2013 seria votado em primeiro turno. Por\u00e9m, recebeu emendas protocoladas pela vereadora Andressa do Coletivo (PT) e foi retirado de pauta. Assim que as emendas receberem pareceres das comiss\u00f5es permanentes, o projeto voltar\u00e1 para vota\u00e7\u00e3o em plen\u00e1rio nas pr\u00f3ximas sess\u00f5es ordin\u00e1rias.<\/p>\n<p>Em dois turnos foram aprovados:<\/p>\n<p>\u2013 Projeto de Lei N\u00ba 4723\/2023: Institui e Inclui no Calend\u00e1rio de Festas do Munic\u00edpio de Itajub\u00e1 o \u201cDia da Comarca\u201d, e d\u00e1 outras provid\u00eancias. Autoria: Marcelo Krauss \u2013 PROGRESSISTAS.<\/p>\n<p>\u2013 Substitutivo ao Projeto de Lei N\u00ba 4689\/2023: Disp\u00f5e sobre a utiliza\u00e7\u00e3o do cord\u00e3o de girassol como s\u00edmbolo para a identifica\u00e7\u00e3o da pessoa com defici\u00eancia oculta em Itajub\u00e1. Autoria: Rafael Rodrigues \u2013 UNI\u00c3O.<\/p>\n<p>\u2013 Projeto de Lei N\u00ba 4712\/2023: Institui e Inclui no Calend\u00e1rio Oficial de Eventos e Festas do Munic\u00edpio de Itajub\u00e1 o m\u00eas \u2018Setembro Amarelo\u2019, dedicado \u00e0 preven\u00e7\u00e3o ao suic\u00eddio. Autoria: Markinhu Meireles \u2013 PSD.<\/p>\n<p>\u2013 Projeto de Lei N\u00ba 4715\/2023: Revoga a Lei Municipal n\u00b0 2.811 de 09 de fevereiro de 2011 (Revers\u00e3o ao munic\u00edpio de terreno doado \u00e0 empresa Advantech Ltda). Autoria: Poder Executivo.<\/p>\n<p>Os projetos seguem para san\u00e7\u00e3o do prefeito Christian Gon\u00e7alves.<\/p>\n<p><a role=\"link\" href=\"https:\/\/www.instagram.com\/explore\/tags\/camaradeitajub%C3%A1\/\">#camaradeitajub\u00e1<\/a><a role=\"link\" href=\"https:\/\/www.instagram.com\/explore\/tags\/sess%C3%A3oordin%C3%A1ria\/\">#sess\u00e3oordin\u00e1ria<\/a><a role=\"link\" href=\"https:\/\/www.instagram.com\/explore\/tags\/vereadores\/\">#vereadores<\/a><a role=\"link\" href=\"https:\/\/www.instagram.com\/explore\/tags\/casadopovo\/\">#casadopovo<\/a><a role=\"link\" href=\"https:\/\/www.instagram.com\/explore\/tags\/poderlegislativo\/\">#poderlegislativo<\/a><a role=\"link\" href=\"https:\/\/www.instagram.com\/explore\/tags\/itajub%C3%A1\/\">#itajub\u00e1<\/a><\/p>\n","protected":false},"excerpt":{"rendered":"<p>Cinco projetos de lei foram aprovados pelos vereadores em sess\u00f5es extraordin\u00e1rias realizadas nesta quarta-feira, dia 28. Em segundo turno aprovado o Substitutivo ao Projeto de Lei Complementar N\u00ba 127, de autoria do Poder Executivo, que altera a estrutura administrativa da Prefeitura de Itajub\u00e1, criando novos cargos e departamentos na administra\u00e7\u00e3o municipal. O placar de vota\u00e7\u00e3o [&hellip;]<\/p>\n","protected":false},"author":1,"featured_media":5568,"comment_status":"closed","ping_status":"open","sticky":false,"template":"","format":"standard","meta":{"footnotes":""},"categories":[16],"tags":[],"class_list":["post-5567","post","type-post","status-publish","format-standard","has-post-thumbnail","hentry","category-noticias"],"yoast_head":"<!-- This site is optimized with the Yoast SEO plugin v21.0 - https:\/\/yoast.com\/wordpress\/plugins\/seo\/ -->\n<title>Vereadores aprovam 5 projetos de lei nesta quarta-feira, 28 de junho - C\u00e2mara Municipal de Itajub\u00e1<\/title>\n<meta name=\"robots\" content=\"index, follow, max-snippet:-1, max-image-preview:large, max-video-preview:-1\" \/>\n<link rel=\"canonical\" href=\"https:\/\/itajuba.cam.mg.gov.br\/site\/vereadores-aprovam-5-projetos-de-lei-nesta-quarta-feira-28-de-junho\/\" \/>\n<meta property=\"og:locale\" content=\"pt_BR\" \/>\n<meta property=\"og:type\" content=\"article\" \/>\n<meta property=\"og:title\" content=\"Vereadores aprovam 5 projetos de lei nesta quarta-feira, 28 de junho - C\u00e2mara Municipal de Itajub\u00e1\" \/>\n<meta property=\"og:description\" content=\"Cinco projetos de lei foram aprovados pelos vereadores em sess\u00f5es extraordin\u00e1rias realizadas nesta quarta-feira, dia 28. Em segundo turno aprovado o Substitutivo ao Projeto de Lei Complementar N\u00ba 127, de autoria do Poder Executivo, que altera a estrutura administrativa da Prefeitura de Itajub\u00e1, criando novos cargos e departamentos na administra\u00e7\u00e3o municipal. O placar de vota\u00e7\u00e3o [&hellip;]\" \/>\n<meta property=\"og:url\" content=\"https:\/\/itajuba.cam.mg.gov.br\/site\/vereadores-aprovam-5-projetos-de-lei-nesta-quarta-feira-28-de-junho\/\" \/>\n<meta property=\"og:site_name\" content=\"C\u00e2mara Municipal de Itajub\u00e1\" \/>\n<meta property=\"article:publisher\" content=\"https:\/\/www.facebook.com\/camaradeitajubaoficial\" \/>\n<meta property=\"article:published_time\" content=\"2023-06-29T13:56:01+00:00\" \/>\n<meta property=\"article:modified_time\" content=\"2024-10-07T19:25:10+00:00\" \/>\n<meta property=\"og:image\" content=\"https:\/\/itajuba.cam.mg.gov.br\/site\/wp-content\/uploads\/2023\/09\/34.png\" \/>\n\t<meta property=\"og:image:width\" content=\"1024\" \/>\n\t<meta property=\"og:image:height\" content=\"446\" \/>\n\t<meta property=\"og:image:type\" content=\"image\/png\" \/>\n<meta name=\"author\" content=\"admin\" \/>\n<meta name=\"twitter:card\" content=\"summary_large_image\" \/>\n<meta name=\"twitter:label1\" content=\"Escrito por\" \/>\n\t<meta name=\"twitter:data1\" content=\"admin\" \/>\n\t<meta name=\"twitter:label2\" content=\"Est. tempo de leitura\" \/>\n\t<meta name=\"twitter:data2\" content=\"2 minutos\" \/>\n<script type=\"application\/ld+json\" class=\"yoast-schema-graph\">{\"@context\":\"https:\/\/schema.org\",\"@graph\":[{\"@type\":\"Article\",\"@id\":\"https:\/\/itajuba.cam.mg.gov.br\/site\/vereadores-aprovam-5-projetos-de-lei-nesta-quarta-feira-28-de-junho\/#article\",\"isPartOf\":{\"@id\":\"https:\/\/itajuba.cam.mg.gov.br\/site\/vereadores-aprovam-5-projetos-de-lei-nesta-quarta-feira-28-de-junho\/\"},\"author\":{\"name\":\"admin\",\"@id\":\"https:\/\/itajuba.cam.mg.gov.br\/site\/#\/schema\/person\/4573390017f8d6e586382e72ea8aeafc\"},\"headline\":\"Vereadores aprovam 5 projetos de lei nesta quarta-feira, 28 de junho\",\"datePublished\":\"2023-06-29T13:56:01+00:00\",\"dateModified\":\"2024-10-07T19:25:10+00:00\",\"mainEntityOfPage\":{\"@id\":\"https:\/\/itajuba.cam.mg.gov.br\/site\/vereadores-aprovam-5-projetos-de-lei-nesta-quarta-feira-28-de-junho\/\"},\"wordCount\":322,\"publisher\":{\"@id\":\"https:\/\/itajuba.cam.mg.gov.br\/site\/#organization\"},\"articleSection\":[\"Not\u00edcias\"],\"inLanguage\":\"pt-BR\"},{\"@type\":\"WebPage\",\"@id\":\"https:\/\/itajuba.cam.mg.gov.br\/site\/vereadores-aprovam-5-projetos-de-lei-nesta-quarta-feira-28-de-junho\/\",\"url\":\"https:\/\/itajuba.cam.mg.gov.br\/site\/vereadores-aprovam-5-projetos-de-lei-nesta-quarta-feira-28-de-junho\/\",\"name\":\"Vereadores aprovam 5 projetos de lei nesta quarta-feira, 28 de junho - C\u00e2mara Municipal de Itajub\u00e1\",\"isPartOf\":{\"@id\":\"https:\/\/itajuba.cam.mg.gov.br\/site\/#website\"},\"datePublished\":\"2023-06-29T13:56:01+00:00\",\"dateModified\":\"2024-10-07T19:25:10+00:00\",\"breadcrumb\":{\"@id\":\"https:\/\/itajuba.cam.mg.gov.br\/site\/vereadores-aprovam-5-projetos-de-lei-nesta-quarta-feira-28-de-junho\/#breadcrumb\"},\"inLanguage\":\"pt-BR\",\"potentialAction\":[{\"@type\":\"ReadAction\",\"target\":[\"https:\/\/itajuba.cam.mg.gov.br\/site\/vereadores-aprovam-5-projetos-de-lei-nesta-quarta-feira-28-de-junho\/\"]}]},{\"@type\":\"BreadcrumbList\",\"@id\":\"https:\/\/itajuba.cam.mg.gov.br\/site\/vereadores-aprovam-5-projetos-de-lei-nesta-quarta-feira-28-de-junho\/#breadcrumb\",\"itemListElement\":[{\"@type\":\"ListItem\",\"position\":1,\"name\":\"In\u00edcio\",\"item\":\"https:\/\/itajuba.cam.mg.gov.br\/site\/\"},{\"@type\":\"ListItem\",\"position\":2,\"name\":\"Vereadores aprovam 5 projetos de lei nesta quarta-feira, 28 de junho\"}]},{\"@type\":\"WebSite\",\"@id\":\"https:\/\/itajuba.cam.mg.gov.br\/site\/#website\",\"url\":\"https:\/\/itajuba.cam.mg.gov.br\/site\/\",\"name\":\"C\u00e2mara Municipal de Itajub\u00e1\",\"description\":\"Efici\u00eancia e Transpar\u00eancia\",\"publisher\":{\"@id\":\"https:\/\/itajuba.cam.mg.gov.br\/site\/#organization\"},\"potentialAction\":[{\"@type\":\"SearchAction\",\"target\":{\"@type\":\"EntryPoint\",\"urlTemplate\":\"https:\/\/itajuba.cam.mg.gov.br\/site\/?s={search_term_string}\"},\"query-input\":\"required name=search_term_string\"}],\"inLanguage\":\"pt-BR\"},{\"@type\":\"Organization\",\"@id\":\"https:\/\/itajuba.cam.mg.gov.br\/site\/#organization\",\"name\":\"C\u00e2mara Municipal de Itajub\u00e1\",\"url\":\"https:\/\/itajuba.cam.mg.gov.br\/site\/\",\"logo\":{\"@type\":\"ImageObject\",\"inLanguage\":\"pt-BR\",\"@id\":\"https:\/\/itajuba.cam.mg.gov.br\/site\/#\/schema\/logo\/image\/\",\"url\":\"https:\/\/itajuba.cam.mg.gov.br\/site\/wp-content\/uploads\/2023\/09\/logo_camara_2024.png\",\"contentUrl\":\"https:\/\/itajuba.cam.mg.gov.br\/site\/wp-content\/uploads\/2023\/09\/logo_camara_2024.png\",\"width\":1000,\"height\":385,\"caption\":\"C\u00e2mara Municipal de Itajub\u00e1\"},\"image\":{\"@id\":\"https:\/\/itajuba.cam.mg.gov.br\/site\/#\/schema\/logo\/image\/\"},\"sameAs\":[\"https:\/\/www.facebook.com\/camaradeitajubaoficial\",\"https:\/\/www.instagram.com\/camaradeitajubaoficial\/\",\"https:\/\/www.youtube.com\/user\/TVCAMARAITAJUBA\"]},{\"@type\":\"Person\",\"@id\":\"https:\/\/itajuba.cam.mg.gov.br\/site\/#\/schema\/person\/4573390017f8d6e586382e72ea8aeafc\",\"name\":\"admin\",\"image\":{\"@type\":\"ImageObject\",\"inLanguage\":\"pt-BR\",\"@id\":\"https:\/\/itajuba.cam.mg.gov.br\/site\/#\/schema\/person\/image\/\",\"url\":\"https:\/\/secure.gravatar.com\/avatar\/ac23fed6a914739b5040ccf137d27d0e5125f47777b6aabe6077effebb1fb788?s=96&d=mm&r=g\",\"contentUrl\":\"https:\/\/secure.gravatar.com\/avatar\/ac23fed6a914739b5040ccf137d27d0e5125f47777b6aabe6077effebb1fb788?s=96&d=mm&r=g\",\"caption\":\"admin\"},\"sameAs\":[\"https:\/\/itajuba.cam.mg.gov.br\/site\"],\"url\":\"https:\/\/itajuba.cam.mg.gov.br\/site\/author\/admin\/\"}]}<\/script>\n<!-- \/ Yoast SEO plugin. -->","yoast_head_json":{"title":"Vereadores aprovam 5 projetos de lei nesta quarta-feira, 28 de junho - C\u00e2mara Municipal de Itajub\u00e1","robots":{"index":"index","follow":"follow","max-snippet":"max-snippet:-1","max-image-preview":"max-image-preview:large","max-video-preview":"max-video-preview:-1"},"canonical":"https:\/\/itajuba.cam.mg.gov.br\/site\/vereadores-aprovam-5-projetos-de-lei-nesta-quarta-feira-28-de-junho\/","og_locale":"pt_BR","og_type":"article","og_title":"Vereadores aprovam 5 projetos de lei nesta quarta-feira, 28 de junho - C\u00e2mara Municipal de Itajub\u00e1","og_description":"Cinco projetos de lei foram aprovados pelos vereadores em sess\u00f5es extraordin\u00e1rias realizadas nesta quarta-feira, dia 28. Em segundo turno aprovado o Substitutivo ao Projeto de Lei Complementar N\u00ba 127, de autoria do Poder Executivo, que altera a estrutura administrativa da Prefeitura de Itajub\u00e1, criando novos cargos e departamentos na administra\u00e7\u00e3o municipal. O placar de vota\u00e7\u00e3o [&hellip;]","og_url":"https:\/\/itajuba.cam.mg.gov.br\/site\/vereadores-aprovam-5-projetos-de-lei-nesta-quarta-feira-28-de-junho\/","og_site_name":"C\u00e2mara Municipal de Itajub\u00e1","article_publisher":"https:\/\/www.facebook.com\/camaradeitajubaoficial","article_published_time":"2023-06-29T13:56:01+00:00","article_modified_time":"2024-10-07T19:25:10+00:00","og_image":[{"width":1024,"height":446,"url":"https:\/\/itajuba.cam.mg.gov.br\/site\/wp-content\/uploads\/2023\/09\/34.png","type":"image\/png"}],"author":"admin","twitter_card":"summary_large_image","twitter_misc":{"Escrito por":"admin","Est. tempo de leitura":"2 minutos"},"schema":{"@context":"https:\/\/schema.org","@graph":[{"@type":"Article","@id":"https:\/\/itajuba.cam.mg.gov.br\/site\/vereadores-aprovam-5-projetos-de-lei-nesta-quarta-feira-28-de-junho\/#article","isPartOf":{"@id":"https:\/\/itajuba.cam.mg.gov.br\/site\/vereadores-aprovam-5-projetos-de-lei-nesta-quarta-feira-28-de-junho\/"},"author":{"name":"admin","@id":"https:\/\/itajuba.cam.mg.gov.br\/site\/#\/schema\/person\/4573390017f8d6e586382e72ea8aeafc"},"headline":"Vereadores aprovam 5 projetos de lei nesta quarta-feira, 28 de junho","datePublished":"2023-06-29T13:56:01+00:00","dateModified":"2024-10-07T19:25:10+00:00","mainEntityOfPage":{"@id":"https:\/\/itajuba.cam.mg.gov.br\/site\/vereadores-aprovam-5-projetos-de-lei-nesta-quarta-feira-28-de-junho\/"},"wordCount":322,"publisher":{"@id":"https:\/\/itajuba.cam.mg.gov.br\/site\/#organization"},"articleSection":["Not\u00edcias"],"inLanguage":"pt-BR"},{"@type":"WebPage","@id":"https:\/\/itajuba.cam.mg.gov.br\/site\/vereadores-aprovam-5-projetos-de-lei-nesta-quarta-feira-28-de-junho\/","url":"https:\/\/itajuba.cam.mg.gov.br\/site\/vereadores-aprovam-5-projetos-de-lei-nesta-quarta-feira-28-de-junho\/","name":"Vereadores aprovam 5 projetos de lei nesta quarta-feira, 28 de junho - C\u00e2mara Municipal de Itajub\u00e1","isPartOf":{"@id":"https:\/\/itajuba.cam.mg.gov.br\/site\/#website"},"datePublished":"2023-06-29T13:56:01+00:00","dateModified":"2024-10-07T19:25:10+00:00","breadcrumb":{"@id":"https:\/\/itajuba.cam.mg.gov.br\/site\/vereadores-aprovam-5-projetos-de-lei-nesta-quarta-feira-28-de-junho\/#breadcrumb"},"inLanguage":"pt-BR","potentialAction":[{"@type":"ReadAction","target":["https:\/\/itajuba.cam.mg.gov.br\/site\/vereadores-aprovam-5-projetos-de-lei-nesta-quarta-feira-28-de-junho\/"]}]},{"@type":"BreadcrumbList","@id":"https:\/\/itajuba.cam.mg.gov.br\/site\/vereadores-aprovam-5-projetos-de-lei-nesta-quarta-feira-28-de-junho\/#breadcrumb","itemListElement":[{"@type":"ListItem","position":1,"name":"In\u00edcio","item":"https:\/\/itajuba.cam.mg.gov.br\/site\/"},{"@type":"ListItem","position":2,"name":"Vereadores aprovam 5 projetos de lei nesta quarta-feira, 28 de junho"}]},{"@type":"WebSite","@id":"https:\/\/itajuba.cam.mg.gov.br\/site\/#website","url":"https:\/\/itajuba.cam.mg.gov.br\/site\/","name":"C\u00e2mara Municipal de Itajub\u00e1","description":"Efici\u00eancia e Transpar\u00eancia","publisher":{"@id":"https:\/\/itajuba.cam.mg.gov.br\/site\/#organization"},"potentialAction":[{"@type":"SearchAction","target":{"@type":"EntryPoint","urlTemplate":"https:\/\/itajuba.cam.mg.gov.br\/site\/?s={search_term_string}"},"query-input":"required name=search_term_string"}],"inLanguage":"pt-BR"},{"@type":"Organization","@id":"https:\/\/itajuba.cam.mg.gov.br\/site\/#organization","name":"C\u00e2mara Municipal de Itajub\u00e1","url":"https:\/\/itajuba.cam.mg.gov.br\/site\/","logo":{"@type":"ImageObject","inLanguage":"pt-BR","@id":"https:\/\/itajuba.cam.mg.gov.br\/site\/#\/schema\/logo\/image\/","url":"https:\/\/itajuba.cam.mg.gov.br\/site\/wp-content\/uploads\/2023\/09\/logo_camara_2024.png","contentUrl":"https:\/\/itajuba.cam.mg.gov.br\/site\/wp-content\/uploads\/2023\/09\/logo_camara_2024.png","width":1000,"height":385,"caption":"C\u00e2mara Municipal de Itajub\u00e1"},"image":{"@id":"https:\/\/itajuba.cam.mg.gov.br\/site\/#\/schema\/logo\/image\/"},"sameAs":["https:\/\/www.facebook.com\/camaradeitajubaoficial","https:\/\/www.instagram.com\/camaradeitajubaoficial\/","https:\/\/www.youtube.com\/user\/TVCAMARAITAJUBA"]},{"@type":"Person","@id":"https:\/\/itajuba.cam.mg.gov.br\/site\/#\/schema\/person\/4573390017f8d6e586382e72ea8aeafc","name":"admin","image":{"@type":"ImageObject","inLanguage":"pt-BR","@id":"https:\/\/itajuba.cam.mg.gov.br\/site\/#\/schema\/person\/image\/","url":"https:\/\/secure.gravatar.com\/avatar\/ac23fed6a914739b5040ccf137d27d0e5125f47777b6aabe6077effebb1fb788?s=96&d=mm&r=g","contentUrl":"https:\/\/secure.gravatar.com\/avatar\/ac23fed6a914739b5040ccf137d27d0e5125f47777b6aabe6077effebb1fb788?s=96&d=mm&r=g","caption":"admin"},"sameAs":["https:\/\/itajuba.cam.mg.gov.br\/site"],"url":"https:\/\/itajuba.cam.mg.gov.br\/site\/author\/admin\/"}]}},"_links":{"self":[{"href":"https:\/\/itajuba.cam.mg.gov.br\/site\/wp-json\/wp\/v2\/posts\/5567","targetHints":{"allow":["GET"]}}],"collection":[{"href":"https:\/\/itajuba.cam.mg.gov.br\/site\/wp-json\/wp\/v2\/posts"}],"about":[{"href":"https:\/\/itajuba.cam.mg.gov.br\/site\/wp-json\/wp\/v2\/types\/post"}],"author":[{"embeddable":true,"href":"https:\/\/itajuba.cam.mg.gov.br\/site\/wp-json\/wp\/v2\/users\/1"}],"replies":[{"embeddable":true,"href":"https:\/\/itajuba.cam.mg.gov.br\/site\/wp-json\/wp\/v2\/comments?post=5567"}],"version-history":[{"count":1,"href":"https:\/\/itajuba.cam.mg.gov.br\/site\/wp-json\/wp\/v2\/posts\/5567\/revisions"}],"predecessor-version":[{"id":5569,"href":"https:\/\/itajuba.cam.mg.gov.br\/site\/wp-json\/wp\/v2\/posts\/5567\/revisions\/5569"}],"wp:featuredmedia":[{"embeddable":true,"href":"https:\/\/itajuba.cam.mg.gov.br\/site\/wp-json\/wp\/v2\/media\/5568"}],"wp:attachment":[{"href":"https:\/\/itajuba.cam.mg.gov.br\/site\/wp-json\/wp\/v2\/media?parent=5567"}],"wp:term":[{"taxonomy":"category","embeddable":true,"href":"https:\/\/itajuba.cam.mg.gov.br\/site\/wp-json\/wp\/v2\/categories?post=5567"},{"taxonomy":"post_tag","embeddable":true,"href":"https:\/\/itajuba.cam.mg.gov.br\/site\/wp-json\/wp\/v2\/tags?post=5567"}],"curies":[{"name":"wp","href":"https:\/\/api.w.org\/{rel}","templated":true}]}}