{"id":5570,"date":"2023-06-28T13:57:05","date_gmt":"2023-06-28T13:57:05","guid":{"rendered":"https:\/\/itajuba.cam.mg.gov.br\/site\/?p=5570"},"modified":"2024-10-07T19:25:25","modified_gmt":"2024-10-07T19:25:25","slug":"a-camara-municipal-de-itajuba-realiza-nesta-quarta-feira-28-a-partir-das-19h-tres-sessoes-extraordinarias-para-votar-seis-projetos-de-lei","status":"publish","type":"post","link":"https:\/\/itajuba.cam.mg.gov.br\/site\/a-camara-municipal-de-itajuba-realiza-nesta-quarta-feira-28-a-partir-das-19h-tres-sessoes-extraordinarias-para-votar-seis-projetos-de-lei\/","title":{"rendered":"A C\u00e2mara Municipal de Itajub\u00e1 realiza nesta quarta-feira (28), a partir das 19h, tr\u00eas sess\u00f5es extraordin\u00e1rias para votar seis projetos de lei"},"content":{"rendered":"<p>Em segundo turno ser\u00e1 votado o Substitutivo ao Projeto de Lei Complementar N\u00ba 127\/2023, de autoria do Poder Executivo, que altera a estrutura a estrutura administrativa da Prefeitura Municipal de Itajub\u00e1, constante na Lei Complementar n\u00ba 09, de 26 de dezembro de 2001 e Lei Complementar n\u00ba 67, de 28 de dezembro de 2011 e d\u00e1 outras provid\u00eancias (cria\u00e7\u00e3o de cargos e departamentos).<\/p>\n<p>Em primeiro e segundo turno tamb\u00e9m ser\u00e3o votados os seguintes projetos:<\/p>\n<ul>\n<li>Projeto de Lei N\u00ba 4723\/2023: Institui e Inclui no Calend\u00e1rio de Festas do Munic\u00edpio de Itajub\u00e1 o \u201cDia da Comarca\u201d, e d\u00e1 outras provid\u00eancias. Autoria: Marcelo Krauss \u2013 PROGRESSISTAS.<\/li>\n<li>Projeto de Lei N\u00ba 4689\/2023: Disp\u00f5e sobre a utiliza\u00e7\u00e3o do cord\u00e3o de girassol como s\u00edmbolo para a identifica\u00e7\u00e3o da pessoa com defici\u00eancia oculta no Munic\u00edpio de Itajub\u00e1 e d\u00e1 outras provid\u00eancias. Autoria: Rafael Rodrigues \u2013 UNI\u00c3O.<\/li>\n<li>Substitutivo ao Projeto de Lei N\u00ba 4690\/2023: Substitutivo ao Projeto de Lei N\u00ba 4690\/2023 \u2013 Determina a afixa\u00e7\u00e3o de placas informativas sobre a entrega legal para ado\u00e7\u00e3o, no \u00e2mbito do Munic\u00edpio de Itajub\u00e1. Autoria: Rafael Rodrigues \u2013 UNI\u00c3O.<\/li>\n<li>Projeto de Lei N\u00ba 4712\/2023: Institui e Inclui no Calend\u00e1rio Oficial de Eventos e Festas do Munic\u00edpio de Itajub\u00e1 o m\u00eas \u2018Setembro Amarelo\u2019, dedicado \u00e0 preven\u00e7\u00e3o ao suic\u00eddio. Autoria: Markinhu Meireles \u2013 PSD.<\/li>\n<li>Projeto de Lei N\u00ba 4715\/2023: Revoga a Lei Municipal n\u00b0 2.811 de 09 de fevereiro de 2011 (Revoga doa\u00e7\u00e3o de terreno \u00e0 empresa Advantech Ltda). Autoria: Poder Executivo.<\/li>\n<\/ul>\n<p>A sess\u00f5es extraordin\u00e1rias ser\u00e3o transmitidas pelo canal TV C\u00e2mara Itajub\u00e1 no Youtube e pela p\u00e1gina oficial da C\u00e2mara Municipal de Itajub\u00e1 no Facebook.<\/p>\n<p>#camaradeitajub\u00e1 #sess\u00e3oordin\u00e1ria #vereadores #casadopovo #poderlegislativo #itajub\u00e1<\/p>\n","protected":false},"excerpt":{"rendered":"<p>Em segundo turno ser\u00e1 votado o Substitutivo ao Projeto de Lei Complementar N\u00ba 127\/2023, de autoria do Poder Executivo, que altera a estrutura a estrutura administrativa da Prefeitura Municipal de Itajub\u00e1, constante na Lei Complementar n\u00ba 09, de 26 de dezembro de 2001 e Lei Complementar n\u00ba 67, de 28 de dezembro de 2011 e [&hellip;]<\/p>\n","protected":false},"author":1,"featured_media":5571,"comment_status":"closed","ping_status":"open","sticky":false,"template":"","format":"standard","meta":{"footnotes":""},"categories":[16],"tags":[],"class_list":["post-5570","post","type-post","status-publish","format-standard","has-post-thumbnail","hentry","category-noticias"],"yoast_head":"<!-- This site is optimized with the Yoast SEO plugin v21.0 - https:\/\/yoast.com\/wordpress\/plugins\/seo\/ -->\n<title>A C\u00e2mara Municipal de Itajub\u00e1 realiza nesta quarta-feira (28), a partir das 19h, tr\u00eas sess\u00f5es extraordin\u00e1rias para votar seis projetos de lei - C\u00e2mara Municipal de Itajub\u00e1<\/title>\n<meta name=\"robots\" content=\"index, follow, max-snippet:-1, max-image-preview:large, max-video-preview:-1\" \/>\n<link rel=\"canonical\" href=\"https:\/\/itajuba.cam.mg.gov.br\/site\/a-camara-municipal-de-itajuba-realiza-nesta-quarta-feira-28-a-partir-das-19h-tres-sessoes-extraordinarias-para-votar-seis-projetos-de-lei\/\" \/>\n<meta property=\"og:locale\" content=\"pt_BR\" \/>\n<meta property=\"og:type\" content=\"article\" \/>\n<meta property=\"og:title\" content=\"A C\u00e2mara Municipal de Itajub\u00e1 realiza nesta quarta-feira (28), a partir das 19h, tr\u00eas sess\u00f5es extraordin\u00e1rias para votar seis projetos de lei - C\u00e2mara Municipal de Itajub\u00e1\" \/>\n<meta property=\"og:description\" content=\"Em segundo turno ser\u00e1 votado o Substitutivo ao Projeto de Lei Complementar N\u00ba 127\/2023, de autoria do Poder Executivo, que altera a estrutura a estrutura administrativa da Prefeitura Municipal de Itajub\u00e1, constante na Lei Complementar n\u00ba 09, de 26 de dezembro de 2001 e Lei Complementar n\u00ba 67, de 28 de dezembro de 2011 e [&hellip;]\" \/>\n<meta property=\"og:url\" content=\"https:\/\/itajuba.cam.mg.gov.br\/site\/a-camara-municipal-de-itajuba-realiza-nesta-quarta-feira-28-a-partir-das-19h-tres-sessoes-extraordinarias-para-votar-seis-projetos-de-lei\/\" \/>\n<meta property=\"og:site_name\" content=\"C\u00e2mara Municipal de Itajub\u00e1\" \/>\n<meta property=\"article:publisher\" content=\"https:\/\/www.facebook.com\/camaradeitajubaoficial\" \/>\n<meta property=\"article:published_time\" content=\"2023-06-28T13:57:05+00:00\" \/>\n<meta property=\"article:modified_time\" content=\"2024-10-07T19:25:25+00:00\" \/>\n<meta property=\"og:image\" content=\"https:\/\/itajuba.cam.mg.gov.br\/site\/wp-content\/uploads\/2023\/09\/35.png\" \/>\n\t<meta property=\"og:image:width\" content=\"1024\" \/>\n\t<meta property=\"og:image:height\" content=\"446\" \/>\n\t<meta property=\"og:image:type\" content=\"image\/png\" \/>\n<meta name=\"author\" content=\"admin\" \/>\n<meta name=\"twitter:card\" content=\"summary_large_image\" \/>\n<meta name=\"twitter:label1\" content=\"Escrito por\" \/>\n\t<meta name=\"twitter:data1\" content=\"admin\" \/>\n\t<meta name=\"twitter:label2\" content=\"Est. tempo de leitura\" \/>\n\t<meta name=\"twitter:data2\" content=\"2 minutos\" \/>\n<script type=\"application\/ld+json\" class=\"yoast-schema-graph\">{\"@context\":\"https:\/\/schema.org\",\"@graph\":[{\"@type\":\"Article\",\"@id\":\"https:\/\/itajuba.cam.mg.gov.br\/site\/a-camara-municipal-de-itajuba-realiza-nesta-quarta-feira-28-a-partir-das-19h-tres-sessoes-extraordinarias-para-votar-seis-projetos-de-lei\/#article\",\"isPartOf\":{\"@id\":\"https:\/\/itajuba.cam.mg.gov.br\/site\/a-camara-municipal-de-itajuba-realiza-nesta-quarta-feira-28-a-partir-das-19h-tres-sessoes-extraordinarias-para-votar-seis-projetos-de-lei\/\"},\"author\":{\"name\":\"admin\",\"@id\":\"https:\/\/itajuba.cam.mg.gov.br\/site\/#\/schema\/person\/4573390017f8d6e586382e72ea8aeafc\"},\"headline\":\"A C\u00e2mara Municipal de Itajub\u00e1 realiza nesta quarta-feira (28), a partir das 19h, tr\u00eas sess\u00f5es extraordin\u00e1rias para votar seis projetos de lei\",\"datePublished\":\"2023-06-28T13:57:05+00:00\",\"dateModified\":\"2024-10-07T19:25:25+00:00\",\"mainEntityOfPage\":{\"@id\":\"https:\/\/itajuba.cam.mg.gov.br\/site\/a-camara-municipal-de-itajuba-realiza-nesta-quarta-feira-28-a-partir-das-19h-tres-sessoes-extraordinarias-para-votar-seis-projetos-de-lei\/\"},\"wordCount\":303,\"publisher\":{\"@id\":\"https:\/\/itajuba.cam.mg.gov.br\/site\/#organization\"},\"articleSection\":[\"Not\u00edcias\"],\"inLanguage\":\"pt-BR\"},{\"@type\":\"WebPage\",\"@id\":\"https:\/\/itajuba.cam.mg.gov.br\/site\/a-camara-municipal-de-itajuba-realiza-nesta-quarta-feira-28-a-partir-das-19h-tres-sessoes-extraordinarias-para-votar-seis-projetos-de-lei\/\",\"url\":\"https:\/\/itajuba.cam.mg.gov.br\/site\/a-camara-municipal-de-itajuba-realiza-nesta-quarta-feira-28-a-partir-das-19h-tres-sessoes-extraordinarias-para-votar-seis-projetos-de-lei\/\",\"name\":\"A C\u00e2mara Municipal de Itajub\u00e1 realiza nesta quarta-feira (28), a partir das 19h, tr\u00eas sess\u00f5es extraordin\u00e1rias para votar seis projetos de lei - C\u00e2mara Municipal de Itajub\u00e1\",\"isPartOf\":{\"@id\":\"https:\/\/itajuba.cam.mg.gov.br\/site\/#website\"},\"datePublished\":\"2023-06-28T13:57:05+00:00\",\"dateModified\":\"2024-10-07T19:25:25+00:00\",\"breadcrumb\":{\"@id\":\"https:\/\/itajuba.cam.mg.gov.br\/site\/a-camara-municipal-de-itajuba-realiza-nesta-quarta-feira-28-a-partir-das-19h-tres-sessoes-extraordinarias-para-votar-seis-projetos-de-lei\/#breadcrumb\"},\"inLanguage\":\"pt-BR\",\"potentialAction\":[{\"@type\":\"ReadAction\",\"target\":[\"https:\/\/itajuba.cam.mg.gov.br\/site\/a-camara-municipal-de-itajuba-realiza-nesta-quarta-feira-28-a-partir-das-19h-tres-sessoes-extraordinarias-para-votar-seis-projetos-de-lei\/\"]}]},{\"@type\":\"BreadcrumbList\",\"@id\":\"https:\/\/itajuba.cam.mg.gov.br\/site\/a-camara-municipal-de-itajuba-realiza-nesta-quarta-feira-28-a-partir-das-19h-tres-sessoes-extraordinarias-para-votar-seis-projetos-de-lei\/#breadcrumb\",\"itemListElement\":[{\"@type\":\"ListItem\",\"position\":1,\"name\":\"In\u00edcio\",\"item\":\"https:\/\/itajuba.cam.mg.gov.br\/site\/\"},{\"@type\":\"ListItem\",\"position\":2,\"name\":\"A C\u00e2mara Municipal de Itajub\u00e1 realiza nesta quarta-feira (28), a partir das 19h, tr\u00eas sess\u00f5es extraordin\u00e1rias para votar seis projetos de lei\"}]},{\"@type\":\"WebSite\",\"@id\":\"https:\/\/itajuba.cam.mg.gov.br\/site\/#website\",\"url\":\"https:\/\/itajuba.cam.mg.gov.br\/site\/\",\"name\":\"C\u00e2mara Municipal de Itajub\u00e1\",\"description\":\"Efici\u00eancia e Transpar\u00eancia\",\"publisher\":{\"@id\":\"https:\/\/itajuba.cam.mg.gov.br\/site\/#organization\"},\"potentialAction\":[{\"@type\":\"SearchAction\",\"target\":{\"@type\":\"EntryPoint\",\"urlTemplate\":\"https:\/\/itajuba.cam.mg.gov.br\/site\/?s={search_term_string}\"},\"query-input\":\"required name=search_term_string\"}],\"inLanguage\":\"pt-BR\"},{\"@type\":\"Organization\",\"@id\":\"https:\/\/itajuba.cam.mg.gov.br\/site\/#organization\",\"name\":\"C\u00e2mara Municipal de Itajub\u00e1\",\"url\":\"https:\/\/itajuba.cam.mg.gov.br\/site\/\",\"logo\":{\"@type\":\"ImageObject\",\"inLanguage\":\"pt-BR\",\"@id\":\"https:\/\/itajuba.cam.mg.gov.br\/site\/#\/schema\/logo\/image\/\",\"url\":\"https:\/\/itajuba.cam.mg.gov.br\/site\/wp-content\/uploads\/2023\/09\/logo_camara_2024.png\",\"contentUrl\":\"https:\/\/itajuba.cam.mg.gov.br\/site\/wp-content\/uploads\/2023\/09\/logo_camara_2024.png\",\"width\":1000,\"height\":385,\"caption\":\"C\u00e2mara Municipal de Itajub\u00e1\"},\"image\":{\"@id\":\"https:\/\/itajuba.cam.mg.gov.br\/site\/#\/schema\/logo\/image\/\"},\"sameAs\":[\"https:\/\/www.facebook.com\/camaradeitajubaoficial\",\"https:\/\/www.instagram.com\/camaradeitajubaoficial\/\",\"https:\/\/www.youtube.com\/user\/TVCAMARAITAJUBA\"]},{\"@type\":\"Person\",\"@id\":\"https:\/\/itajuba.cam.mg.gov.br\/site\/#\/schema\/person\/4573390017f8d6e586382e72ea8aeafc\",\"name\":\"admin\",\"image\":{\"@type\":\"ImageObject\",\"inLanguage\":\"pt-BR\",\"@id\":\"https:\/\/itajuba.cam.mg.gov.br\/site\/#\/schema\/person\/image\/\",\"url\":\"https:\/\/secure.gravatar.com\/avatar\/ac23fed6a914739b5040ccf137d27d0e5125f47777b6aabe6077effebb1fb788?s=96&d=mm&r=g\",\"contentUrl\":\"https:\/\/secure.gravatar.com\/avatar\/ac23fed6a914739b5040ccf137d27d0e5125f47777b6aabe6077effebb1fb788?s=96&d=mm&r=g\",\"caption\":\"admin\"},\"sameAs\":[\"https:\/\/itajuba.cam.mg.gov.br\/site\"],\"url\":\"https:\/\/itajuba.cam.mg.gov.br\/site\/author\/admin\/\"}]}<\/script>\n<!-- \/ Yoast SEO plugin. -->","yoast_head_json":{"title":"A C\u00e2mara Municipal de Itajub\u00e1 realiza nesta quarta-feira (28), a partir das 19h, tr\u00eas sess\u00f5es extraordin\u00e1rias para votar seis projetos de lei - C\u00e2mara Municipal de Itajub\u00e1","robots":{"index":"index","follow":"follow","max-snippet":"max-snippet:-1","max-image-preview":"max-image-preview:large","max-video-preview":"max-video-preview:-1"},"canonical":"https:\/\/itajuba.cam.mg.gov.br\/site\/a-camara-municipal-de-itajuba-realiza-nesta-quarta-feira-28-a-partir-das-19h-tres-sessoes-extraordinarias-para-votar-seis-projetos-de-lei\/","og_locale":"pt_BR","og_type":"article","og_title":"A C\u00e2mara Municipal de Itajub\u00e1 realiza nesta quarta-feira (28), a partir das 19h, tr\u00eas sess\u00f5es extraordin\u00e1rias para votar seis projetos de lei - C\u00e2mara Municipal de Itajub\u00e1","og_description":"Em segundo turno ser\u00e1 votado o Substitutivo ao Projeto de Lei Complementar N\u00ba 127\/2023, de autoria do Poder Executivo, que altera a estrutura a estrutura administrativa da Prefeitura Municipal de Itajub\u00e1, constante na Lei Complementar n\u00ba 09, de 26 de dezembro de 2001 e Lei Complementar n\u00ba 67, de 28 de dezembro de 2011 e [&hellip;]","og_url":"https:\/\/itajuba.cam.mg.gov.br\/site\/a-camara-municipal-de-itajuba-realiza-nesta-quarta-feira-28-a-partir-das-19h-tres-sessoes-extraordinarias-para-votar-seis-projetos-de-lei\/","og_site_name":"C\u00e2mara Municipal de Itajub\u00e1","article_publisher":"https:\/\/www.facebook.com\/camaradeitajubaoficial","article_published_time":"2023-06-28T13:57:05+00:00","article_modified_time":"2024-10-07T19:25:25+00:00","og_image":[{"width":1024,"height":446,"url":"https:\/\/itajuba.cam.mg.gov.br\/site\/wp-content\/uploads\/2023\/09\/35.png","type":"image\/png"}],"author":"admin","twitter_card":"summary_large_image","twitter_misc":{"Escrito por":"admin","Est. tempo de leitura":"2 minutos"},"schema":{"@context":"https:\/\/schema.org","@graph":[{"@type":"Article","@id":"https:\/\/itajuba.cam.mg.gov.br\/site\/a-camara-municipal-de-itajuba-realiza-nesta-quarta-feira-28-a-partir-das-19h-tres-sessoes-extraordinarias-para-votar-seis-projetos-de-lei\/#article","isPartOf":{"@id":"https:\/\/itajuba.cam.mg.gov.br\/site\/a-camara-municipal-de-itajuba-realiza-nesta-quarta-feira-28-a-partir-das-19h-tres-sessoes-extraordinarias-para-votar-seis-projetos-de-lei\/"},"author":{"name":"admin","@id":"https:\/\/itajuba.cam.mg.gov.br\/site\/#\/schema\/person\/4573390017f8d6e586382e72ea8aeafc"},"headline":"A C\u00e2mara Municipal de Itajub\u00e1 realiza nesta quarta-feira (28), a partir das 19h, tr\u00eas sess\u00f5es extraordin\u00e1rias para votar seis projetos de lei","datePublished":"2023-06-28T13:57:05+00:00","dateModified":"2024-10-07T19:25:25+00:00","mainEntityOfPage":{"@id":"https:\/\/itajuba.cam.mg.gov.br\/site\/a-camara-municipal-de-itajuba-realiza-nesta-quarta-feira-28-a-partir-das-19h-tres-sessoes-extraordinarias-para-votar-seis-projetos-de-lei\/"},"wordCount":303,"publisher":{"@id":"https:\/\/itajuba.cam.mg.gov.br\/site\/#organization"},"articleSection":["Not\u00edcias"],"inLanguage":"pt-BR"},{"@type":"WebPage","@id":"https:\/\/itajuba.cam.mg.gov.br\/site\/a-camara-municipal-de-itajuba-realiza-nesta-quarta-feira-28-a-partir-das-19h-tres-sessoes-extraordinarias-para-votar-seis-projetos-de-lei\/","url":"https:\/\/itajuba.cam.mg.gov.br\/site\/a-camara-municipal-de-itajuba-realiza-nesta-quarta-feira-28-a-partir-das-19h-tres-sessoes-extraordinarias-para-votar-seis-projetos-de-lei\/","name":"A C\u00e2mara Municipal de Itajub\u00e1 realiza nesta quarta-feira (28), a partir das 19h, tr\u00eas sess\u00f5es extraordin\u00e1rias para votar seis projetos de lei - C\u00e2mara Municipal de Itajub\u00e1","isPartOf":{"@id":"https:\/\/itajuba.cam.mg.gov.br\/site\/#website"},"datePublished":"2023-06-28T13:57:05+00:00","dateModified":"2024-10-07T19:25:25+00:00","breadcrumb":{"@id":"https:\/\/itajuba.cam.mg.gov.br\/site\/a-camara-municipal-de-itajuba-realiza-nesta-quarta-feira-28-a-partir-das-19h-tres-sessoes-extraordinarias-para-votar-seis-projetos-de-lei\/#breadcrumb"},"inLanguage":"pt-BR","potentialAction":[{"@type":"ReadAction","target":["https:\/\/itajuba.cam.mg.gov.br\/site\/a-camara-municipal-de-itajuba-realiza-nesta-quarta-feira-28-a-partir-das-19h-tres-sessoes-extraordinarias-para-votar-seis-projetos-de-lei\/"]}]},{"@type":"BreadcrumbList","@id":"https:\/\/itajuba.cam.mg.gov.br\/site\/a-camara-municipal-de-itajuba-realiza-nesta-quarta-feira-28-a-partir-das-19h-tres-sessoes-extraordinarias-para-votar-seis-projetos-de-lei\/#breadcrumb","itemListElement":[{"@type":"ListItem","position":1,"name":"In\u00edcio","item":"https:\/\/itajuba.cam.mg.gov.br\/site\/"},{"@type":"ListItem","position":2,"name":"A C\u00e2mara Municipal de Itajub\u00e1 realiza nesta quarta-feira (28), a partir das 19h, tr\u00eas sess\u00f5es extraordin\u00e1rias para votar seis projetos de lei"}]},{"@type":"WebSite","@id":"https:\/\/itajuba.cam.mg.gov.br\/site\/#website","url":"https:\/\/itajuba.cam.mg.gov.br\/site\/","name":"C\u00e2mara Municipal de Itajub\u00e1","description":"Efici\u00eancia e Transpar\u00eancia","publisher":{"@id":"https:\/\/itajuba.cam.mg.gov.br\/site\/#organization"},"potentialAction":[{"@type":"SearchAction","target":{"@type":"EntryPoint","urlTemplate":"https:\/\/itajuba.cam.mg.gov.br\/site\/?s={search_term_string}"},"query-input":"required name=search_term_string"}],"inLanguage":"pt-BR"},{"@type":"Organization","@id":"https:\/\/itajuba.cam.mg.gov.br\/site\/#organization","name":"C\u00e2mara Municipal de Itajub\u00e1","url":"https:\/\/itajuba.cam.mg.gov.br\/site\/","logo":{"@type":"ImageObject","inLanguage":"pt-BR","@id":"https:\/\/itajuba.cam.mg.gov.br\/site\/#\/schema\/logo\/image\/","url":"https:\/\/itajuba.cam.mg.gov.br\/site\/wp-content\/uploads\/2023\/09\/logo_camara_2024.png","contentUrl":"https:\/\/itajuba.cam.mg.gov.br\/site\/wp-content\/uploads\/2023\/09\/logo_camara_2024.png","width":1000,"height":385,"caption":"C\u00e2mara Municipal de Itajub\u00e1"},"image":{"@id":"https:\/\/itajuba.cam.mg.gov.br\/site\/#\/schema\/logo\/image\/"},"sameAs":["https:\/\/www.facebook.com\/camaradeitajubaoficial","https:\/\/www.instagram.com\/camaradeitajubaoficial\/","https:\/\/www.youtube.com\/user\/TVCAMARAITAJUBA"]},{"@type":"Person","@id":"https:\/\/itajuba.cam.mg.gov.br\/site\/#\/schema\/person\/4573390017f8d6e586382e72ea8aeafc","name":"admin","image":{"@type":"ImageObject","inLanguage":"pt-BR","@id":"https:\/\/itajuba.cam.mg.gov.br\/site\/#\/schema\/person\/image\/","url":"https:\/\/secure.gravatar.com\/avatar\/ac23fed6a914739b5040ccf137d27d0e5125f47777b6aabe6077effebb1fb788?s=96&d=mm&r=g","contentUrl":"https:\/\/secure.gravatar.com\/avatar\/ac23fed6a914739b5040ccf137d27d0e5125f47777b6aabe6077effebb1fb788?s=96&d=mm&r=g","caption":"admin"},"sameAs":["https:\/\/itajuba.cam.mg.gov.br\/site"],"url":"https:\/\/itajuba.cam.mg.gov.br\/site\/author\/admin\/"}]}},"_links":{"self":[{"href":"https:\/\/itajuba.cam.mg.gov.br\/site\/wp-json\/wp\/v2\/posts\/5570","targetHints":{"allow":["GET"]}}],"collection":[{"href":"https:\/\/itajuba.cam.mg.gov.br\/site\/wp-json\/wp\/v2\/posts"}],"about":[{"href":"https:\/\/itajuba.cam.mg.gov.br\/site\/wp-json\/wp\/v2\/types\/post"}],"author":[{"embeddable":true,"href":"https:\/\/itajuba.cam.mg.gov.br\/site\/wp-json\/wp\/v2\/users\/1"}],"replies":[{"embeddable":true,"href":"https:\/\/itajuba.cam.mg.gov.br\/site\/wp-json\/wp\/v2\/comments?post=5570"}],"version-history":[{"count":1,"href":"https:\/\/itajuba.cam.mg.gov.br\/site\/wp-json\/wp\/v2\/posts\/5570\/revisions"}],"predecessor-version":[{"id":5572,"href":"https:\/\/itajuba.cam.mg.gov.br\/site\/wp-json\/wp\/v2\/posts\/5570\/revisions\/5572"}],"wp:featuredmedia":[{"embeddable":true,"href":"https:\/\/itajuba.cam.mg.gov.br\/site\/wp-json\/wp\/v2\/media\/5571"}],"wp:attachment":[{"href":"https:\/\/itajuba.cam.mg.gov.br\/site\/wp-json\/wp\/v2\/media?parent=5570"}],"wp:term":[{"taxonomy":"category","embeddable":true,"href":"https:\/\/itajuba.cam.mg.gov.br\/site\/wp-json\/wp\/v2\/categories?post=5570"},{"taxonomy":"post_tag","embeddable":true,"href":"https:\/\/itajuba.cam.mg.gov.br\/site\/wp-json\/wp\/v2\/tags?post=5570"}],"curies":[{"name":"wp","href":"https:\/\/api.w.org\/{rel}","templated":true}]}}