{"id":5582,"date":"2023-06-23T14:02:09","date_gmt":"2023-06-23T14:02:09","guid":{"rendered":"https:\/\/itajuba.cam.mg.gov.br\/site\/?p=5582"},"modified":"2024-10-07T19:26:37","modified_gmt":"2024-10-07T19:26:37","slug":"vereadores-se-reuniram-para-votar-projetos-de-lei-nesta-quinta-feira-22","status":"publish","type":"post","link":"https:\/\/itajuba.cam.mg.gov.br\/site\/vereadores-se-reuniram-para-votar-projetos-de-lei-nesta-quinta-feira-22\/","title":{"rendered":"Vereadores se reuniram para votar projetos de lei nesta quinta-feira (22)"},"content":{"rendered":"<p>Os vereadores se reuniram em sess\u00f5es extraordin\u00e1rias na noite desta quinta-feira (22) para votar projetos de lei e emendas aos projetos.<\/p>\n<p>Durante a primeira extraordin\u00e1ria da noite, o Projeto de Lei Complementar n\u00ba 127, que altera a estrutura administrativa da Prefeitura Municipal de Itajub\u00e1 \u2013 cria\u00e7\u00e3o de cargos e departamentos, de autoria do Poder Executivo, teve 13 emendas rejeitadas pela maioria dos vereadores. O vereador Robson Vaz (PSDB) apresentou quatro novas emendas com pareceres verbais favor\u00e1veis das comiss\u00f5es de Constitui\u00e7\u00e3o, de Finan\u00e7as e de Obras. Por esse motivo, o PLC n\u00ba 127\/2023 foi retirado de pauta para ser votado em primeiro turno na pr\u00f3xima sess\u00e3o ordin\u00e1ria.<\/p>\n<p>Na segunda extraordin\u00e1ria da noite foi aprovado em primeiro turno por unanimidade o Projeto de Lei Complementar n\u00ba 129\/2023 (que disp\u00f5e sobre o Plano de Cargos e Carreiras do Magist\u00e9rio Municipal), de autoria do Executivo. J\u00e1 Projeto de Lei N\u00ba 4719\/2023, tamb\u00e9m de autoria do Executivo, que autoriza o Munic\u00edpio a contratar empr\u00e9stimo com o Banco do Brasil para obras de infraestrutura, no valor de R$ 42 milh\u00f5es, recebeu emendas do vereador Robson Vaz (PSDB), que tiveram pareceres verbais desfavor\u00e1veis das comiss\u00f5es de Constitui\u00e7\u00e3o, de Finan\u00e7as e de Obras. O PL n\u00ba 4719\/2023 foi aprovado em primeiro turno por 7 votos a 3. A vota\u00e7\u00e3o em segundo turno dever\u00e1 ocorrer na pr\u00f3xima sess\u00e3o ordin\u00e1ria.<\/p>\n<p>Em segundo turno foram aprovados com emendas os substitutivos aos projetos de lei n\u00bas 4706\/2023 e 4707\/2023, que respectivamente disp\u00f5em sobre a Estrutura Organizacional e sobre o Plano de Cargos e Carreiras da C\u00e2mara Municipal de Itajub\u00e1, de autoria da Mesa Diretora. Estes dois projetos seguem para san\u00e7\u00e3o do prefeito Christian Gon\u00e7alves.<\/p>\n","protected":false},"excerpt":{"rendered":"<p>Os vereadores se reuniram em sess\u00f5es extraordin\u00e1rias na noite desta quinta-feira (22) para votar projetos de lei e emendas aos projetos. Durante a primeira extraordin\u00e1ria da noite, o Projeto de Lei Complementar n\u00ba 127, que altera a estrutura administrativa da Prefeitura Municipal de Itajub\u00e1 \u2013 cria\u00e7\u00e3o de cargos e departamentos, de autoria do Poder Executivo, [&hellip;]<\/p>\n","protected":false},"author":1,"featured_media":5583,"comment_status":"closed","ping_status":"open","sticky":false,"template":"","format":"standard","meta":{"footnotes":""},"categories":[16],"tags":[],"class_list":["post-5582","post","type-post","status-publish","format-standard","has-post-thumbnail","hentry","category-noticias"],"yoast_head":"<!-- This site is optimized with the Yoast SEO plugin v21.0 - https:\/\/yoast.com\/wordpress\/plugins\/seo\/ -->\n<title>Vereadores se reuniram para votar projetos de lei nesta quinta-feira (22) - C\u00e2mara Municipal de Itajub\u00e1<\/title>\n<meta name=\"robots\" content=\"index, follow, max-snippet:-1, max-image-preview:large, max-video-preview:-1\" \/>\n<link rel=\"canonical\" href=\"https:\/\/itajuba.cam.mg.gov.br\/site\/vereadores-se-reuniram-para-votar-projetos-de-lei-nesta-quinta-feira-22\/\" \/>\n<meta property=\"og:locale\" content=\"pt_BR\" \/>\n<meta property=\"og:type\" content=\"article\" \/>\n<meta property=\"og:title\" content=\"Vereadores se reuniram para votar projetos de lei nesta quinta-feira (22) - C\u00e2mara Municipal de Itajub\u00e1\" \/>\n<meta property=\"og:description\" content=\"Os vereadores se reuniram em sess\u00f5es extraordin\u00e1rias na noite desta quinta-feira (22) para votar projetos de lei e emendas aos projetos. Durante a primeira extraordin\u00e1ria da noite, o Projeto de Lei Complementar n\u00ba 127, que altera a estrutura administrativa da Prefeitura Municipal de Itajub\u00e1 \u2013 cria\u00e7\u00e3o de cargos e departamentos, de autoria do Poder Executivo, [&hellip;]\" \/>\n<meta property=\"og:url\" content=\"https:\/\/itajuba.cam.mg.gov.br\/site\/vereadores-se-reuniram-para-votar-projetos-de-lei-nesta-quinta-feira-22\/\" \/>\n<meta property=\"og:site_name\" content=\"C\u00e2mara Municipal de Itajub\u00e1\" \/>\n<meta property=\"article:publisher\" content=\"https:\/\/www.facebook.com\/camaradeitajubaoficial\" \/>\n<meta property=\"article:published_time\" content=\"2023-06-23T14:02:09+00:00\" \/>\n<meta property=\"article:modified_time\" content=\"2024-10-07T19:26:37+00:00\" \/>\n<meta property=\"og:image\" content=\"https:\/\/itajuba.cam.mg.gov.br\/site\/wp-content\/uploads\/2023\/09\/39.png\" \/>\n\t<meta property=\"og:image:width\" content=\"1024\" \/>\n\t<meta property=\"og:image:height\" content=\"446\" \/>\n\t<meta property=\"og:image:type\" content=\"image\/png\" \/>\n<meta name=\"author\" content=\"admin\" \/>\n<meta name=\"twitter:card\" content=\"summary_large_image\" \/>\n<meta name=\"twitter:label1\" content=\"Escrito por\" \/>\n\t<meta name=\"twitter:data1\" content=\"admin\" \/>\n\t<meta name=\"twitter:label2\" content=\"Est. tempo de leitura\" \/>\n\t<meta name=\"twitter:data2\" content=\"2 minutos\" \/>\n<script type=\"application\/ld+json\" class=\"yoast-schema-graph\">{\"@context\":\"https:\/\/schema.org\",\"@graph\":[{\"@type\":\"Article\",\"@id\":\"https:\/\/itajuba.cam.mg.gov.br\/site\/vereadores-se-reuniram-para-votar-projetos-de-lei-nesta-quinta-feira-22\/#article\",\"isPartOf\":{\"@id\":\"https:\/\/itajuba.cam.mg.gov.br\/site\/vereadores-se-reuniram-para-votar-projetos-de-lei-nesta-quinta-feira-22\/\"},\"author\":{\"name\":\"admin\",\"@id\":\"https:\/\/itajuba.cam.mg.gov.br\/site\/#\/schema\/person\/4573390017f8d6e586382e72ea8aeafc\"},\"headline\":\"Vereadores se reuniram para votar projetos de lei nesta quinta-feira (22)\",\"datePublished\":\"2023-06-23T14:02:09+00:00\",\"dateModified\":\"2024-10-07T19:26:37+00:00\",\"mainEntityOfPage\":{\"@id\":\"https:\/\/itajuba.cam.mg.gov.br\/site\/vereadores-se-reuniram-para-votar-projetos-de-lei-nesta-quinta-feira-22\/\"},\"wordCount\":300,\"publisher\":{\"@id\":\"https:\/\/itajuba.cam.mg.gov.br\/site\/#organization\"},\"articleSection\":[\"Not\u00edcias\"],\"inLanguage\":\"pt-BR\"},{\"@type\":\"WebPage\",\"@id\":\"https:\/\/itajuba.cam.mg.gov.br\/site\/vereadores-se-reuniram-para-votar-projetos-de-lei-nesta-quinta-feira-22\/\",\"url\":\"https:\/\/itajuba.cam.mg.gov.br\/site\/vereadores-se-reuniram-para-votar-projetos-de-lei-nesta-quinta-feira-22\/\",\"name\":\"Vereadores se reuniram para votar projetos de lei nesta quinta-feira (22) - C\u00e2mara Municipal de Itajub\u00e1\",\"isPartOf\":{\"@id\":\"https:\/\/itajuba.cam.mg.gov.br\/site\/#website\"},\"datePublished\":\"2023-06-23T14:02:09+00:00\",\"dateModified\":\"2024-10-07T19:26:37+00:00\",\"breadcrumb\":{\"@id\":\"https:\/\/itajuba.cam.mg.gov.br\/site\/vereadores-se-reuniram-para-votar-projetos-de-lei-nesta-quinta-feira-22\/#breadcrumb\"},\"inLanguage\":\"pt-BR\",\"potentialAction\":[{\"@type\":\"ReadAction\",\"target\":[\"https:\/\/itajuba.cam.mg.gov.br\/site\/vereadores-se-reuniram-para-votar-projetos-de-lei-nesta-quinta-feira-22\/\"]}]},{\"@type\":\"BreadcrumbList\",\"@id\":\"https:\/\/itajuba.cam.mg.gov.br\/site\/vereadores-se-reuniram-para-votar-projetos-de-lei-nesta-quinta-feira-22\/#breadcrumb\",\"itemListElement\":[{\"@type\":\"ListItem\",\"position\":1,\"name\":\"In\u00edcio\",\"item\":\"https:\/\/itajuba.cam.mg.gov.br\/site\/\"},{\"@type\":\"ListItem\",\"position\":2,\"name\":\"Vereadores se reuniram para votar projetos de lei nesta quinta-feira (22)\"}]},{\"@type\":\"WebSite\",\"@id\":\"https:\/\/itajuba.cam.mg.gov.br\/site\/#website\",\"url\":\"https:\/\/itajuba.cam.mg.gov.br\/site\/\",\"name\":\"C\u00e2mara Municipal de Itajub\u00e1\",\"description\":\"Efici\u00eancia e Transpar\u00eancia\",\"publisher\":{\"@id\":\"https:\/\/itajuba.cam.mg.gov.br\/site\/#organization\"},\"potentialAction\":[{\"@type\":\"SearchAction\",\"target\":{\"@type\":\"EntryPoint\",\"urlTemplate\":\"https:\/\/itajuba.cam.mg.gov.br\/site\/?s={search_term_string}\"},\"query-input\":\"required name=search_term_string\"}],\"inLanguage\":\"pt-BR\"},{\"@type\":\"Organization\",\"@id\":\"https:\/\/itajuba.cam.mg.gov.br\/site\/#organization\",\"name\":\"C\u00e2mara Municipal de Itajub\u00e1\",\"url\":\"https:\/\/itajuba.cam.mg.gov.br\/site\/\",\"logo\":{\"@type\":\"ImageObject\",\"inLanguage\":\"pt-BR\",\"@id\":\"https:\/\/itajuba.cam.mg.gov.br\/site\/#\/schema\/logo\/image\/\",\"url\":\"https:\/\/itajuba.cam.mg.gov.br\/site\/wp-content\/uploads\/2023\/09\/logo_camara_2024.png\",\"contentUrl\":\"https:\/\/itajuba.cam.mg.gov.br\/site\/wp-content\/uploads\/2023\/09\/logo_camara_2024.png\",\"width\":1000,\"height\":385,\"caption\":\"C\u00e2mara Municipal de Itajub\u00e1\"},\"image\":{\"@id\":\"https:\/\/itajuba.cam.mg.gov.br\/site\/#\/schema\/logo\/image\/\"},\"sameAs\":[\"https:\/\/www.facebook.com\/camaradeitajubaoficial\",\"https:\/\/www.instagram.com\/camaradeitajubaoficial\/\",\"https:\/\/www.youtube.com\/user\/TVCAMARAITAJUBA\"]},{\"@type\":\"Person\",\"@id\":\"https:\/\/itajuba.cam.mg.gov.br\/site\/#\/schema\/person\/4573390017f8d6e586382e72ea8aeafc\",\"name\":\"admin\",\"image\":{\"@type\":\"ImageObject\",\"inLanguage\":\"pt-BR\",\"@id\":\"https:\/\/itajuba.cam.mg.gov.br\/site\/#\/schema\/person\/image\/\",\"url\":\"https:\/\/secure.gravatar.com\/avatar\/ac23fed6a914739b5040ccf137d27d0e5125f47777b6aabe6077effebb1fb788?s=96&d=mm&r=g\",\"contentUrl\":\"https:\/\/secure.gravatar.com\/avatar\/ac23fed6a914739b5040ccf137d27d0e5125f47777b6aabe6077effebb1fb788?s=96&d=mm&r=g\",\"caption\":\"admin\"},\"sameAs\":[\"https:\/\/itajuba.cam.mg.gov.br\/site\"],\"url\":\"https:\/\/itajuba.cam.mg.gov.br\/site\/author\/admin\/\"}]}<\/script>\n<!-- \/ Yoast SEO plugin. -->","yoast_head_json":{"title":"Vereadores se reuniram para votar projetos de lei nesta quinta-feira (22) - C\u00e2mara Municipal de Itajub\u00e1","robots":{"index":"index","follow":"follow","max-snippet":"max-snippet:-1","max-image-preview":"max-image-preview:large","max-video-preview":"max-video-preview:-1"},"canonical":"https:\/\/itajuba.cam.mg.gov.br\/site\/vereadores-se-reuniram-para-votar-projetos-de-lei-nesta-quinta-feira-22\/","og_locale":"pt_BR","og_type":"article","og_title":"Vereadores se reuniram para votar projetos de lei nesta quinta-feira (22) - C\u00e2mara Municipal de Itajub\u00e1","og_description":"Os vereadores se reuniram em sess\u00f5es extraordin\u00e1rias na noite desta quinta-feira (22) para votar projetos de lei e emendas aos projetos. Durante a primeira extraordin\u00e1ria da noite, o Projeto de Lei Complementar n\u00ba 127, que altera a estrutura administrativa da Prefeitura Municipal de Itajub\u00e1 \u2013 cria\u00e7\u00e3o de cargos e departamentos, de autoria do Poder Executivo, [&hellip;]","og_url":"https:\/\/itajuba.cam.mg.gov.br\/site\/vereadores-se-reuniram-para-votar-projetos-de-lei-nesta-quinta-feira-22\/","og_site_name":"C\u00e2mara Municipal de Itajub\u00e1","article_publisher":"https:\/\/www.facebook.com\/camaradeitajubaoficial","article_published_time":"2023-06-23T14:02:09+00:00","article_modified_time":"2024-10-07T19:26:37+00:00","og_image":[{"width":1024,"height":446,"url":"https:\/\/itajuba.cam.mg.gov.br\/site\/wp-content\/uploads\/2023\/09\/39.png","type":"image\/png"}],"author":"admin","twitter_card":"summary_large_image","twitter_misc":{"Escrito por":"admin","Est. tempo de leitura":"2 minutos"},"schema":{"@context":"https:\/\/schema.org","@graph":[{"@type":"Article","@id":"https:\/\/itajuba.cam.mg.gov.br\/site\/vereadores-se-reuniram-para-votar-projetos-de-lei-nesta-quinta-feira-22\/#article","isPartOf":{"@id":"https:\/\/itajuba.cam.mg.gov.br\/site\/vereadores-se-reuniram-para-votar-projetos-de-lei-nesta-quinta-feira-22\/"},"author":{"name":"admin","@id":"https:\/\/itajuba.cam.mg.gov.br\/site\/#\/schema\/person\/4573390017f8d6e586382e72ea8aeafc"},"headline":"Vereadores se reuniram para votar projetos de lei nesta quinta-feira (22)","datePublished":"2023-06-23T14:02:09+00:00","dateModified":"2024-10-07T19:26:37+00:00","mainEntityOfPage":{"@id":"https:\/\/itajuba.cam.mg.gov.br\/site\/vereadores-se-reuniram-para-votar-projetos-de-lei-nesta-quinta-feira-22\/"},"wordCount":300,"publisher":{"@id":"https:\/\/itajuba.cam.mg.gov.br\/site\/#organization"},"articleSection":["Not\u00edcias"],"inLanguage":"pt-BR"},{"@type":"WebPage","@id":"https:\/\/itajuba.cam.mg.gov.br\/site\/vereadores-se-reuniram-para-votar-projetos-de-lei-nesta-quinta-feira-22\/","url":"https:\/\/itajuba.cam.mg.gov.br\/site\/vereadores-se-reuniram-para-votar-projetos-de-lei-nesta-quinta-feira-22\/","name":"Vereadores se reuniram para votar projetos de lei nesta quinta-feira (22) - C\u00e2mara Municipal de Itajub\u00e1","isPartOf":{"@id":"https:\/\/itajuba.cam.mg.gov.br\/site\/#website"},"datePublished":"2023-06-23T14:02:09+00:00","dateModified":"2024-10-07T19:26:37+00:00","breadcrumb":{"@id":"https:\/\/itajuba.cam.mg.gov.br\/site\/vereadores-se-reuniram-para-votar-projetos-de-lei-nesta-quinta-feira-22\/#breadcrumb"},"inLanguage":"pt-BR","potentialAction":[{"@type":"ReadAction","target":["https:\/\/itajuba.cam.mg.gov.br\/site\/vereadores-se-reuniram-para-votar-projetos-de-lei-nesta-quinta-feira-22\/"]}]},{"@type":"BreadcrumbList","@id":"https:\/\/itajuba.cam.mg.gov.br\/site\/vereadores-se-reuniram-para-votar-projetos-de-lei-nesta-quinta-feira-22\/#breadcrumb","itemListElement":[{"@type":"ListItem","position":1,"name":"In\u00edcio","item":"https:\/\/itajuba.cam.mg.gov.br\/site\/"},{"@type":"ListItem","position":2,"name":"Vereadores se reuniram para votar projetos de lei nesta quinta-feira (22)"}]},{"@type":"WebSite","@id":"https:\/\/itajuba.cam.mg.gov.br\/site\/#website","url":"https:\/\/itajuba.cam.mg.gov.br\/site\/","name":"C\u00e2mara Municipal de Itajub\u00e1","description":"Efici\u00eancia e Transpar\u00eancia","publisher":{"@id":"https:\/\/itajuba.cam.mg.gov.br\/site\/#organization"},"potentialAction":[{"@type":"SearchAction","target":{"@type":"EntryPoint","urlTemplate":"https:\/\/itajuba.cam.mg.gov.br\/site\/?s={search_term_string}"},"query-input":"required name=search_term_string"}],"inLanguage":"pt-BR"},{"@type":"Organization","@id":"https:\/\/itajuba.cam.mg.gov.br\/site\/#organization","name":"C\u00e2mara Municipal de Itajub\u00e1","url":"https:\/\/itajuba.cam.mg.gov.br\/site\/","logo":{"@type":"ImageObject","inLanguage":"pt-BR","@id":"https:\/\/itajuba.cam.mg.gov.br\/site\/#\/schema\/logo\/image\/","url":"https:\/\/itajuba.cam.mg.gov.br\/site\/wp-content\/uploads\/2023\/09\/logo_camara_2024.png","contentUrl":"https:\/\/itajuba.cam.mg.gov.br\/site\/wp-content\/uploads\/2023\/09\/logo_camara_2024.png","width":1000,"height":385,"caption":"C\u00e2mara Municipal de Itajub\u00e1"},"image":{"@id":"https:\/\/itajuba.cam.mg.gov.br\/site\/#\/schema\/logo\/image\/"},"sameAs":["https:\/\/www.facebook.com\/camaradeitajubaoficial","https:\/\/www.instagram.com\/camaradeitajubaoficial\/","https:\/\/www.youtube.com\/user\/TVCAMARAITAJUBA"]},{"@type":"Person","@id":"https:\/\/itajuba.cam.mg.gov.br\/site\/#\/schema\/person\/4573390017f8d6e586382e72ea8aeafc","name":"admin","image":{"@type":"ImageObject","inLanguage":"pt-BR","@id":"https:\/\/itajuba.cam.mg.gov.br\/site\/#\/schema\/person\/image\/","url":"https:\/\/secure.gravatar.com\/avatar\/ac23fed6a914739b5040ccf137d27d0e5125f47777b6aabe6077effebb1fb788?s=96&d=mm&r=g","contentUrl":"https:\/\/secure.gravatar.com\/avatar\/ac23fed6a914739b5040ccf137d27d0e5125f47777b6aabe6077effebb1fb788?s=96&d=mm&r=g","caption":"admin"},"sameAs":["https:\/\/itajuba.cam.mg.gov.br\/site"],"url":"https:\/\/itajuba.cam.mg.gov.br\/site\/author\/admin\/"}]}},"_links":{"self":[{"href":"https:\/\/itajuba.cam.mg.gov.br\/site\/wp-json\/wp\/v2\/posts\/5582","targetHints":{"allow":["GET"]}}],"collection":[{"href":"https:\/\/itajuba.cam.mg.gov.br\/site\/wp-json\/wp\/v2\/posts"}],"about":[{"href":"https:\/\/itajuba.cam.mg.gov.br\/site\/wp-json\/wp\/v2\/types\/post"}],"author":[{"embeddable":true,"href":"https:\/\/itajuba.cam.mg.gov.br\/site\/wp-json\/wp\/v2\/users\/1"}],"replies":[{"embeddable":true,"href":"https:\/\/itajuba.cam.mg.gov.br\/site\/wp-json\/wp\/v2\/comments?post=5582"}],"version-history":[{"count":1,"href":"https:\/\/itajuba.cam.mg.gov.br\/site\/wp-json\/wp\/v2\/posts\/5582\/revisions"}],"predecessor-version":[{"id":5584,"href":"https:\/\/itajuba.cam.mg.gov.br\/site\/wp-json\/wp\/v2\/posts\/5582\/revisions\/5584"}],"wp:featuredmedia":[{"embeddable":true,"href":"https:\/\/itajuba.cam.mg.gov.br\/site\/wp-json\/wp\/v2\/media\/5583"}],"wp:attachment":[{"href":"https:\/\/itajuba.cam.mg.gov.br\/site\/wp-json\/wp\/v2\/media?parent=5582"}],"wp:term":[{"taxonomy":"category","embeddable":true,"href":"https:\/\/itajuba.cam.mg.gov.br\/site\/wp-json\/wp\/v2\/categories?post=5582"},{"taxonomy":"post_tag","embeddable":true,"href":"https:\/\/itajuba.cam.mg.gov.br\/site\/wp-json\/wp\/v2\/tags?post=5582"}],"curies":[{"name":"wp","href":"https:\/\/api.w.org\/{rel}","templated":true}]}}