{"id":5600,"date":"2023-06-15T14:08:11","date_gmt":"2023-06-15T14:08:11","guid":{"rendered":"https:\/\/itajuba.cam.mg.gov.br\/site\/?p=5600"},"modified":"2024-10-07T19:27:17","modified_gmt":"2024-10-07T19:27:17","slug":"professora-e-pesquisador-da-unifei-apresentam-ferramenta-para-participacao-popular-nas-discussoes-orcamentarias-do-municipio","status":"publish","type":"post","link":"https:\/\/itajuba.cam.mg.gov.br\/site\/professora-e-pesquisador-da-unifei-apresentam-ferramenta-para-participacao-popular-nas-discussoes-orcamentarias-do-municipio\/","title":{"rendered":"Professora e pesquisador da Unifei apresentam ferramenta para participa\u00e7\u00e3o popular nas discuss\u00f5es or\u00e7ament\u00e1rias do munic\u00edpio"},"content":{"rendered":"<p>O presidente da C\u00e2mara Municipal de Itajub\u00e1, vereador Marcelo Krauss, recebeu em seu gabinete na tarde desta quinta-feira (15) a visita da professora Melise Veiga e do pesquisador Rafael Silva, ambos da Universidade Federal de Itajub\u00e1 (UNIFEI).<\/p>\n<p>Acompanhados pelo vereador Pedro Gama (PV), os visitantes apresentaram uma ferramenta que desenvolveram que possibilita a participa\u00e7\u00e3o da popula\u00e7\u00e3o nas discuss\u00f5es or\u00e7ament\u00e1rias do munic\u00edpio.<\/p>\n","protected":false},"excerpt":{"rendered":"<p>O presidente da C\u00e2mara Municipal de Itajub\u00e1, vereador Marcelo Krauss, recebeu em seu gabinete na tarde desta quinta-feira (15) a visita da professora Melise Veiga e do pesquisador Rafael Silva, ambos da Universidade Federal de Itajub\u00e1 (UNIFEI). Acompanhados pelo vereador Pedro Gama (PV), os visitantes apresentaram uma ferramenta que desenvolveram que possibilita a participa\u00e7\u00e3o da [&hellip;]<\/p>\n","protected":false},"author":1,"featured_media":5601,"comment_status":"closed","ping_status":"open","sticky":false,"template":"","format":"standard","meta":{"footnotes":""},"categories":[16],"tags":[],"class_list":["post-5600","post","type-post","status-publish","format-standard","has-post-thumbnail","hentry","category-noticias"],"yoast_head":"<!-- This site is optimized with the Yoast SEO plugin v21.0 - https:\/\/yoast.com\/wordpress\/plugins\/seo\/ -->\n<title>Professora e pesquisador da Unifei apresentam ferramenta para participa\u00e7\u00e3o popular nas discuss\u00f5es or\u00e7ament\u00e1rias do munic\u00edpio - C\u00e2mara Municipal de Itajub\u00e1<\/title>\n<meta name=\"robots\" content=\"index, follow, max-snippet:-1, max-image-preview:large, max-video-preview:-1\" \/>\n<link rel=\"canonical\" href=\"https:\/\/itajuba.cam.mg.gov.br\/site\/professora-e-pesquisador-da-unifei-apresentam-ferramenta-para-participacao-popular-nas-discussoes-orcamentarias-do-municipio\/\" \/>\n<meta property=\"og:locale\" content=\"pt_BR\" \/>\n<meta property=\"og:type\" content=\"article\" \/>\n<meta property=\"og:title\" content=\"Professora e pesquisador da Unifei apresentam ferramenta para participa\u00e7\u00e3o popular nas discuss\u00f5es or\u00e7ament\u00e1rias do munic\u00edpio - C\u00e2mara Municipal de Itajub\u00e1\" \/>\n<meta property=\"og:description\" content=\"O presidente da C\u00e2mara Municipal de Itajub\u00e1, vereador Marcelo Krauss, recebeu em seu gabinete na tarde desta quinta-feira (15) a visita da professora Melise Veiga e do pesquisador Rafael Silva, ambos da Universidade Federal de Itajub\u00e1 (UNIFEI). Acompanhados pelo vereador Pedro Gama (PV), os visitantes apresentaram uma ferramenta que desenvolveram que possibilita a participa\u00e7\u00e3o da [&hellip;]\" \/>\n<meta property=\"og:url\" content=\"https:\/\/itajuba.cam.mg.gov.br\/site\/professora-e-pesquisador-da-unifei-apresentam-ferramenta-para-participacao-popular-nas-discussoes-orcamentarias-do-municipio\/\" \/>\n<meta property=\"og:site_name\" content=\"C\u00e2mara Municipal de Itajub\u00e1\" \/>\n<meta property=\"article:publisher\" content=\"https:\/\/www.facebook.com\/camaradeitajubaoficial\" \/>\n<meta property=\"article:published_time\" content=\"2023-06-15T14:08:11+00:00\" \/>\n<meta property=\"article:modified_time\" content=\"2024-10-07T19:27:17+00:00\" \/>\n<meta property=\"og:image\" content=\"https:\/\/itajuba.cam.mg.gov.br\/site\/wp-content\/uploads\/2023\/09\/45.png\" \/>\n\t<meta property=\"og:image:width\" content=\"1024\" \/>\n\t<meta property=\"og:image:height\" content=\"446\" \/>\n\t<meta property=\"og:image:type\" content=\"image\/png\" \/>\n<meta name=\"author\" content=\"admin\" \/>\n<meta name=\"twitter:card\" content=\"summary_large_image\" \/>\n<meta name=\"twitter:label1\" content=\"Escrito por\" \/>\n\t<meta name=\"twitter:data1\" content=\"admin\" \/>\n\t<meta name=\"twitter:label2\" content=\"Est. tempo de leitura\" \/>\n\t<meta name=\"twitter:data2\" content=\"1 minuto\" \/>\n<script type=\"application\/ld+json\" class=\"yoast-schema-graph\">{\"@context\":\"https:\/\/schema.org\",\"@graph\":[{\"@type\":\"Article\",\"@id\":\"https:\/\/itajuba.cam.mg.gov.br\/site\/professora-e-pesquisador-da-unifei-apresentam-ferramenta-para-participacao-popular-nas-discussoes-orcamentarias-do-municipio\/#article\",\"isPartOf\":{\"@id\":\"https:\/\/itajuba.cam.mg.gov.br\/site\/professora-e-pesquisador-da-unifei-apresentam-ferramenta-para-participacao-popular-nas-discussoes-orcamentarias-do-municipio\/\"},\"author\":{\"name\":\"admin\",\"@id\":\"https:\/\/itajuba.cam.mg.gov.br\/site\/#\/schema\/person\/4573390017f8d6e586382e72ea8aeafc\"},\"headline\":\"Professora e pesquisador da Unifei apresentam ferramenta para participa\u00e7\u00e3o popular nas discuss\u00f5es or\u00e7ament\u00e1rias do munic\u00edpio\",\"datePublished\":\"2023-06-15T14:08:11+00:00\",\"dateModified\":\"2024-10-07T19:27:17+00:00\",\"mainEntityOfPage\":{\"@id\":\"https:\/\/itajuba.cam.mg.gov.br\/site\/professora-e-pesquisador-da-unifei-apresentam-ferramenta-para-participacao-popular-nas-discussoes-orcamentarias-do-municipio\/\"},\"wordCount\":87,\"publisher\":{\"@id\":\"https:\/\/itajuba.cam.mg.gov.br\/site\/#organization\"},\"articleSection\":[\"Not\u00edcias\"],\"inLanguage\":\"pt-BR\"},{\"@type\":\"WebPage\",\"@id\":\"https:\/\/itajuba.cam.mg.gov.br\/site\/professora-e-pesquisador-da-unifei-apresentam-ferramenta-para-participacao-popular-nas-discussoes-orcamentarias-do-municipio\/\",\"url\":\"https:\/\/itajuba.cam.mg.gov.br\/site\/professora-e-pesquisador-da-unifei-apresentam-ferramenta-para-participacao-popular-nas-discussoes-orcamentarias-do-municipio\/\",\"name\":\"Professora e pesquisador da Unifei apresentam ferramenta para participa\u00e7\u00e3o popular nas discuss\u00f5es or\u00e7ament\u00e1rias do munic\u00edpio - C\u00e2mara Municipal de Itajub\u00e1\",\"isPartOf\":{\"@id\":\"https:\/\/itajuba.cam.mg.gov.br\/site\/#website\"},\"datePublished\":\"2023-06-15T14:08:11+00:00\",\"dateModified\":\"2024-10-07T19:27:17+00:00\",\"breadcrumb\":{\"@id\":\"https:\/\/itajuba.cam.mg.gov.br\/site\/professora-e-pesquisador-da-unifei-apresentam-ferramenta-para-participacao-popular-nas-discussoes-orcamentarias-do-municipio\/#breadcrumb\"},\"inLanguage\":\"pt-BR\",\"potentialAction\":[{\"@type\":\"ReadAction\",\"target\":[\"https:\/\/itajuba.cam.mg.gov.br\/site\/professora-e-pesquisador-da-unifei-apresentam-ferramenta-para-participacao-popular-nas-discussoes-orcamentarias-do-municipio\/\"]}]},{\"@type\":\"BreadcrumbList\",\"@id\":\"https:\/\/itajuba.cam.mg.gov.br\/site\/professora-e-pesquisador-da-unifei-apresentam-ferramenta-para-participacao-popular-nas-discussoes-orcamentarias-do-municipio\/#breadcrumb\",\"itemListElement\":[{\"@type\":\"ListItem\",\"position\":1,\"name\":\"In\u00edcio\",\"item\":\"https:\/\/itajuba.cam.mg.gov.br\/site\/\"},{\"@type\":\"ListItem\",\"position\":2,\"name\":\"Professora e pesquisador da Unifei apresentam ferramenta para participa\u00e7\u00e3o popular nas discuss\u00f5es or\u00e7ament\u00e1rias do munic\u00edpio\"}]},{\"@type\":\"WebSite\",\"@id\":\"https:\/\/itajuba.cam.mg.gov.br\/site\/#website\",\"url\":\"https:\/\/itajuba.cam.mg.gov.br\/site\/\",\"name\":\"C\u00e2mara Municipal de Itajub\u00e1\",\"description\":\"Efici\u00eancia e Transpar\u00eancia\",\"publisher\":{\"@id\":\"https:\/\/itajuba.cam.mg.gov.br\/site\/#organization\"},\"potentialAction\":[{\"@type\":\"SearchAction\",\"target\":{\"@type\":\"EntryPoint\",\"urlTemplate\":\"https:\/\/itajuba.cam.mg.gov.br\/site\/?s={search_term_string}\"},\"query-input\":\"required name=search_term_string\"}],\"inLanguage\":\"pt-BR\"},{\"@type\":\"Organization\",\"@id\":\"https:\/\/itajuba.cam.mg.gov.br\/site\/#organization\",\"name\":\"C\u00e2mara Municipal de Itajub\u00e1\",\"url\":\"https:\/\/itajuba.cam.mg.gov.br\/site\/\",\"logo\":{\"@type\":\"ImageObject\",\"inLanguage\":\"pt-BR\",\"@id\":\"https:\/\/itajuba.cam.mg.gov.br\/site\/#\/schema\/logo\/image\/\",\"url\":\"https:\/\/itajuba.cam.mg.gov.br\/site\/wp-content\/uploads\/2023\/09\/logo_camara_2024.png\",\"contentUrl\":\"https:\/\/itajuba.cam.mg.gov.br\/site\/wp-content\/uploads\/2023\/09\/logo_camara_2024.png\",\"width\":1000,\"height\":385,\"caption\":\"C\u00e2mara Municipal de Itajub\u00e1\"},\"image\":{\"@id\":\"https:\/\/itajuba.cam.mg.gov.br\/site\/#\/schema\/logo\/image\/\"},\"sameAs\":[\"https:\/\/www.facebook.com\/camaradeitajubaoficial\",\"https:\/\/www.instagram.com\/camaradeitajubaoficial\/\",\"https:\/\/www.youtube.com\/user\/TVCAMARAITAJUBA\"]},{\"@type\":\"Person\",\"@id\":\"https:\/\/itajuba.cam.mg.gov.br\/site\/#\/schema\/person\/4573390017f8d6e586382e72ea8aeafc\",\"name\":\"admin\",\"image\":{\"@type\":\"ImageObject\",\"inLanguage\":\"pt-BR\",\"@id\":\"https:\/\/itajuba.cam.mg.gov.br\/site\/#\/schema\/person\/image\/\",\"url\":\"https:\/\/secure.gravatar.com\/avatar\/ac23fed6a914739b5040ccf137d27d0e5125f47777b6aabe6077effebb1fb788?s=96&d=mm&r=g\",\"contentUrl\":\"https:\/\/secure.gravatar.com\/avatar\/ac23fed6a914739b5040ccf137d27d0e5125f47777b6aabe6077effebb1fb788?s=96&d=mm&r=g\",\"caption\":\"admin\"},\"sameAs\":[\"https:\/\/itajuba.cam.mg.gov.br\/site\"],\"url\":\"https:\/\/itajuba.cam.mg.gov.br\/site\/author\/admin\/\"}]}<\/script>\n<!-- \/ Yoast SEO plugin. -->","yoast_head_json":{"title":"Professora e pesquisador da Unifei apresentam ferramenta para participa\u00e7\u00e3o popular nas discuss\u00f5es or\u00e7ament\u00e1rias do munic\u00edpio - C\u00e2mara Municipal de Itajub\u00e1","robots":{"index":"index","follow":"follow","max-snippet":"max-snippet:-1","max-image-preview":"max-image-preview:large","max-video-preview":"max-video-preview:-1"},"canonical":"https:\/\/itajuba.cam.mg.gov.br\/site\/professora-e-pesquisador-da-unifei-apresentam-ferramenta-para-participacao-popular-nas-discussoes-orcamentarias-do-municipio\/","og_locale":"pt_BR","og_type":"article","og_title":"Professora e pesquisador da Unifei apresentam ferramenta para participa\u00e7\u00e3o popular nas discuss\u00f5es or\u00e7ament\u00e1rias do munic\u00edpio - C\u00e2mara Municipal de Itajub\u00e1","og_description":"O presidente da C\u00e2mara Municipal de Itajub\u00e1, vereador Marcelo Krauss, recebeu em seu gabinete na tarde desta quinta-feira (15) a visita da professora Melise Veiga e do pesquisador Rafael Silva, ambos da Universidade Federal de Itajub\u00e1 (UNIFEI). Acompanhados pelo vereador Pedro Gama (PV), os visitantes apresentaram uma ferramenta que desenvolveram que possibilita a participa\u00e7\u00e3o da [&hellip;]","og_url":"https:\/\/itajuba.cam.mg.gov.br\/site\/professora-e-pesquisador-da-unifei-apresentam-ferramenta-para-participacao-popular-nas-discussoes-orcamentarias-do-municipio\/","og_site_name":"C\u00e2mara Municipal de Itajub\u00e1","article_publisher":"https:\/\/www.facebook.com\/camaradeitajubaoficial","article_published_time":"2023-06-15T14:08:11+00:00","article_modified_time":"2024-10-07T19:27:17+00:00","og_image":[{"width":1024,"height":446,"url":"https:\/\/itajuba.cam.mg.gov.br\/site\/wp-content\/uploads\/2023\/09\/45.png","type":"image\/png"}],"author":"admin","twitter_card":"summary_large_image","twitter_misc":{"Escrito por":"admin","Est. tempo de leitura":"1 minuto"},"schema":{"@context":"https:\/\/schema.org","@graph":[{"@type":"Article","@id":"https:\/\/itajuba.cam.mg.gov.br\/site\/professora-e-pesquisador-da-unifei-apresentam-ferramenta-para-participacao-popular-nas-discussoes-orcamentarias-do-municipio\/#article","isPartOf":{"@id":"https:\/\/itajuba.cam.mg.gov.br\/site\/professora-e-pesquisador-da-unifei-apresentam-ferramenta-para-participacao-popular-nas-discussoes-orcamentarias-do-municipio\/"},"author":{"name":"admin","@id":"https:\/\/itajuba.cam.mg.gov.br\/site\/#\/schema\/person\/4573390017f8d6e586382e72ea8aeafc"},"headline":"Professora e pesquisador da Unifei apresentam ferramenta para participa\u00e7\u00e3o popular nas discuss\u00f5es or\u00e7ament\u00e1rias do munic\u00edpio","datePublished":"2023-06-15T14:08:11+00:00","dateModified":"2024-10-07T19:27:17+00:00","mainEntityOfPage":{"@id":"https:\/\/itajuba.cam.mg.gov.br\/site\/professora-e-pesquisador-da-unifei-apresentam-ferramenta-para-participacao-popular-nas-discussoes-orcamentarias-do-municipio\/"},"wordCount":87,"publisher":{"@id":"https:\/\/itajuba.cam.mg.gov.br\/site\/#organization"},"articleSection":["Not\u00edcias"],"inLanguage":"pt-BR"},{"@type":"WebPage","@id":"https:\/\/itajuba.cam.mg.gov.br\/site\/professora-e-pesquisador-da-unifei-apresentam-ferramenta-para-participacao-popular-nas-discussoes-orcamentarias-do-municipio\/","url":"https:\/\/itajuba.cam.mg.gov.br\/site\/professora-e-pesquisador-da-unifei-apresentam-ferramenta-para-participacao-popular-nas-discussoes-orcamentarias-do-municipio\/","name":"Professora e pesquisador da Unifei apresentam ferramenta para participa\u00e7\u00e3o popular nas discuss\u00f5es or\u00e7ament\u00e1rias do munic\u00edpio - C\u00e2mara Municipal de Itajub\u00e1","isPartOf":{"@id":"https:\/\/itajuba.cam.mg.gov.br\/site\/#website"},"datePublished":"2023-06-15T14:08:11+00:00","dateModified":"2024-10-07T19:27:17+00:00","breadcrumb":{"@id":"https:\/\/itajuba.cam.mg.gov.br\/site\/professora-e-pesquisador-da-unifei-apresentam-ferramenta-para-participacao-popular-nas-discussoes-orcamentarias-do-municipio\/#breadcrumb"},"inLanguage":"pt-BR","potentialAction":[{"@type":"ReadAction","target":["https:\/\/itajuba.cam.mg.gov.br\/site\/professora-e-pesquisador-da-unifei-apresentam-ferramenta-para-participacao-popular-nas-discussoes-orcamentarias-do-municipio\/"]}]},{"@type":"BreadcrumbList","@id":"https:\/\/itajuba.cam.mg.gov.br\/site\/professora-e-pesquisador-da-unifei-apresentam-ferramenta-para-participacao-popular-nas-discussoes-orcamentarias-do-municipio\/#breadcrumb","itemListElement":[{"@type":"ListItem","position":1,"name":"In\u00edcio","item":"https:\/\/itajuba.cam.mg.gov.br\/site\/"},{"@type":"ListItem","position":2,"name":"Professora e pesquisador da Unifei apresentam ferramenta para participa\u00e7\u00e3o popular nas discuss\u00f5es or\u00e7ament\u00e1rias do munic\u00edpio"}]},{"@type":"WebSite","@id":"https:\/\/itajuba.cam.mg.gov.br\/site\/#website","url":"https:\/\/itajuba.cam.mg.gov.br\/site\/","name":"C\u00e2mara Municipal de Itajub\u00e1","description":"Efici\u00eancia e Transpar\u00eancia","publisher":{"@id":"https:\/\/itajuba.cam.mg.gov.br\/site\/#organization"},"potentialAction":[{"@type":"SearchAction","target":{"@type":"EntryPoint","urlTemplate":"https:\/\/itajuba.cam.mg.gov.br\/site\/?s={search_term_string}"},"query-input":"required name=search_term_string"}],"inLanguage":"pt-BR"},{"@type":"Organization","@id":"https:\/\/itajuba.cam.mg.gov.br\/site\/#organization","name":"C\u00e2mara Municipal de Itajub\u00e1","url":"https:\/\/itajuba.cam.mg.gov.br\/site\/","logo":{"@type":"ImageObject","inLanguage":"pt-BR","@id":"https:\/\/itajuba.cam.mg.gov.br\/site\/#\/schema\/logo\/image\/","url":"https:\/\/itajuba.cam.mg.gov.br\/site\/wp-content\/uploads\/2023\/09\/logo_camara_2024.png","contentUrl":"https:\/\/itajuba.cam.mg.gov.br\/site\/wp-content\/uploads\/2023\/09\/logo_camara_2024.png","width":1000,"height":385,"caption":"C\u00e2mara Municipal de Itajub\u00e1"},"image":{"@id":"https:\/\/itajuba.cam.mg.gov.br\/site\/#\/schema\/logo\/image\/"},"sameAs":["https:\/\/www.facebook.com\/camaradeitajubaoficial","https:\/\/www.instagram.com\/camaradeitajubaoficial\/","https:\/\/www.youtube.com\/user\/TVCAMARAITAJUBA"]},{"@type":"Person","@id":"https:\/\/itajuba.cam.mg.gov.br\/site\/#\/schema\/person\/4573390017f8d6e586382e72ea8aeafc","name":"admin","image":{"@type":"ImageObject","inLanguage":"pt-BR","@id":"https:\/\/itajuba.cam.mg.gov.br\/site\/#\/schema\/person\/image\/","url":"https:\/\/secure.gravatar.com\/avatar\/ac23fed6a914739b5040ccf137d27d0e5125f47777b6aabe6077effebb1fb788?s=96&d=mm&r=g","contentUrl":"https:\/\/secure.gravatar.com\/avatar\/ac23fed6a914739b5040ccf137d27d0e5125f47777b6aabe6077effebb1fb788?s=96&d=mm&r=g","caption":"admin"},"sameAs":["https:\/\/itajuba.cam.mg.gov.br\/site"],"url":"https:\/\/itajuba.cam.mg.gov.br\/site\/author\/admin\/"}]}},"_links":{"self":[{"href":"https:\/\/itajuba.cam.mg.gov.br\/site\/wp-json\/wp\/v2\/posts\/5600","targetHints":{"allow":["GET"]}}],"collection":[{"href":"https:\/\/itajuba.cam.mg.gov.br\/site\/wp-json\/wp\/v2\/posts"}],"about":[{"href":"https:\/\/itajuba.cam.mg.gov.br\/site\/wp-json\/wp\/v2\/types\/post"}],"author":[{"embeddable":true,"href":"https:\/\/itajuba.cam.mg.gov.br\/site\/wp-json\/wp\/v2\/users\/1"}],"replies":[{"embeddable":true,"href":"https:\/\/itajuba.cam.mg.gov.br\/site\/wp-json\/wp\/v2\/comments?post=5600"}],"version-history":[{"count":1,"href":"https:\/\/itajuba.cam.mg.gov.br\/site\/wp-json\/wp\/v2\/posts\/5600\/revisions"}],"predecessor-version":[{"id":5602,"href":"https:\/\/itajuba.cam.mg.gov.br\/site\/wp-json\/wp\/v2\/posts\/5600\/revisions\/5602"}],"wp:featuredmedia":[{"embeddable":true,"href":"https:\/\/itajuba.cam.mg.gov.br\/site\/wp-json\/wp\/v2\/media\/5601"}],"wp:attachment":[{"href":"https:\/\/itajuba.cam.mg.gov.br\/site\/wp-json\/wp\/v2\/media?parent=5600"}],"wp:term":[{"taxonomy":"category","embeddable":true,"href":"https:\/\/itajuba.cam.mg.gov.br\/site\/wp-json\/wp\/v2\/categories?post=5600"},{"taxonomy":"post_tag","embeddable":true,"href":"https:\/\/itajuba.cam.mg.gov.br\/site\/wp-json\/wp\/v2\/tags?post=5600"}],"curies":[{"name":"wp","href":"https:\/\/api.w.org\/{rel}","templated":true}]}}