{"id":7425,"date":"2023-10-22T23:52:47","date_gmt":"2023-10-22T23:52:47","guid":{"rendered":"https:\/\/itajuba.cam.mg.gov.br\/site\/?p=7425"},"modified":"2024-10-07T19:14:47","modified_gmt":"2024-10-07T19:14:47","slug":"insignia-doutor-gaspar-lisboa","status":"publish","type":"post","link":"https:\/\/itajuba.cam.mg.gov.br\/site\/insignia-doutor-gaspar-lisboa\/","title":{"rendered":"Ins\u00edgnia Doutor Gaspar Lisboa"},"content":{"rendered":"<p style=\"text-align: justify;\"><strong>DECRETO LEGISLATIVO N\u00ba 078<\/strong><\/p>\n<p style=\"text-align: justify;\"><strong>CONCEDE A INS\u00cdGNIA \u201cDR. GASPAR LISBOA\u201d.<\/strong><\/p>\n<p style=\"text-align: justify;\"><strong>ART. 1\u00ba<\/strong>. FICA CONCEDIDA A\u00a0<strong>INS\u00cdGNIA \u201cDR. GASPAR LISBOA\u201d,<\/strong>\u00a0\u00c0S SEGUINTES PERSONALIDADES:\u00a0<strong>ARI BATISTA MONT\u2019ALV\u00c3O, BENEDITO PEREIRA DOS SANTOS, F\u00c1BIO PEREIRA, FRANCISCO DE VASCONCELOS, GERALDO FRANCISCO DOS SANTOS, IRO MACHADO, JOS\u00c9 F\u00c1BIO CORR\u00caA, JOS\u00c9 FRANCISCO MARQUES RIBEIRO, MANOEL PEREIRA DOS SANTOS, MARCIA ANTONIA CHIARADIA BRAGA, MARIA DA GLORIA PINHEIRO, MARIA DAS GRA\u00c7AS GUEDES, MARIA DE LOURDES BERNARDES GUIMAR\u00c3ES, NILZA DE CASTRO LUZ, PAULO ROBERTO BITENCOURT PIRES E RODRIGO MARQUES RODRIGUES<\/strong>; INDICADAS, RESPECTIVAMENTE, PELOS VEREADORES: ALB\u00c9RIS RODRIGUES FERNANDES, JORGE REN\u00d3 MOUALLEM, RAIMUNDO CORR\u00caA PEREIRA, NESTOR DE OLIVEIRA, JOS\u00c9 HUMBERTO DOS SANTOS, KLECIUS ALBERT NEVES BALBINO, JOS\u00c9 LUIZ AUGUSTO, JO\u00c3O DIMAS RIBEIRO, OSCAR NAVARRO SANTOS, JOS\u00c9 ROBERTO FLORIANO, ULYSSES GOMES DE OLIVEIRA NETO, CLEBER DAVID, MESA DIRETORA, GERALDO JOS\u00c9 CANHA, JO\u00c3O VITOR DA COSTA E JO\u00c3O APARECIDO FILHO, PELOS RELEVANTES SERVI\u00c7OS PRESTADOS \u00c0 COMUNIDADE ITAJUBENSE.<\/p>\n<p style=\"text-align: justify;\"><strong>ART. 2\u00ba<\/strong>. A INS\u00cdGNIA SER\u00c1 ENTREGUE EM SESS\u00c3O SOLENE, A SER REALIZADA NO DIA 27 DE SETEMBRO DE 2.002, \u00c0S 19H30MIN, NO AUDIT\u00d3RIO MARIA ALICE BERNARD ROBBE \u2013 ESCOLA DE ENFERMAGEM, \u00c0 AV. CES\u00c1RIO ALVIM, 566, NESTA.<\/p>\n<p style=\"text-align: justify;\"><strong>ART. 3\u00ba<\/strong>. AS DESPESAS DECORRENTES DESTE DECRETO LEGISLATIVO CORRER\u00c3O POR CONTA DE DOTA\u00c7\u00c3O PR\u00d3PRIA, NO PRESENTE OR\u00c7AMENTO.<\/p>\n<p style=\"text-align: justify;\"><strong>ART. 4\u00ba<\/strong>. REVOGADAS AS DISPOSI\u00c7\u00d5ES EM CONTR\u00c1RIO, ESTE DECRETO LEGISLATIVO ENTRA EM VIGOR NA DATA DE SUA PUBLICA\u00c7\u00c3O.<\/p>\n<p style=\"text-align: justify;\">SALA DAS SESS\u00d5ES J.K., EM 19 DE SETEMBRO DE 2002.<\/p>\n<p style=\"text-align: justify;\"><strong>Geraldo Jos\u00e9 Canha<\/strong><\/p>\n<p style=\"text-align: justify;\"><em>Presidente<\/em><\/p>\n<p style=\"text-align: justify;\"><strong>Klecius Albert Neves Balbino<\/strong><\/p>\n<p style=\"text-align: justify;\"><em>1\u00ba Secret\u00e1rio<\/em><\/p>\n<p style=\"text-align: justify;\">A Mesa Diretora da C\u00e2mara deliberou, em reuni\u00e3o realizada no dia 05\/10\/2015, sobre a Ins\u00edgnia Dr. Gaspar Lisboa, homenagem a ser conferida pelos vereadores a pessoas naturais de Itajub\u00e1 que contribuem para o engrandecimento do munic\u00edpio.<\/p>\n<p style=\"text-align: justify;\">Foram aprovados os seguintes nomes para receber a homenagem:<\/p>\n<p style=\"text-align: justify;\">\u2013 Carlos Alberto Azevedo Faria \u2013 Indicado pelo vereador Ant\u00f4nio Raimundo Santi<\/p>\n<p style=\"text-align: justify;\">\u2013 Ant\u00f4nio Cesar de Azevedo Mauad \u2013 Indicado pelo vereado Joel da Guadalupe<\/p>\n<p style=\"text-align: justify;\">\u2013 Francisco de Vasconcellos \u2013 Indicado pelo vereador Z\u00e9 Maria B\u00e3o<\/p>\n<p style=\"text-align: justify;\">\u2013 Alan Henrique de Castro \u2013 Indicado pelo vereador Fernando Gonzaga<\/p>\n<p style=\"text-align: justify;\">\u2013 Jo\u00e3o Francisco Tavares \u2013 Indicado pelo vereador Ricardo Mello<\/p>\n<p style=\"text-align: justify;\">\u2013 Benedita Gon\u00e7alves de Oliveira \u2013 Indicado pelo vereador Robson Vaz<\/p>\n<p style=\"text-align: justify;\">\u2013 Ivan Vilela Pinto \u2013 Indicado pelo vereador Rui Martins<\/p>\n<p style=\"text-align: justify;\">\u2013 Luiz Fernandes de Faria \u2013 Indicado pelo vereador Sebasti\u00e3o Silvestre<\/p>\n<p style=\"text-align: justify;\">\u2013 Benedito Vieira Pinto \u2013 Indicado pelo vereador Valdomiro Cortez<\/p>\n<p style=\"text-align: justify;\">\u2013 Mac-Dover Lopes \u2013 Indicado pelo vereador Wilson da Utel<\/p>\n<hr class=\"wp-block-separator has-alpha-channel-opacity\" \/>\n<p style=\"text-align: justify;\"><strong>Decreto Legislativo N\u00ba. 414<\/strong><\/p>\n<p style=\"text-align: justify;\"><strong>Concede a \u201cIns\u00edgnia Dr. Gaspar Lisboa\u201d.<\/strong><\/p>\n<p style=\"text-align: justify;\"><strong>Art. 1\u00ba<\/strong>. Fica concedida a \u201c<strong>Ins\u00edgnia Dr. Gaspar Lisboa\u201d<\/strong>\u00a0\u00e0s seguintes personalidades:<\/p>\n<p style=\"text-align: justify;\">I \u2013 Raimundo Benedito Vieira Zaroni, indicado pelo Vereador Ant\u00f4nio Raimundo Santi;<\/p>\n<p style=\"text-align: justify;\">II \u2013 Ephrain Santos de Oliveira, indicado pelo Vereador Carlos Eduardo Corr\u00eaa Molina;<\/p>\n<p style=\"text-align: justify;\">III \u2013 Expedito Magalh\u00e3es Ribeiro, indicado pelo Vereador Fabr\u00edcio Oliveira Machado;<\/p>\n<p style=\"text-align: justify;\">IV \u2013 Rodrigo Gon\u00e7alves Dias, indicado pelo Vereador Joel Carlos de Almeida;<\/p>\n<p style=\"text-align: justify;\">V \u2013 Jos\u00e9 Ferreira, indicado pelo Vereador Jorge Andrade;<\/p>\n<p style=\"text-align: justify;\">VI \u2013 \u00c9rika da Costa Silva Vianna, indicada pelo Vereador Jos\u00e9 Francisco Marques Ribeiro<\/p>\n<p style=\"text-align: justify;\">VII \u2013 Antonio Luiz de Oliveira, indicado pelo Vereador Jos\u00e9 Maria Silva;<\/p>\n<p style=\"text-align: justify;\">VIII \u2013 Jos\u00e9 Raimundo Silva, indicado pelo Vereador Jos\u00e9 Roberto Floriano;<\/p>\n<p style=\"text-align: justify;\">IX \u2013 Heleno Borges Camargo, indicado pelo Vereador Jos\u00e9 Vladimir dos Santos<\/p>\n<p style=\"text-align: justify;\">X \u2013 Benedita L\u00facia Alkmin, indicada pelo Vereador Kener Augusto Maia<\/p>\n<p style=\"text-align: justify;\">XI \u2013 Gizelda Raymunda da Silva Oliveira, indicada pelo Vereador Marcelo Krauss Rezende<\/p>\n<p style=\"text-align: justify;\">XII \u2013 Elci Roberto da Silva Filho, indicado pelo Vereador Marcos Pereira de Paula<\/p>\n<p style=\"text-align: justify;\">XIII \u2013 Daniele Bernardo da Silva, indicada pela Vereadora M\u00f4nica Cristina Vieira Chaves<\/p>\n<p style=\"text-align: justify;\">XIV \u2013 Luiz C\u00e9sar Pereira, indicado pelo Vereador Renato Nascimento de Moraes<\/p>\n<p style=\"text-align: justify;\">XV \u2013 D\u00e9bora Vit\u00f3ria A. Lisboa Vilella, indicada pelo Vereador Ricardo da Fonseca Tames Zambrana<\/p>\n<p style=\"text-align: justify;\">XVI \u2013 Maria de Lurdes Maur\u00edcio de Souza, indicada pelo Vereador Sebasti\u00e3o Silvestre da Costa<\/p>\n<p style=\"text-align: justify;\">XVII \u2013 Marc\u00edlio Bastos, indicado pelo Vereador \u2013 Wilson Batista Paiva<\/p>\n<p style=\"text-align: justify;\"><strong>Art. 2\u00ba<\/strong>. A ins\u00edgnia ser\u00e1 entregue em sess\u00e3o solene a ser realizada no dia vinte e seis de setembro de dois mil e dezessete, \u00e0s dezenove horas, no Teatro Christiane Ri\u00eara, nesta cidade.<\/p>\n<p style=\"text-align: justify;\"><strong>Art. 3\u00ba<\/strong>. As despesas decorrentes da execu\u00e7\u00e3o deste Decreto Legislativo correr\u00e3o por conta das dota\u00e7\u00f5es or\u00e7ament\u00e1rias pr\u00f3prias, suplementadas se necess\u00e1rio.<\/p>\n<p style=\"text-align: justify;\"><strong>Art. 4\u00ba<\/strong>. Revogadas as disposi\u00e7\u00f5es em contr\u00e1rio, este Decreto Legislativo entra em vigor na data de sua publica\u00e7\u00e3o.<\/p>\n<p style=\"text-align: justify;\">C\u00e2mara Municipal de Itajub\u00e1, 14 de setembro de 2017.<\/p>\n<p style=\"text-align: justify;\"><strong>Joel Carlos de Almeida<\/strong><\/p>\n<p style=\"text-align: justify;\"><strong>Presidente<\/strong><\/p>\n<p style=\"text-align: justify;\"><strong>Jos\u00e9 Vladimir dos Santos<\/strong><\/p>\n<p style=\"text-align: justify;\"><strong>1\u00ba Vice-Presidente<\/strong><\/p>\n<p style=\"text-align: justify;\"><strong>Jos\u00e9 Maria Silva<\/strong><\/p>\n<p style=\"text-align: justify;\"><strong>2\u00ba Vice-Presidente<\/strong><\/p>\n<p style=\"text-align: justify;\"><strong>Carlos Eduardo Corr\u00eaa Molina<\/strong><\/p>\n<p style=\"text-align: justify;\"><strong>1\u00ba Secret\u00e1rio<\/strong><\/p>\n<p style=\"text-align: justify;\"><strong>Fabr\u00edcio Oliveira Machado<\/strong><\/p>\n<p style=\"text-align: justify;\"><strong>2\u00ba Secret\u00e1rio<\/strong><\/p>\n","protected":false},"excerpt":{"rendered":"<p>DECRETO LEGISLATIVO N\u00ba 078 CONCEDE A INS\u00cdGNIA \u201cDR. GASPAR LISBOA\u201d. ART. 1\u00ba. FICA CONCEDIDA A\u00a0INS\u00cdGNIA \u201cDR. GASPAR LISBOA\u201d,\u00a0\u00c0S SEGUINTES PERSONALIDADES:\u00a0ARI BATISTA MONT\u2019ALV\u00c3O, BENEDITO PEREIRA DOS SANTOS, F\u00c1BIO PEREIRA, FRANCISCO DE VASCONCELOS, GERALDO FRANCISCO DOS SANTOS, IRO MACHADO, JOS\u00c9 F\u00c1BIO CORR\u00caA, JOS\u00c9 FRANCISCO MARQUES RIBEIRO, MANOEL PEREIRA DOS SANTOS, MARCIA ANTONIA CHIARADIA BRAGA, MARIA DA GLORIA [&hellip;]<\/p>\n","protected":false},"author":1,"featured_media":0,"comment_status":"closed","ping_status":"open","sticky":false,"template":"","format":"standard","meta":{"footnotes":""},"categories":[37],"tags":[],"class_list":["post-7425","post","type-post","status-publish","format-standard","hentry","category-honrarias"],"yoast_head":"<!-- This site is optimized with the Yoast SEO plugin v21.0 - https:\/\/yoast.com\/wordpress\/plugins\/seo\/ -->\n<title>Ins\u00edgnia Doutor Gaspar Lisboa - C\u00e2mara Municipal de Itajub\u00e1<\/title>\n<meta name=\"robots\" content=\"index, follow, max-snippet:-1, max-image-preview:large, max-video-preview:-1\" \/>\n<link rel=\"canonical\" href=\"https:\/\/itajuba.cam.mg.gov.br\/site\/insignia-doutor-gaspar-lisboa\/\" \/>\n<meta property=\"og:locale\" content=\"pt_BR\" \/>\n<meta property=\"og:type\" content=\"article\" \/>\n<meta property=\"og:title\" content=\"Ins\u00edgnia Doutor Gaspar Lisboa - C\u00e2mara Municipal de Itajub\u00e1\" \/>\n<meta property=\"og:description\" content=\"DECRETO LEGISLATIVO N\u00ba 078 CONCEDE A INS\u00cdGNIA \u201cDR. GASPAR LISBOA\u201d. ART. 1\u00ba. FICA CONCEDIDA A\u00a0INS\u00cdGNIA \u201cDR. GASPAR LISBOA\u201d,\u00a0\u00c0S SEGUINTES PERSONALIDADES:\u00a0ARI BATISTA MONT\u2019ALV\u00c3O, BENEDITO PEREIRA DOS SANTOS, F\u00c1BIO PEREIRA, FRANCISCO DE VASCONCELOS, GERALDO FRANCISCO DOS SANTOS, IRO MACHADO, JOS\u00c9 F\u00c1BIO CORR\u00caA, JOS\u00c9 FRANCISCO MARQUES RIBEIRO, MANOEL PEREIRA DOS SANTOS, MARCIA ANTONIA CHIARADIA BRAGA, MARIA DA GLORIA [&hellip;]\" \/>\n<meta property=\"og:url\" content=\"https:\/\/itajuba.cam.mg.gov.br\/site\/insignia-doutor-gaspar-lisboa\/\" \/>\n<meta property=\"og:site_name\" content=\"C\u00e2mara Municipal de Itajub\u00e1\" \/>\n<meta property=\"article:publisher\" content=\"https:\/\/www.facebook.com\/camaradeitajubaoficial\" \/>\n<meta property=\"article:published_time\" content=\"2023-10-22T23:52:47+00:00\" \/>\n<meta property=\"article:modified_time\" content=\"2024-10-07T19:14:47+00:00\" \/>\n<meta name=\"author\" content=\"admin\" \/>\n<meta name=\"twitter:card\" content=\"summary_large_image\" \/>\n<meta name=\"twitter:label1\" content=\"Escrito por\" \/>\n\t<meta name=\"twitter:data1\" content=\"admin\" \/>\n\t<meta name=\"twitter:label2\" content=\"Est. tempo de leitura\" \/>\n\t<meta name=\"twitter:data2\" content=\"4 minutos\" \/>\n<script type=\"application\/ld+json\" class=\"yoast-schema-graph\">{\"@context\":\"https:\/\/schema.org\",\"@graph\":[{\"@type\":\"Article\",\"@id\":\"https:\/\/itajuba.cam.mg.gov.br\/site\/insignia-doutor-gaspar-lisboa\/#article\",\"isPartOf\":{\"@id\":\"https:\/\/itajuba.cam.mg.gov.br\/site\/insignia-doutor-gaspar-lisboa\/\"},\"author\":{\"name\":\"admin\",\"@id\":\"https:\/\/itajuba.cam.mg.gov.br\/site\/#\/schema\/person\/4573390017f8d6e586382e72ea8aeafc\"},\"headline\":\"Ins\u00edgnia Doutor Gaspar Lisboa\",\"datePublished\":\"2023-10-22T23:52:47+00:00\",\"dateModified\":\"2024-10-07T19:14:47+00:00\",\"mainEntityOfPage\":{\"@id\":\"https:\/\/itajuba.cam.mg.gov.br\/site\/insignia-doutor-gaspar-lisboa\/\"},\"wordCount\":742,\"publisher\":{\"@id\":\"https:\/\/itajuba.cam.mg.gov.br\/site\/#organization\"},\"articleSection\":[\"Honrarias\"],\"inLanguage\":\"pt-BR\"},{\"@type\":\"WebPage\",\"@id\":\"https:\/\/itajuba.cam.mg.gov.br\/site\/insignia-doutor-gaspar-lisboa\/\",\"url\":\"https:\/\/itajuba.cam.mg.gov.br\/site\/insignia-doutor-gaspar-lisboa\/\",\"name\":\"Ins\u00edgnia Doutor Gaspar Lisboa - C\u00e2mara Municipal de Itajub\u00e1\",\"isPartOf\":{\"@id\":\"https:\/\/itajuba.cam.mg.gov.br\/site\/#website\"},\"datePublished\":\"2023-10-22T23:52:47+00:00\",\"dateModified\":\"2024-10-07T19:14:47+00:00\",\"breadcrumb\":{\"@id\":\"https:\/\/itajuba.cam.mg.gov.br\/site\/insignia-doutor-gaspar-lisboa\/#breadcrumb\"},\"inLanguage\":\"pt-BR\",\"potentialAction\":[{\"@type\":\"ReadAction\",\"target\":[\"https:\/\/itajuba.cam.mg.gov.br\/site\/insignia-doutor-gaspar-lisboa\/\"]}]},{\"@type\":\"BreadcrumbList\",\"@id\":\"https:\/\/itajuba.cam.mg.gov.br\/site\/insignia-doutor-gaspar-lisboa\/#breadcrumb\",\"itemListElement\":[{\"@type\":\"ListItem\",\"position\":1,\"name\":\"In\u00edcio\",\"item\":\"https:\/\/itajuba.cam.mg.gov.br\/site\/\"},{\"@type\":\"ListItem\",\"position\":2,\"name\":\"Ins\u00edgnia Doutor Gaspar Lisboa\"}]},{\"@type\":\"WebSite\",\"@id\":\"https:\/\/itajuba.cam.mg.gov.br\/site\/#website\",\"url\":\"https:\/\/itajuba.cam.mg.gov.br\/site\/\",\"name\":\"C\u00e2mara Municipal de Itajub\u00e1\",\"description\":\"Efici\u00eancia e Transpar\u00eancia\",\"publisher\":{\"@id\":\"https:\/\/itajuba.cam.mg.gov.br\/site\/#organization\"},\"potentialAction\":[{\"@type\":\"SearchAction\",\"target\":{\"@type\":\"EntryPoint\",\"urlTemplate\":\"https:\/\/itajuba.cam.mg.gov.br\/site\/?s={search_term_string}\"},\"query-input\":\"required name=search_term_string\"}],\"inLanguage\":\"pt-BR\"},{\"@type\":\"Organization\",\"@id\":\"https:\/\/itajuba.cam.mg.gov.br\/site\/#organization\",\"name\":\"C\u00e2mara Municipal de Itajub\u00e1\",\"url\":\"https:\/\/itajuba.cam.mg.gov.br\/site\/\",\"logo\":{\"@type\":\"ImageObject\",\"inLanguage\":\"pt-BR\",\"@id\":\"https:\/\/itajuba.cam.mg.gov.br\/site\/#\/schema\/logo\/image\/\",\"url\":\"https:\/\/itajuba.cam.mg.gov.br\/site\/wp-content\/uploads\/2023\/09\/logo_camara_2024.png\",\"contentUrl\":\"https:\/\/itajuba.cam.mg.gov.br\/site\/wp-content\/uploads\/2023\/09\/logo_camara_2024.png\",\"width\":1000,\"height\":385,\"caption\":\"C\u00e2mara Municipal de Itajub\u00e1\"},\"image\":{\"@id\":\"https:\/\/itajuba.cam.mg.gov.br\/site\/#\/schema\/logo\/image\/\"},\"sameAs\":[\"https:\/\/www.facebook.com\/camaradeitajubaoficial\",\"https:\/\/www.instagram.com\/camaradeitajubaoficial\/\",\"https:\/\/www.youtube.com\/user\/TVCAMARAITAJUBA\"]},{\"@type\":\"Person\",\"@id\":\"https:\/\/itajuba.cam.mg.gov.br\/site\/#\/schema\/person\/4573390017f8d6e586382e72ea8aeafc\",\"name\":\"admin\",\"image\":{\"@type\":\"ImageObject\",\"inLanguage\":\"pt-BR\",\"@id\":\"https:\/\/itajuba.cam.mg.gov.br\/site\/#\/schema\/person\/image\/\",\"url\":\"https:\/\/secure.gravatar.com\/avatar\/ac23fed6a914739b5040ccf137d27d0e5125f47777b6aabe6077effebb1fb788?s=96&d=mm&r=g\",\"contentUrl\":\"https:\/\/secure.gravatar.com\/avatar\/ac23fed6a914739b5040ccf137d27d0e5125f47777b6aabe6077effebb1fb788?s=96&d=mm&r=g\",\"caption\":\"admin\"},\"sameAs\":[\"https:\/\/itajuba.cam.mg.gov.br\/site\"],\"url\":\"https:\/\/itajuba.cam.mg.gov.br\/site\/author\/admin\/\"}]}<\/script>\n<!-- \/ Yoast SEO plugin. -->","yoast_head_json":{"title":"Ins\u00edgnia Doutor Gaspar Lisboa - C\u00e2mara Municipal de Itajub\u00e1","robots":{"index":"index","follow":"follow","max-snippet":"max-snippet:-1","max-image-preview":"max-image-preview:large","max-video-preview":"max-video-preview:-1"},"canonical":"https:\/\/itajuba.cam.mg.gov.br\/site\/insignia-doutor-gaspar-lisboa\/","og_locale":"pt_BR","og_type":"article","og_title":"Ins\u00edgnia Doutor Gaspar Lisboa - C\u00e2mara Municipal de Itajub\u00e1","og_description":"DECRETO LEGISLATIVO N\u00ba 078 CONCEDE A INS\u00cdGNIA \u201cDR. GASPAR LISBOA\u201d. ART. 1\u00ba. FICA CONCEDIDA A\u00a0INS\u00cdGNIA \u201cDR. GASPAR LISBOA\u201d,\u00a0\u00c0S SEGUINTES PERSONALIDADES:\u00a0ARI BATISTA MONT\u2019ALV\u00c3O, BENEDITO PEREIRA DOS SANTOS, F\u00c1BIO PEREIRA, FRANCISCO DE VASCONCELOS, GERALDO FRANCISCO DOS SANTOS, IRO MACHADO, JOS\u00c9 F\u00c1BIO CORR\u00caA, JOS\u00c9 FRANCISCO MARQUES RIBEIRO, MANOEL PEREIRA DOS SANTOS, MARCIA ANTONIA CHIARADIA BRAGA, MARIA DA GLORIA [&hellip;]","og_url":"https:\/\/itajuba.cam.mg.gov.br\/site\/insignia-doutor-gaspar-lisboa\/","og_site_name":"C\u00e2mara Municipal de Itajub\u00e1","article_publisher":"https:\/\/www.facebook.com\/camaradeitajubaoficial","article_published_time":"2023-10-22T23:52:47+00:00","article_modified_time":"2024-10-07T19:14:47+00:00","author":"admin","twitter_card":"summary_large_image","twitter_misc":{"Escrito por":"admin","Est. tempo de leitura":"4 minutos"},"schema":{"@context":"https:\/\/schema.org","@graph":[{"@type":"Article","@id":"https:\/\/itajuba.cam.mg.gov.br\/site\/insignia-doutor-gaspar-lisboa\/#article","isPartOf":{"@id":"https:\/\/itajuba.cam.mg.gov.br\/site\/insignia-doutor-gaspar-lisboa\/"},"author":{"name":"admin","@id":"https:\/\/itajuba.cam.mg.gov.br\/site\/#\/schema\/person\/4573390017f8d6e586382e72ea8aeafc"},"headline":"Ins\u00edgnia Doutor Gaspar Lisboa","datePublished":"2023-10-22T23:52:47+00:00","dateModified":"2024-10-07T19:14:47+00:00","mainEntityOfPage":{"@id":"https:\/\/itajuba.cam.mg.gov.br\/site\/insignia-doutor-gaspar-lisboa\/"},"wordCount":742,"publisher":{"@id":"https:\/\/itajuba.cam.mg.gov.br\/site\/#organization"},"articleSection":["Honrarias"],"inLanguage":"pt-BR"},{"@type":"WebPage","@id":"https:\/\/itajuba.cam.mg.gov.br\/site\/insignia-doutor-gaspar-lisboa\/","url":"https:\/\/itajuba.cam.mg.gov.br\/site\/insignia-doutor-gaspar-lisboa\/","name":"Ins\u00edgnia Doutor Gaspar Lisboa - C\u00e2mara Municipal de Itajub\u00e1","isPartOf":{"@id":"https:\/\/itajuba.cam.mg.gov.br\/site\/#website"},"datePublished":"2023-10-22T23:52:47+00:00","dateModified":"2024-10-07T19:14:47+00:00","breadcrumb":{"@id":"https:\/\/itajuba.cam.mg.gov.br\/site\/insignia-doutor-gaspar-lisboa\/#breadcrumb"},"inLanguage":"pt-BR","potentialAction":[{"@type":"ReadAction","target":["https:\/\/itajuba.cam.mg.gov.br\/site\/insignia-doutor-gaspar-lisboa\/"]}]},{"@type":"BreadcrumbList","@id":"https:\/\/itajuba.cam.mg.gov.br\/site\/insignia-doutor-gaspar-lisboa\/#breadcrumb","itemListElement":[{"@type":"ListItem","position":1,"name":"In\u00edcio","item":"https:\/\/itajuba.cam.mg.gov.br\/site\/"},{"@type":"ListItem","position":2,"name":"Ins\u00edgnia Doutor Gaspar Lisboa"}]},{"@type":"WebSite","@id":"https:\/\/itajuba.cam.mg.gov.br\/site\/#website","url":"https:\/\/itajuba.cam.mg.gov.br\/site\/","name":"C\u00e2mara Municipal de Itajub\u00e1","description":"Efici\u00eancia e Transpar\u00eancia","publisher":{"@id":"https:\/\/itajuba.cam.mg.gov.br\/site\/#organization"},"potentialAction":[{"@type":"SearchAction","target":{"@type":"EntryPoint","urlTemplate":"https:\/\/itajuba.cam.mg.gov.br\/site\/?s={search_term_string}"},"query-input":"required name=search_term_string"}],"inLanguage":"pt-BR"},{"@type":"Organization","@id":"https:\/\/itajuba.cam.mg.gov.br\/site\/#organization","name":"C\u00e2mara Municipal de Itajub\u00e1","url":"https:\/\/itajuba.cam.mg.gov.br\/site\/","logo":{"@type":"ImageObject","inLanguage":"pt-BR","@id":"https:\/\/itajuba.cam.mg.gov.br\/site\/#\/schema\/logo\/image\/","url":"https:\/\/itajuba.cam.mg.gov.br\/site\/wp-content\/uploads\/2023\/09\/logo_camara_2024.png","contentUrl":"https:\/\/itajuba.cam.mg.gov.br\/site\/wp-content\/uploads\/2023\/09\/logo_camara_2024.png","width":1000,"height":385,"caption":"C\u00e2mara Municipal de Itajub\u00e1"},"image":{"@id":"https:\/\/itajuba.cam.mg.gov.br\/site\/#\/schema\/logo\/image\/"},"sameAs":["https:\/\/www.facebook.com\/camaradeitajubaoficial","https:\/\/www.instagram.com\/camaradeitajubaoficial\/","https:\/\/www.youtube.com\/user\/TVCAMARAITAJUBA"]},{"@type":"Person","@id":"https:\/\/itajuba.cam.mg.gov.br\/site\/#\/schema\/person\/4573390017f8d6e586382e72ea8aeafc","name":"admin","image":{"@type":"ImageObject","inLanguage":"pt-BR","@id":"https:\/\/itajuba.cam.mg.gov.br\/site\/#\/schema\/person\/image\/","url":"https:\/\/secure.gravatar.com\/avatar\/ac23fed6a914739b5040ccf137d27d0e5125f47777b6aabe6077effebb1fb788?s=96&d=mm&r=g","contentUrl":"https:\/\/secure.gravatar.com\/avatar\/ac23fed6a914739b5040ccf137d27d0e5125f47777b6aabe6077effebb1fb788?s=96&d=mm&r=g","caption":"admin"},"sameAs":["https:\/\/itajuba.cam.mg.gov.br\/site"],"url":"https:\/\/itajuba.cam.mg.gov.br\/site\/author\/admin\/"}]}},"_links":{"self":[{"href":"https:\/\/itajuba.cam.mg.gov.br\/site\/wp-json\/wp\/v2\/posts\/7425","targetHints":{"allow":["GET"]}}],"collection":[{"href":"https:\/\/itajuba.cam.mg.gov.br\/site\/wp-json\/wp\/v2\/posts"}],"about":[{"href":"https:\/\/itajuba.cam.mg.gov.br\/site\/wp-json\/wp\/v2\/types\/post"}],"author":[{"embeddable":true,"href":"https:\/\/itajuba.cam.mg.gov.br\/site\/wp-json\/wp\/v2\/users\/1"}],"replies":[{"embeddable":true,"href":"https:\/\/itajuba.cam.mg.gov.br\/site\/wp-json\/wp\/v2\/comments?post=7425"}],"version-history":[{"count":2,"href":"https:\/\/itajuba.cam.mg.gov.br\/site\/wp-json\/wp\/v2\/posts\/7425\/revisions"}],"predecessor-version":[{"id":7427,"href":"https:\/\/itajuba.cam.mg.gov.br\/site\/wp-json\/wp\/v2\/posts\/7425\/revisions\/7427"}],"wp:attachment":[{"href":"https:\/\/itajuba.cam.mg.gov.br\/site\/wp-json\/wp\/v2\/media?parent=7425"}],"wp:term":[{"taxonomy":"category","embeddable":true,"href":"https:\/\/itajuba.cam.mg.gov.br\/site\/wp-json\/wp\/v2\/categories?post=7425"},{"taxonomy":"post_tag","embeddable":true,"href":"https:\/\/itajuba.cam.mg.gov.br\/site\/wp-json\/wp\/v2\/tags?post=7425"}],"curies":[{"name":"wp","href":"https:\/\/api.w.org\/{rel}","templated":true}]}}