{"id":7597,"date":"2023-10-23T20:11:11","date_gmt":"2023-10-23T20:11:11","guid":{"rendered":"https:\/\/itajuba.cam.mg.gov.br\/site\/?p=7597"},"modified":"2024-10-07T19:14:23","modified_gmt":"2024-10-07T19:14:23","slug":"camara-promove-campanha-de-doacao-para-criancas-do-abrigo-anjo-acolhedor","status":"publish","type":"post","link":"https:\/\/itajuba.cam.mg.gov.br\/site\/camara-promove-campanha-de-doacao-para-criancas-do-abrigo-anjo-acolhedor\/","title":{"rendered":"C\u00e2mara promove campanha de doa\u00e7\u00e3o para crian\u00e7as do Abrigo Anjo Acolhedor"},"content":{"rendered":"\t\t<div data-elementor-type=\"wp-post\" data-elementor-id=\"7597\" class=\"elementor elementor-7597\" data-elementor-post-type=\"post\">\n\t\t\t\t\t\t\t\t\t<section class=\"elementor-section elementor-top-section elementor-element elementor-element-2f537634 elementor-section-boxed elementor-section-height-default elementor-section-height-default\" data-id=\"2f537634\" data-element_type=\"section\">\n\t\t\t\t\t\t<div class=\"elementor-container elementor-column-gap-default\">\n\t\t\t\t\t<div class=\"elementor-column elementor-col-100 elementor-top-column elementor-element elementor-element-6d1adad8\" data-id=\"6d1adad8\" data-element_type=\"column\">\n\t\t\t<div class=\"elementor-widget-wrap elementor-element-populated\">\n\t\t\t\t\t\t\t\t<div class=\"elementor-element elementor-element-f231530 elementor-widget elementor-widget-text-editor\" data-id=\"f231530\" data-element_type=\"widget\" data-widget_type=\"text-editor.default\">\n\t\t\t\t<div class=\"elementor-widget-container\">\n\t\t\t<style>\/*! elementor - v3.16.0 - 13-09-2023 *\/\n.elementor-widget-text-editor.elementor-drop-cap-view-stacked .elementor-drop-cap{background-color:#69727d;color:#fff}.elementor-widget-text-editor.elementor-drop-cap-view-framed .elementor-drop-cap{color:#69727d;border:3px solid;background-color:transparent}.elementor-widget-text-editor:not(.elementor-drop-cap-view-default) .elementor-drop-cap{margin-top:8px}.elementor-widget-text-editor:not(.elementor-drop-cap-view-default) .elementor-drop-cap-letter{width:1em;height:1em}.elementor-widget-text-editor .elementor-drop-cap{float:left;text-align:center;line-height:1;font-size:50px}.elementor-widget-text-editor .elementor-drop-cap-letter{display:inline-block}<\/style>\t\t\t\t<p><img loading=\"lazy\" decoding=\"async\" class=\"size-medium wp-image-7598 alignleft\" src=\"https:\/\/itajuba.cam.mg.gov.br\/site\/wp-content\/uploads\/2023\/10\/anjo_acolhedor_face001-300x240.png\" alt=\"\" width=\"300\" height=\"240\" srcset=\"https:\/\/itajuba.cam.mg.gov.br\/site\/wp-content\/uploads\/2023\/10\/anjo_acolhedor_face001-300x240.png 300w, https:\/\/itajuba.cam.mg.gov.br\/site\/wp-content\/uploads\/2023\/10\/anjo_acolhedor_face001-1024x819.png 1024w, https:\/\/itajuba.cam.mg.gov.br\/site\/wp-content\/uploads\/2023\/10\/anjo_acolhedor_face001-768x615.png 768w, https:\/\/itajuba.cam.mg.gov.br\/site\/wp-content\/uploads\/2023\/10\/anjo_acolhedor_face001.png 1081w\" sizes=\"auto, (max-width: 300px) 100vw, 300px\" \/>Neste m\u00eas das crian\u00e7as, a C\u00e2mara Municipal de Itajub\u00e1 realizou uma campanha de doa\u00e7\u00e3o de roupas e brinquedos para crian\u00e7as em situa\u00e7\u00e3o de vulnerabilidade social.<\/p><p>Por determina\u00e7\u00e3o da Presid\u00eancia da C\u00e2mara e organizada pela Diretoria de Comunica\u00e7\u00e3o do Legislativo, a campanha mobilizou, nas \u00faltimas semanas, servidores da casa legislativa e comunidade que, num gesto de amor e solidariedade, doaram roupas e brinquedos com o intuito de levar alegria \u00e0s crian\u00e7as que mais precisam.<\/p><p>A institui\u00e7\u00e3o escolhida para a entrega das doa\u00e7\u00f5es foi o Abrigo Anjo Acolhedor, uma Organiza\u00e7\u00e3o N\u00e3o Governamental (ONG) que acolhe crian\u00e7as e adolescentes afastados do conv\u00edvio familiar devido \u00e0 viola\u00e7\u00e3o de seus direitos. A entrega foi realizada nesta quarta-feira, 18 de outubro, na sede da institui\u00e7\u00e3o localizada no bairro BPS, em Itajub\u00e1.<\/p><p>O Presidente da C\u00e2mara Municipal de Itajub\u00e1, vereador Marcelo Krauss (PROGRESSISTAS), juntamente com o Diretor de Comunica\u00e7\u00e3o, Claiton Cesar, participou da entrega das doa\u00e7\u00f5es, que foram recebidas por Jana\u00edna Lemos, coordenadora da institui\u00e7\u00e3o, acompanhada pela vice-presidente Patr\u00edcia Cust\u00f3dio. Ao todo, 15 crian\u00e7as e adolescentes vivem no abrigo, que \u00e9 mantido por doa\u00e7\u00f5es da comunidade e por meio de subven\u00e7\u00e3o da Prefeitura Municipal.<\/p><p>Marcelo Krauss destacou que a solidariedade \u00e9 fundamental para ajudar a construir uma sociedade mais justa e igualit\u00e1ria. \u201c\u00c9 gratificante saber que podemos contribuir de alguma forma para proporcionar um pouco mais de alegria e conforto para essas crian\u00e7as.\u201d<\/p><p>A entrega das doa\u00e7\u00f5es para o Abrigo Anjo Acolhedor em Itajub\u00e1 representa o comprometimento da C\u00e2mara Municipal em promover a\u00e7\u00f5es que visem a melhoria da qualidade de vida de todos os mun\u00edcipes. Atrav\u00e9s dessas iniciativas, \u00e9 poss\u00edvel fortalecer os la\u00e7os de solidariedade e construir uma sociedade mais justa e acolhedora para as crian\u00e7as em vulnerabilidade social. Fica a esperan\u00e7a de que mais campanhas como essa sejam realizadas, para que cada vez mais crian\u00e7as possam ser beneficiadas e ter a oportunidade de uma inf\u00e2ncia feliz e plena.<\/p>\t\t\t\t\t\t<\/div>\n\t\t\t\t<\/div>\n\t\t\t\t\t<\/div>\n\t\t<\/div>\n\t\t\t\t\t\t\t<\/div>\n\t\t<\/section>\n\t\t\t\t<section class=\"elementor-section elementor-top-section elementor-element elementor-element-30b35f8 elementor-section-boxed elementor-section-height-default elementor-section-height-default\" data-id=\"30b35f8\" data-element_type=\"section\">\n\t\t\t\t\t\t<div class=\"elementor-container elementor-column-gap-default\">\n\t\t\t\t\t<div class=\"elementor-column elementor-col-100 elementor-top-column elementor-element elementor-element-1ab4367\" data-id=\"1ab4367\" data-element_type=\"column\">\n\t\t\t<div class=\"elementor-widget-wrap elementor-element-populated\">\n\t\t\t\t\t\t\t\t<div class=\"elementor-element elementor-element-65adea7 gallery-spacing-custom elementor-widget elementor-widget-image-gallery\" data-id=\"65adea7\" data-element_type=\"widget\" data-widget_type=\"image-gallery.default\">\n\t\t\t\t<div class=\"elementor-widget-container\">\n\t\t\t<style>\/*! elementor - v3.16.0 - 13-09-2023 *\/\n.elementor-image-gallery .gallery-item{display:inline-block;text-align:center;vertical-align:top;width:100%;max-width:100%;margin:0 auto}.elementor-image-gallery .gallery-item img{margin:0 auto}.elementor-image-gallery .gallery-item .gallery-caption{margin:0}.elementor-image-gallery figure img{display:block}.elementor-image-gallery figure figcaption{width:100%}.gallery-spacing-custom .elementor-image-gallery .gallery-icon{padding:0}@media (min-width:768px){.elementor-image-gallery .gallery-columns-2 .gallery-item{max-width:50%}.elementor-image-gallery .gallery-columns-3 .gallery-item{max-width:33.33%}.elementor-image-gallery .gallery-columns-4 .gallery-item{max-width:25%}.elementor-image-gallery .gallery-columns-5 .gallery-item{max-width:20%}.elementor-image-gallery .gallery-columns-6 .gallery-item{max-width:16.666%}.elementor-image-gallery .gallery-columns-7 .gallery-item{max-width:14.28%}.elementor-image-gallery .gallery-columns-8 .gallery-item{max-width:12.5%}.elementor-image-gallery .gallery-columns-9 .gallery-item{max-width:11.11%}.elementor-image-gallery .gallery-columns-10 .gallery-item{max-width:10%}}@media (min-width:480px) and (max-width:767px){.elementor-image-gallery .gallery.gallery-columns-2 .gallery-item,.elementor-image-gallery .gallery.gallery-columns-3 .gallery-item,.elementor-image-gallery .gallery.gallery-columns-4 .gallery-item,.elementor-image-gallery .gallery.gallery-columns-5 .gallery-item,.elementor-image-gallery .gallery.gallery-columns-6 .gallery-item,.elementor-image-gallery .gallery.gallery-columns-7 .gallery-item,.elementor-image-gallery .gallery.gallery-columns-8 .gallery-item,.elementor-image-gallery .gallery.gallery-columns-9 .gallery-item,.elementor-image-gallery .gallery.gallery-columns-10 .gallery-item{max-width:50%}}@media (max-width:479px){.elementor-image-gallery .gallery.gallery-columns-2 .gallery-item,.elementor-image-gallery .gallery.gallery-columns-3 .gallery-item,.elementor-image-gallery .gallery.gallery-columns-4 .gallery-item,.elementor-image-gallery .gallery.gallery-columns-5 .gallery-item,.elementor-image-gallery .gallery.gallery-columns-6 .gallery-item,.elementor-image-gallery .gallery.gallery-columns-7 .gallery-item,.elementor-image-gallery .gallery.gallery-columns-8 .gallery-item,.elementor-image-gallery .gallery.gallery-columns-9 .gallery-item,.elementor-image-gallery .gallery.gallery-columns-10 .gallery-item{max-width:100%}}<\/style>\t\t<div class=\"elementor-image-gallery\">\n\t\t\t<div id='gallery-1' class='gallery galleryid-7597 gallery-columns-4 gallery-size-full'><figure class='gallery-item'>\n\t\t\t<div class='gallery-icon landscape'>\n\t\t\t\t<a data-elementor-open-lightbox=\"yes\" data-elementor-lightbox-slideshow=\"65adea7\" data-e-action-hash=\"#elementor-action%3Aaction%3Dlightbox%26settings%3DeyJpZCI6NzU5OCwidXJsIjoiaHR0cHM6XC9cL2l0YWp1YmEuY2FtLm1nLmdvdi5iclwvc2l0ZVwvd3AtY29udGVudFwvdXBsb2Fkc1wvMjAyM1wvMTBcL2Fuam9fYWNvbGhlZG9yX2ZhY2UwMDEucG5nIiwic2xpZGVzaG93IjoiNjVhZGVhNyJ9\" href='https:\/\/itajuba.cam.mg.gov.br\/site\/wp-content\/uploads\/2023\/10\/anjo_acolhedor_face001.png'><img loading=\"lazy\" decoding=\"async\" width=\"1081\" height=\"865\" src=\"https:\/\/itajuba.cam.mg.gov.br\/site\/wp-content\/uploads\/2023\/10\/anjo_acolhedor_face001.png\" class=\"attachment-full size-full\" alt=\"\" srcset=\"https:\/\/itajuba.cam.mg.gov.br\/site\/wp-content\/uploads\/2023\/10\/anjo_acolhedor_face001.png 1081w, https:\/\/itajuba.cam.mg.gov.br\/site\/wp-content\/uploads\/2023\/10\/anjo_acolhedor_face001-300x240.png 300w, https:\/\/itajuba.cam.mg.gov.br\/site\/wp-content\/uploads\/2023\/10\/anjo_acolhedor_face001-1024x819.png 1024w, https:\/\/itajuba.cam.mg.gov.br\/site\/wp-content\/uploads\/2023\/10\/anjo_acolhedor_face001-768x615.png 768w\" sizes=\"auto, (max-width: 1081px) 100vw, 1081px\" \/><\/a>\n\t\t\t<\/div><\/figure><figure class='gallery-item'>\n\t\t\t<div class='gallery-icon landscape'>\n\t\t\t\t<a data-elementor-open-lightbox=\"yes\" data-elementor-lightbox-slideshow=\"65adea7\" data-e-action-hash=\"#elementor-action%3Aaction%3Dlightbox%26settings%3DeyJpZCI6NzU4NSwidXJsIjoiaHR0cHM6XC9cL2l0YWp1YmEuY2FtLm1nLmdvdi5iclwvc2l0ZVwvd3AtY29udGVudFwvdXBsb2Fkc1wvMjAyM1wvMTBcL2Fuam9fYWNvbGhlZG9yX2ZhY2UwOS5wbmciLCJzbGlkZXNob3ciOiI2NWFkZWE3In0%3D\" href='https:\/\/itajuba.cam.mg.gov.br\/site\/wp-content\/uploads\/2023\/10\/anjo_acolhedor_face09.png'><img loading=\"lazy\" decoding=\"async\" width=\"1081\" height=\"865\" src=\"https:\/\/itajuba.cam.mg.gov.br\/site\/wp-content\/uploads\/2023\/10\/anjo_acolhedor_face09.png\" class=\"attachment-full size-full\" alt=\"\" srcset=\"https:\/\/itajuba.cam.mg.gov.br\/site\/wp-content\/uploads\/2023\/10\/anjo_acolhedor_face09.png 1081w, https:\/\/itajuba.cam.mg.gov.br\/site\/wp-content\/uploads\/2023\/10\/anjo_acolhedor_face09-300x240.png 300w, https:\/\/itajuba.cam.mg.gov.br\/site\/wp-content\/uploads\/2023\/10\/anjo_acolhedor_face09-1024x819.png 1024w, https:\/\/itajuba.cam.mg.gov.br\/site\/wp-content\/uploads\/2023\/10\/anjo_acolhedor_face09-768x615.png 768w\" sizes=\"auto, (max-width: 1081px) 100vw, 1081px\" \/><\/a>\n\t\t\t<\/div><\/figure><figure class='gallery-item'>\n\t\t\t<div class='gallery-icon landscape'>\n\t\t\t\t<a data-elementor-open-lightbox=\"yes\" data-elementor-lightbox-slideshow=\"65adea7\" data-e-action-hash=\"#elementor-action%3Aaction%3Dlightbox%26settings%3DeyJpZCI6NzU4MywidXJsIjoiaHR0cHM6XC9cL2l0YWp1YmEuY2FtLm1nLmdvdi5iclwvc2l0ZVwvd3AtY29udGVudFwvdXBsb2Fkc1wvMjAyM1wvMTBcL2Fuam9fYWNvbGhlZG9yX2ZhY2UwOC5wbmciLCJzbGlkZXNob3ciOiI2NWFkZWE3In0%3D\" href='https:\/\/itajuba.cam.mg.gov.br\/site\/wp-content\/uploads\/2023\/10\/anjo_acolhedor_face08.png'><img loading=\"lazy\" decoding=\"async\" width=\"1081\" height=\"865\" src=\"https:\/\/itajuba.cam.mg.gov.br\/site\/wp-content\/uploads\/2023\/10\/anjo_acolhedor_face08.png\" class=\"attachment-full size-full\" alt=\"\" srcset=\"https:\/\/itajuba.cam.mg.gov.br\/site\/wp-content\/uploads\/2023\/10\/anjo_acolhedor_face08.png 1081w, https:\/\/itajuba.cam.mg.gov.br\/site\/wp-content\/uploads\/2023\/10\/anjo_acolhedor_face08-300x240.png 300w, https:\/\/itajuba.cam.mg.gov.br\/site\/wp-content\/uploads\/2023\/10\/anjo_acolhedor_face08-1024x819.png 1024w, https:\/\/itajuba.cam.mg.gov.br\/site\/wp-content\/uploads\/2023\/10\/anjo_acolhedor_face08-768x615.png 768w\" sizes=\"auto, (max-width: 1081px) 100vw, 1081px\" \/><\/a>\n\t\t\t<\/div><\/figure><figure class='gallery-item'>\n\t\t\t<div class='gallery-icon landscape'>\n\t\t\t\t<a data-elementor-open-lightbox=\"yes\" data-elementor-lightbox-slideshow=\"65adea7\" data-e-action-hash=\"#elementor-action%3Aaction%3Dlightbox%26settings%3DeyJpZCI6NzU4MiwidXJsIjoiaHR0cHM6XC9cL2l0YWp1YmEuY2FtLm1nLmdvdi5iclwvc2l0ZVwvd3AtY29udGVudFwvdXBsb2Fkc1wvMjAyM1wvMTBcL2Fuam9fYWNvbGhlZG9yX2ZhY2UwNy5wbmciLCJzbGlkZXNob3ciOiI2NWFkZWE3In0%3D\" href='https:\/\/itajuba.cam.mg.gov.br\/site\/wp-content\/uploads\/2023\/10\/anjo_acolhedor_face07.png'><img loading=\"lazy\" decoding=\"async\" width=\"1081\" height=\"865\" src=\"https:\/\/itajuba.cam.mg.gov.br\/site\/wp-content\/uploads\/2023\/10\/anjo_acolhedor_face07.png\" class=\"attachment-full size-full\" alt=\"\" srcset=\"https:\/\/itajuba.cam.mg.gov.br\/site\/wp-content\/uploads\/2023\/10\/anjo_acolhedor_face07.png 1081w, https:\/\/itajuba.cam.mg.gov.br\/site\/wp-content\/uploads\/2023\/10\/anjo_acolhedor_face07-300x240.png 300w, https:\/\/itajuba.cam.mg.gov.br\/site\/wp-content\/uploads\/2023\/10\/anjo_acolhedor_face07-1024x819.png 1024w, https:\/\/itajuba.cam.mg.gov.br\/site\/wp-content\/uploads\/2023\/10\/anjo_acolhedor_face07-768x615.png 768w\" sizes=\"auto, (max-width: 1081px) 100vw, 1081px\" \/><\/a>\n\t\t\t<\/div><\/figure><figure class='gallery-item'>\n\t\t\t<div class='gallery-icon landscape'>\n\t\t\t\t<a data-elementor-open-lightbox=\"yes\" data-elementor-lightbox-slideshow=\"65adea7\" data-e-action-hash=\"#elementor-action%3Aaction%3Dlightbox%26settings%3DeyJpZCI6NzU4MSwidXJsIjoiaHR0cHM6XC9cL2l0YWp1YmEuY2FtLm1nLmdvdi5iclwvc2l0ZVwvd3AtY29udGVudFwvdXBsb2Fkc1wvMjAyM1wvMTBcL2Fuam9fYWNvbGhlZG9yX2ZhY2UwNi5wbmciLCJzbGlkZXNob3ciOiI2NWFkZWE3In0%3D\" href='https:\/\/itajuba.cam.mg.gov.br\/site\/wp-content\/uploads\/2023\/10\/anjo_acolhedor_face06.png'><img loading=\"lazy\" decoding=\"async\" width=\"1081\" height=\"865\" src=\"https:\/\/itajuba.cam.mg.gov.br\/site\/wp-content\/uploads\/2023\/10\/anjo_acolhedor_face06.png\" class=\"attachment-full size-full\" alt=\"\" srcset=\"https:\/\/itajuba.cam.mg.gov.br\/site\/wp-content\/uploads\/2023\/10\/anjo_acolhedor_face06.png 1081w, https:\/\/itajuba.cam.mg.gov.br\/site\/wp-content\/uploads\/2023\/10\/anjo_acolhedor_face06-300x240.png 300w, https:\/\/itajuba.cam.mg.gov.br\/site\/wp-content\/uploads\/2023\/10\/anjo_acolhedor_face06-1024x819.png 1024w, https:\/\/itajuba.cam.mg.gov.br\/site\/wp-content\/uploads\/2023\/10\/anjo_acolhedor_face06-768x615.png 768w\" sizes=\"auto, (max-width: 1081px) 100vw, 1081px\" \/><\/a>\n\t\t\t<\/div><\/figure><figure class='gallery-item'>\n\t\t\t<div class='gallery-icon landscape'>\n\t\t\t\t<a data-elementor-open-lightbox=\"yes\" data-elementor-lightbox-slideshow=\"65adea7\" data-e-action-hash=\"#elementor-action%3Aaction%3Dlightbox%26settings%3DeyJpZCI6NzU4MCwidXJsIjoiaHR0cHM6XC9cL2l0YWp1YmEuY2FtLm1nLmdvdi5iclwvc2l0ZVwvd3AtY29udGVudFwvdXBsb2Fkc1wvMjAyM1wvMTBcL2Fuam9fYWNvbGhlZG9yX2ZhY2UwNS5wbmciLCJzbGlkZXNob3ciOiI2NWFkZWE3In0%3D\" href='https:\/\/itajuba.cam.mg.gov.br\/site\/wp-content\/uploads\/2023\/10\/anjo_acolhedor_face05.png'><img loading=\"lazy\" decoding=\"async\" width=\"1081\" height=\"865\" src=\"https:\/\/itajuba.cam.mg.gov.br\/site\/wp-content\/uploads\/2023\/10\/anjo_acolhedor_face05.png\" class=\"attachment-full size-full\" alt=\"\" srcset=\"https:\/\/itajuba.cam.mg.gov.br\/site\/wp-content\/uploads\/2023\/10\/anjo_acolhedor_face05.png 1081w, https:\/\/itajuba.cam.mg.gov.br\/site\/wp-content\/uploads\/2023\/10\/anjo_acolhedor_face05-300x240.png 300w, https:\/\/itajuba.cam.mg.gov.br\/site\/wp-content\/uploads\/2023\/10\/anjo_acolhedor_face05-1024x819.png 1024w, https:\/\/itajuba.cam.mg.gov.br\/site\/wp-content\/uploads\/2023\/10\/anjo_acolhedor_face05-768x615.png 768w\" sizes=\"auto, (max-width: 1081px) 100vw, 1081px\" \/><\/a>\n\t\t\t<\/div><\/figure><figure class='gallery-item'>\n\t\t\t<div class='gallery-icon landscape'>\n\t\t\t\t<a data-elementor-open-lightbox=\"yes\" data-elementor-lightbox-slideshow=\"65adea7\" data-e-action-hash=\"#elementor-action%3Aaction%3Dlightbox%26settings%3DeyJpZCI6NzU3OSwidXJsIjoiaHR0cHM6XC9cL2l0YWp1YmEuY2FtLm1nLmdvdi5iclwvc2l0ZVwvd3AtY29udGVudFwvdXBsb2Fkc1wvMjAyM1wvMTBcL2Fuam9fYWNvbGhlZG9yX2ZhY2UwNC5wbmciLCJzbGlkZXNob3ciOiI2NWFkZWE3In0%3D\" href='https:\/\/itajuba.cam.mg.gov.br\/site\/wp-content\/uploads\/2023\/10\/anjo_acolhedor_face04.png'><img loading=\"lazy\" decoding=\"async\" width=\"1081\" height=\"865\" src=\"https:\/\/itajuba.cam.mg.gov.br\/site\/wp-content\/uploads\/2023\/10\/anjo_acolhedor_face04.png\" class=\"attachment-full size-full\" alt=\"\" srcset=\"https:\/\/itajuba.cam.mg.gov.br\/site\/wp-content\/uploads\/2023\/10\/anjo_acolhedor_face04.png 1081w, https:\/\/itajuba.cam.mg.gov.br\/site\/wp-content\/uploads\/2023\/10\/anjo_acolhedor_face04-300x240.png 300w, https:\/\/itajuba.cam.mg.gov.br\/site\/wp-content\/uploads\/2023\/10\/anjo_acolhedor_face04-1024x819.png 1024w, https:\/\/itajuba.cam.mg.gov.br\/site\/wp-content\/uploads\/2023\/10\/anjo_acolhedor_face04-768x615.png 768w\" sizes=\"auto, (max-width: 1081px) 100vw, 1081px\" \/><\/a>\n\t\t\t<\/div><\/figure><figure class='gallery-item'>\n\t\t\t<div class='gallery-icon landscape'>\n\t\t\t\t<a data-elementor-open-lightbox=\"yes\" data-elementor-lightbox-slideshow=\"65adea7\" data-e-action-hash=\"#elementor-action%3Aaction%3Dlightbox%26settings%3DeyJpZCI6NzU3OCwidXJsIjoiaHR0cHM6XC9cL2l0YWp1YmEuY2FtLm1nLmdvdi5iclwvc2l0ZVwvd3AtY29udGVudFwvdXBsb2Fkc1wvMjAyM1wvMTBcL2Fuam9fYWNvbGhlZG9yX2ZhY2UwMy5wbmciLCJzbGlkZXNob3ciOiI2NWFkZWE3In0%3D\" href='https:\/\/itajuba.cam.mg.gov.br\/site\/wp-content\/uploads\/2023\/10\/anjo_acolhedor_face03.png'><img loading=\"lazy\" decoding=\"async\" width=\"1081\" height=\"865\" src=\"https:\/\/itajuba.cam.mg.gov.br\/site\/wp-content\/uploads\/2023\/10\/anjo_acolhedor_face03.png\" class=\"attachment-full size-full\" alt=\"\" srcset=\"https:\/\/itajuba.cam.mg.gov.br\/site\/wp-content\/uploads\/2023\/10\/anjo_acolhedor_face03.png 1081w, https:\/\/itajuba.cam.mg.gov.br\/site\/wp-content\/uploads\/2023\/10\/anjo_acolhedor_face03-300x240.png 300w, https:\/\/itajuba.cam.mg.gov.br\/site\/wp-content\/uploads\/2023\/10\/anjo_acolhedor_face03-1024x819.png 1024w, https:\/\/itajuba.cam.mg.gov.br\/site\/wp-content\/uploads\/2023\/10\/anjo_acolhedor_face03-768x615.png 768w\" sizes=\"auto, (max-width: 1081px) 100vw, 1081px\" \/><\/a>\n\t\t\t<\/div><\/figure><figure class='gallery-item'>\n\t\t\t<div class='gallery-icon landscape'>\n\t\t\t\t<a data-elementor-open-lightbox=\"yes\" data-elementor-lightbox-slideshow=\"65adea7\" data-e-action-hash=\"#elementor-action%3Aaction%3Dlightbox%26settings%3DeyJpZCI6NzU3NywidXJsIjoiaHR0cHM6XC9cL2l0YWp1YmEuY2FtLm1nLmdvdi5iclwvc2l0ZVwvd3AtY29udGVudFwvdXBsb2Fkc1wvMjAyM1wvMTBcL2Fuam9fYWNvbGhlZG9yX2ZhY2UwMi5wbmciLCJzbGlkZXNob3ciOiI2NWFkZWE3In0%3D\" href='https:\/\/itajuba.cam.mg.gov.br\/site\/wp-content\/uploads\/2023\/10\/anjo_acolhedor_face02.png'><img loading=\"lazy\" decoding=\"async\" width=\"1081\" height=\"864\" src=\"https:\/\/itajuba.cam.mg.gov.br\/site\/wp-content\/uploads\/2023\/10\/anjo_acolhedor_face02.png\" class=\"attachment-full size-full\" alt=\"\" srcset=\"https:\/\/itajuba.cam.mg.gov.br\/site\/wp-content\/uploads\/2023\/10\/anjo_acolhedor_face02.png 1081w, https:\/\/itajuba.cam.mg.gov.br\/site\/wp-content\/uploads\/2023\/10\/anjo_acolhedor_face02-300x240.png 300w, https:\/\/itajuba.cam.mg.gov.br\/site\/wp-content\/uploads\/2023\/10\/anjo_acolhedor_face02-1024x818.png 1024w, https:\/\/itajuba.cam.mg.gov.br\/site\/wp-content\/uploads\/2023\/10\/anjo_acolhedor_face02-768x614.png 768w\" sizes=\"auto, (max-width: 1081px) 100vw, 1081px\" \/><\/a>\n\t\t\t<\/div><\/figure><figure class='gallery-item'>\n\t\t\t<div class='gallery-icon landscape'>\n\t\t\t\t<a data-elementor-open-lightbox=\"yes\" data-elementor-lightbox-slideshow=\"65adea7\" data-e-action-hash=\"#elementor-action%3Aaction%3Dlightbox%26settings%3DeyJpZCI6NzU3NiwidXJsIjoiaHR0cHM6XC9cL2l0YWp1YmEuY2FtLm1nLmdvdi5iclwvc2l0ZVwvd3AtY29udGVudFwvdXBsb2Fkc1wvMjAyM1wvMTBcL2Fuam9fYWNvbGhlZG9yX2ZhY2UwMS5wbmciLCJzbGlkZXNob3ciOiI2NWFkZWE3In0%3D\" href='https:\/\/itajuba.cam.mg.gov.br\/site\/wp-content\/uploads\/2023\/10\/anjo_acolhedor_face01.png'><img loading=\"lazy\" decoding=\"async\" width=\"1081\" height=\"864\" src=\"https:\/\/itajuba.cam.mg.gov.br\/site\/wp-content\/uploads\/2023\/10\/anjo_acolhedor_face01.png\" class=\"attachment-full size-full\" alt=\"\" srcset=\"https:\/\/itajuba.cam.mg.gov.br\/site\/wp-content\/uploads\/2023\/10\/anjo_acolhedor_face01.png 1081w, https:\/\/itajuba.cam.mg.gov.br\/site\/wp-content\/uploads\/2023\/10\/anjo_acolhedor_face01-300x240.png 300w, https:\/\/itajuba.cam.mg.gov.br\/site\/wp-content\/uploads\/2023\/10\/anjo_acolhedor_face01-1024x818.png 1024w, https:\/\/itajuba.cam.mg.gov.br\/site\/wp-content\/uploads\/2023\/10\/anjo_acolhedor_face01-768x614.png 768w\" sizes=\"auto, (max-width: 1081px) 100vw, 1081px\" \/><\/a>\n\t\t\t<\/div><\/figure>\n\t\t<\/div>\n\t\t<\/div>\n\t\t\t\t<\/div>\n\t\t\t\t<\/div>\n\t\t\t\t\t<\/div>\n\t\t<\/div>\n\t\t\t\t\t\t\t<\/div>\n\t\t<\/section>\n\t\t\t\t\t\t\t<\/div>\n\t\t","protected":false},"excerpt":{"rendered":"<p>Neste m\u00eas das crian\u00e7as, a C\u00e2mara Municipal de Itajub\u00e1 realizou uma campanha de doa\u00e7\u00e3o de roupas e brinquedos para crian\u00e7as em situa\u00e7\u00e3o de vulnerabilidade social. Por determina\u00e7\u00e3o da Presid\u00eancia da C\u00e2mara e organizada pela Diretoria de Comunica\u00e7\u00e3o do Legislativo, a campanha mobilizou, nas \u00faltimas semanas, servidores da casa legislativa e comunidade que, num gesto de [&hellip;]<\/p>\n","protected":false},"author":2,"featured_media":7598,"comment_status":"closed","ping_status":"open","sticky":false,"template":"","format":"standard","meta":{"footnotes":""},"categories":[16],"tags":[],"class_list":["post-7597","post","type-post","status-publish","format-standard","has-post-thumbnail","hentry","category-noticias"],"yoast_head":"<!-- This site is optimized with the Yoast SEO plugin v21.0 - https:\/\/yoast.com\/wordpress\/plugins\/seo\/ -->\n<title>C\u00e2mara promove campanha de doa\u00e7\u00e3o para crian\u00e7as do Abrigo Anjo Acolhedor - C\u00e2mara Municipal de Itajub\u00e1<\/title>\n<meta name=\"robots\" content=\"index, follow, max-snippet:-1, max-image-preview:large, max-video-preview:-1\" \/>\n<link rel=\"canonical\" href=\"https:\/\/itajuba.cam.mg.gov.br\/site\/camara-promove-campanha-de-doacao-para-criancas-do-abrigo-anjo-acolhedor\/\" \/>\n<meta property=\"og:locale\" content=\"pt_BR\" \/>\n<meta property=\"og:type\" content=\"article\" \/>\n<meta property=\"og:title\" content=\"C\u00e2mara promove campanha de doa\u00e7\u00e3o para crian\u00e7as do Abrigo Anjo Acolhedor - C\u00e2mara Municipal de Itajub\u00e1\" \/>\n<meta property=\"og:description\" content=\"Neste m\u00eas das crian\u00e7as, a C\u00e2mara Municipal de Itajub\u00e1 realizou uma campanha de doa\u00e7\u00e3o de roupas e brinquedos para crian\u00e7as em situa\u00e7\u00e3o de vulnerabilidade social. Por determina\u00e7\u00e3o da Presid\u00eancia da C\u00e2mara e organizada pela Diretoria de Comunica\u00e7\u00e3o do Legislativo, a campanha mobilizou, nas \u00faltimas semanas, servidores da casa legislativa e comunidade que, num gesto de [&hellip;]\" \/>\n<meta property=\"og:url\" content=\"https:\/\/itajuba.cam.mg.gov.br\/site\/camara-promove-campanha-de-doacao-para-criancas-do-abrigo-anjo-acolhedor\/\" \/>\n<meta property=\"og:site_name\" content=\"C\u00e2mara Municipal de Itajub\u00e1\" \/>\n<meta property=\"article:publisher\" content=\"https:\/\/www.facebook.com\/camaradeitajubaoficial\" \/>\n<meta property=\"article:published_time\" content=\"2023-10-23T20:11:11+00:00\" \/>\n<meta property=\"article:modified_time\" content=\"2024-10-07T19:14:23+00:00\" \/>\n<meta property=\"og:image\" content=\"https:\/\/itajuba.cam.mg.gov.br\/site\/wp-content\/uploads\/2023\/10\/anjo_acolhedor_face001.png\" \/>\n\t<meta property=\"og:image:width\" content=\"1081\" \/>\n\t<meta property=\"og:image:height\" content=\"865\" \/>\n\t<meta property=\"og:image:type\" content=\"image\/png\" \/>\n<meta name=\"author\" content=\"Matheus Rivoli\" \/>\n<meta name=\"twitter:card\" content=\"summary_large_image\" \/>\n<meta name=\"twitter:label1\" content=\"Escrito por\" \/>\n\t<meta name=\"twitter:data1\" content=\"Matheus Rivoli\" \/>\n\t<meta name=\"twitter:label2\" content=\"Est. tempo de leitura\" \/>\n\t<meta name=\"twitter:data2\" content=\"4 minutos\" \/>\n<script type=\"application\/ld+json\" class=\"yoast-schema-graph\">{\"@context\":\"https:\/\/schema.org\",\"@graph\":[{\"@type\":\"Article\",\"@id\":\"https:\/\/itajuba.cam.mg.gov.br\/site\/camara-promove-campanha-de-doacao-para-criancas-do-abrigo-anjo-acolhedor\/#article\",\"isPartOf\":{\"@id\":\"https:\/\/itajuba.cam.mg.gov.br\/site\/camara-promove-campanha-de-doacao-para-criancas-do-abrigo-anjo-acolhedor\/\"},\"author\":{\"name\":\"Matheus Rivoli\",\"@id\":\"https:\/\/itajuba.cam.mg.gov.br\/site\/#\/schema\/person\/98cdb7e800259cf679b23eb9942b53e6\"},\"headline\":\"C\u00e2mara promove campanha de doa\u00e7\u00e3o para crian\u00e7as do Abrigo Anjo Acolhedor\",\"datePublished\":\"2023-10-23T20:11:11+00:00\",\"dateModified\":\"2024-10-07T19:14:23+00:00\",\"mainEntityOfPage\":{\"@id\":\"https:\/\/itajuba.cam.mg.gov.br\/site\/camara-promove-campanha-de-doacao-para-criancas-do-abrigo-anjo-acolhedor\/\"},\"wordCount\":361,\"publisher\":{\"@id\":\"https:\/\/itajuba.cam.mg.gov.br\/site\/#organization\"},\"articleSection\":[\"Not\u00edcias\"],\"inLanguage\":\"pt-BR\"},{\"@type\":\"WebPage\",\"@id\":\"https:\/\/itajuba.cam.mg.gov.br\/site\/camara-promove-campanha-de-doacao-para-criancas-do-abrigo-anjo-acolhedor\/\",\"url\":\"https:\/\/itajuba.cam.mg.gov.br\/site\/camara-promove-campanha-de-doacao-para-criancas-do-abrigo-anjo-acolhedor\/\",\"name\":\"C\u00e2mara promove campanha de doa\u00e7\u00e3o para crian\u00e7as do Abrigo Anjo Acolhedor - C\u00e2mara Municipal de Itajub\u00e1\",\"isPartOf\":{\"@id\":\"https:\/\/itajuba.cam.mg.gov.br\/site\/#website\"},\"datePublished\":\"2023-10-23T20:11:11+00:00\",\"dateModified\":\"2024-10-07T19:14:23+00:00\",\"breadcrumb\":{\"@id\":\"https:\/\/itajuba.cam.mg.gov.br\/site\/camara-promove-campanha-de-doacao-para-criancas-do-abrigo-anjo-acolhedor\/#breadcrumb\"},\"inLanguage\":\"pt-BR\",\"potentialAction\":[{\"@type\":\"ReadAction\",\"target\":[\"https:\/\/itajuba.cam.mg.gov.br\/site\/camara-promove-campanha-de-doacao-para-criancas-do-abrigo-anjo-acolhedor\/\"]}]},{\"@type\":\"BreadcrumbList\",\"@id\":\"https:\/\/itajuba.cam.mg.gov.br\/site\/camara-promove-campanha-de-doacao-para-criancas-do-abrigo-anjo-acolhedor\/#breadcrumb\",\"itemListElement\":[{\"@type\":\"ListItem\",\"position\":1,\"name\":\"In\u00edcio\",\"item\":\"https:\/\/itajuba.cam.mg.gov.br\/site\/\"},{\"@type\":\"ListItem\",\"position\":2,\"name\":\"C\u00e2mara promove campanha de doa\u00e7\u00e3o para crian\u00e7as do Abrigo Anjo Acolhedor\"}]},{\"@type\":\"WebSite\",\"@id\":\"https:\/\/itajuba.cam.mg.gov.br\/site\/#website\",\"url\":\"https:\/\/itajuba.cam.mg.gov.br\/site\/\",\"name\":\"C\u00e2mara Municipal de Itajub\u00e1\",\"description\":\"Efici\u00eancia e Transpar\u00eancia\",\"publisher\":{\"@id\":\"https:\/\/itajuba.cam.mg.gov.br\/site\/#organization\"},\"potentialAction\":[{\"@type\":\"SearchAction\",\"target\":{\"@type\":\"EntryPoint\",\"urlTemplate\":\"https:\/\/itajuba.cam.mg.gov.br\/site\/?s={search_term_string}\"},\"query-input\":\"required name=search_term_string\"}],\"inLanguage\":\"pt-BR\"},{\"@type\":\"Organization\",\"@id\":\"https:\/\/itajuba.cam.mg.gov.br\/site\/#organization\",\"name\":\"C\u00e2mara Municipal de Itajub\u00e1\",\"url\":\"https:\/\/itajuba.cam.mg.gov.br\/site\/\",\"logo\":{\"@type\":\"ImageObject\",\"inLanguage\":\"pt-BR\",\"@id\":\"https:\/\/itajuba.cam.mg.gov.br\/site\/#\/schema\/logo\/image\/\",\"url\":\"https:\/\/itajuba.cam.mg.gov.br\/site\/wp-content\/uploads\/2023\/09\/logo_camara_2024.png\",\"contentUrl\":\"https:\/\/itajuba.cam.mg.gov.br\/site\/wp-content\/uploads\/2023\/09\/logo_camara_2024.png\",\"width\":1000,\"height\":385,\"caption\":\"C\u00e2mara Municipal de Itajub\u00e1\"},\"image\":{\"@id\":\"https:\/\/itajuba.cam.mg.gov.br\/site\/#\/schema\/logo\/image\/\"},\"sameAs\":[\"https:\/\/www.facebook.com\/camaradeitajubaoficial\",\"https:\/\/www.instagram.com\/camaradeitajubaoficial\/\",\"https:\/\/www.youtube.com\/user\/TVCAMARAITAJUBA\"]},{\"@type\":\"Person\",\"@id\":\"https:\/\/itajuba.cam.mg.gov.br\/site\/#\/schema\/person\/98cdb7e800259cf679b23eb9942b53e6\",\"name\":\"Matheus Rivoli\",\"image\":{\"@type\":\"ImageObject\",\"inLanguage\":\"pt-BR\",\"@id\":\"https:\/\/itajuba.cam.mg.gov.br\/site\/#\/schema\/person\/image\/\",\"url\":\"https:\/\/secure.gravatar.com\/avatar\/ef9f3e4c6803cd403e07456b108c1a951507fec5b8feac1f9ff0abaa2a3299c0?s=96&d=mm&r=g\",\"contentUrl\":\"https:\/\/secure.gravatar.com\/avatar\/ef9f3e4c6803cd403e07456b108c1a951507fec5b8feac1f9ff0abaa2a3299c0?s=96&d=mm&r=g\",\"caption\":\"Matheus Rivoli\"},\"url\":\"https:\/\/itajuba.cam.mg.gov.br\/site\/author\/matheus\/\"}]}<\/script>\n<!-- \/ Yoast SEO plugin. -->","yoast_head_json":{"title":"C\u00e2mara promove campanha de doa\u00e7\u00e3o para crian\u00e7as do Abrigo Anjo Acolhedor - C\u00e2mara Municipal de Itajub\u00e1","robots":{"index":"index","follow":"follow","max-snippet":"max-snippet:-1","max-image-preview":"max-image-preview:large","max-video-preview":"max-video-preview:-1"},"canonical":"https:\/\/itajuba.cam.mg.gov.br\/site\/camara-promove-campanha-de-doacao-para-criancas-do-abrigo-anjo-acolhedor\/","og_locale":"pt_BR","og_type":"article","og_title":"C\u00e2mara promove campanha de doa\u00e7\u00e3o para crian\u00e7as do Abrigo Anjo Acolhedor - C\u00e2mara Municipal de Itajub\u00e1","og_description":"Neste m\u00eas das crian\u00e7as, a C\u00e2mara Municipal de Itajub\u00e1 realizou uma campanha de doa\u00e7\u00e3o de roupas e brinquedos para crian\u00e7as em situa\u00e7\u00e3o de vulnerabilidade social. Por determina\u00e7\u00e3o da Presid\u00eancia da C\u00e2mara e organizada pela Diretoria de Comunica\u00e7\u00e3o do Legislativo, a campanha mobilizou, nas \u00faltimas semanas, servidores da casa legislativa e comunidade que, num gesto de [&hellip;]","og_url":"https:\/\/itajuba.cam.mg.gov.br\/site\/camara-promove-campanha-de-doacao-para-criancas-do-abrigo-anjo-acolhedor\/","og_site_name":"C\u00e2mara Municipal de Itajub\u00e1","article_publisher":"https:\/\/www.facebook.com\/camaradeitajubaoficial","article_published_time":"2023-10-23T20:11:11+00:00","article_modified_time":"2024-10-07T19:14:23+00:00","og_image":[{"width":1081,"height":865,"url":"https:\/\/itajuba.cam.mg.gov.br\/site\/wp-content\/uploads\/2023\/10\/anjo_acolhedor_face001.png","type":"image\/png"}],"author":"Matheus Rivoli","twitter_card":"summary_large_image","twitter_misc":{"Escrito por":"Matheus Rivoli","Est. tempo de leitura":"4 minutos"},"schema":{"@context":"https:\/\/schema.org","@graph":[{"@type":"Article","@id":"https:\/\/itajuba.cam.mg.gov.br\/site\/camara-promove-campanha-de-doacao-para-criancas-do-abrigo-anjo-acolhedor\/#article","isPartOf":{"@id":"https:\/\/itajuba.cam.mg.gov.br\/site\/camara-promove-campanha-de-doacao-para-criancas-do-abrigo-anjo-acolhedor\/"},"author":{"name":"Matheus Rivoli","@id":"https:\/\/itajuba.cam.mg.gov.br\/site\/#\/schema\/person\/98cdb7e800259cf679b23eb9942b53e6"},"headline":"C\u00e2mara promove campanha de doa\u00e7\u00e3o para crian\u00e7as do Abrigo Anjo Acolhedor","datePublished":"2023-10-23T20:11:11+00:00","dateModified":"2024-10-07T19:14:23+00:00","mainEntityOfPage":{"@id":"https:\/\/itajuba.cam.mg.gov.br\/site\/camara-promove-campanha-de-doacao-para-criancas-do-abrigo-anjo-acolhedor\/"},"wordCount":361,"publisher":{"@id":"https:\/\/itajuba.cam.mg.gov.br\/site\/#organization"},"articleSection":["Not\u00edcias"],"inLanguage":"pt-BR"},{"@type":"WebPage","@id":"https:\/\/itajuba.cam.mg.gov.br\/site\/camara-promove-campanha-de-doacao-para-criancas-do-abrigo-anjo-acolhedor\/","url":"https:\/\/itajuba.cam.mg.gov.br\/site\/camara-promove-campanha-de-doacao-para-criancas-do-abrigo-anjo-acolhedor\/","name":"C\u00e2mara promove campanha de doa\u00e7\u00e3o para crian\u00e7as do Abrigo Anjo Acolhedor - C\u00e2mara Municipal de Itajub\u00e1","isPartOf":{"@id":"https:\/\/itajuba.cam.mg.gov.br\/site\/#website"},"datePublished":"2023-10-23T20:11:11+00:00","dateModified":"2024-10-07T19:14:23+00:00","breadcrumb":{"@id":"https:\/\/itajuba.cam.mg.gov.br\/site\/camara-promove-campanha-de-doacao-para-criancas-do-abrigo-anjo-acolhedor\/#breadcrumb"},"inLanguage":"pt-BR","potentialAction":[{"@type":"ReadAction","target":["https:\/\/itajuba.cam.mg.gov.br\/site\/camara-promove-campanha-de-doacao-para-criancas-do-abrigo-anjo-acolhedor\/"]}]},{"@type":"BreadcrumbList","@id":"https:\/\/itajuba.cam.mg.gov.br\/site\/camara-promove-campanha-de-doacao-para-criancas-do-abrigo-anjo-acolhedor\/#breadcrumb","itemListElement":[{"@type":"ListItem","position":1,"name":"In\u00edcio","item":"https:\/\/itajuba.cam.mg.gov.br\/site\/"},{"@type":"ListItem","position":2,"name":"C\u00e2mara promove campanha de doa\u00e7\u00e3o para crian\u00e7as do Abrigo Anjo Acolhedor"}]},{"@type":"WebSite","@id":"https:\/\/itajuba.cam.mg.gov.br\/site\/#website","url":"https:\/\/itajuba.cam.mg.gov.br\/site\/","name":"C\u00e2mara Municipal de Itajub\u00e1","description":"Efici\u00eancia e Transpar\u00eancia","publisher":{"@id":"https:\/\/itajuba.cam.mg.gov.br\/site\/#organization"},"potentialAction":[{"@type":"SearchAction","target":{"@type":"EntryPoint","urlTemplate":"https:\/\/itajuba.cam.mg.gov.br\/site\/?s={search_term_string}"},"query-input":"required name=search_term_string"}],"inLanguage":"pt-BR"},{"@type":"Organization","@id":"https:\/\/itajuba.cam.mg.gov.br\/site\/#organization","name":"C\u00e2mara Municipal de Itajub\u00e1","url":"https:\/\/itajuba.cam.mg.gov.br\/site\/","logo":{"@type":"ImageObject","inLanguage":"pt-BR","@id":"https:\/\/itajuba.cam.mg.gov.br\/site\/#\/schema\/logo\/image\/","url":"https:\/\/itajuba.cam.mg.gov.br\/site\/wp-content\/uploads\/2023\/09\/logo_camara_2024.png","contentUrl":"https:\/\/itajuba.cam.mg.gov.br\/site\/wp-content\/uploads\/2023\/09\/logo_camara_2024.png","width":1000,"height":385,"caption":"C\u00e2mara Municipal de Itajub\u00e1"},"image":{"@id":"https:\/\/itajuba.cam.mg.gov.br\/site\/#\/schema\/logo\/image\/"},"sameAs":["https:\/\/www.facebook.com\/camaradeitajubaoficial","https:\/\/www.instagram.com\/camaradeitajubaoficial\/","https:\/\/www.youtube.com\/user\/TVCAMARAITAJUBA"]},{"@type":"Person","@id":"https:\/\/itajuba.cam.mg.gov.br\/site\/#\/schema\/person\/98cdb7e800259cf679b23eb9942b53e6","name":"Matheus Rivoli","image":{"@type":"ImageObject","inLanguage":"pt-BR","@id":"https:\/\/itajuba.cam.mg.gov.br\/site\/#\/schema\/person\/image\/","url":"https:\/\/secure.gravatar.com\/avatar\/ef9f3e4c6803cd403e07456b108c1a951507fec5b8feac1f9ff0abaa2a3299c0?s=96&d=mm&r=g","contentUrl":"https:\/\/secure.gravatar.com\/avatar\/ef9f3e4c6803cd403e07456b108c1a951507fec5b8feac1f9ff0abaa2a3299c0?s=96&d=mm&r=g","caption":"Matheus Rivoli"},"url":"https:\/\/itajuba.cam.mg.gov.br\/site\/author\/matheus\/"}]}},"_links":{"self":[{"href":"https:\/\/itajuba.cam.mg.gov.br\/site\/wp-json\/wp\/v2\/posts\/7597","targetHints":{"allow":["GET"]}}],"collection":[{"href":"https:\/\/itajuba.cam.mg.gov.br\/site\/wp-json\/wp\/v2\/posts"}],"about":[{"href":"https:\/\/itajuba.cam.mg.gov.br\/site\/wp-json\/wp\/v2\/types\/post"}],"author":[{"embeddable":true,"href":"https:\/\/itajuba.cam.mg.gov.br\/site\/wp-json\/wp\/v2\/users\/2"}],"replies":[{"embeddable":true,"href":"https:\/\/itajuba.cam.mg.gov.br\/site\/wp-json\/wp\/v2\/comments?post=7597"}],"version-history":[{"count":5,"href":"https:\/\/itajuba.cam.mg.gov.br\/site\/wp-json\/wp\/v2\/posts\/7597\/revisions"}],"predecessor-version":[{"id":7605,"href":"https:\/\/itajuba.cam.mg.gov.br\/site\/wp-json\/wp\/v2\/posts\/7597\/revisions\/7605"}],"wp:featuredmedia":[{"embeddable":true,"href":"https:\/\/itajuba.cam.mg.gov.br\/site\/wp-json\/wp\/v2\/media\/7598"}],"wp:attachment":[{"href":"https:\/\/itajuba.cam.mg.gov.br\/site\/wp-json\/wp\/v2\/media?parent=7597"}],"wp:term":[{"taxonomy":"category","embeddable":true,"href":"https:\/\/itajuba.cam.mg.gov.br\/site\/wp-json\/wp\/v2\/categories?post=7597"},{"taxonomy":"post_tag","embeddable":true,"href":"https:\/\/itajuba.cam.mg.gov.br\/site\/wp-json\/wp\/v2\/tags?post=7597"}],"curies":[{"name":"wp","href":"https:\/\/api.w.org\/{rel}","templated":true}]}}