{"id":7740,"date":"2023-10-23T20:50:27","date_gmt":"2023-10-23T20:50:27","guid":{"rendered":"https:\/\/itajuba.cam.mg.gov.br\/site\/?p=7740"},"modified":"2024-10-07T19:14:13","modified_gmt":"2024-10-07T19:14:13","slug":"projeto-de-lei-em-tramitacao-pretende-proteger-abelhas-sem-ferrao","status":"publish","type":"post","link":"https:\/\/itajuba.cam.mg.gov.br\/site\/projeto-de-lei-em-tramitacao-pretende-proteger-abelhas-sem-ferrao\/","title":{"rendered":"Projeto de Lei em tramita\u00e7\u00e3o pretende proteger abelhas sem ferr\u00e3o"},"content":{"rendered":"\t\t<div data-elementor-type=\"wp-post\" data-elementor-id=\"7740\" class=\"elementor elementor-7740\" data-elementor-post-type=\"post\">\n\t\t\t\t\t\t\t\t\t<section class=\"elementor-section elementor-top-section elementor-element elementor-element-51453d0e elementor-section-boxed elementor-section-height-default elementor-section-height-default\" data-id=\"51453d0e\" data-element_type=\"section\">\n\t\t\t\t\t\t<div class=\"elementor-container elementor-column-gap-default\">\n\t\t\t\t\t<div class=\"elementor-column elementor-col-100 elementor-top-column elementor-element elementor-element-383ee31e\" data-id=\"383ee31e\" data-element_type=\"column\">\n\t\t\t<div class=\"elementor-widget-wrap elementor-element-populated\">\n\t\t\t\t\t\t\t\t<div class=\"elementor-element elementor-element-6764d1ed elementor-widget elementor-widget-text-editor\" data-id=\"6764d1ed\" data-element_type=\"widget\" data-widget_type=\"text-editor.default\">\n\t\t\t\t<div class=\"elementor-widget-container\">\n\t\t\t<style>\/*! elementor - v3.16.0 - 13-09-2023 *\/\n.elementor-widget-text-editor.elementor-drop-cap-view-stacked .elementor-drop-cap{background-color:#69727d;color:#fff}.elementor-widget-text-editor.elementor-drop-cap-view-framed .elementor-drop-cap{color:#69727d;border:3px solid;background-color:transparent}.elementor-widget-text-editor:not(.elementor-drop-cap-view-default) .elementor-drop-cap{margin-top:8px}.elementor-widget-text-editor:not(.elementor-drop-cap-view-default) .elementor-drop-cap-letter{width:1em;height:1em}.elementor-widget-text-editor .elementor-drop-cap{float:left;text-align:center;line-height:1;font-size:50px}.elementor-widget-text-editor .elementor-drop-cap-letter{display:inline-block}<\/style>\t\t\t\t<div class=\"xdj266r x11i5rnm xat24cr x1mh8g0r x1vvkbs x126k92a\"><div dir=\"auto\"><img loading=\"lazy\" decoding=\"async\" class=\"size-medium wp-image-7741 alignleft\" src=\"https:\/\/itajuba.cam.mg.gov.br\/site\/wp-content\/uploads\/2023\/10\/abelhas_site-300x240.png\" alt=\"\" width=\"300\" height=\"240\" srcset=\"https:\/\/itajuba.cam.mg.gov.br\/site\/wp-content\/uploads\/2023\/10\/abelhas_site-300x240.png 300w, https:\/\/itajuba.cam.mg.gov.br\/site\/wp-content\/uploads\/2023\/10\/abelhas_site-1024x819.png 1024w, https:\/\/itajuba.cam.mg.gov.br\/site\/wp-content\/uploads\/2023\/10\/abelhas_site-768x615.png 768w, https:\/\/itajuba.cam.mg.gov.br\/site\/wp-content\/uploads\/2023\/10\/abelhas_site.png 1081w\" sizes=\"auto, (max-width: 300px) 100vw, 300px\" \/>A semana come\u00e7ou com os vereadores se reunindo conjuntamente pelas comiss\u00f5es de Constitui\u00e7\u00e3o e de Finan\u00e7as, para o parecer ao Projeto de Lei (PL) N\u00b0 4742.<\/div><\/div><div class=\"x11i5rnm xat24cr x1mh8g0r x1vvkbs xtlvy1s x126k92a\"><div dir=\"auto\">\u00a0<\/div><div dir=\"auto\">O PL visa \u00e0 prote\u00e7\u00e3o das abelhas nativas sem ferr\u00e3o, do g\u00eanero melipon\u00edneos, que s\u00e3o divididas em v\u00e1rias esp\u00e9cies e estimulam a poliniza\u00e7\u00e3o do ambiente em que vivem. A ideia do autor do PL, Vereador Silvio Vieira (Partido Verde), \u00e9 que essa poliniza\u00e7\u00e3o aconte\u00e7a na \u00e1rea urbana do munic\u00edpio de Itajub\u00e1.<\/div><\/div><div class=\"x11i5rnm xat24cr x1mh8g0r x1vvkbs xtlvy1s x126k92a\"><div dir=\"auto\">\u00a0<\/div><div dir=\"auto\">O papel desempenhado pelas abelhas na produ\u00e7\u00e3o agroalimentar, produtos ap\u00edcolas, alimentos vegetais e conserva\u00e7\u00e3o do meio ambiente vem adquirindo grande relev\u00e2ncia devido \u00e0 efetividade de estudos cient\u00edficos que comprovam a import\u00e2ncia vital do servi\u00e7o de poliniza\u00e7\u00e3o para a manuten\u00e7\u00e3o da biodiversidade da flora, fauna e produ\u00e7\u00e3o agr\u00edcola.<\/div><\/div><div class=\"x11i5rnm xat24cr x1mh8g0r x1vvkbs xtlvy1s x126k92a\"><div dir=\"auto\">\u00a0<\/div><div dir=\"auto\">O PL pretende ainda conscientizar sobre a prote\u00e7\u00e3o dos insetos polinizadores de maneira geral, assim como dos riscos de extin\u00e7\u00e3o aos quais as abelhas sem ferr\u00e3o est\u00e3o atualmente submetidas.<\/div><\/div><div class=\"x11i5rnm xat24cr x1mh8g0r x1vvkbs xtlvy1s x126k92a\"><div dir=\"auto\">\u00a0<\/div><div dir=\"auto\">Participaram da reuni\u00e3o os vereadores Markinhu Meireles (PSD) e Sebasti\u00e3o Silvestre (MDB) -respectivamente presidente e relator da Comiss\u00e3o de Constitui\u00e7\u00e3o, Legisla\u00e7\u00e3o e Reda\u00e7\u00e3o, bem como Enfermeira Rita (REPUBLICANOS) e Rafael Rodrigues (UNI\u00c3O) \u2013 presidente e membro da Comiss\u00e3o de Finan\u00e7as, Or\u00e7amento e Fiscaliza\u00e7\u00e3o Financeira.<\/div><\/div>\t\t\t\t\t\t<\/div>\n\t\t\t\t<\/div>\n\t\t\t\t\t<\/div>\n\t\t<\/div>\n\t\t\t\t\t\t\t<\/div>\n\t\t<\/section>\n\t\t\t\t\t\t\t<\/div>\n\t\t","protected":false},"excerpt":{"rendered":"<p>A semana come\u00e7ou com os vereadores se reunindo conjuntamente pelas comiss\u00f5es de Constitui\u00e7\u00e3o e de Finan\u00e7as, para o parecer ao Projeto de Lei (PL) N\u00b0 4742.\u00a0O PL visa \u00e0 prote\u00e7\u00e3o das abelhas nativas sem ferr\u00e3o, do g\u00eanero melipon\u00edneos, que s\u00e3o divididas em v\u00e1rias esp\u00e9cies e estimulam a poliniza\u00e7\u00e3o do ambiente em que vivem. A ideia [&hellip;]<\/p>\n","protected":false},"author":2,"featured_media":7747,"comment_status":"closed","ping_status":"open","sticky":false,"template":"","format":"standard","meta":{"footnotes":""},"categories":[16],"tags":[],"class_list":["post-7740","post","type-post","status-publish","format-standard","has-post-thumbnail","hentry","category-noticias"],"yoast_head":"<!-- This site is optimized with the Yoast SEO plugin v21.0 - https:\/\/yoast.com\/wordpress\/plugins\/seo\/ -->\n<title>Projeto de Lei em tramita\u00e7\u00e3o pretende proteger abelhas sem ferr\u00e3o - C\u00e2mara Municipal de Itajub\u00e1<\/title>\n<meta name=\"robots\" content=\"index, follow, max-snippet:-1, max-image-preview:large, max-video-preview:-1\" \/>\n<link rel=\"canonical\" href=\"https:\/\/itajuba.cam.mg.gov.br\/site\/projeto-de-lei-em-tramitacao-pretende-proteger-abelhas-sem-ferrao\/\" \/>\n<meta property=\"og:locale\" content=\"pt_BR\" \/>\n<meta property=\"og:type\" content=\"article\" \/>\n<meta property=\"og:title\" content=\"Projeto de Lei em tramita\u00e7\u00e3o pretende proteger abelhas sem ferr\u00e3o - C\u00e2mara Municipal de Itajub\u00e1\" \/>\n<meta property=\"og:description\" content=\"A semana come\u00e7ou com os vereadores se reunindo conjuntamente pelas comiss\u00f5es de Constitui\u00e7\u00e3o e de Finan\u00e7as, para o parecer ao Projeto de Lei (PL) N\u00b0 4742.\u00a0O PL visa \u00e0 prote\u00e7\u00e3o das abelhas nativas sem ferr\u00e3o, do g\u00eanero melipon\u00edneos, que s\u00e3o divididas em v\u00e1rias esp\u00e9cies e estimulam a poliniza\u00e7\u00e3o do ambiente em que vivem. A ideia [&hellip;]\" \/>\n<meta property=\"og:url\" content=\"https:\/\/itajuba.cam.mg.gov.br\/site\/projeto-de-lei-em-tramitacao-pretende-proteger-abelhas-sem-ferrao\/\" \/>\n<meta property=\"og:site_name\" content=\"C\u00e2mara Municipal de Itajub\u00e1\" \/>\n<meta property=\"article:publisher\" content=\"https:\/\/www.facebook.com\/camaradeitajubaoficial\" \/>\n<meta property=\"article:published_time\" content=\"2023-10-23T20:50:27+00:00\" \/>\n<meta property=\"article:modified_time\" content=\"2024-10-07T19:14:13+00:00\" \/>\n<meta property=\"og:image\" content=\"https:\/\/itajuba.cam.mg.gov.br\/site\/wp-content\/uploads\/2023\/10\/abelhas_site-1.png\" \/>\n\t<meta property=\"og:image:width\" content=\"1081\" \/>\n\t<meta property=\"og:image:height\" content=\"865\" \/>\n\t<meta property=\"og:image:type\" content=\"image\/png\" \/>\n<meta name=\"author\" content=\"Matheus Rivoli\" \/>\n<meta name=\"twitter:card\" content=\"summary_large_image\" \/>\n<meta name=\"twitter:label1\" content=\"Escrito por\" \/>\n\t<meta name=\"twitter:data1\" content=\"Matheus Rivoli\" \/>\n\t<meta name=\"twitter:label2\" content=\"Est. tempo de leitura\" \/>\n\t<meta name=\"twitter:data2\" content=\"2 minutos\" \/>\n<script type=\"application\/ld+json\" class=\"yoast-schema-graph\">{\"@context\":\"https:\/\/schema.org\",\"@graph\":[{\"@type\":\"Article\",\"@id\":\"https:\/\/itajuba.cam.mg.gov.br\/site\/projeto-de-lei-em-tramitacao-pretende-proteger-abelhas-sem-ferrao\/#article\",\"isPartOf\":{\"@id\":\"https:\/\/itajuba.cam.mg.gov.br\/site\/projeto-de-lei-em-tramitacao-pretende-proteger-abelhas-sem-ferrao\/\"},\"author\":{\"name\":\"Matheus Rivoli\",\"@id\":\"https:\/\/itajuba.cam.mg.gov.br\/site\/#\/schema\/person\/98cdb7e800259cf679b23eb9942b53e6\"},\"headline\":\"Projeto de Lei em tramita\u00e7\u00e3o pretende proteger abelhas sem ferr\u00e3o\",\"datePublished\":\"2023-10-23T20:50:27+00:00\",\"dateModified\":\"2024-10-07T19:14:13+00:00\",\"mainEntityOfPage\":{\"@id\":\"https:\/\/itajuba.cam.mg.gov.br\/site\/projeto-de-lei-em-tramitacao-pretende-proteger-abelhas-sem-ferrao\/\"},\"wordCount\":245,\"publisher\":{\"@id\":\"https:\/\/itajuba.cam.mg.gov.br\/site\/#organization\"},\"articleSection\":[\"Not\u00edcias\"],\"inLanguage\":\"pt-BR\"},{\"@type\":\"WebPage\",\"@id\":\"https:\/\/itajuba.cam.mg.gov.br\/site\/projeto-de-lei-em-tramitacao-pretende-proteger-abelhas-sem-ferrao\/\",\"url\":\"https:\/\/itajuba.cam.mg.gov.br\/site\/projeto-de-lei-em-tramitacao-pretende-proteger-abelhas-sem-ferrao\/\",\"name\":\"Projeto de Lei em tramita\u00e7\u00e3o pretende proteger abelhas sem ferr\u00e3o - C\u00e2mara Municipal de Itajub\u00e1\",\"isPartOf\":{\"@id\":\"https:\/\/itajuba.cam.mg.gov.br\/site\/#website\"},\"datePublished\":\"2023-10-23T20:50:27+00:00\",\"dateModified\":\"2024-10-07T19:14:13+00:00\",\"breadcrumb\":{\"@id\":\"https:\/\/itajuba.cam.mg.gov.br\/site\/projeto-de-lei-em-tramitacao-pretende-proteger-abelhas-sem-ferrao\/#breadcrumb\"},\"inLanguage\":\"pt-BR\",\"potentialAction\":[{\"@type\":\"ReadAction\",\"target\":[\"https:\/\/itajuba.cam.mg.gov.br\/site\/projeto-de-lei-em-tramitacao-pretende-proteger-abelhas-sem-ferrao\/\"]}]},{\"@type\":\"BreadcrumbList\",\"@id\":\"https:\/\/itajuba.cam.mg.gov.br\/site\/projeto-de-lei-em-tramitacao-pretende-proteger-abelhas-sem-ferrao\/#breadcrumb\",\"itemListElement\":[{\"@type\":\"ListItem\",\"position\":1,\"name\":\"In\u00edcio\",\"item\":\"https:\/\/itajuba.cam.mg.gov.br\/site\/\"},{\"@type\":\"ListItem\",\"position\":2,\"name\":\"Projeto de Lei em tramita\u00e7\u00e3o pretende proteger abelhas sem ferr\u00e3o\"}]},{\"@type\":\"WebSite\",\"@id\":\"https:\/\/itajuba.cam.mg.gov.br\/site\/#website\",\"url\":\"https:\/\/itajuba.cam.mg.gov.br\/site\/\",\"name\":\"C\u00e2mara Municipal de Itajub\u00e1\",\"description\":\"Efici\u00eancia e Transpar\u00eancia\",\"publisher\":{\"@id\":\"https:\/\/itajuba.cam.mg.gov.br\/site\/#organization\"},\"potentialAction\":[{\"@type\":\"SearchAction\",\"target\":{\"@type\":\"EntryPoint\",\"urlTemplate\":\"https:\/\/itajuba.cam.mg.gov.br\/site\/?s={search_term_string}\"},\"query-input\":\"required name=search_term_string\"}],\"inLanguage\":\"pt-BR\"},{\"@type\":\"Organization\",\"@id\":\"https:\/\/itajuba.cam.mg.gov.br\/site\/#organization\",\"name\":\"C\u00e2mara Municipal de Itajub\u00e1\",\"url\":\"https:\/\/itajuba.cam.mg.gov.br\/site\/\",\"logo\":{\"@type\":\"ImageObject\",\"inLanguage\":\"pt-BR\",\"@id\":\"https:\/\/itajuba.cam.mg.gov.br\/site\/#\/schema\/logo\/image\/\",\"url\":\"https:\/\/itajuba.cam.mg.gov.br\/site\/wp-content\/uploads\/2023\/09\/logo_camara_2024.png\",\"contentUrl\":\"https:\/\/itajuba.cam.mg.gov.br\/site\/wp-content\/uploads\/2023\/09\/logo_camara_2024.png\",\"width\":1000,\"height\":385,\"caption\":\"C\u00e2mara Municipal de Itajub\u00e1\"},\"image\":{\"@id\":\"https:\/\/itajuba.cam.mg.gov.br\/site\/#\/schema\/logo\/image\/\"},\"sameAs\":[\"https:\/\/www.facebook.com\/camaradeitajubaoficial\",\"https:\/\/www.instagram.com\/camaradeitajubaoficial\/\",\"https:\/\/www.youtube.com\/user\/TVCAMARAITAJUBA\"]},{\"@type\":\"Person\",\"@id\":\"https:\/\/itajuba.cam.mg.gov.br\/site\/#\/schema\/person\/98cdb7e800259cf679b23eb9942b53e6\",\"name\":\"Matheus Rivoli\",\"image\":{\"@type\":\"ImageObject\",\"inLanguage\":\"pt-BR\",\"@id\":\"https:\/\/itajuba.cam.mg.gov.br\/site\/#\/schema\/person\/image\/\",\"url\":\"https:\/\/secure.gravatar.com\/avatar\/ef9f3e4c6803cd403e07456b108c1a951507fec5b8feac1f9ff0abaa2a3299c0?s=96&d=mm&r=g\",\"contentUrl\":\"https:\/\/secure.gravatar.com\/avatar\/ef9f3e4c6803cd403e07456b108c1a951507fec5b8feac1f9ff0abaa2a3299c0?s=96&d=mm&r=g\",\"caption\":\"Matheus Rivoli\"},\"url\":\"https:\/\/itajuba.cam.mg.gov.br\/site\/author\/matheus\/\"}]}<\/script>\n<!-- \/ Yoast SEO plugin. -->","yoast_head_json":{"title":"Projeto de Lei em tramita\u00e7\u00e3o pretende proteger abelhas sem ferr\u00e3o - C\u00e2mara Municipal de Itajub\u00e1","robots":{"index":"index","follow":"follow","max-snippet":"max-snippet:-1","max-image-preview":"max-image-preview:large","max-video-preview":"max-video-preview:-1"},"canonical":"https:\/\/itajuba.cam.mg.gov.br\/site\/projeto-de-lei-em-tramitacao-pretende-proteger-abelhas-sem-ferrao\/","og_locale":"pt_BR","og_type":"article","og_title":"Projeto de Lei em tramita\u00e7\u00e3o pretende proteger abelhas sem ferr\u00e3o - C\u00e2mara Municipal de Itajub\u00e1","og_description":"A semana come\u00e7ou com os vereadores se reunindo conjuntamente pelas comiss\u00f5es de Constitui\u00e7\u00e3o e de Finan\u00e7as, para o parecer ao Projeto de Lei (PL) N\u00b0 4742.\u00a0O PL visa \u00e0 prote\u00e7\u00e3o das abelhas nativas sem ferr\u00e3o, do g\u00eanero melipon\u00edneos, que s\u00e3o divididas em v\u00e1rias esp\u00e9cies e estimulam a poliniza\u00e7\u00e3o do ambiente em que vivem. A ideia [&hellip;]","og_url":"https:\/\/itajuba.cam.mg.gov.br\/site\/projeto-de-lei-em-tramitacao-pretende-proteger-abelhas-sem-ferrao\/","og_site_name":"C\u00e2mara Municipal de Itajub\u00e1","article_publisher":"https:\/\/www.facebook.com\/camaradeitajubaoficial","article_published_time":"2023-10-23T20:50:27+00:00","article_modified_time":"2024-10-07T19:14:13+00:00","og_image":[{"width":1081,"height":865,"url":"https:\/\/itajuba.cam.mg.gov.br\/site\/wp-content\/uploads\/2023\/10\/abelhas_site-1.png","type":"image\/png"}],"author":"Matheus Rivoli","twitter_card":"summary_large_image","twitter_misc":{"Escrito por":"Matheus Rivoli","Est. tempo de leitura":"2 minutos"},"schema":{"@context":"https:\/\/schema.org","@graph":[{"@type":"Article","@id":"https:\/\/itajuba.cam.mg.gov.br\/site\/projeto-de-lei-em-tramitacao-pretende-proteger-abelhas-sem-ferrao\/#article","isPartOf":{"@id":"https:\/\/itajuba.cam.mg.gov.br\/site\/projeto-de-lei-em-tramitacao-pretende-proteger-abelhas-sem-ferrao\/"},"author":{"name":"Matheus Rivoli","@id":"https:\/\/itajuba.cam.mg.gov.br\/site\/#\/schema\/person\/98cdb7e800259cf679b23eb9942b53e6"},"headline":"Projeto de Lei em tramita\u00e7\u00e3o pretende proteger abelhas sem ferr\u00e3o","datePublished":"2023-10-23T20:50:27+00:00","dateModified":"2024-10-07T19:14:13+00:00","mainEntityOfPage":{"@id":"https:\/\/itajuba.cam.mg.gov.br\/site\/projeto-de-lei-em-tramitacao-pretende-proteger-abelhas-sem-ferrao\/"},"wordCount":245,"publisher":{"@id":"https:\/\/itajuba.cam.mg.gov.br\/site\/#organization"},"articleSection":["Not\u00edcias"],"inLanguage":"pt-BR"},{"@type":"WebPage","@id":"https:\/\/itajuba.cam.mg.gov.br\/site\/projeto-de-lei-em-tramitacao-pretende-proteger-abelhas-sem-ferrao\/","url":"https:\/\/itajuba.cam.mg.gov.br\/site\/projeto-de-lei-em-tramitacao-pretende-proteger-abelhas-sem-ferrao\/","name":"Projeto de Lei em tramita\u00e7\u00e3o pretende proteger abelhas sem ferr\u00e3o - C\u00e2mara Municipal de Itajub\u00e1","isPartOf":{"@id":"https:\/\/itajuba.cam.mg.gov.br\/site\/#website"},"datePublished":"2023-10-23T20:50:27+00:00","dateModified":"2024-10-07T19:14:13+00:00","breadcrumb":{"@id":"https:\/\/itajuba.cam.mg.gov.br\/site\/projeto-de-lei-em-tramitacao-pretende-proteger-abelhas-sem-ferrao\/#breadcrumb"},"inLanguage":"pt-BR","potentialAction":[{"@type":"ReadAction","target":["https:\/\/itajuba.cam.mg.gov.br\/site\/projeto-de-lei-em-tramitacao-pretende-proteger-abelhas-sem-ferrao\/"]}]},{"@type":"BreadcrumbList","@id":"https:\/\/itajuba.cam.mg.gov.br\/site\/projeto-de-lei-em-tramitacao-pretende-proteger-abelhas-sem-ferrao\/#breadcrumb","itemListElement":[{"@type":"ListItem","position":1,"name":"In\u00edcio","item":"https:\/\/itajuba.cam.mg.gov.br\/site\/"},{"@type":"ListItem","position":2,"name":"Projeto de Lei em tramita\u00e7\u00e3o pretende proteger abelhas sem ferr\u00e3o"}]},{"@type":"WebSite","@id":"https:\/\/itajuba.cam.mg.gov.br\/site\/#website","url":"https:\/\/itajuba.cam.mg.gov.br\/site\/","name":"C\u00e2mara Municipal de Itajub\u00e1","description":"Efici\u00eancia e Transpar\u00eancia","publisher":{"@id":"https:\/\/itajuba.cam.mg.gov.br\/site\/#organization"},"potentialAction":[{"@type":"SearchAction","target":{"@type":"EntryPoint","urlTemplate":"https:\/\/itajuba.cam.mg.gov.br\/site\/?s={search_term_string}"},"query-input":"required name=search_term_string"}],"inLanguage":"pt-BR"},{"@type":"Organization","@id":"https:\/\/itajuba.cam.mg.gov.br\/site\/#organization","name":"C\u00e2mara Municipal de Itajub\u00e1","url":"https:\/\/itajuba.cam.mg.gov.br\/site\/","logo":{"@type":"ImageObject","inLanguage":"pt-BR","@id":"https:\/\/itajuba.cam.mg.gov.br\/site\/#\/schema\/logo\/image\/","url":"https:\/\/itajuba.cam.mg.gov.br\/site\/wp-content\/uploads\/2023\/09\/logo_camara_2024.png","contentUrl":"https:\/\/itajuba.cam.mg.gov.br\/site\/wp-content\/uploads\/2023\/09\/logo_camara_2024.png","width":1000,"height":385,"caption":"C\u00e2mara Municipal de Itajub\u00e1"},"image":{"@id":"https:\/\/itajuba.cam.mg.gov.br\/site\/#\/schema\/logo\/image\/"},"sameAs":["https:\/\/www.facebook.com\/camaradeitajubaoficial","https:\/\/www.instagram.com\/camaradeitajubaoficial\/","https:\/\/www.youtube.com\/user\/TVCAMARAITAJUBA"]},{"@type":"Person","@id":"https:\/\/itajuba.cam.mg.gov.br\/site\/#\/schema\/person\/98cdb7e800259cf679b23eb9942b53e6","name":"Matheus Rivoli","image":{"@type":"ImageObject","inLanguage":"pt-BR","@id":"https:\/\/itajuba.cam.mg.gov.br\/site\/#\/schema\/person\/image\/","url":"https:\/\/secure.gravatar.com\/avatar\/ef9f3e4c6803cd403e07456b108c1a951507fec5b8feac1f9ff0abaa2a3299c0?s=96&d=mm&r=g","contentUrl":"https:\/\/secure.gravatar.com\/avatar\/ef9f3e4c6803cd403e07456b108c1a951507fec5b8feac1f9ff0abaa2a3299c0?s=96&d=mm&r=g","caption":"Matheus Rivoli"},"url":"https:\/\/itajuba.cam.mg.gov.br\/site\/author\/matheus\/"}]}},"_links":{"self":[{"href":"https:\/\/itajuba.cam.mg.gov.br\/site\/wp-json\/wp\/v2\/posts\/7740","targetHints":{"allow":["GET"]}}],"collection":[{"href":"https:\/\/itajuba.cam.mg.gov.br\/site\/wp-json\/wp\/v2\/posts"}],"about":[{"href":"https:\/\/itajuba.cam.mg.gov.br\/site\/wp-json\/wp\/v2\/types\/post"}],"author":[{"embeddable":true,"href":"https:\/\/itajuba.cam.mg.gov.br\/site\/wp-json\/wp\/v2\/users\/2"}],"replies":[{"embeddable":true,"href":"https:\/\/itajuba.cam.mg.gov.br\/site\/wp-json\/wp\/v2\/comments?post=7740"}],"version-history":[{"count":3,"href":"https:\/\/itajuba.cam.mg.gov.br\/site\/wp-json\/wp\/v2\/posts\/7740\/revisions"}],"predecessor-version":[{"id":7744,"href":"https:\/\/itajuba.cam.mg.gov.br\/site\/wp-json\/wp\/v2\/posts\/7740\/revisions\/7744"}],"wp:featuredmedia":[{"embeddable":true,"href":"https:\/\/itajuba.cam.mg.gov.br\/site\/wp-json\/wp\/v2\/media\/7747"}],"wp:attachment":[{"href":"https:\/\/itajuba.cam.mg.gov.br\/site\/wp-json\/wp\/v2\/media?parent=7740"}],"wp:term":[{"taxonomy":"category","embeddable":true,"href":"https:\/\/itajuba.cam.mg.gov.br\/site\/wp-json\/wp\/v2\/categories?post=7740"},{"taxonomy":"post_tag","embeddable":true,"href":"https:\/\/itajuba.cam.mg.gov.br\/site\/wp-json\/wp\/v2\/tags?post=7740"}],"curies":[{"name":"wp","href":"https:\/\/api.w.org\/{rel}","templated":true}]}}