{"id":7857,"date":"2023-10-27T20:34:30","date_gmt":"2023-10-27T20:34:30","guid":{"rendered":"https:\/\/itajuba.cam.mg.gov.br\/site\/?p=7857"},"modified":"2024-10-07T19:13:28","modified_gmt":"2024-10-07T19:13:28","slug":"vice-governador-de-minas-entrega-ao-prefeito-autorizacao-para-obras-no-trevo-do-jardim-das-colinas","status":"publish","type":"post","link":"https:\/\/itajuba.cam.mg.gov.br\/site\/vice-governador-de-minas-entrega-ao-prefeito-autorizacao-para-obras-no-trevo-do-jardim-das-colinas\/","title":{"rendered":"Vice-Governador de Minas entrega ao Prefeito autoriza\u00e7\u00e3o para obras no trevo do Jardim das Colinas"},"content":{"rendered":"\t\t<div data-elementor-type=\"wp-post\" data-elementor-id=\"7857\" class=\"elementor elementor-7857\" data-elementor-post-type=\"post\">\n\t\t\t\t\t\t\t\t\t<section class=\"elementor-section elementor-top-section elementor-element elementor-element-4f247098 elementor-section-boxed elementor-section-height-default elementor-section-height-default\" data-id=\"4f247098\" data-element_type=\"section\">\n\t\t\t\t\t\t<div class=\"elementor-container elementor-column-gap-default\">\n\t\t\t\t\t<div class=\"elementor-column elementor-col-100 elementor-top-column elementor-element elementor-element-4aa969db\" data-id=\"4aa969db\" data-element_type=\"column\">\n\t\t\t<div class=\"elementor-widget-wrap elementor-element-populated\">\n\t\t\t\t\t\t\t\t<div class=\"elementor-element elementor-element-4754554a elementor-widget elementor-widget-text-editor\" data-id=\"4754554a\" data-element_type=\"widget\" data-widget_type=\"text-editor.default\">\n\t\t\t\t<div class=\"elementor-widget-container\">\n\t\t\t<style>\/*! elementor - v3.16.0 - 13-09-2023 *\/\n.elementor-widget-text-editor.elementor-drop-cap-view-stacked .elementor-drop-cap{background-color:#69727d;color:#fff}.elementor-widget-text-editor.elementor-drop-cap-view-framed .elementor-drop-cap{color:#69727d;border:3px solid;background-color:transparent}.elementor-widget-text-editor:not(.elementor-drop-cap-view-default) .elementor-drop-cap{margin-top:8px}.elementor-widget-text-editor:not(.elementor-drop-cap-view-default) .elementor-drop-cap-letter{width:1em;height:1em}.elementor-widget-text-editor .elementor-drop-cap{float:left;text-align:center;line-height:1;font-size:50px}.elementor-widget-text-editor .elementor-drop-cap-letter{display:inline-block}<\/style>\t\t\t\t<p><img loading=\"lazy\" decoding=\"async\" class=\"size-medium wp-image-7859 alignleft\" src=\"https:\/\/itajuba.cam.mg.gov.br\/site\/wp-content\/uploads\/2023\/10\/visita_vice_governador_site-300x240.png\" alt=\"\" width=\"300\" height=\"240\" srcset=\"https:\/\/itajuba.cam.mg.gov.br\/site\/wp-content\/uploads\/2023\/10\/visita_vice_governador_site-300x240.png 300w, https:\/\/itajuba.cam.mg.gov.br\/site\/wp-content\/uploads\/2023\/10\/visita_vice_governador_site-1024x819.png 1024w, https:\/\/itajuba.cam.mg.gov.br\/site\/wp-content\/uploads\/2023\/10\/visita_vice_governador_site-768x615.png 768w, https:\/\/itajuba.cam.mg.gov.br\/site\/wp-content\/uploads\/2023\/10\/visita_vice_governador_site.png 1081w\" sizes=\"auto, (max-width: 300px) 100vw, 300px\" \/>O Vice-Governador de Minas, Professor Mateus Sim\u00f5es, visitou Itajub\u00e1 nesta sexta-feira, 27 de outubro. Ele participou de um encontro com o Prefeito Christian Gon\u00e7alves, realizado no Teatro Municipal, onde fez a entrega oficial de documento do Departamento de Estradas e Rodagem de Minas Gerais (DER-MG) que autoriza a realiza\u00e7\u00e3o das obras da rotat\u00f3ria do trevo da BR 459 do Jardim das Colinas.<\/p><p>Esta \u00e9 uma das obras de infraestrutura mais aguardadas de Itajub\u00e1 nos \u00faltimos anos. Durante d\u00e9cadas o trevo do Jardim das Colinas foi alvo de in\u00fameros acidentes, que provocaram perdas de muitas vidas. Com a autoriza\u00e7\u00e3o das obras pelo Governo do Estado, a nova rotat\u00f3ria ir\u00e1 diminuir sensivelmente os acidentes e melhorar o fluxo de ve\u00edculos no local.<\/p><p>Al\u00e9m do prefeito, participaram do encontro o Vice-Prefeito Nilo Baracho; o Presidente da C\u00e2mara Municipal de Itajub\u00e1, Vereador Marcelo Krauss (PROGRESSISTAS); o Superintendente de Melhoria do Ambiente de Neg\u00f3cios do Governo de Minas e vereador licenciado de Itajub\u00e1, Tenente Melo; Dra. Let\u00edcia Drumond, Diretora do Foro da Comarca de Itajub\u00e1. Tamb\u00e9m participaram os vereadores Chiquinho do Euz\u00e9bio (PTB), Markinhu Meireles (PSD), Rafael Rodrigues (UNI\u00c3O), Sebasti\u00e3o Silvestre (MDB), Silvio Vieira (PV), bem como prefeitos da regi\u00e3o, secret\u00e1rios municipais, empres\u00e1rios, representantes de diversas entidades e autoridades militares.<\/p>\t\t\t\t\t\t<\/div>\n\t\t\t\t<\/div>\n\t\t\t\t\t<\/div>\n\t\t<\/div>\n\t\t\t\t\t\t\t<\/div>\n\t\t<\/section>\n\t\t\t\t<section class=\"elementor-section elementor-top-section elementor-element elementor-element-4b41ba2 elementor-section-boxed elementor-section-height-default elementor-section-height-default\" data-id=\"4b41ba2\" data-element_type=\"section\">\n\t\t\t\t\t\t<div class=\"elementor-container elementor-column-gap-default\">\n\t\t\t\t\t<div class=\"elementor-column elementor-col-100 elementor-top-column elementor-element elementor-element-8ea456a\" data-id=\"8ea456a\" data-element_type=\"column\">\n\t\t\t<div class=\"elementor-widget-wrap elementor-element-populated\">\n\t\t\t\t\t\t\t\t<div class=\"elementor-element elementor-element-ad2aa16 gallery-spacing-custom elementor-widget elementor-widget-image-gallery\" data-id=\"ad2aa16\" data-element_type=\"widget\" data-widget_type=\"image-gallery.default\">\n\t\t\t\t<div class=\"elementor-widget-container\">\n\t\t\t<style>\/*! elementor - v3.16.0 - 13-09-2023 *\/\n.elementor-image-gallery .gallery-item{display:inline-block;text-align:center;vertical-align:top;width:100%;max-width:100%;margin:0 auto}.elementor-image-gallery .gallery-item img{margin:0 auto}.elementor-image-gallery .gallery-item .gallery-caption{margin:0}.elementor-image-gallery figure img{display:block}.elementor-image-gallery figure figcaption{width:100%}.gallery-spacing-custom .elementor-image-gallery .gallery-icon{padding:0}@media (min-width:768px){.elementor-image-gallery .gallery-columns-2 .gallery-item{max-width:50%}.elementor-image-gallery .gallery-columns-3 .gallery-item{max-width:33.33%}.elementor-image-gallery .gallery-columns-4 .gallery-item{max-width:25%}.elementor-image-gallery .gallery-columns-5 .gallery-item{max-width:20%}.elementor-image-gallery .gallery-columns-6 .gallery-item{max-width:16.666%}.elementor-image-gallery .gallery-columns-7 .gallery-item{max-width:14.28%}.elementor-image-gallery .gallery-columns-8 .gallery-item{max-width:12.5%}.elementor-image-gallery .gallery-columns-9 .gallery-item{max-width:11.11%}.elementor-image-gallery .gallery-columns-10 .gallery-item{max-width:10%}}@media (min-width:480px) and (max-width:767px){.elementor-image-gallery .gallery.gallery-columns-2 .gallery-item,.elementor-image-gallery .gallery.gallery-columns-3 .gallery-item,.elementor-image-gallery .gallery.gallery-columns-4 .gallery-item,.elementor-image-gallery .gallery.gallery-columns-5 .gallery-item,.elementor-image-gallery .gallery.gallery-columns-6 .gallery-item,.elementor-image-gallery .gallery.gallery-columns-7 .gallery-item,.elementor-image-gallery .gallery.gallery-columns-8 .gallery-item,.elementor-image-gallery .gallery.gallery-columns-9 .gallery-item,.elementor-image-gallery .gallery.gallery-columns-10 .gallery-item{max-width:50%}}@media (max-width:479px){.elementor-image-gallery .gallery.gallery-columns-2 .gallery-item,.elementor-image-gallery .gallery.gallery-columns-3 .gallery-item,.elementor-image-gallery .gallery.gallery-columns-4 .gallery-item,.elementor-image-gallery .gallery.gallery-columns-5 .gallery-item,.elementor-image-gallery .gallery.gallery-columns-6 .gallery-item,.elementor-image-gallery .gallery.gallery-columns-7 .gallery-item,.elementor-image-gallery .gallery.gallery-columns-8 .gallery-item,.elementor-image-gallery .gallery.gallery-columns-9 .gallery-item,.elementor-image-gallery .gallery.gallery-columns-10 .gallery-item{max-width:100%}}<\/style>\t\t<div class=\"elementor-image-gallery\">\n\t\t\t<div id='gallery-1' class='gallery galleryid-7857 gallery-columns-4 gallery-size-full'><figure class='gallery-item'>\n\t\t\t<div class='gallery-icon landscape'>\n\t\t\t\t<a data-elementor-open-lightbox=\"yes\" data-elementor-lightbox-slideshow=\"ad2aa16\" data-elementor-lightbox-title=\"visita_vice_governador_site\" data-e-action-hash=\"#elementor-action%3Aaction%3Dlightbox%26settings%3DeyJpZCI6Nzg2OSwidXJsIjoiaHR0cHM6XC9cL2l0YWp1YmEuY2FtLm1nLmdvdi5iclwvc2l0ZVwvd3AtY29udGVudFwvdXBsb2Fkc1wvMjAyM1wvMTBcL3Zpc2l0YV92aWNlX2dvdmVybmFkb3Jfc2l0ZS0xLnBuZyIsInNsaWRlc2hvdyI6ImFkMmFhMTYifQ%3D%3D\" href='https:\/\/itajuba.cam.mg.gov.br\/site\/wp-content\/uploads\/2023\/10\/visita_vice_governador_site-1.png'><img loading=\"lazy\" decoding=\"async\" width=\"1081\" height=\"865\" src=\"https:\/\/itajuba.cam.mg.gov.br\/site\/wp-content\/uploads\/2023\/10\/visita_vice_governador_site-1.png\" class=\"attachment-full size-full\" alt=\"\" srcset=\"https:\/\/itajuba.cam.mg.gov.br\/site\/wp-content\/uploads\/2023\/10\/visita_vice_governador_site-1.png 1081w, https:\/\/itajuba.cam.mg.gov.br\/site\/wp-content\/uploads\/2023\/10\/visita_vice_governador_site-1-300x240.png 300w, https:\/\/itajuba.cam.mg.gov.br\/site\/wp-content\/uploads\/2023\/10\/visita_vice_governador_site-1-1024x819.png 1024w, https:\/\/itajuba.cam.mg.gov.br\/site\/wp-content\/uploads\/2023\/10\/visita_vice_governador_site-1-768x615.png 768w\" sizes=\"auto, (max-width: 1081px) 100vw, 1081px\" \/><\/a>\n\t\t\t<\/div><\/figure><figure class='gallery-item'>\n\t\t\t<div class='gallery-icon landscape'>\n\t\t\t\t<a data-elementor-open-lightbox=\"yes\" data-elementor-lightbox-slideshow=\"ad2aa16\" data-elementor-lightbox-title=\"visita_vice_governador_face02\" data-e-action-hash=\"#elementor-action%3Aaction%3Dlightbox%26settings%3DeyJpZCI6Nzg2MSwidXJsIjoiaHR0cHM6XC9cL2l0YWp1YmEuY2FtLm1nLmdvdi5iclwvc2l0ZVwvd3AtY29udGVudFwvdXBsb2Fkc1wvMjAyM1wvMTBcL3Zpc2l0YV92aWNlX2dvdmVybmFkb3JfZmFjZTAyLnBuZyIsInNsaWRlc2hvdyI6ImFkMmFhMTYifQ%3D%3D\" href='https:\/\/itajuba.cam.mg.gov.br\/site\/wp-content\/uploads\/2023\/10\/visita_vice_governador_face02.png'><img loading=\"lazy\" decoding=\"async\" width=\"1081\" height=\"864\" src=\"https:\/\/itajuba.cam.mg.gov.br\/site\/wp-content\/uploads\/2023\/10\/visita_vice_governador_face02.png\" class=\"attachment-full size-full\" alt=\"\" srcset=\"https:\/\/itajuba.cam.mg.gov.br\/site\/wp-content\/uploads\/2023\/10\/visita_vice_governador_face02.png 1081w, https:\/\/itajuba.cam.mg.gov.br\/site\/wp-content\/uploads\/2023\/10\/visita_vice_governador_face02-300x240.png 300w, https:\/\/itajuba.cam.mg.gov.br\/site\/wp-content\/uploads\/2023\/10\/visita_vice_governador_face02-1024x818.png 1024w, https:\/\/itajuba.cam.mg.gov.br\/site\/wp-content\/uploads\/2023\/10\/visita_vice_governador_face02-768x614.png 768w\" sizes=\"auto, (max-width: 1081px) 100vw, 1081px\" \/><\/a>\n\t\t\t<\/div><\/figure><figure class='gallery-item'>\n\t\t\t<div class='gallery-icon landscape'>\n\t\t\t\t<a data-elementor-open-lightbox=\"yes\" data-elementor-lightbox-slideshow=\"ad2aa16\" data-elementor-lightbox-title=\"visita_vice_governador_face03\" data-e-action-hash=\"#elementor-action%3Aaction%3Dlightbox%26settings%3DeyJpZCI6Nzg2MiwidXJsIjoiaHR0cHM6XC9cL2l0YWp1YmEuY2FtLm1nLmdvdi5iclwvc2l0ZVwvd3AtY29udGVudFwvdXBsb2Fkc1wvMjAyM1wvMTBcL3Zpc2l0YV92aWNlX2dvdmVybmFkb3JfZmFjZTAzLnBuZyIsInNsaWRlc2hvdyI6ImFkMmFhMTYifQ%3D%3D\" href='https:\/\/itajuba.cam.mg.gov.br\/site\/wp-content\/uploads\/2023\/10\/visita_vice_governador_face03.png'><img loading=\"lazy\" decoding=\"async\" width=\"1081\" height=\"864\" src=\"https:\/\/itajuba.cam.mg.gov.br\/site\/wp-content\/uploads\/2023\/10\/visita_vice_governador_face03.png\" class=\"attachment-full size-full\" alt=\"\" srcset=\"https:\/\/itajuba.cam.mg.gov.br\/site\/wp-content\/uploads\/2023\/10\/visita_vice_governador_face03.png 1081w, https:\/\/itajuba.cam.mg.gov.br\/site\/wp-content\/uploads\/2023\/10\/visita_vice_governador_face03-300x240.png 300w, https:\/\/itajuba.cam.mg.gov.br\/site\/wp-content\/uploads\/2023\/10\/visita_vice_governador_face03-1024x818.png 1024w, https:\/\/itajuba.cam.mg.gov.br\/site\/wp-content\/uploads\/2023\/10\/visita_vice_governador_face03-768x614.png 768w\" sizes=\"auto, (max-width: 1081px) 100vw, 1081px\" \/><\/a>\n\t\t\t<\/div><\/figure><figure class='gallery-item'>\n\t\t\t<div class='gallery-icon landscape'>\n\t\t\t\t<a data-elementor-open-lightbox=\"yes\" data-elementor-lightbox-slideshow=\"ad2aa16\" data-elementor-lightbox-title=\"visita_vice_governador_face04\" data-e-action-hash=\"#elementor-action%3Aaction%3Dlightbox%26settings%3DeyJpZCI6Nzg2MywidXJsIjoiaHR0cHM6XC9cL2l0YWp1YmEuY2FtLm1nLmdvdi5iclwvc2l0ZVwvd3AtY29udGVudFwvdXBsb2Fkc1wvMjAyM1wvMTBcL3Zpc2l0YV92aWNlX2dvdmVybmFkb3JfZmFjZTA0LnBuZyIsInNsaWRlc2hvdyI6ImFkMmFhMTYifQ%3D%3D\" href='https:\/\/itajuba.cam.mg.gov.br\/site\/wp-content\/uploads\/2023\/10\/visita_vice_governador_face04.png'><img loading=\"lazy\" decoding=\"async\" width=\"1081\" height=\"865\" src=\"https:\/\/itajuba.cam.mg.gov.br\/site\/wp-content\/uploads\/2023\/10\/visita_vice_governador_face04.png\" class=\"attachment-full size-full\" alt=\"\" srcset=\"https:\/\/itajuba.cam.mg.gov.br\/site\/wp-content\/uploads\/2023\/10\/visita_vice_governador_face04.png 1081w, https:\/\/itajuba.cam.mg.gov.br\/site\/wp-content\/uploads\/2023\/10\/visita_vice_governador_face04-300x240.png 300w, https:\/\/itajuba.cam.mg.gov.br\/site\/wp-content\/uploads\/2023\/10\/visita_vice_governador_face04-1024x819.png 1024w, https:\/\/itajuba.cam.mg.gov.br\/site\/wp-content\/uploads\/2023\/10\/visita_vice_governador_face04-768x615.png 768w\" sizes=\"auto, (max-width: 1081px) 100vw, 1081px\" \/><\/a>\n\t\t\t<\/div><\/figure><figure class='gallery-item'>\n\t\t\t<div class='gallery-icon landscape'>\n\t\t\t\t<a data-elementor-open-lightbox=\"yes\" data-elementor-lightbox-slideshow=\"ad2aa16\" data-elementor-lightbox-title=\"visita_vice_governador_face05\" data-e-action-hash=\"#elementor-action%3Aaction%3Dlightbox%26settings%3DeyJpZCI6Nzg2NCwidXJsIjoiaHR0cHM6XC9cL2l0YWp1YmEuY2FtLm1nLmdvdi5iclwvc2l0ZVwvd3AtY29udGVudFwvdXBsb2Fkc1wvMjAyM1wvMTBcL3Zpc2l0YV92aWNlX2dvdmVybmFkb3JfZmFjZTA1LnBuZyIsInNsaWRlc2hvdyI6ImFkMmFhMTYifQ%3D%3D\" href='https:\/\/itajuba.cam.mg.gov.br\/site\/wp-content\/uploads\/2023\/10\/visita_vice_governador_face05.png'><img loading=\"lazy\" decoding=\"async\" width=\"1081\" height=\"865\" src=\"https:\/\/itajuba.cam.mg.gov.br\/site\/wp-content\/uploads\/2023\/10\/visita_vice_governador_face05.png\" class=\"attachment-full size-full\" alt=\"\" srcset=\"https:\/\/itajuba.cam.mg.gov.br\/site\/wp-content\/uploads\/2023\/10\/visita_vice_governador_face05.png 1081w, https:\/\/itajuba.cam.mg.gov.br\/site\/wp-content\/uploads\/2023\/10\/visita_vice_governador_face05-300x240.png 300w, https:\/\/itajuba.cam.mg.gov.br\/site\/wp-content\/uploads\/2023\/10\/visita_vice_governador_face05-1024x819.png 1024w, https:\/\/itajuba.cam.mg.gov.br\/site\/wp-content\/uploads\/2023\/10\/visita_vice_governador_face05-768x615.png 768w\" sizes=\"auto, (max-width: 1081px) 100vw, 1081px\" \/><\/a>\n\t\t\t<\/div><\/figure><figure class='gallery-item'>\n\t\t\t<div class='gallery-icon landscape'>\n\t\t\t\t<a data-elementor-open-lightbox=\"yes\" data-elementor-lightbox-slideshow=\"ad2aa16\" data-elementor-lightbox-title=\"visita_vice_governador_face06\" data-e-action-hash=\"#elementor-action%3Aaction%3Dlightbox%26settings%3DeyJpZCI6Nzg2NSwidXJsIjoiaHR0cHM6XC9cL2l0YWp1YmEuY2FtLm1nLmdvdi5iclwvc2l0ZVwvd3AtY29udGVudFwvdXBsb2Fkc1wvMjAyM1wvMTBcL3Zpc2l0YV92aWNlX2dvdmVybmFkb3JfZmFjZTA2LnBuZyIsInNsaWRlc2hvdyI6ImFkMmFhMTYifQ%3D%3D\" href='https:\/\/itajuba.cam.mg.gov.br\/site\/wp-content\/uploads\/2023\/10\/visita_vice_governador_face06.png'><img loading=\"lazy\" decoding=\"async\" width=\"1081\" height=\"865\" src=\"https:\/\/itajuba.cam.mg.gov.br\/site\/wp-content\/uploads\/2023\/10\/visita_vice_governador_face06.png\" class=\"attachment-full size-full\" alt=\"\" srcset=\"https:\/\/itajuba.cam.mg.gov.br\/site\/wp-content\/uploads\/2023\/10\/visita_vice_governador_face06.png 1081w, https:\/\/itajuba.cam.mg.gov.br\/site\/wp-content\/uploads\/2023\/10\/visita_vice_governador_face06-300x240.png 300w, https:\/\/itajuba.cam.mg.gov.br\/site\/wp-content\/uploads\/2023\/10\/visita_vice_governador_face06-1024x819.png 1024w, https:\/\/itajuba.cam.mg.gov.br\/site\/wp-content\/uploads\/2023\/10\/visita_vice_governador_face06-768x615.png 768w\" sizes=\"auto, (max-width: 1081px) 100vw, 1081px\" \/><\/a>\n\t\t\t<\/div><\/figure><figure class='gallery-item'>\n\t\t\t<div class='gallery-icon landscape'>\n\t\t\t\t<a data-elementor-open-lightbox=\"yes\" data-elementor-lightbox-slideshow=\"ad2aa16\" data-elementor-lightbox-title=\"visita_vice_governador_face07\" data-e-action-hash=\"#elementor-action%3Aaction%3Dlightbox%26settings%3DeyJpZCI6Nzg2NiwidXJsIjoiaHR0cHM6XC9cL2l0YWp1YmEuY2FtLm1nLmdvdi5iclwvc2l0ZVwvd3AtY29udGVudFwvdXBsb2Fkc1wvMjAyM1wvMTBcL3Zpc2l0YV92aWNlX2dvdmVybmFkb3JfZmFjZTA3LnBuZyIsInNsaWRlc2hvdyI6ImFkMmFhMTYifQ%3D%3D\" href='https:\/\/itajuba.cam.mg.gov.br\/site\/wp-content\/uploads\/2023\/10\/visita_vice_governador_face07.png'><img loading=\"lazy\" decoding=\"async\" width=\"1081\" height=\"865\" src=\"https:\/\/itajuba.cam.mg.gov.br\/site\/wp-content\/uploads\/2023\/10\/visita_vice_governador_face07.png\" class=\"attachment-full size-full\" alt=\"\" srcset=\"https:\/\/itajuba.cam.mg.gov.br\/site\/wp-content\/uploads\/2023\/10\/visita_vice_governador_face07.png 1081w, https:\/\/itajuba.cam.mg.gov.br\/site\/wp-content\/uploads\/2023\/10\/visita_vice_governador_face07-300x240.png 300w, https:\/\/itajuba.cam.mg.gov.br\/site\/wp-content\/uploads\/2023\/10\/visita_vice_governador_face07-1024x819.png 1024w, https:\/\/itajuba.cam.mg.gov.br\/site\/wp-content\/uploads\/2023\/10\/visita_vice_governador_face07-768x615.png 768w\" sizes=\"auto, (max-width: 1081px) 100vw, 1081px\" \/><\/a>\n\t\t\t<\/div><\/figure><figure class='gallery-item'>\n\t\t\t<div class='gallery-icon landscape'>\n\t\t\t\t<a data-elementor-open-lightbox=\"yes\" data-elementor-lightbox-slideshow=\"ad2aa16\" data-elementor-lightbox-title=\"visita_vice_governador_face08\" data-e-action-hash=\"#elementor-action%3Aaction%3Dlightbox%26settings%3DeyJpZCI6Nzg2NywidXJsIjoiaHR0cHM6XC9cL2l0YWp1YmEuY2FtLm1nLmdvdi5iclwvc2l0ZVwvd3AtY29udGVudFwvdXBsb2Fkc1wvMjAyM1wvMTBcL3Zpc2l0YV92aWNlX2dvdmVybmFkb3JfZmFjZTA4LnBuZyIsInNsaWRlc2hvdyI6ImFkMmFhMTYifQ%3D%3D\" href='https:\/\/itajuba.cam.mg.gov.br\/site\/wp-content\/uploads\/2023\/10\/visita_vice_governador_face08.png'><img loading=\"lazy\" decoding=\"async\" width=\"1081\" height=\"865\" src=\"https:\/\/itajuba.cam.mg.gov.br\/site\/wp-content\/uploads\/2023\/10\/visita_vice_governador_face08.png\" class=\"attachment-full size-full\" alt=\"\" srcset=\"https:\/\/itajuba.cam.mg.gov.br\/site\/wp-content\/uploads\/2023\/10\/visita_vice_governador_face08.png 1081w, https:\/\/itajuba.cam.mg.gov.br\/site\/wp-content\/uploads\/2023\/10\/visita_vice_governador_face08-300x240.png 300w, https:\/\/itajuba.cam.mg.gov.br\/site\/wp-content\/uploads\/2023\/10\/visita_vice_governador_face08-1024x819.png 1024w, https:\/\/itajuba.cam.mg.gov.br\/site\/wp-content\/uploads\/2023\/10\/visita_vice_governador_face08-768x615.png 768w\" sizes=\"auto, (max-width: 1081px) 100vw, 1081px\" \/><\/a>\n\t\t\t<\/div><\/figure><figure class='gallery-item'>\n\t\t\t<div class='gallery-icon landscape'>\n\t\t\t\t<a data-elementor-open-lightbox=\"yes\" data-elementor-lightbox-slideshow=\"ad2aa16\" data-elementor-lightbox-title=\"visita_vice_governador_face09\" data-e-action-hash=\"#elementor-action%3Aaction%3Dlightbox%26settings%3DeyJpZCI6Nzg2OCwidXJsIjoiaHR0cHM6XC9cL2l0YWp1YmEuY2FtLm1nLmdvdi5iclwvc2l0ZVwvd3AtY29udGVudFwvdXBsb2Fkc1wvMjAyM1wvMTBcL3Zpc2l0YV92aWNlX2dvdmVybmFkb3JfZmFjZTA5LnBuZyIsInNsaWRlc2hvdyI6ImFkMmFhMTYifQ%3D%3D\" href='https:\/\/itajuba.cam.mg.gov.br\/site\/wp-content\/uploads\/2023\/10\/visita_vice_governador_face09.png'><img loading=\"lazy\" decoding=\"async\" width=\"1081\" height=\"865\" src=\"https:\/\/itajuba.cam.mg.gov.br\/site\/wp-content\/uploads\/2023\/10\/visita_vice_governador_face09.png\" class=\"attachment-full size-full\" alt=\"\" srcset=\"https:\/\/itajuba.cam.mg.gov.br\/site\/wp-content\/uploads\/2023\/10\/visita_vice_governador_face09.png 1081w, https:\/\/itajuba.cam.mg.gov.br\/site\/wp-content\/uploads\/2023\/10\/visita_vice_governador_face09-300x240.png 300w, https:\/\/itajuba.cam.mg.gov.br\/site\/wp-content\/uploads\/2023\/10\/visita_vice_governador_face09-1024x819.png 1024w, https:\/\/itajuba.cam.mg.gov.br\/site\/wp-content\/uploads\/2023\/10\/visita_vice_governador_face09-768x615.png 768w\" sizes=\"auto, (max-width: 1081px) 100vw, 1081px\" \/><\/a>\n\t\t\t<\/div><\/figure>\n\t\t<\/div>\n\t\t<\/div>\n\t\t\t\t<\/div>\n\t\t\t\t<\/div>\n\t\t\t\t\t<\/div>\n\t\t<\/div>\n\t\t\t\t\t\t\t<\/div>\n\t\t<\/section>\n\t\t\t\t\t\t\t<\/div>\n\t\t","protected":false},"excerpt":{"rendered":"<p>O Vice-Governador de Minas, Professor Mateus Sim\u00f5es, visitou Itajub\u00e1 nesta sexta-feira, 27 de outubro. Ele participou de um encontro com o Prefeito Christian Gon\u00e7alves, realizado no Teatro Municipal, onde fez a entrega oficial de documento do Departamento de Estradas e Rodagem de Minas Gerais (DER-MG) que autoriza a realiza\u00e7\u00e3o das obras da rotat\u00f3ria do trevo [&hellip;]<\/p>\n","protected":false},"author":2,"featured_media":7869,"comment_status":"closed","ping_status":"open","sticky":false,"template":"","format":"standard","meta":{"footnotes":""},"categories":[16],"tags":[],"class_list":["post-7857","post","type-post","status-publish","format-standard","has-post-thumbnail","hentry","category-noticias"],"yoast_head":"<!-- This site is optimized with the Yoast SEO plugin v21.0 - https:\/\/yoast.com\/wordpress\/plugins\/seo\/ -->\n<title>Vice-Governador de Minas entrega ao Prefeito autoriza\u00e7\u00e3o para obras no trevo do Jardim das Colinas - C\u00e2mara Municipal de Itajub\u00e1<\/title>\n<meta name=\"robots\" content=\"index, follow, max-snippet:-1, max-image-preview:large, max-video-preview:-1\" \/>\n<link rel=\"canonical\" href=\"https:\/\/itajuba.cam.mg.gov.br\/site\/vice-governador-de-minas-entrega-ao-prefeito-autorizacao-para-obras-no-trevo-do-jardim-das-colinas\/\" \/>\n<meta property=\"og:locale\" content=\"pt_BR\" \/>\n<meta property=\"og:type\" content=\"article\" \/>\n<meta property=\"og:title\" content=\"Vice-Governador de Minas entrega ao Prefeito autoriza\u00e7\u00e3o para obras no trevo do Jardim das Colinas - C\u00e2mara Municipal de Itajub\u00e1\" \/>\n<meta property=\"og:description\" content=\"O Vice-Governador de Minas, Professor Mateus Sim\u00f5es, visitou Itajub\u00e1 nesta sexta-feira, 27 de outubro. Ele participou de um encontro com o Prefeito Christian Gon\u00e7alves, realizado no Teatro Municipal, onde fez a entrega oficial de documento do Departamento de Estradas e Rodagem de Minas Gerais (DER-MG) que autoriza a realiza\u00e7\u00e3o das obras da rotat\u00f3ria do trevo [&hellip;]\" \/>\n<meta property=\"og:url\" content=\"https:\/\/itajuba.cam.mg.gov.br\/site\/vice-governador-de-minas-entrega-ao-prefeito-autorizacao-para-obras-no-trevo-do-jardim-das-colinas\/\" \/>\n<meta property=\"og:site_name\" content=\"C\u00e2mara Municipal de Itajub\u00e1\" \/>\n<meta property=\"article:publisher\" content=\"https:\/\/www.facebook.com\/camaradeitajubaoficial\" \/>\n<meta property=\"article:published_time\" content=\"2023-10-27T20:34:30+00:00\" \/>\n<meta property=\"article:modified_time\" content=\"2024-10-07T19:13:28+00:00\" \/>\n<meta property=\"og:image\" content=\"https:\/\/itajuba.cam.mg.gov.br\/site\/wp-content\/uploads\/2023\/10\/visita_vice_governador_site-1.png\" \/>\n\t<meta property=\"og:image:width\" content=\"1081\" \/>\n\t<meta property=\"og:image:height\" content=\"865\" \/>\n\t<meta property=\"og:image:type\" content=\"image\/png\" \/>\n<meta name=\"author\" content=\"Matheus Rivoli\" \/>\n<meta name=\"twitter:card\" content=\"summary_large_image\" \/>\n<meta name=\"twitter:label1\" content=\"Escrito por\" \/>\n\t<meta name=\"twitter:data1\" content=\"Matheus Rivoli\" \/>\n\t<meta name=\"twitter:label2\" content=\"Est. tempo de leitura\" \/>\n\t<meta name=\"twitter:data2\" content=\"4 minutos\" \/>\n<script type=\"application\/ld+json\" class=\"yoast-schema-graph\">{\"@context\":\"https:\/\/schema.org\",\"@graph\":[{\"@type\":\"Article\",\"@id\":\"https:\/\/itajuba.cam.mg.gov.br\/site\/vice-governador-de-minas-entrega-ao-prefeito-autorizacao-para-obras-no-trevo-do-jardim-das-colinas\/#article\",\"isPartOf\":{\"@id\":\"https:\/\/itajuba.cam.mg.gov.br\/site\/vice-governador-de-minas-entrega-ao-prefeito-autorizacao-para-obras-no-trevo-do-jardim-das-colinas\/\"},\"author\":{\"name\":\"Matheus Rivoli\",\"@id\":\"https:\/\/itajuba.cam.mg.gov.br\/site\/#\/schema\/person\/98cdb7e800259cf679b23eb9942b53e6\"},\"headline\":\"Vice-Governador de Minas entrega ao Prefeito autoriza\u00e7\u00e3o para obras no trevo do Jardim das Colinas\",\"datePublished\":\"2023-10-27T20:34:30+00:00\",\"dateModified\":\"2024-10-07T19:13:28+00:00\",\"mainEntityOfPage\":{\"@id\":\"https:\/\/itajuba.cam.mg.gov.br\/site\/vice-governador-de-minas-entrega-ao-prefeito-autorizacao-para-obras-no-trevo-do-jardim-das-colinas\/\"},\"wordCount\":238,\"publisher\":{\"@id\":\"https:\/\/itajuba.cam.mg.gov.br\/site\/#organization\"},\"articleSection\":[\"Not\u00edcias\"],\"inLanguage\":\"pt-BR\"},{\"@type\":\"WebPage\",\"@id\":\"https:\/\/itajuba.cam.mg.gov.br\/site\/vice-governador-de-minas-entrega-ao-prefeito-autorizacao-para-obras-no-trevo-do-jardim-das-colinas\/\",\"url\":\"https:\/\/itajuba.cam.mg.gov.br\/site\/vice-governador-de-minas-entrega-ao-prefeito-autorizacao-para-obras-no-trevo-do-jardim-das-colinas\/\",\"name\":\"Vice-Governador de Minas entrega ao Prefeito autoriza\u00e7\u00e3o para obras no trevo do Jardim das Colinas - C\u00e2mara Municipal de Itajub\u00e1\",\"isPartOf\":{\"@id\":\"https:\/\/itajuba.cam.mg.gov.br\/site\/#website\"},\"datePublished\":\"2023-10-27T20:34:30+00:00\",\"dateModified\":\"2024-10-07T19:13:28+00:00\",\"breadcrumb\":{\"@id\":\"https:\/\/itajuba.cam.mg.gov.br\/site\/vice-governador-de-minas-entrega-ao-prefeito-autorizacao-para-obras-no-trevo-do-jardim-das-colinas\/#breadcrumb\"},\"inLanguage\":\"pt-BR\",\"potentialAction\":[{\"@type\":\"ReadAction\",\"target\":[\"https:\/\/itajuba.cam.mg.gov.br\/site\/vice-governador-de-minas-entrega-ao-prefeito-autorizacao-para-obras-no-trevo-do-jardim-das-colinas\/\"]}]},{\"@type\":\"BreadcrumbList\",\"@id\":\"https:\/\/itajuba.cam.mg.gov.br\/site\/vice-governador-de-minas-entrega-ao-prefeito-autorizacao-para-obras-no-trevo-do-jardim-das-colinas\/#breadcrumb\",\"itemListElement\":[{\"@type\":\"ListItem\",\"position\":1,\"name\":\"In\u00edcio\",\"item\":\"https:\/\/itajuba.cam.mg.gov.br\/site\/\"},{\"@type\":\"ListItem\",\"position\":2,\"name\":\"Vice-Governador de Minas entrega ao Prefeito autoriza\u00e7\u00e3o para obras no trevo do Jardim das Colinas\"}]},{\"@type\":\"WebSite\",\"@id\":\"https:\/\/itajuba.cam.mg.gov.br\/site\/#website\",\"url\":\"https:\/\/itajuba.cam.mg.gov.br\/site\/\",\"name\":\"C\u00e2mara Municipal de Itajub\u00e1\",\"description\":\"Efici\u00eancia e Transpar\u00eancia\",\"publisher\":{\"@id\":\"https:\/\/itajuba.cam.mg.gov.br\/site\/#organization\"},\"potentialAction\":[{\"@type\":\"SearchAction\",\"target\":{\"@type\":\"EntryPoint\",\"urlTemplate\":\"https:\/\/itajuba.cam.mg.gov.br\/site\/?s={search_term_string}\"},\"query-input\":\"required name=search_term_string\"}],\"inLanguage\":\"pt-BR\"},{\"@type\":\"Organization\",\"@id\":\"https:\/\/itajuba.cam.mg.gov.br\/site\/#organization\",\"name\":\"C\u00e2mara Municipal de Itajub\u00e1\",\"url\":\"https:\/\/itajuba.cam.mg.gov.br\/site\/\",\"logo\":{\"@type\":\"ImageObject\",\"inLanguage\":\"pt-BR\",\"@id\":\"https:\/\/itajuba.cam.mg.gov.br\/site\/#\/schema\/logo\/image\/\",\"url\":\"https:\/\/itajuba.cam.mg.gov.br\/site\/wp-content\/uploads\/2023\/09\/logo_camara_2024.png\",\"contentUrl\":\"https:\/\/itajuba.cam.mg.gov.br\/site\/wp-content\/uploads\/2023\/09\/logo_camara_2024.png\",\"width\":1000,\"height\":385,\"caption\":\"C\u00e2mara Municipal de Itajub\u00e1\"},\"image\":{\"@id\":\"https:\/\/itajuba.cam.mg.gov.br\/site\/#\/schema\/logo\/image\/\"},\"sameAs\":[\"https:\/\/www.facebook.com\/camaradeitajubaoficial\",\"https:\/\/www.instagram.com\/camaradeitajubaoficial\/\",\"https:\/\/www.youtube.com\/user\/TVCAMARAITAJUBA\"]},{\"@type\":\"Person\",\"@id\":\"https:\/\/itajuba.cam.mg.gov.br\/site\/#\/schema\/person\/98cdb7e800259cf679b23eb9942b53e6\",\"name\":\"Matheus Rivoli\",\"image\":{\"@type\":\"ImageObject\",\"inLanguage\":\"pt-BR\",\"@id\":\"https:\/\/itajuba.cam.mg.gov.br\/site\/#\/schema\/person\/image\/\",\"url\":\"https:\/\/secure.gravatar.com\/avatar\/ef9f3e4c6803cd403e07456b108c1a951507fec5b8feac1f9ff0abaa2a3299c0?s=96&d=mm&r=g\",\"contentUrl\":\"https:\/\/secure.gravatar.com\/avatar\/ef9f3e4c6803cd403e07456b108c1a951507fec5b8feac1f9ff0abaa2a3299c0?s=96&d=mm&r=g\",\"caption\":\"Matheus Rivoli\"},\"url\":\"https:\/\/itajuba.cam.mg.gov.br\/site\/author\/matheus\/\"}]}<\/script>\n<!-- \/ Yoast SEO plugin. -->","yoast_head_json":{"title":"Vice-Governador de Minas entrega ao Prefeito autoriza\u00e7\u00e3o para obras no trevo do Jardim das Colinas - C\u00e2mara Municipal de Itajub\u00e1","robots":{"index":"index","follow":"follow","max-snippet":"max-snippet:-1","max-image-preview":"max-image-preview:large","max-video-preview":"max-video-preview:-1"},"canonical":"https:\/\/itajuba.cam.mg.gov.br\/site\/vice-governador-de-minas-entrega-ao-prefeito-autorizacao-para-obras-no-trevo-do-jardim-das-colinas\/","og_locale":"pt_BR","og_type":"article","og_title":"Vice-Governador de Minas entrega ao Prefeito autoriza\u00e7\u00e3o para obras no trevo do Jardim das Colinas - C\u00e2mara Municipal de Itajub\u00e1","og_description":"O Vice-Governador de Minas, Professor Mateus Sim\u00f5es, visitou Itajub\u00e1 nesta sexta-feira, 27 de outubro. Ele participou de um encontro com o Prefeito Christian Gon\u00e7alves, realizado no Teatro Municipal, onde fez a entrega oficial de documento do Departamento de Estradas e Rodagem de Minas Gerais (DER-MG) que autoriza a realiza\u00e7\u00e3o das obras da rotat\u00f3ria do trevo [&hellip;]","og_url":"https:\/\/itajuba.cam.mg.gov.br\/site\/vice-governador-de-minas-entrega-ao-prefeito-autorizacao-para-obras-no-trevo-do-jardim-das-colinas\/","og_site_name":"C\u00e2mara Municipal de Itajub\u00e1","article_publisher":"https:\/\/www.facebook.com\/camaradeitajubaoficial","article_published_time":"2023-10-27T20:34:30+00:00","article_modified_time":"2024-10-07T19:13:28+00:00","og_image":[{"width":1081,"height":865,"url":"https:\/\/itajuba.cam.mg.gov.br\/site\/wp-content\/uploads\/2023\/10\/visita_vice_governador_site-1.png","type":"image\/png"}],"author":"Matheus Rivoli","twitter_card":"summary_large_image","twitter_misc":{"Escrito por":"Matheus Rivoli","Est. tempo de leitura":"4 minutos"},"schema":{"@context":"https:\/\/schema.org","@graph":[{"@type":"Article","@id":"https:\/\/itajuba.cam.mg.gov.br\/site\/vice-governador-de-minas-entrega-ao-prefeito-autorizacao-para-obras-no-trevo-do-jardim-das-colinas\/#article","isPartOf":{"@id":"https:\/\/itajuba.cam.mg.gov.br\/site\/vice-governador-de-minas-entrega-ao-prefeito-autorizacao-para-obras-no-trevo-do-jardim-das-colinas\/"},"author":{"name":"Matheus Rivoli","@id":"https:\/\/itajuba.cam.mg.gov.br\/site\/#\/schema\/person\/98cdb7e800259cf679b23eb9942b53e6"},"headline":"Vice-Governador de Minas entrega ao Prefeito autoriza\u00e7\u00e3o para obras no trevo do Jardim das Colinas","datePublished":"2023-10-27T20:34:30+00:00","dateModified":"2024-10-07T19:13:28+00:00","mainEntityOfPage":{"@id":"https:\/\/itajuba.cam.mg.gov.br\/site\/vice-governador-de-minas-entrega-ao-prefeito-autorizacao-para-obras-no-trevo-do-jardim-das-colinas\/"},"wordCount":238,"publisher":{"@id":"https:\/\/itajuba.cam.mg.gov.br\/site\/#organization"},"articleSection":["Not\u00edcias"],"inLanguage":"pt-BR"},{"@type":"WebPage","@id":"https:\/\/itajuba.cam.mg.gov.br\/site\/vice-governador-de-minas-entrega-ao-prefeito-autorizacao-para-obras-no-trevo-do-jardim-das-colinas\/","url":"https:\/\/itajuba.cam.mg.gov.br\/site\/vice-governador-de-minas-entrega-ao-prefeito-autorizacao-para-obras-no-trevo-do-jardim-das-colinas\/","name":"Vice-Governador de Minas entrega ao Prefeito autoriza\u00e7\u00e3o para obras no trevo do Jardim das Colinas - C\u00e2mara Municipal de Itajub\u00e1","isPartOf":{"@id":"https:\/\/itajuba.cam.mg.gov.br\/site\/#website"},"datePublished":"2023-10-27T20:34:30+00:00","dateModified":"2024-10-07T19:13:28+00:00","breadcrumb":{"@id":"https:\/\/itajuba.cam.mg.gov.br\/site\/vice-governador-de-minas-entrega-ao-prefeito-autorizacao-para-obras-no-trevo-do-jardim-das-colinas\/#breadcrumb"},"inLanguage":"pt-BR","potentialAction":[{"@type":"ReadAction","target":["https:\/\/itajuba.cam.mg.gov.br\/site\/vice-governador-de-minas-entrega-ao-prefeito-autorizacao-para-obras-no-trevo-do-jardim-das-colinas\/"]}]},{"@type":"BreadcrumbList","@id":"https:\/\/itajuba.cam.mg.gov.br\/site\/vice-governador-de-minas-entrega-ao-prefeito-autorizacao-para-obras-no-trevo-do-jardim-das-colinas\/#breadcrumb","itemListElement":[{"@type":"ListItem","position":1,"name":"In\u00edcio","item":"https:\/\/itajuba.cam.mg.gov.br\/site\/"},{"@type":"ListItem","position":2,"name":"Vice-Governador de Minas entrega ao Prefeito autoriza\u00e7\u00e3o para obras no trevo do Jardim das Colinas"}]},{"@type":"WebSite","@id":"https:\/\/itajuba.cam.mg.gov.br\/site\/#website","url":"https:\/\/itajuba.cam.mg.gov.br\/site\/","name":"C\u00e2mara Municipal de Itajub\u00e1","description":"Efici\u00eancia e Transpar\u00eancia","publisher":{"@id":"https:\/\/itajuba.cam.mg.gov.br\/site\/#organization"},"potentialAction":[{"@type":"SearchAction","target":{"@type":"EntryPoint","urlTemplate":"https:\/\/itajuba.cam.mg.gov.br\/site\/?s={search_term_string}"},"query-input":"required name=search_term_string"}],"inLanguage":"pt-BR"},{"@type":"Organization","@id":"https:\/\/itajuba.cam.mg.gov.br\/site\/#organization","name":"C\u00e2mara Municipal de Itajub\u00e1","url":"https:\/\/itajuba.cam.mg.gov.br\/site\/","logo":{"@type":"ImageObject","inLanguage":"pt-BR","@id":"https:\/\/itajuba.cam.mg.gov.br\/site\/#\/schema\/logo\/image\/","url":"https:\/\/itajuba.cam.mg.gov.br\/site\/wp-content\/uploads\/2023\/09\/logo_camara_2024.png","contentUrl":"https:\/\/itajuba.cam.mg.gov.br\/site\/wp-content\/uploads\/2023\/09\/logo_camara_2024.png","width":1000,"height":385,"caption":"C\u00e2mara Municipal de Itajub\u00e1"},"image":{"@id":"https:\/\/itajuba.cam.mg.gov.br\/site\/#\/schema\/logo\/image\/"},"sameAs":["https:\/\/www.facebook.com\/camaradeitajubaoficial","https:\/\/www.instagram.com\/camaradeitajubaoficial\/","https:\/\/www.youtube.com\/user\/TVCAMARAITAJUBA"]},{"@type":"Person","@id":"https:\/\/itajuba.cam.mg.gov.br\/site\/#\/schema\/person\/98cdb7e800259cf679b23eb9942b53e6","name":"Matheus Rivoli","image":{"@type":"ImageObject","inLanguage":"pt-BR","@id":"https:\/\/itajuba.cam.mg.gov.br\/site\/#\/schema\/person\/image\/","url":"https:\/\/secure.gravatar.com\/avatar\/ef9f3e4c6803cd403e07456b108c1a951507fec5b8feac1f9ff0abaa2a3299c0?s=96&d=mm&r=g","contentUrl":"https:\/\/secure.gravatar.com\/avatar\/ef9f3e4c6803cd403e07456b108c1a951507fec5b8feac1f9ff0abaa2a3299c0?s=96&d=mm&r=g","caption":"Matheus Rivoli"},"url":"https:\/\/itajuba.cam.mg.gov.br\/site\/author\/matheus\/"}]}},"_links":{"self":[{"href":"https:\/\/itajuba.cam.mg.gov.br\/site\/wp-json\/wp\/v2\/posts\/7857","targetHints":{"allow":["GET"]}}],"collection":[{"href":"https:\/\/itajuba.cam.mg.gov.br\/site\/wp-json\/wp\/v2\/posts"}],"about":[{"href":"https:\/\/itajuba.cam.mg.gov.br\/site\/wp-json\/wp\/v2\/types\/post"}],"author":[{"embeddable":true,"href":"https:\/\/itajuba.cam.mg.gov.br\/site\/wp-json\/wp\/v2\/users\/2"}],"replies":[{"embeddable":true,"href":"https:\/\/itajuba.cam.mg.gov.br\/site\/wp-json\/wp\/v2\/comments?post=7857"}],"version-history":[{"count":8,"href":"https:\/\/itajuba.cam.mg.gov.br\/site\/wp-json\/wp\/v2\/posts\/7857\/revisions"}],"predecessor-version":[{"id":7878,"href":"https:\/\/itajuba.cam.mg.gov.br\/site\/wp-json\/wp\/v2\/posts\/7857\/revisions\/7878"}],"wp:featuredmedia":[{"embeddable":true,"href":"https:\/\/itajuba.cam.mg.gov.br\/site\/wp-json\/wp\/v2\/media\/7869"}],"wp:attachment":[{"href":"https:\/\/itajuba.cam.mg.gov.br\/site\/wp-json\/wp\/v2\/media?parent=7857"}],"wp:term":[{"taxonomy":"category","embeddable":true,"href":"https:\/\/itajuba.cam.mg.gov.br\/site\/wp-json\/wp\/v2\/categories?post=7857"},{"taxonomy":"post_tag","embeddable":true,"href":"https:\/\/itajuba.cam.mg.gov.br\/site\/wp-json\/wp\/v2\/tags?post=7857"}],"curies":[{"name":"wp","href":"https:\/\/api.w.org\/{rel}","templated":true}]}}