{"id":7967,"date":"2023-10-30T22:02:05","date_gmt":"2023-10-30T22:02:05","guid":{"rendered":"https:\/\/itajuba.cam.mg.gov.br\/site\/?p=7967"},"modified":"2024-10-07T19:13:20","modified_gmt":"2024-10-07T19:13:20","slug":"indicacoes-e-requerimentos-sao-apresentados-durante-sessao-ordinaria-desta-segunda-feira-30-de-outubro","status":"publish","type":"post","link":"https:\/\/itajuba.cam.mg.gov.br\/site\/indicacoes-e-requerimentos-sao-apresentados-durante-sessao-ordinaria-desta-segunda-feira-30-de-outubro\/","title":{"rendered":"Indica\u00e7\u00f5es e requerimentos, s\u00e3o apresentados durante sess\u00e3o ordin\u00e1ria desta segunda-feira, 30 de outubro"},"content":{"rendered":"\t\t<div data-elementor-type=\"wp-post\" data-elementor-id=\"7967\" class=\"elementor elementor-7967\" data-elementor-post-type=\"post\">\n\t\t\t\t\t\t\t\t\t<section class=\"elementor-section elementor-top-section elementor-element elementor-element-c34f674 elementor-section-boxed elementor-section-height-default elementor-section-height-default\" data-id=\"c34f674\" data-element_type=\"section\">\n\t\t\t\t\t\t<div class=\"elementor-container elementor-column-gap-default\">\n\t\t\t\t\t<div class=\"elementor-column elementor-col-100 elementor-top-column elementor-element elementor-element-6576534c\" data-id=\"6576534c\" data-element_type=\"column\">\n\t\t\t<div class=\"elementor-widget-wrap elementor-element-populated\">\n\t\t\t\t\t\t\t\t<div class=\"elementor-element elementor-element-421249 elementor-widget elementor-widget-text-editor\" data-id=\"421249\" data-element_type=\"widget\" data-widget_type=\"text-editor.default\">\n\t\t\t\t<div class=\"elementor-widget-container\">\n\t\t\t<style>\/*! elementor - v3.16.0 - 13-09-2023 *\/\n.elementor-widget-text-editor.elementor-drop-cap-view-stacked .elementor-drop-cap{background-color:#69727d;color:#fff}.elementor-widget-text-editor.elementor-drop-cap-view-framed .elementor-drop-cap{color:#69727d;border:3px solid;background-color:transparent}.elementor-widget-text-editor:not(.elementor-drop-cap-view-default) .elementor-drop-cap{margin-top:8px}.elementor-widget-text-editor:not(.elementor-drop-cap-view-default) .elementor-drop-cap-letter{width:1em;height:1em}.elementor-widget-text-editor .elementor-drop-cap{float:left;text-align:center;line-height:1;font-size:50px}.elementor-widget-text-editor .elementor-drop-cap-letter{display:inline-block}<\/style>\t\t\t\t<div class=\"xdj266r x11i5rnm xat24cr x1mh8g0r x1vvkbs x126k92a\">\n<div dir=\"auto\">Os vereadores se reuniram em sess\u00e3o ordin\u00e1ria nesta segunda-feira, 30 de outubro, sendo a 39\u00aa reuni\u00e3o de 2023.<\/div>\n<\/div>\n<div class=\"x11i5rnm xat24cr x1mh8g0r x1vvkbs xtlvy1s x126k92a\">\n<div dir=\"auto\">Foram apresentadas 37 indica\u00e7\u00f5es ao Poder Executivo, de autoria dos vereadores Chiquinho do Euz\u00e9bio (PTB), Enfermeira Rita (REPUBLICANOS), Markinhu Meireles (PSD), Pedro Gama (PV), Rafael Rodrigues (UNI\u00c3O) e Sebasti\u00e3o Silvestre (MDB).<\/div>\n<\/div>\n<div class=\"x11i5rnm xat24cr x1mh8g0r x1vvkbs xtlvy1s x126k92a\">\n<div dir=\"auto\">Na Ordem do Dia, oito requerimentos foram aprovados em \u00fanico turno, de autoria dos vereadores Markinhu Meireles (PSD), Andressa do Coletivo (PT) e Pedro Gama (PV).<\/div>\n<\/div>\n<div class=\"x11i5rnm xat24cr x1mh8g0r x1vvkbs xtlvy1s x126k92a\">\n<div dir=\"auto\">Ao final usaram a Tribuna Livre do Grande Expediente os vereadores Markinhu Meireles (PSD), Silvio Vieira (PV) e Andressa do Coletivo (PT).<\/div>\n<\/div>\n<div class=\"x11i5rnm xat24cr x1mh8g0r x1vvkbs xtlvy1s x126k92a\">\n<div dir=\"auto\">Acompanhe as sess\u00f5es ordin\u00e1rias da C\u00e2mara Municipal de Itajub\u00e1 e fique por dentro das discuss\u00f5es e leis aprovadas em nossa cidade!<\/div>\n<\/div>\n<div class=\"x11i5rnm xat24cr x1mh8g0r x1vvkbs xtlvy1s x126k92a\">\n<div dir=\"auto\"><a class=\"x1i10hfl xjbqb8w x6umtig x1b1mbwd xaqea5y xav7gou x9f619 x1ypdohk xt0psk2 xe8uvvx xdj266r x11i5rnm xat24cr x1mh8g0r xexx8yu x4uap5 x18d9i69 xkhd6sd x16tdsg8 x1hl2dhg xggy1nq x1a2a7pz xt0b8zv x1qq9wsj xo1l8bm\" tabindex=\"0\" role=\"link\" href=\"https:\/\/www.facebook.com\/hashtag\/camaradeitajub%C3%A1?__eep__=6&amp;__cft__[0]=AZUbGzQIVnCqkgXC0N80tQSNxh8IxP9MSZpCZsKFMfaxBHX2GJXsmfkMwf6KKw74wN0zCE29qaWqtzxgYMPrneA8kRv2pteGsfzywH0xECO4CG0YrAgXIH1s5yDjOiux-fT_loxrENyCiV626iRKtdNCbKn1sMwkwKdDv6-hPQ0y2jy__JTr1u_f_mhyr2QJdgpwf2ve_DhgfQIGM4R4TVth&amp;__tn__=*NK-R\">#camaradeitajub\u00e1<\/a> <a class=\"x1i10hfl xjbqb8w x6umtig x1b1mbwd xaqea5y xav7gou x9f619 x1ypdohk xt0psk2 xe8uvvx xdj266r x11i5rnm xat24cr x1mh8g0r xexx8yu x4uap5 x18d9i69 xkhd6sd x16tdsg8 x1hl2dhg xggy1nq x1a2a7pz xt0b8zv x1qq9wsj xo1l8bm\" tabindex=\"0\" role=\"link\" href=\"https:\/\/www.facebook.com\/hashtag\/sess%C3%A3oordin%C3%A1ria?__eep__=6&amp;__cft__[0]=AZUbGzQIVnCqkgXC0N80tQSNxh8IxP9MSZpCZsKFMfaxBHX2GJXsmfkMwf6KKw74wN0zCE29qaWqtzxgYMPrneA8kRv2pteGsfzywH0xECO4CG0YrAgXIH1s5yDjOiux-fT_loxrENyCiV626iRKtdNCbKn1sMwkwKdDv6-hPQ0y2jy__JTr1u_f_mhyr2QJdgpwf2ve_DhgfQIGM4R4TVth&amp;__tn__=*NK-R\">#sess\u00e3oordin\u00e1ria<\/a> <a class=\"x1i10hfl xjbqb8w x6umtig x1b1mbwd xaqea5y xav7gou x9f619 x1ypdohk xt0psk2 xe8uvvx xdj266r x11i5rnm xat24cr x1mh8g0r xexx8yu x4uap5 x18d9i69 xkhd6sd x16tdsg8 x1hl2dhg xggy1nq x1a2a7pz xt0b8zv x1qq9wsj xo1l8bm\" tabindex=\"0\" role=\"link\" href=\"https:\/\/www.facebook.com\/hashtag\/vereadores?__eep__=6&amp;__cft__[0]=AZUbGzQIVnCqkgXC0N80tQSNxh8IxP9MSZpCZsKFMfaxBHX2GJXsmfkMwf6KKw74wN0zCE29qaWqtzxgYMPrneA8kRv2pteGsfzywH0xECO4CG0YrAgXIH1s5yDjOiux-fT_loxrENyCiV626iRKtdNCbKn1sMwkwKdDv6-hPQ0y2jy__JTr1u_f_mhyr2QJdgpwf2ve_DhgfQIGM4R4TVth&amp;__tn__=*NK-R\">#vereadores<\/a> <a class=\"x1i10hfl xjbqb8w x6umtig x1b1mbwd xaqea5y xav7gou x9f619 x1ypdohk xt0psk2 xe8uvvx xdj266r x11i5rnm xat24cr x1mh8g0r xexx8yu x4uap5 x18d9i69 xkhd6sd x16tdsg8 x1hl2dhg xggy1nq x1a2a7pz xt0b8zv x1qq9wsj xo1l8bm\" tabindex=\"0\" role=\"link\" href=\"https:\/\/www.facebook.com\/hashtag\/casadopovo?__eep__=6&amp;__cft__[0]=AZUbGzQIVnCqkgXC0N80tQSNxh8IxP9MSZpCZsKFMfaxBHX2GJXsmfkMwf6KKw74wN0zCE29qaWqtzxgYMPrneA8kRv2pteGsfzywH0xECO4CG0YrAgXIH1s5yDjOiux-fT_loxrENyCiV626iRKtdNCbKn1sMwkwKdDv6-hPQ0y2jy__JTr1u_f_mhyr2QJdgpwf2ve_DhgfQIGM4R4TVth&amp;__tn__=*NK-R\">#casadopovo<\/a> <a class=\"x1i10hfl xjbqb8w x6umtig x1b1mbwd xaqea5y xav7gou x9f619 x1ypdohk xt0psk2 xe8uvvx xdj266r x11i5rnm xat24cr x1mh8g0r xexx8yu x4uap5 x18d9i69 xkhd6sd x16tdsg8 x1hl2dhg xggy1nq x1a2a7pz xt0b8zv x1qq9wsj xo1l8bm\" tabindex=\"0\" role=\"link\" href=\"https:\/\/www.facebook.com\/hashtag\/poderlegislativo?__eep__=6&amp;__cft__[0]=AZUbGzQIVnCqkgXC0N80tQSNxh8IxP9MSZpCZsKFMfaxBHX2GJXsmfkMwf6KKw74wN0zCE29qaWqtzxgYMPrneA8kRv2pteGsfzywH0xECO4CG0YrAgXIH1s5yDjOiux-fT_loxrENyCiV626iRKtdNCbKn1sMwkwKdDv6-hPQ0y2jy__JTr1u_f_mhyr2QJdgpwf2ve_DhgfQIGM4R4TVth&amp;__tn__=*NK-R\">#poderlegislativo<\/a> <a class=\"x1i10hfl xjbqb8w x6umtig x1b1mbwd xaqea5y xav7gou x9f619 x1ypdohk xt0psk2 xe8uvvx xdj266r x11i5rnm xat24cr x1mh8g0r xexx8yu x4uap5 x18d9i69 xkhd6sd x16tdsg8 x1hl2dhg xggy1nq x1a2a7pz xt0b8zv x1qq9wsj xo1l8bm\" tabindex=\"0\" role=\"link\" href=\"https:\/\/www.facebook.com\/hashtag\/itajub%C3%A1?__eep__=6&amp;__cft__[0]=AZUbGzQIVnCqkgXC0N80tQSNxh8IxP9MSZpCZsKFMfaxBHX2GJXsmfkMwf6KKw74wN0zCE29qaWqtzxgYMPrneA8kRv2pteGsfzywH0xECO4CG0YrAgXIH1s5yDjOiux-fT_loxrENyCiV626iRKtdNCbKn1sMwkwKdDv6-hPQ0y2jy__JTr1u_f_mhyr2QJdgpwf2ve_DhgfQIGM4R4TVth&amp;__tn__=*NK-R\">#itajub\u00e1<\/a> <a class=\"x1i10hfl xjbqb8w x6umtig x1b1mbwd xaqea5y xav7gou x9f619 x1ypdohk xt0psk2 xe8uvvx xdj266r x11i5rnm xat24cr x1mh8g0r xexx8yu x4uap5 x18d9i69 xkhd6sd x16tdsg8 x1hl2dhg xggy1nq x1a2a7pz xt0b8zv x1qq9wsj xo1l8bm\" tabindex=\"0\" role=\"link\" href=\"https:\/\/www.facebook.com\/hashtag\/suldeminasgerais?__eep__=6&amp;__cft__[0]=AZUbGzQIVnCqkgXC0N80tQSNxh8IxP9MSZpCZsKFMfaxBHX2GJXsmfkMwf6KKw74wN0zCE29qaWqtzxgYMPrneA8kRv2pteGsfzywH0xECO4CG0YrAgXIH1s5yDjOiux-fT_loxrENyCiV626iRKtdNCbKn1sMwkwKdDv6-hPQ0y2jy__JTr1u_f_mhyr2QJdgpwf2ve_DhgfQIGM4R4TVth&amp;__tn__=*NK-R\">#suldeminasgerais<\/a><\/div>\n<\/div>\t\t\t\t\t\t<\/div>\n\t\t\t\t<\/div>\n\t\t\t\t\t<\/div>\n\t\t<\/div>\n\t\t\t\t\t\t\t<\/div>\n\t\t<\/section>\n\t\t\t\t<section class=\"elementor-section elementor-top-section elementor-element elementor-element-a1a031d elementor-section-boxed elementor-section-height-default elementor-section-height-default\" data-id=\"a1a031d\" data-element_type=\"section\">\n\t\t\t\t\t\t<div class=\"elementor-container elementor-column-gap-default\">\n\t\t\t\t\t<div class=\"elementor-column elementor-col-100 elementor-top-column elementor-element elementor-element-8cee91a\" data-id=\"8cee91a\" data-element_type=\"column\">\n\t\t\t<div class=\"elementor-widget-wrap elementor-element-populated\">\n\t\t\t\t\t\t\t\t<div class=\"elementor-element elementor-element-5b0c208 gallery-spacing-custom elementor-widget elementor-widget-image-gallery\" data-id=\"5b0c208\" data-element_type=\"widget\" data-widget_type=\"image-gallery.default\">\n\t\t\t\t<div class=\"elementor-widget-container\">\n\t\t\t<style>\/*! elementor - v3.16.0 - 13-09-2023 *\/\n.elementor-image-gallery .gallery-item{display:inline-block;text-align:center;vertical-align:top;width:100%;max-width:100%;margin:0 auto}.elementor-image-gallery .gallery-item img{margin:0 auto}.elementor-image-gallery .gallery-item .gallery-caption{margin:0}.elementor-image-gallery figure img{display:block}.elementor-image-gallery figure figcaption{width:100%}.gallery-spacing-custom .elementor-image-gallery .gallery-icon{padding:0}@media (min-width:768px){.elementor-image-gallery .gallery-columns-2 .gallery-item{max-width:50%}.elementor-image-gallery .gallery-columns-3 .gallery-item{max-width:33.33%}.elementor-image-gallery .gallery-columns-4 .gallery-item{max-width:25%}.elementor-image-gallery .gallery-columns-5 .gallery-item{max-width:20%}.elementor-image-gallery .gallery-columns-6 .gallery-item{max-width:16.666%}.elementor-image-gallery .gallery-columns-7 .gallery-item{max-width:14.28%}.elementor-image-gallery .gallery-columns-8 .gallery-item{max-width:12.5%}.elementor-image-gallery .gallery-columns-9 .gallery-item{max-width:11.11%}.elementor-image-gallery .gallery-columns-10 .gallery-item{max-width:10%}}@media (min-width:480px) and (max-width:767px){.elementor-image-gallery .gallery.gallery-columns-2 .gallery-item,.elementor-image-gallery .gallery.gallery-columns-3 .gallery-item,.elementor-image-gallery .gallery.gallery-columns-4 .gallery-item,.elementor-image-gallery .gallery.gallery-columns-5 .gallery-item,.elementor-image-gallery .gallery.gallery-columns-6 .gallery-item,.elementor-image-gallery .gallery.gallery-columns-7 .gallery-item,.elementor-image-gallery .gallery.gallery-columns-8 .gallery-item,.elementor-image-gallery .gallery.gallery-columns-9 .gallery-item,.elementor-image-gallery .gallery.gallery-columns-10 .gallery-item{max-width:50%}}@media (max-width:479px){.elementor-image-gallery .gallery.gallery-columns-2 .gallery-item,.elementor-image-gallery .gallery.gallery-columns-3 .gallery-item,.elementor-image-gallery .gallery.gallery-columns-4 .gallery-item,.elementor-image-gallery .gallery.gallery-columns-5 .gallery-item,.elementor-image-gallery .gallery.gallery-columns-6 .gallery-item,.elementor-image-gallery .gallery.gallery-columns-7 .gallery-item,.elementor-image-gallery .gallery.gallery-columns-8 .gallery-item,.elementor-image-gallery .gallery.gallery-columns-9 .gallery-item,.elementor-image-gallery .gallery.gallery-columns-10 .gallery-item{max-width:100%}}<\/style>\t\t<div class=\"elementor-image-gallery\">\n\t\t\t<div id='gallery-1' class='gallery galleryid-7967 gallery-columns-4 gallery-size-full'><figure class='gallery-item'>\n\t\t\t<div class='gallery-icon landscape'>\n\t\t\t\t<a data-elementor-open-lightbox=\"yes\" data-elementor-lightbox-slideshow=\"5b0c208\" data-e-action-hash=\"#elementor-action%3Aaction%3Dlightbox%26settings%3DeyJpZCI6Nzk2OSwidXJsIjoiaHR0cHM6XC9cL2l0YWp1YmEuY2FtLm1nLmdvdi5iclwvc2l0ZVwvd3AtY29udGVudFwvdXBsb2Fkc1wvMjAyM1wvMTFcL29yZGluYXJpYTMwMTAyM19mYWNlMDEtMS5wbmciLCJzbGlkZXNob3ciOiI1YjBjMjA4In0%3D\" href='https:\/\/itajuba.cam.mg.gov.br\/site\/wp-content\/uploads\/2023\/11\/ordinaria301023_face01-1.png'><img loading=\"lazy\" decoding=\"async\" width=\"1081\" height=\"865\" src=\"https:\/\/itajuba.cam.mg.gov.br\/site\/wp-content\/uploads\/2023\/11\/ordinaria301023_face01-1.png\" class=\"attachment-full size-full\" alt=\"\" srcset=\"https:\/\/itajuba.cam.mg.gov.br\/site\/wp-content\/uploads\/2023\/11\/ordinaria301023_face01-1.png 1081w, https:\/\/itajuba.cam.mg.gov.br\/site\/wp-content\/uploads\/2023\/11\/ordinaria301023_face01-1-300x240.png 300w, https:\/\/itajuba.cam.mg.gov.br\/site\/wp-content\/uploads\/2023\/11\/ordinaria301023_face01-1-1024x819.png 1024w, https:\/\/itajuba.cam.mg.gov.br\/site\/wp-content\/uploads\/2023\/11\/ordinaria301023_face01-1-768x615.png 768w\" sizes=\"auto, (max-width: 1081px) 100vw, 1081px\" \/><\/a>\n\t\t\t<\/div><\/figure><figure class='gallery-item'>\n\t\t\t<div class='gallery-icon landscape'>\n\t\t\t\t<a data-elementor-open-lightbox=\"yes\" data-elementor-lightbox-slideshow=\"5b0c208\" data-e-action-hash=\"#elementor-action%3Aaction%3Dlightbox%26settings%3DeyJpZCI6Nzk3MCwidXJsIjoiaHR0cHM6XC9cL2l0YWp1YmEuY2FtLm1nLmdvdi5iclwvc2l0ZVwvd3AtY29udGVudFwvdXBsb2Fkc1wvMjAyM1wvMTFcL29yZGluYXJpYTMwMTAyM19mYWNlMDIucG5nIiwic2xpZGVzaG93IjoiNWIwYzIwOCJ9\" href='https:\/\/itajuba.cam.mg.gov.br\/site\/wp-content\/uploads\/2023\/11\/ordinaria301023_face02.png'><img loading=\"lazy\" decoding=\"async\" width=\"1081\" height=\"865\" src=\"https:\/\/itajuba.cam.mg.gov.br\/site\/wp-content\/uploads\/2023\/11\/ordinaria301023_face02.png\" class=\"attachment-full size-full\" alt=\"\" srcset=\"https:\/\/itajuba.cam.mg.gov.br\/site\/wp-content\/uploads\/2023\/11\/ordinaria301023_face02.png 1081w, https:\/\/itajuba.cam.mg.gov.br\/site\/wp-content\/uploads\/2023\/11\/ordinaria301023_face02-300x240.png 300w, https:\/\/itajuba.cam.mg.gov.br\/site\/wp-content\/uploads\/2023\/11\/ordinaria301023_face02-1024x819.png 1024w, https:\/\/itajuba.cam.mg.gov.br\/site\/wp-content\/uploads\/2023\/11\/ordinaria301023_face02-768x615.png 768w\" sizes=\"auto, (max-width: 1081px) 100vw, 1081px\" \/><\/a>\n\t\t\t<\/div><\/figure><figure class='gallery-item'>\n\t\t\t<div class='gallery-icon landscape'>\n\t\t\t\t<a data-elementor-open-lightbox=\"yes\" data-elementor-lightbox-slideshow=\"5b0c208\" data-e-action-hash=\"#elementor-action%3Aaction%3Dlightbox%26settings%3DeyJpZCI6Nzk3MSwidXJsIjoiaHR0cHM6XC9cL2l0YWp1YmEuY2FtLm1nLmdvdi5iclwvc2l0ZVwvd3AtY29udGVudFwvdXBsb2Fkc1wvMjAyM1wvMTFcL29yZGluYXJpYTMwMTAyM19mYWNlMDMucG5nIiwic2xpZGVzaG93IjoiNWIwYzIwOCJ9\" href='https:\/\/itajuba.cam.mg.gov.br\/site\/wp-content\/uploads\/2023\/11\/ordinaria301023_face03.png'><img loading=\"lazy\" decoding=\"async\" width=\"1081\" height=\"865\" src=\"https:\/\/itajuba.cam.mg.gov.br\/site\/wp-content\/uploads\/2023\/11\/ordinaria301023_face03.png\" class=\"attachment-full size-full\" alt=\"\" srcset=\"https:\/\/itajuba.cam.mg.gov.br\/site\/wp-content\/uploads\/2023\/11\/ordinaria301023_face03.png 1081w, https:\/\/itajuba.cam.mg.gov.br\/site\/wp-content\/uploads\/2023\/11\/ordinaria301023_face03-300x240.png 300w, https:\/\/itajuba.cam.mg.gov.br\/site\/wp-content\/uploads\/2023\/11\/ordinaria301023_face03-1024x819.png 1024w, https:\/\/itajuba.cam.mg.gov.br\/site\/wp-content\/uploads\/2023\/11\/ordinaria301023_face03-768x615.png 768w\" sizes=\"auto, (max-width: 1081px) 100vw, 1081px\" \/><\/a>\n\t\t\t<\/div><\/figure><figure class='gallery-item'>\n\t\t\t<div class='gallery-icon landscape'>\n\t\t\t\t<a data-elementor-open-lightbox=\"yes\" data-elementor-lightbox-slideshow=\"5b0c208\" data-e-action-hash=\"#elementor-action%3Aaction%3Dlightbox%26settings%3DeyJpZCI6Nzk3MiwidXJsIjoiaHR0cHM6XC9cL2l0YWp1YmEuY2FtLm1nLmdvdi5iclwvc2l0ZVwvd3AtY29udGVudFwvdXBsb2Fkc1wvMjAyM1wvMTFcL29yZGluYXJpYTMwMTAyM19mYWNlMDQucG5nIiwic2xpZGVzaG93IjoiNWIwYzIwOCJ9\" href='https:\/\/itajuba.cam.mg.gov.br\/site\/wp-content\/uploads\/2023\/11\/ordinaria301023_face04.png'><img loading=\"lazy\" decoding=\"async\" width=\"1081\" height=\"865\" src=\"https:\/\/itajuba.cam.mg.gov.br\/site\/wp-content\/uploads\/2023\/11\/ordinaria301023_face04.png\" class=\"attachment-full size-full\" alt=\"\" srcset=\"https:\/\/itajuba.cam.mg.gov.br\/site\/wp-content\/uploads\/2023\/11\/ordinaria301023_face04.png 1081w, https:\/\/itajuba.cam.mg.gov.br\/site\/wp-content\/uploads\/2023\/11\/ordinaria301023_face04-300x240.png 300w, https:\/\/itajuba.cam.mg.gov.br\/site\/wp-content\/uploads\/2023\/11\/ordinaria301023_face04-1024x819.png 1024w, https:\/\/itajuba.cam.mg.gov.br\/site\/wp-content\/uploads\/2023\/11\/ordinaria301023_face04-768x615.png 768w\" sizes=\"auto, (max-width: 1081px) 100vw, 1081px\" \/><\/a>\n\t\t\t<\/div><\/figure><figure class='gallery-item'>\n\t\t\t<div class='gallery-icon landscape'>\n\t\t\t\t<a data-elementor-open-lightbox=\"yes\" data-elementor-lightbox-slideshow=\"5b0c208\" data-e-action-hash=\"#elementor-action%3Aaction%3Dlightbox%26settings%3DeyJpZCI6Nzk3MywidXJsIjoiaHR0cHM6XC9cL2l0YWp1YmEuY2FtLm1nLmdvdi5iclwvc2l0ZVwvd3AtY29udGVudFwvdXBsb2Fkc1wvMjAyM1wvMTFcL29yZGluYXJpYTMwMTAyM19mYWNlMDUucG5nIiwic2xpZGVzaG93IjoiNWIwYzIwOCJ9\" href='https:\/\/itajuba.cam.mg.gov.br\/site\/wp-content\/uploads\/2023\/11\/ordinaria301023_face05.png'><img loading=\"lazy\" decoding=\"async\" width=\"1081\" height=\"865\" src=\"https:\/\/itajuba.cam.mg.gov.br\/site\/wp-content\/uploads\/2023\/11\/ordinaria301023_face05.png\" class=\"attachment-full size-full\" alt=\"\" srcset=\"https:\/\/itajuba.cam.mg.gov.br\/site\/wp-content\/uploads\/2023\/11\/ordinaria301023_face05.png 1081w, https:\/\/itajuba.cam.mg.gov.br\/site\/wp-content\/uploads\/2023\/11\/ordinaria301023_face05-300x240.png 300w, https:\/\/itajuba.cam.mg.gov.br\/site\/wp-content\/uploads\/2023\/11\/ordinaria301023_face05-1024x819.png 1024w, https:\/\/itajuba.cam.mg.gov.br\/site\/wp-content\/uploads\/2023\/11\/ordinaria301023_face05-768x615.png 768w\" sizes=\"auto, (max-width: 1081px) 100vw, 1081px\" \/><\/a>\n\t\t\t<\/div><\/figure><figure class='gallery-item'>\n\t\t\t<div class='gallery-icon landscape'>\n\t\t\t\t<a data-elementor-open-lightbox=\"yes\" data-elementor-lightbox-slideshow=\"5b0c208\" data-e-action-hash=\"#elementor-action%3Aaction%3Dlightbox%26settings%3DeyJpZCI6Nzk3NCwidXJsIjoiaHR0cHM6XC9cL2l0YWp1YmEuY2FtLm1nLmdvdi5iclwvc2l0ZVwvd3AtY29udGVudFwvdXBsb2Fkc1wvMjAyM1wvMTFcL29yZGluYXJpYTMwMTAyM19mYWNlMDYucG5nIiwic2xpZGVzaG93IjoiNWIwYzIwOCJ9\" href='https:\/\/itajuba.cam.mg.gov.br\/site\/wp-content\/uploads\/2023\/11\/ordinaria301023_face06.png'><img loading=\"lazy\" decoding=\"async\" width=\"1081\" height=\"865\" src=\"https:\/\/itajuba.cam.mg.gov.br\/site\/wp-content\/uploads\/2023\/11\/ordinaria301023_face06.png\" class=\"attachment-full size-full\" alt=\"\" srcset=\"https:\/\/itajuba.cam.mg.gov.br\/site\/wp-content\/uploads\/2023\/11\/ordinaria301023_face06.png 1081w, https:\/\/itajuba.cam.mg.gov.br\/site\/wp-content\/uploads\/2023\/11\/ordinaria301023_face06-300x240.png 300w, https:\/\/itajuba.cam.mg.gov.br\/site\/wp-content\/uploads\/2023\/11\/ordinaria301023_face06-1024x819.png 1024w, https:\/\/itajuba.cam.mg.gov.br\/site\/wp-content\/uploads\/2023\/11\/ordinaria301023_face06-768x615.png 768w\" sizes=\"auto, (max-width: 1081px) 100vw, 1081px\" \/><\/a>\n\t\t\t<\/div><\/figure><figure class='gallery-item'>\n\t\t\t<div class='gallery-icon landscape'>\n\t\t\t\t<a data-elementor-open-lightbox=\"yes\" data-elementor-lightbox-slideshow=\"5b0c208\" data-e-action-hash=\"#elementor-action%3Aaction%3Dlightbox%26settings%3DeyJpZCI6Nzk3NSwidXJsIjoiaHR0cHM6XC9cL2l0YWp1YmEuY2FtLm1nLmdvdi5iclwvc2l0ZVwvd3AtY29udGVudFwvdXBsb2Fkc1wvMjAyM1wvMTFcL29yZGluYXJpYTMwMTAyM19mYWNlMDcucG5nIiwic2xpZGVzaG93IjoiNWIwYzIwOCJ9\" href='https:\/\/itajuba.cam.mg.gov.br\/site\/wp-content\/uploads\/2023\/11\/ordinaria301023_face07.png'><img loading=\"lazy\" decoding=\"async\" width=\"1081\" height=\"865\" src=\"https:\/\/itajuba.cam.mg.gov.br\/site\/wp-content\/uploads\/2023\/11\/ordinaria301023_face07.png\" class=\"attachment-full size-full\" alt=\"\" srcset=\"https:\/\/itajuba.cam.mg.gov.br\/site\/wp-content\/uploads\/2023\/11\/ordinaria301023_face07.png 1081w, https:\/\/itajuba.cam.mg.gov.br\/site\/wp-content\/uploads\/2023\/11\/ordinaria301023_face07-300x240.png 300w, https:\/\/itajuba.cam.mg.gov.br\/site\/wp-content\/uploads\/2023\/11\/ordinaria301023_face07-1024x819.png 1024w, https:\/\/itajuba.cam.mg.gov.br\/site\/wp-content\/uploads\/2023\/11\/ordinaria301023_face07-768x615.png 768w\" sizes=\"auto, (max-width: 1081px) 100vw, 1081px\" \/><\/a>\n\t\t\t<\/div><\/figure><figure class='gallery-item'>\n\t\t\t<div class='gallery-icon landscape'>\n\t\t\t\t<a data-elementor-open-lightbox=\"yes\" data-elementor-lightbox-slideshow=\"5b0c208\" data-e-action-hash=\"#elementor-action%3Aaction%3Dlightbox%26settings%3DeyJpZCI6Nzk3NiwidXJsIjoiaHR0cHM6XC9cL2l0YWp1YmEuY2FtLm1nLmdvdi5iclwvc2l0ZVwvd3AtY29udGVudFwvdXBsb2Fkc1wvMjAyM1wvMTFcL29yZGluYXJpYTMwMTAyM19mYWNlMDgucG5nIiwic2xpZGVzaG93IjoiNWIwYzIwOCJ9\" href='https:\/\/itajuba.cam.mg.gov.br\/site\/wp-content\/uploads\/2023\/11\/ordinaria301023_face08.png'><img loading=\"lazy\" decoding=\"async\" width=\"1081\" height=\"864\" src=\"https:\/\/itajuba.cam.mg.gov.br\/site\/wp-content\/uploads\/2023\/11\/ordinaria301023_face08.png\" class=\"attachment-full size-full\" alt=\"\" srcset=\"https:\/\/itajuba.cam.mg.gov.br\/site\/wp-content\/uploads\/2023\/11\/ordinaria301023_face08.png 1081w, https:\/\/itajuba.cam.mg.gov.br\/site\/wp-content\/uploads\/2023\/11\/ordinaria301023_face08-300x240.png 300w, https:\/\/itajuba.cam.mg.gov.br\/site\/wp-content\/uploads\/2023\/11\/ordinaria301023_face08-1024x818.png 1024w, https:\/\/itajuba.cam.mg.gov.br\/site\/wp-content\/uploads\/2023\/11\/ordinaria301023_face08-768x614.png 768w\" sizes=\"auto, (max-width: 1081px) 100vw, 1081px\" \/><\/a>\n\t\t\t<\/div><\/figure><figure class='gallery-item'>\n\t\t\t<div class='gallery-icon landscape'>\n\t\t\t\t<a data-elementor-open-lightbox=\"yes\" data-elementor-lightbox-slideshow=\"5b0c208\" data-e-action-hash=\"#elementor-action%3Aaction%3Dlightbox%26settings%3DeyJpZCI6Nzk3OCwidXJsIjoiaHR0cHM6XC9cL2l0YWp1YmEuY2FtLm1nLmdvdi5iclwvc2l0ZVwvd3AtY29udGVudFwvdXBsb2Fkc1wvMjAyM1wvMTFcL29yZGluYXJpYTMwMTAyM19mYWNlMDkucG5nIiwic2xpZGVzaG93IjoiNWIwYzIwOCJ9\" href='https:\/\/itajuba.cam.mg.gov.br\/site\/wp-content\/uploads\/2023\/11\/ordinaria301023_face09.png'><img loading=\"lazy\" decoding=\"async\" width=\"1081\" height=\"865\" src=\"https:\/\/itajuba.cam.mg.gov.br\/site\/wp-content\/uploads\/2023\/11\/ordinaria301023_face09.png\" class=\"attachment-full size-full\" alt=\"\" srcset=\"https:\/\/itajuba.cam.mg.gov.br\/site\/wp-content\/uploads\/2023\/11\/ordinaria301023_face09.png 1081w, https:\/\/itajuba.cam.mg.gov.br\/site\/wp-content\/uploads\/2023\/11\/ordinaria301023_face09-300x240.png 300w, https:\/\/itajuba.cam.mg.gov.br\/site\/wp-content\/uploads\/2023\/11\/ordinaria301023_face09-1024x819.png 1024w, https:\/\/itajuba.cam.mg.gov.br\/site\/wp-content\/uploads\/2023\/11\/ordinaria301023_face09-768x615.png 768w\" sizes=\"auto, (max-width: 1081px) 100vw, 1081px\" \/><\/a>\n\t\t\t<\/div><\/figure><figure class='gallery-item'>\n\t\t\t<div class='gallery-icon landscape'>\n\t\t\t\t<a data-elementor-open-lightbox=\"yes\" data-elementor-lightbox-slideshow=\"5b0c208\" data-e-action-hash=\"#elementor-action%3Aaction%3Dlightbox%26settings%3DeyJpZCI6Nzk3OSwidXJsIjoiaHR0cHM6XC9cL2l0YWp1YmEuY2FtLm1nLmdvdi5iclwvc2l0ZVwvd3AtY29udGVudFwvdXBsb2Fkc1wvMjAyM1wvMTFcL29yZGluYXJpYTMwMTAyM19mYWNlMTAucG5nIiwic2xpZGVzaG93IjoiNWIwYzIwOCJ9\" href='https:\/\/itajuba.cam.mg.gov.br\/site\/wp-content\/uploads\/2023\/11\/ordinaria301023_face10.png'><img loading=\"lazy\" decoding=\"async\" width=\"1081\" height=\"865\" src=\"https:\/\/itajuba.cam.mg.gov.br\/site\/wp-content\/uploads\/2023\/11\/ordinaria301023_face10.png\" class=\"attachment-full size-full\" alt=\"\" srcset=\"https:\/\/itajuba.cam.mg.gov.br\/site\/wp-content\/uploads\/2023\/11\/ordinaria301023_face10.png 1081w, https:\/\/itajuba.cam.mg.gov.br\/site\/wp-content\/uploads\/2023\/11\/ordinaria301023_face10-300x240.png 300w, https:\/\/itajuba.cam.mg.gov.br\/site\/wp-content\/uploads\/2023\/11\/ordinaria301023_face10-1024x819.png 1024w, https:\/\/itajuba.cam.mg.gov.br\/site\/wp-content\/uploads\/2023\/11\/ordinaria301023_face10-768x615.png 768w\" sizes=\"auto, (max-width: 1081px) 100vw, 1081px\" \/><\/a>\n\t\t\t<\/div><\/figure><figure class='gallery-item'>\n\t\t\t<div class='gallery-icon landscape'>\n\t\t\t\t<a data-elementor-open-lightbox=\"yes\" data-elementor-lightbox-slideshow=\"5b0c208\" data-e-action-hash=\"#elementor-action%3Aaction%3Dlightbox%26settings%3DeyJpZCI6Nzk4MCwidXJsIjoiaHR0cHM6XC9cL2l0YWp1YmEuY2FtLm1nLmdvdi5iclwvc2l0ZVwvd3AtY29udGVudFwvdXBsb2Fkc1wvMjAyM1wvMTFcL29yZGluYXJpYTMwMTAyM19mYWNlMTEucG5nIiwic2xpZGVzaG93IjoiNWIwYzIwOCJ9\" href='https:\/\/itajuba.cam.mg.gov.br\/site\/wp-content\/uploads\/2023\/11\/ordinaria301023_face11.png'><img loading=\"lazy\" decoding=\"async\" width=\"1081\" height=\"865\" src=\"https:\/\/itajuba.cam.mg.gov.br\/site\/wp-content\/uploads\/2023\/11\/ordinaria301023_face11.png\" class=\"attachment-full size-full\" alt=\"\" srcset=\"https:\/\/itajuba.cam.mg.gov.br\/site\/wp-content\/uploads\/2023\/11\/ordinaria301023_face11.png 1081w, https:\/\/itajuba.cam.mg.gov.br\/site\/wp-content\/uploads\/2023\/11\/ordinaria301023_face11-300x240.png 300w, https:\/\/itajuba.cam.mg.gov.br\/site\/wp-content\/uploads\/2023\/11\/ordinaria301023_face11-1024x819.png 1024w, https:\/\/itajuba.cam.mg.gov.br\/site\/wp-content\/uploads\/2023\/11\/ordinaria301023_face11-768x615.png 768w\" sizes=\"auto, (max-width: 1081px) 100vw, 1081px\" \/><\/a>\n\t\t\t<\/div><\/figure>\n\t\t<\/div>\n\t\t<\/div>\n\t\t\t\t<\/div>\n\t\t\t\t<\/div>\n\t\t\t\t\t<\/div>\n\t\t<\/div>\n\t\t\t\t\t\t\t<\/div>\n\t\t<\/section>\n\t\t\t\t\t\t\t<\/div>\n\t\t","protected":false},"excerpt":{"rendered":"<p>Os vereadores se reuniram em sess\u00e3o ordin\u00e1ria nesta segunda-feira, 30 de outubro, sendo a 39\u00aa reuni\u00e3o de 2023. Foram apresentadas 37 indica\u00e7\u00f5es ao Poder Executivo, de autoria dos vereadores Chiquinho do Euz\u00e9bio (PTB), Enfermeira Rita (REPUBLICANOS), Markinhu Meireles (PSD), Pedro Gama (PV), Rafael Rodrigues (UNI\u00c3O) e Sebasti\u00e3o Silvestre (MDB). Na Ordem do Dia, oito requerimentos [&hellip;]<\/p>\n","protected":false},"author":2,"featured_media":7968,"comment_status":"closed","ping_status":"open","sticky":false,"template":"","format":"standard","meta":{"footnotes":""},"categories":[16],"tags":[],"class_list":["post-7967","post","type-post","status-publish","format-standard","has-post-thumbnail","hentry","category-noticias"],"yoast_head":"<!-- This site is optimized with the Yoast SEO plugin v21.0 - https:\/\/yoast.com\/wordpress\/plugins\/seo\/ -->\n<title>Indica\u00e7\u00f5es e requerimentos, s\u00e3o apresentados durante sess\u00e3o ordin\u00e1ria desta segunda-feira, 30 de outubro - C\u00e2mara Municipal de Itajub\u00e1<\/title>\n<meta name=\"robots\" content=\"index, follow, max-snippet:-1, max-image-preview:large, max-video-preview:-1\" \/>\n<link rel=\"canonical\" href=\"https:\/\/itajuba.cam.mg.gov.br\/site\/indicacoes-e-requerimentos-sao-apresentados-durante-sessao-ordinaria-desta-segunda-feira-30-de-outubro\/\" \/>\n<meta property=\"og:locale\" content=\"pt_BR\" \/>\n<meta property=\"og:type\" content=\"article\" \/>\n<meta property=\"og:title\" content=\"Indica\u00e7\u00f5es e requerimentos, s\u00e3o apresentados durante sess\u00e3o ordin\u00e1ria desta segunda-feira, 30 de outubro - C\u00e2mara Municipal de Itajub\u00e1\" \/>\n<meta property=\"og:description\" content=\"Os vereadores se reuniram em sess\u00e3o ordin\u00e1ria nesta segunda-feira, 30 de outubro, sendo a 39\u00aa reuni\u00e3o de 2023. Foram apresentadas 37 indica\u00e7\u00f5es ao Poder Executivo, de autoria dos vereadores Chiquinho do Euz\u00e9bio (PTB), Enfermeira Rita (REPUBLICANOS), Markinhu Meireles (PSD), Pedro Gama (PV), Rafael Rodrigues (UNI\u00c3O) e Sebasti\u00e3o Silvestre (MDB). Na Ordem do Dia, oito requerimentos [&hellip;]\" \/>\n<meta property=\"og:url\" content=\"https:\/\/itajuba.cam.mg.gov.br\/site\/indicacoes-e-requerimentos-sao-apresentados-durante-sessao-ordinaria-desta-segunda-feira-30-de-outubro\/\" \/>\n<meta property=\"og:site_name\" content=\"C\u00e2mara Municipal de Itajub\u00e1\" \/>\n<meta property=\"article:publisher\" content=\"https:\/\/www.facebook.com\/camaradeitajubaoficial\" \/>\n<meta property=\"article:published_time\" content=\"2023-10-30T22:02:05+00:00\" \/>\n<meta property=\"article:modified_time\" content=\"2024-10-07T19:13:20+00:00\" \/>\n<meta property=\"og:image\" content=\"https:\/\/itajuba.cam.mg.gov.br\/site\/wp-content\/uploads\/2023\/11\/ordinaria301023_face01.png\" \/>\n\t<meta property=\"og:image:width\" content=\"1081\" \/>\n\t<meta property=\"og:image:height\" content=\"865\" \/>\n\t<meta property=\"og:image:type\" content=\"image\/png\" \/>\n<meta name=\"author\" content=\"Matheus Rivoli\" \/>\n<meta name=\"twitter:card\" content=\"summary_large_image\" \/>\n<meta name=\"twitter:label1\" content=\"Escrito por\" \/>\n\t<meta name=\"twitter:data1\" content=\"Matheus Rivoli\" \/>\n\t<meta name=\"twitter:label2\" content=\"Est. tempo de leitura\" \/>\n\t<meta name=\"twitter:data2\" content=\"3 minutos\" \/>\n<script type=\"application\/ld+json\" class=\"yoast-schema-graph\">{\"@context\":\"https:\/\/schema.org\",\"@graph\":[{\"@type\":\"Article\",\"@id\":\"https:\/\/itajuba.cam.mg.gov.br\/site\/indicacoes-e-requerimentos-sao-apresentados-durante-sessao-ordinaria-desta-segunda-feira-30-de-outubro\/#article\",\"isPartOf\":{\"@id\":\"https:\/\/itajuba.cam.mg.gov.br\/site\/indicacoes-e-requerimentos-sao-apresentados-durante-sessao-ordinaria-desta-segunda-feira-30-de-outubro\/\"},\"author\":{\"name\":\"Matheus Rivoli\",\"@id\":\"https:\/\/itajuba.cam.mg.gov.br\/site\/#\/schema\/person\/98cdb7e800259cf679b23eb9942b53e6\"},\"headline\":\"Indica\u00e7\u00f5es e requerimentos, s\u00e3o apresentados durante sess\u00e3o ordin\u00e1ria desta segunda-feira, 30 de outubro\",\"datePublished\":\"2023-10-30T22:02:05+00:00\",\"dateModified\":\"2024-10-07T19:13:20+00:00\",\"mainEntityOfPage\":{\"@id\":\"https:\/\/itajuba.cam.mg.gov.br\/site\/indicacoes-e-requerimentos-sao-apresentados-durante-sessao-ordinaria-desta-segunda-feira-30-de-outubro\/\"},\"wordCount\":150,\"publisher\":{\"@id\":\"https:\/\/itajuba.cam.mg.gov.br\/site\/#organization\"},\"articleSection\":[\"Not\u00edcias\"],\"inLanguage\":\"pt-BR\"},{\"@type\":\"WebPage\",\"@id\":\"https:\/\/itajuba.cam.mg.gov.br\/site\/indicacoes-e-requerimentos-sao-apresentados-durante-sessao-ordinaria-desta-segunda-feira-30-de-outubro\/\",\"url\":\"https:\/\/itajuba.cam.mg.gov.br\/site\/indicacoes-e-requerimentos-sao-apresentados-durante-sessao-ordinaria-desta-segunda-feira-30-de-outubro\/\",\"name\":\"Indica\u00e7\u00f5es e requerimentos, s\u00e3o apresentados durante sess\u00e3o ordin\u00e1ria desta segunda-feira, 30 de outubro - C\u00e2mara Municipal de Itajub\u00e1\",\"isPartOf\":{\"@id\":\"https:\/\/itajuba.cam.mg.gov.br\/site\/#website\"},\"datePublished\":\"2023-10-30T22:02:05+00:00\",\"dateModified\":\"2024-10-07T19:13:20+00:00\",\"breadcrumb\":{\"@id\":\"https:\/\/itajuba.cam.mg.gov.br\/site\/indicacoes-e-requerimentos-sao-apresentados-durante-sessao-ordinaria-desta-segunda-feira-30-de-outubro\/#breadcrumb\"},\"inLanguage\":\"pt-BR\",\"potentialAction\":[{\"@type\":\"ReadAction\",\"target\":[\"https:\/\/itajuba.cam.mg.gov.br\/site\/indicacoes-e-requerimentos-sao-apresentados-durante-sessao-ordinaria-desta-segunda-feira-30-de-outubro\/\"]}]},{\"@type\":\"BreadcrumbList\",\"@id\":\"https:\/\/itajuba.cam.mg.gov.br\/site\/indicacoes-e-requerimentos-sao-apresentados-durante-sessao-ordinaria-desta-segunda-feira-30-de-outubro\/#breadcrumb\",\"itemListElement\":[{\"@type\":\"ListItem\",\"position\":1,\"name\":\"In\u00edcio\",\"item\":\"https:\/\/itajuba.cam.mg.gov.br\/site\/\"},{\"@type\":\"ListItem\",\"position\":2,\"name\":\"Indica\u00e7\u00f5es e requerimentos, s\u00e3o apresentados durante sess\u00e3o ordin\u00e1ria desta segunda-feira, 30 de outubro\"}]},{\"@type\":\"WebSite\",\"@id\":\"https:\/\/itajuba.cam.mg.gov.br\/site\/#website\",\"url\":\"https:\/\/itajuba.cam.mg.gov.br\/site\/\",\"name\":\"C\u00e2mara Municipal de Itajub\u00e1\",\"description\":\"Efici\u00eancia e Transpar\u00eancia\",\"publisher\":{\"@id\":\"https:\/\/itajuba.cam.mg.gov.br\/site\/#organization\"},\"potentialAction\":[{\"@type\":\"SearchAction\",\"target\":{\"@type\":\"EntryPoint\",\"urlTemplate\":\"https:\/\/itajuba.cam.mg.gov.br\/site\/?s={search_term_string}\"},\"query-input\":\"required name=search_term_string\"}],\"inLanguage\":\"pt-BR\"},{\"@type\":\"Organization\",\"@id\":\"https:\/\/itajuba.cam.mg.gov.br\/site\/#organization\",\"name\":\"C\u00e2mara Municipal de Itajub\u00e1\",\"url\":\"https:\/\/itajuba.cam.mg.gov.br\/site\/\",\"logo\":{\"@type\":\"ImageObject\",\"inLanguage\":\"pt-BR\",\"@id\":\"https:\/\/itajuba.cam.mg.gov.br\/site\/#\/schema\/logo\/image\/\",\"url\":\"https:\/\/itajuba.cam.mg.gov.br\/site\/wp-content\/uploads\/2023\/09\/logo_camara_2024.png\",\"contentUrl\":\"https:\/\/itajuba.cam.mg.gov.br\/site\/wp-content\/uploads\/2023\/09\/logo_camara_2024.png\",\"width\":1000,\"height\":385,\"caption\":\"C\u00e2mara Municipal de Itajub\u00e1\"},\"image\":{\"@id\":\"https:\/\/itajuba.cam.mg.gov.br\/site\/#\/schema\/logo\/image\/\"},\"sameAs\":[\"https:\/\/www.facebook.com\/camaradeitajubaoficial\",\"https:\/\/www.instagram.com\/camaradeitajubaoficial\/\",\"https:\/\/www.youtube.com\/user\/TVCAMARAITAJUBA\"]},{\"@type\":\"Person\",\"@id\":\"https:\/\/itajuba.cam.mg.gov.br\/site\/#\/schema\/person\/98cdb7e800259cf679b23eb9942b53e6\",\"name\":\"Matheus Rivoli\",\"image\":{\"@type\":\"ImageObject\",\"inLanguage\":\"pt-BR\",\"@id\":\"https:\/\/itajuba.cam.mg.gov.br\/site\/#\/schema\/person\/image\/\",\"url\":\"https:\/\/secure.gravatar.com\/avatar\/ef9f3e4c6803cd403e07456b108c1a951507fec5b8feac1f9ff0abaa2a3299c0?s=96&d=mm&r=g\",\"contentUrl\":\"https:\/\/secure.gravatar.com\/avatar\/ef9f3e4c6803cd403e07456b108c1a951507fec5b8feac1f9ff0abaa2a3299c0?s=96&d=mm&r=g\",\"caption\":\"Matheus Rivoli\"},\"url\":\"https:\/\/itajuba.cam.mg.gov.br\/site\/author\/matheus\/\"}]}<\/script>\n<!-- \/ Yoast SEO plugin. -->","yoast_head_json":{"title":"Indica\u00e7\u00f5es e requerimentos, s\u00e3o apresentados durante sess\u00e3o ordin\u00e1ria desta segunda-feira, 30 de outubro - C\u00e2mara Municipal de Itajub\u00e1","robots":{"index":"index","follow":"follow","max-snippet":"max-snippet:-1","max-image-preview":"max-image-preview:large","max-video-preview":"max-video-preview:-1"},"canonical":"https:\/\/itajuba.cam.mg.gov.br\/site\/indicacoes-e-requerimentos-sao-apresentados-durante-sessao-ordinaria-desta-segunda-feira-30-de-outubro\/","og_locale":"pt_BR","og_type":"article","og_title":"Indica\u00e7\u00f5es e requerimentos, s\u00e3o apresentados durante sess\u00e3o ordin\u00e1ria desta segunda-feira, 30 de outubro - C\u00e2mara Municipal de Itajub\u00e1","og_description":"Os vereadores se reuniram em sess\u00e3o ordin\u00e1ria nesta segunda-feira, 30 de outubro, sendo a 39\u00aa reuni\u00e3o de 2023. Foram apresentadas 37 indica\u00e7\u00f5es ao Poder Executivo, de autoria dos vereadores Chiquinho do Euz\u00e9bio (PTB), Enfermeira Rita (REPUBLICANOS), Markinhu Meireles (PSD), Pedro Gama (PV), Rafael Rodrigues (UNI\u00c3O) e Sebasti\u00e3o Silvestre (MDB). Na Ordem do Dia, oito requerimentos [&hellip;]","og_url":"https:\/\/itajuba.cam.mg.gov.br\/site\/indicacoes-e-requerimentos-sao-apresentados-durante-sessao-ordinaria-desta-segunda-feira-30-de-outubro\/","og_site_name":"C\u00e2mara Municipal de Itajub\u00e1","article_publisher":"https:\/\/www.facebook.com\/camaradeitajubaoficial","article_published_time":"2023-10-30T22:02:05+00:00","article_modified_time":"2024-10-07T19:13:20+00:00","og_image":[{"width":1081,"height":865,"url":"https:\/\/itajuba.cam.mg.gov.br\/site\/wp-content\/uploads\/2023\/11\/ordinaria301023_face01.png","type":"image\/png"}],"author":"Matheus Rivoli","twitter_card":"summary_large_image","twitter_misc":{"Escrito por":"Matheus Rivoli","Est. tempo de leitura":"3 minutos"},"schema":{"@context":"https:\/\/schema.org","@graph":[{"@type":"Article","@id":"https:\/\/itajuba.cam.mg.gov.br\/site\/indicacoes-e-requerimentos-sao-apresentados-durante-sessao-ordinaria-desta-segunda-feira-30-de-outubro\/#article","isPartOf":{"@id":"https:\/\/itajuba.cam.mg.gov.br\/site\/indicacoes-e-requerimentos-sao-apresentados-durante-sessao-ordinaria-desta-segunda-feira-30-de-outubro\/"},"author":{"name":"Matheus Rivoli","@id":"https:\/\/itajuba.cam.mg.gov.br\/site\/#\/schema\/person\/98cdb7e800259cf679b23eb9942b53e6"},"headline":"Indica\u00e7\u00f5es e requerimentos, s\u00e3o apresentados durante sess\u00e3o ordin\u00e1ria desta segunda-feira, 30 de outubro","datePublished":"2023-10-30T22:02:05+00:00","dateModified":"2024-10-07T19:13:20+00:00","mainEntityOfPage":{"@id":"https:\/\/itajuba.cam.mg.gov.br\/site\/indicacoes-e-requerimentos-sao-apresentados-durante-sessao-ordinaria-desta-segunda-feira-30-de-outubro\/"},"wordCount":150,"publisher":{"@id":"https:\/\/itajuba.cam.mg.gov.br\/site\/#organization"},"articleSection":["Not\u00edcias"],"inLanguage":"pt-BR"},{"@type":"WebPage","@id":"https:\/\/itajuba.cam.mg.gov.br\/site\/indicacoes-e-requerimentos-sao-apresentados-durante-sessao-ordinaria-desta-segunda-feira-30-de-outubro\/","url":"https:\/\/itajuba.cam.mg.gov.br\/site\/indicacoes-e-requerimentos-sao-apresentados-durante-sessao-ordinaria-desta-segunda-feira-30-de-outubro\/","name":"Indica\u00e7\u00f5es e requerimentos, s\u00e3o apresentados durante sess\u00e3o ordin\u00e1ria desta segunda-feira, 30 de outubro - C\u00e2mara Municipal de Itajub\u00e1","isPartOf":{"@id":"https:\/\/itajuba.cam.mg.gov.br\/site\/#website"},"datePublished":"2023-10-30T22:02:05+00:00","dateModified":"2024-10-07T19:13:20+00:00","breadcrumb":{"@id":"https:\/\/itajuba.cam.mg.gov.br\/site\/indicacoes-e-requerimentos-sao-apresentados-durante-sessao-ordinaria-desta-segunda-feira-30-de-outubro\/#breadcrumb"},"inLanguage":"pt-BR","potentialAction":[{"@type":"ReadAction","target":["https:\/\/itajuba.cam.mg.gov.br\/site\/indicacoes-e-requerimentos-sao-apresentados-durante-sessao-ordinaria-desta-segunda-feira-30-de-outubro\/"]}]},{"@type":"BreadcrumbList","@id":"https:\/\/itajuba.cam.mg.gov.br\/site\/indicacoes-e-requerimentos-sao-apresentados-durante-sessao-ordinaria-desta-segunda-feira-30-de-outubro\/#breadcrumb","itemListElement":[{"@type":"ListItem","position":1,"name":"In\u00edcio","item":"https:\/\/itajuba.cam.mg.gov.br\/site\/"},{"@type":"ListItem","position":2,"name":"Indica\u00e7\u00f5es e requerimentos, s\u00e3o apresentados durante sess\u00e3o ordin\u00e1ria desta segunda-feira, 30 de outubro"}]},{"@type":"WebSite","@id":"https:\/\/itajuba.cam.mg.gov.br\/site\/#website","url":"https:\/\/itajuba.cam.mg.gov.br\/site\/","name":"C\u00e2mara Municipal de Itajub\u00e1","description":"Efici\u00eancia e Transpar\u00eancia","publisher":{"@id":"https:\/\/itajuba.cam.mg.gov.br\/site\/#organization"},"potentialAction":[{"@type":"SearchAction","target":{"@type":"EntryPoint","urlTemplate":"https:\/\/itajuba.cam.mg.gov.br\/site\/?s={search_term_string}"},"query-input":"required name=search_term_string"}],"inLanguage":"pt-BR"},{"@type":"Organization","@id":"https:\/\/itajuba.cam.mg.gov.br\/site\/#organization","name":"C\u00e2mara Municipal de Itajub\u00e1","url":"https:\/\/itajuba.cam.mg.gov.br\/site\/","logo":{"@type":"ImageObject","inLanguage":"pt-BR","@id":"https:\/\/itajuba.cam.mg.gov.br\/site\/#\/schema\/logo\/image\/","url":"https:\/\/itajuba.cam.mg.gov.br\/site\/wp-content\/uploads\/2023\/09\/logo_camara_2024.png","contentUrl":"https:\/\/itajuba.cam.mg.gov.br\/site\/wp-content\/uploads\/2023\/09\/logo_camara_2024.png","width":1000,"height":385,"caption":"C\u00e2mara Municipal de Itajub\u00e1"},"image":{"@id":"https:\/\/itajuba.cam.mg.gov.br\/site\/#\/schema\/logo\/image\/"},"sameAs":["https:\/\/www.facebook.com\/camaradeitajubaoficial","https:\/\/www.instagram.com\/camaradeitajubaoficial\/","https:\/\/www.youtube.com\/user\/TVCAMARAITAJUBA"]},{"@type":"Person","@id":"https:\/\/itajuba.cam.mg.gov.br\/site\/#\/schema\/person\/98cdb7e800259cf679b23eb9942b53e6","name":"Matheus Rivoli","image":{"@type":"ImageObject","inLanguage":"pt-BR","@id":"https:\/\/itajuba.cam.mg.gov.br\/site\/#\/schema\/person\/image\/","url":"https:\/\/secure.gravatar.com\/avatar\/ef9f3e4c6803cd403e07456b108c1a951507fec5b8feac1f9ff0abaa2a3299c0?s=96&d=mm&r=g","contentUrl":"https:\/\/secure.gravatar.com\/avatar\/ef9f3e4c6803cd403e07456b108c1a951507fec5b8feac1f9ff0abaa2a3299c0?s=96&d=mm&r=g","caption":"Matheus Rivoli"},"url":"https:\/\/itajuba.cam.mg.gov.br\/site\/author\/matheus\/"}]}},"_links":{"self":[{"href":"https:\/\/itajuba.cam.mg.gov.br\/site\/wp-json\/wp\/v2\/posts\/7967","targetHints":{"allow":["GET"]}}],"collection":[{"href":"https:\/\/itajuba.cam.mg.gov.br\/site\/wp-json\/wp\/v2\/posts"}],"about":[{"href":"https:\/\/itajuba.cam.mg.gov.br\/site\/wp-json\/wp\/v2\/types\/post"}],"author":[{"embeddable":true,"href":"https:\/\/itajuba.cam.mg.gov.br\/site\/wp-json\/wp\/v2\/users\/2"}],"replies":[{"embeddable":true,"href":"https:\/\/itajuba.cam.mg.gov.br\/site\/wp-json\/wp\/v2\/comments?post=7967"}],"version-history":[{"count":6,"href":"https:\/\/itajuba.cam.mg.gov.br\/site\/wp-json\/wp\/v2\/posts\/7967\/revisions"}],"predecessor-version":[{"id":7987,"href":"https:\/\/itajuba.cam.mg.gov.br\/site\/wp-json\/wp\/v2\/posts\/7967\/revisions\/7987"}],"wp:featuredmedia":[{"embeddable":true,"href":"https:\/\/itajuba.cam.mg.gov.br\/site\/wp-json\/wp\/v2\/media\/7968"}],"wp:attachment":[{"href":"https:\/\/itajuba.cam.mg.gov.br\/site\/wp-json\/wp\/v2\/media?parent=7967"}],"wp:term":[{"taxonomy":"category","embeddable":true,"href":"https:\/\/itajuba.cam.mg.gov.br\/site\/wp-json\/wp\/v2\/categories?post=7967"},{"taxonomy":"post_tag","embeddable":true,"href":"https:\/\/itajuba.cam.mg.gov.br\/site\/wp-json\/wp\/v2\/tags?post=7967"}],"curies":[{"name":"wp","href":"https:\/\/api.w.org\/{rel}","templated":true}]}}