{"id":8384,"date":"2023-10-25T16:21:38","date_gmt":"2023-10-25T16:21:38","guid":{"rendered":"https:\/\/itajuba.cam.mg.gov.br\/site\/?p=8384"},"modified":"2024-10-07T19:13:38","modified_gmt":"2024-10-07T19:13:38","slug":"reminiscencias-fotograficas","status":"publish","type":"post","link":"https:\/\/itajuba.cam.mg.gov.br\/site\/reminiscencias-fotograficas\/","title":{"rendered":"Reminisc\u00eancias Fotogr\u00e1ficas"},"content":{"rendered":"\t\t<div data-elementor-type=\"wp-post\" data-elementor-id=\"8384\" class=\"elementor elementor-8384\" data-elementor-post-type=\"post\">\n\t\t\t\t\t\t\t\t\t<section class=\"elementor-section elementor-top-section elementor-element elementor-element-44d9318 elementor-section-boxed elementor-section-height-default elementor-section-height-default\" data-id=\"44d9318\" data-element_type=\"section\">\n\t\t\t\t\t\t<div class=\"elementor-container elementor-column-gap-default\">\n\t\t\t\t\t<div class=\"elementor-column elementor-col-100 elementor-top-column elementor-element elementor-element-2796dda\" data-id=\"2796dda\" data-element_type=\"column\">\n\t\t\t<div class=\"elementor-widget-wrap elementor-element-populated\">\n\t\t\t\t\t\t\t\t<div class=\"elementor-element elementor-element-d408922 elementor-widget elementor-widget-video\" data-id=\"d408922\" data-element_type=\"widget\" data-settings=\"{&quot;youtube_url&quot;:&quot;https:\\\/\\\/youtu.be\\\/TB9ZJ-MOCF0&quot;,&quot;autoplay&quot;:&quot;yes&quot;,&quot;play_on_mobile&quot;:&quot;yes&quot;,&quot;video_type&quot;:&quot;youtube&quot;,&quot;controls&quot;:&quot;yes&quot;}\" data-widget_type=\"video.default\">\n\t\t\t\t<div class=\"elementor-widget-container\">\n\t\t\t<style>\/*! elementor - v3.16.0 - 13-09-2023 *\/\n.elementor-widget-video .elementor-widget-container{overflow:hidden;transform:translateZ(0)}.elementor-widget-video .elementor-wrapper{aspect-ratio:var(--video-aspect-ratio)}.elementor-widget-video .elementor-wrapper iframe,.elementor-widget-video .elementor-wrapper video{height:100%;width:100%;display:flex;border:none;background-color:#000}@supports not (aspect-ratio:1\/1){.elementor-widget-video .elementor-wrapper{position:relative;overflow:hidden;height:0;padding-bottom:calc(100% \/ var(--video-aspect-ratio))}.elementor-widget-video .elementor-wrapper iframe,.elementor-widget-video .elementor-wrapper video{position:absolute;top:0;right:0;bottom:0;left:0}}.elementor-widget-video .elementor-open-inline .elementor-custom-embed-image-overlay{position:absolute;top:0;right:0;bottom:0;left:0;background-size:cover;background-position:50%}.elementor-widget-video .elementor-custom-embed-image-overlay{cursor:pointer;text-align:center}.elementor-widget-video .elementor-custom-embed-image-overlay:hover .elementor-custom-embed-play i{opacity:1}.elementor-widget-video .elementor-custom-embed-image-overlay img{display:block;width:100%;aspect-ratio:var(--video-aspect-ratio);-o-object-fit:cover;object-fit:cover;-o-object-position:center center;object-position:center center}@supports not (aspect-ratio:1\/1){.elementor-widget-video .elementor-custom-embed-image-overlay{position:relative;overflow:hidden;height:0;padding-bottom:calc(100% \/ var(--video-aspect-ratio))}.elementor-widget-video .elementor-custom-embed-image-overlay img{position:absolute;top:0;right:0;bottom:0;left:0}}.elementor-widget-video .e-hosted-video .elementor-video{-o-object-fit:cover;object-fit:cover}.e-con-inner>.elementor-widget-video,.e-con>.elementor-widget-video{width:var(--container-widget-width);--flex-grow:var(--container-widget-flex-grow)}<\/style>\t\t<div class=\"elementor-wrapper elementor-open-inline\">\n\t\t\t<div class=\"elementor-video\"><\/div>\t\t<\/div>\n\t\t\t\t<\/div>\n\t\t\t\t<\/div>\n\t\t\t\t\t<\/div>\n\t\t<\/div>\n\t\t\t\t\t\t\t<\/div>\n\t\t<\/section>\n\t\t\t\t<section class=\"elementor-section elementor-top-section elementor-element elementor-element-514d91a4 elementor-section-boxed elementor-section-height-default elementor-section-height-default\" data-id=\"514d91a4\" data-element_type=\"section\">\n\t\t\t\t\t\t<div class=\"elementor-container elementor-column-gap-default\">\n\t\t\t\t\t<div class=\"elementor-column elementor-col-100 elementor-top-column elementor-element elementor-element-9a331bc\" data-id=\"9a331bc\" data-element_type=\"column\">\n\t\t\t<div class=\"elementor-widget-wrap elementor-element-populated\">\n\t\t\t\t\t\t\t\t<div class=\"elementor-element elementor-element-747995c1 elementor-widget elementor-widget-text-editor\" data-id=\"747995c1\" data-element_type=\"widget\" data-widget_type=\"text-editor.default\">\n\t\t\t\t<div class=\"elementor-widget-container\">\n\t\t\t<style>\/*! elementor - v3.16.0 - 13-09-2023 *\/\n.elementor-widget-text-editor.elementor-drop-cap-view-stacked .elementor-drop-cap{background-color:#69727d;color:#fff}.elementor-widget-text-editor.elementor-drop-cap-view-framed .elementor-drop-cap{color:#69727d;border:3px solid;background-color:transparent}.elementor-widget-text-editor:not(.elementor-drop-cap-view-default) .elementor-drop-cap{margin-top:8px}.elementor-widget-text-editor:not(.elementor-drop-cap-view-default) .elementor-drop-cap-letter{width:1em;height:1em}.elementor-widget-text-editor .elementor-drop-cap{float:left;text-align:center;line-height:1;font-size:50px}.elementor-widget-text-editor .elementor-drop-cap-letter{display:inline-block}<\/style>\t\t\t\t<p>C\u00e2mara Municipal de Itajub\u00e1 lan\u00e7a projeto para preservar mem\u00f3ria da cidade atrav\u00e9s de fotografias antigas.<br \/><br \/>A C\u00e2mara Municipal de Itajub\u00e1 est\u00e1 convidando a popula\u00e7\u00e3o a contribuir para a preserva\u00e7\u00e3o da hist\u00f3ria da cidade atrav\u00e9s do emocionante Projeto Reminisc\u00eancias Fotogr\u00e1ficas. Esse projeto tem como objetivo reunir fotografias antigas de Itajub\u00e1, desde suas institui\u00e7\u00f5es marcantes at\u00e9 personalidades inesquec\u00edveis e constru\u00e7\u00f5es hist\u00f3ricas, para compor o acervo permanente do Memorial da C\u00e2mara Municipal.<\/p><p>Com o intuito de preservar o legado de Itajub\u00e1 para as gera\u00e7\u00f5es futuras, o projeto busca por fotos antigas que retratem momentos importantes da cidade. As imagens ser\u00e3o digitalizadas e far\u00e3o parte de um arquivo que ajudar\u00e1 a manter viva a mem\u00f3ria do munic\u00edpio.<\/p><p>De acordo com o presidente da C\u00e2mara Municipal de Itajub\u00e1, vereador Marcelo Krauss (PROGRESSISTAS), esse projeto \u00e9 uma oportunidade para a popula\u00e7\u00e3o contribuir ativamente na preserva\u00e7\u00e3o da hist\u00f3ria de Itajub\u00e1. &#8220;Cada foto \u00e9 uma pe\u00e7a preciosa que nos ajuda a relembrar e valorizar momentos que fizeram parte da hist\u00f3ria da nossa cidade. \u00c9 uma forma de preservar o passado e iluminar o futuro&#8221;, ressaltou o presidente.<\/p><p>Para participar do Projeto Reminisc\u00eancias Fotogr\u00e1ficas, os interessados podem visitar a C\u00e2mara Municipal de Itajub\u00e1 e compartilhar suas fotos pessoalmente, ou entrar em contato atrav\u00e9s do site ou telefone. Todas as contribui\u00e7\u00f5es ser\u00e3o devidamente registradas e preservadas para a consulta e aprecia\u00e7\u00e3o do p\u00fablico.<\/p><p>Itajub\u00e1, uma cidade com uma hist\u00f3ria rica, espera ansiosamente pelas valiosas contribui\u00e7\u00f5es da popula\u00e7\u00e3o. Atrav\u00e9s do Projeto Reminisc\u00eancias Fotogr\u00e1ficas, a C\u00e2mara Municipal busca fortalecer o sentimento de pertencimento e valoriza\u00e7\u00e3o da mem\u00f3ria local. Juntos, \u00e9 poss\u00edvel preservar o passado e enriquecer o futuro da amada cidade de Itajub\u00e1.<\/p><p><a class=\"x1i10hfl xjbqb8w x6umtig x1b1mbwd xaqea5y xav7gou x9f619 x1ypdohk xt0psk2 xe8uvvx xdj266r x11i5rnm xat24cr x1mh8g0r xexx8yu x4uap5 x18d9i69 xkhd6sd x16tdsg8 x1hl2dhg xggy1nq x1a2a7pz _aa9_ _a6hd\" tabindex=\"0\" role=\"link\" href=\"https:\/\/www.instagram.com\/explore\/tags\/itajuba\/\">#itajuba<\/a>\u00a0<a class=\"x1i10hfl xjbqb8w x6umtig x1b1mbwd xaqea5y xav7gou x9f619 x1ypdohk xt0psk2 xe8uvvx xdj266r x11i5rnm xat24cr x1mh8g0r xexx8yu x4uap5 x18d9i69 xkhd6sd x16tdsg8 x1hl2dhg xggy1nq x1a2a7pz _aa9_ _a6hd\" tabindex=\"0\" role=\"link\" href=\"https:\/\/www.instagram.com\/explore\/tags\/reminiscencias\/\">#reminiscencias<\/a>\u00a0<a class=\"x1i10hfl xjbqb8w x6umtig x1b1mbwd xaqea5y xav7gou x9f619 x1ypdohk xt0psk2 xe8uvvx xdj266r x11i5rnm xat24cr x1mh8g0r xexx8yu x4uap5 x18d9i69 xkhd6sd x16tdsg8 x1hl2dhg xggy1nq x1a2a7pz _aa9_ _a6hd\" tabindex=\"0\" role=\"link\" href=\"https:\/\/www.instagram.com\/explore\/tags\/historia\/\">#historia<\/a>\u00a0<a class=\"x1i10hfl xjbqb8w x6umtig x1b1mbwd xaqea5y xav7gou x9f619 x1ypdohk xt0psk2 xe8uvvx xdj266r x11i5rnm xat24cr x1mh8g0r xexx8yu x4uap5 x18d9i69 xkhd6sd x16tdsg8 x1hl2dhg xggy1nq x1a2a7pz _aa9_ _a6hd\" tabindex=\"0\" role=\"link\" href=\"https:\/\/www.instagram.com\/explore\/tags\/fotosantigas\/\">#fotosantigas<\/a>\u00a0<a class=\"x1i10hfl xjbqb8w x6umtig x1b1mbwd xaqea5y xav7gou x9f619 x1ypdohk xt0psk2 xe8uvvx xdj266r x11i5rnm xat24cr x1mh8g0r xexx8yu x4uap5 x18d9i69 xkhd6sd x16tdsg8 x1hl2dhg xggy1nq x1a2a7pz _aa9_ _a6hd\" tabindex=\"0\" role=\"link\" href=\"https:\/\/www.instagram.com\/explore\/tags\/memorial\/\">#memorial<\/a><\/p>\t\t\t\t\t\t<\/div>\n\t\t\t\t<\/div>\n\t\t\t\t\t<\/div>\n\t\t<\/div>\n\t\t\t\t\t\t\t<\/div>\n\t\t<\/section>\n\t\t\t\t\t\t\t<\/div>\n\t\t","protected":false},"excerpt":{"rendered":"<p>https:\/\/youtu.be\/TB9ZJ-MOCF0 C\u00e2mara Municipal de Itajub\u00e1 lan\u00e7a projeto para preservar mem\u00f3ria da cidade atrav\u00e9s de fotografias antigas. A C\u00e2mara Municipal de Itajub\u00e1 est\u00e1 convidando a popula\u00e7\u00e3o a contribuir para a preserva\u00e7\u00e3o da hist\u00f3ria da cidade atrav\u00e9s do emocionante Projeto Reminisc\u00eancias Fotogr\u00e1ficas. Esse projeto tem como objetivo reunir fotografias antigas de Itajub\u00e1, desde suas institui\u00e7\u00f5es marcantes at\u00e9 [&hellip;]<\/p>\n","protected":false},"author":2,"featured_media":8393,"comment_status":"closed","ping_status":"open","sticky":false,"template":"","format":"standard","meta":{"footnotes":""},"categories":[16],"tags":[],"class_list":["post-8384","post","type-post","status-publish","format-standard","has-post-thumbnail","hentry","category-noticias"],"yoast_head":"<!-- This site is optimized with the Yoast SEO plugin v21.0 - https:\/\/yoast.com\/wordpress\/plugins\/seo\/ -->\n<title>Reminisc\u00eancias Fotogr\u00e1ficas - C\u00e2mara Municipal de Itajub\u00e1<\/title>\n<meta name=\"robots\" content=\"index, follow, max-snippet:-1, max-image-preview:large, max-video-preview:-1\" \/>\n<link rel=\"canonical\" href=\"https:\/\/itajuba.cam.mg.gov.br\/site\/reminiscencias-fotograficas\/\" \/>\n<meta property=\"og:locale\" content=\"pt_BR\" \/>\n<meta property=\"og:type\" content=\"article\" \/>\n<meta property=\"og:title\" content=\"Reminisc\u00eancias Fotogr\u00e1ficas - C\u00e2mara Municipal de Itajub\u00e1\" \/>\n<meta property=\"og:description\" content=\"https:\/\/youtu.be\/TB9ZJ-MOCF0 C\u00e2mara Municipal de Itajub\u00e1 lan\u00e7a projeto para preservar mem\u00f3ria da cidade atrav\u00e9s de fotografias antigas. A C\u00e2mara Municipal de Itajub\u00e1 est\u00e1 convidando a popula\u00e7\u00e3o a contribuir para a preserva\u00e7\u00e3o da hist\u00f3ria da cidade atrav\u00e9s do emocionante Projeto Reminisc\u00eancias Fotogr\u00e1ficas. Esse projeto tem como objetivo reunir fotografias antigas de Itajub\u00e1, desde suas institui\u00e7\u00f5es marcantes at\u00e9 [&hellip;]\" \/>\n<meta property=\"og:url\" content=\"https:\/\/itajuba.cam.mg.gov.br\/site\/reminiscencias-fotograficas\/\" \/>\n<meta property=\"og:site_name\" content=\"C\u00e2mara Municipal de Itajub\u00e1\" \/>\n<meta property=\"article:publisher\" content=\"https:\/\/www.facebook.com\/camaradeitajubaoficial\" \/>\n<meta property=\"article:published_time\" content=\"2023-10-25T16:21:38+00:00\" \/>\n<meta property=\"article:modified_time\" content=\"2024-10-07T19:13:38+00:00\" \/>\n<meta property=\"og:image\" content=\"https:\/\/itajuba.cam.mg.gov.br\/site\/wp-content\/uploads\/2023\/10\/projeto_reminiscencias_face.png\" \/>\n\t<meta property=\"og:image:width\" content=\"1080\" \/>\n\t<meta property=\"og:image:height\" content=\"865\" \/>\n\t<meta property=\"og:image:type\" content=\"image\/png\" \/>\n<meta name=\"author\" content=\"Matheus Rivoli\" \/>\n<meta name=\"twitter:card\" content=\"summary_large_image\" \/>\n<meta name=\"twitter:label1\" content=\"Escrito por\" \/>\n\t<meta name=\"twitter:data1\" content=\"Matheus Rivoli\" \/>\n\t<meta name=\"twitter:label2\" content=\"Est. tempo de leitura\" \/>\n\t<meta name=\"twitter:data2\" content=\"2 minutos\" \/>\n<script type=\"application\/ld+json\" class=\"yoast-schema-graph\">{\"@context\":\"https:\/\/schema.org\",\"@graph\":[{\"@type\":\"Article\",\"@id\":\"https:\/\/itajuba.cam.mg.gov.br\/site\/reminiscencias-fotograficas\/#article\",\"isPartOf\":{\"@id\":\"https:\/\/itajuba.cam.mg.gov.br\/site\/reminiscencias-fotograficas\/\"},\"author\":{\"name\":\"Matheus Rivoli\",\"@id\":\"https:\/\/itajuba.cam.mg.gov.br\/site\/#\/schema\/person\/98cdb7e800259cf679b23eb9942b53e6\"},\"headline\":\"Reminisc\u00eancias Fotogr\u00e1ficas\",\"datePublished\":\"2023-10-25T16:21:38+00:00\",\"dateModified\":\"2024-10-07T19:13:38+00:00\",\"mainEntityOfPage\":{\"@id\":\"https:\/\/itajuba.cam.mg.gov.br\/site\/reminiscencias-fotograficas\/\"},\"wordCount\":326,\"publisher\":{\"@id\":\"https:\/\/itajuba.cam.mg.gov.br\/site\/#organization\"},\"articleSection\":[\"Not\u00edcias\"],\"inLanguage\":\"pt-BR\"},{\"@type\":\"WebPage\",\"@id\":\"https:\/\/itajuba.cam.mg.gov.br\/site\/reminiscencias-fotograficas\/\",\"url\":\"https:\/\/itajuba.cam.mg.gov.br\/site\/reminiscencias-fotograficas\/\",\"name\":\"Reminisc\u00eancias Fotogr\u00e1ficas - C\u00e2mara Municipal de Itajub\u00e1\",\"isPartOf\":{\"@id\":\"https:\/\/itajuba.cam.mg.gov.br\/site\/#website\"},\"datePublished\":\"2023-10-25T16:21:38+00:00\",\"dateModified\":\"2024-10-07T19:13:38+00:00\",\"breadcrumb\":{\"@id\":\"https:\/\/itajuba.cam.mg.gov.br\/site\/reminiscencias-fotograficas\/#breadcrumb\"},\"inLanguage\":\"pt-BR\",\"potentialAction\":[{\"@type\":\"ReadAction\",\"target\":[\"https:\/\/itajuba.cam.mg.gov.br\/site\/reminiscencias-fotograficas\/\"]}]},{\"@type\":\"BreadcrumbList\",\"@id\":\"https:\/\/itajuba.cam.mg.gov.br\/site\/reminiscencias-fotograficas\/#breadcrumb\",\"itemListElement\":[{\"@type\":\"ListItem\",\"position\":1,\"name\":\"In\u00edcio\",\"item\":\"https:\/\/itajuba.cam.mg.gov.br\/site\/\"},{\"@type\":\"ListItem\",\"position\":2,\"name\":\"Reminisc\u00eancias Fotogr\u00e1ficas\"}]},{\"@type\":\"WebSite\",\"@id\":\"https:\/\/itajuba.cam.mg.gov.br\/site\/#website\",\"url\":\"https:\/\/itajuba.cam.mg.gov.br\/site\/\",\"name\":\"C\u00e2mara Municipal de Itajub\u00e1\",\"description\":\"Efici\u00eancia e Transpar\u00eancia\",\"publisher\":{\"@id\":\"https:\/\/itajuba.cam.mg.gov.br\/site\/#organization\"},\"potentialAction\":[{\"@type\":\"SearchAction\",\"target\":{\"@type\":\"EntryPoint\",\"urlTemplate\":\"https:\/\/itajuba.cam.mg.gov.br\/site\/?s={search_term_string}\"},\"query-input\":\"required name=search_term_string\"}],\"inLanguage\":\"pt-BR\"},{\"@type\":\"Organization\",\"@id\":\"https:\/\/itajuba.cam.mg.gov.br\/site\/#organization\",\"name\":\"C\u00e2mara Municipal de Itajub\u00e1\",\"url\":\"https:\/\/itajuba.cam.mg.gov.br\/site\/\",\"logo\":{\"@type\":\"ImageObject\",\"inLanguage\":\"pt-BR\",\"@id\":\"https:\/\/itajuba.cam.mg.gov.br\/site\/#\/schema\/logo\/image\/\",\"url\":\"https:\/\/itajuba.cam.mg.gov.br\/site\/wp-content\/uploads\/2023\/09\/logo_camara_2024.png\",\"contentUrl\":\"https:\/\/itajuba.cam.mg.gov.br\/site\/wp-content\/uploads\/2023\/09\/logo_camara_2024.png\",\"width\":1000,\"height\":385,\"caption\":\"C\u00e2mara Municipal de Itajub\u00e1\"},\"image\":{\"@id\":\"https:\/\/itajuba.cam.mg.gov.br\/site\/#\/schema\/logo\/image\/\"},\"sameAs\":[\"https:\/\/www.facebook.com\/camaradeitajubaoficial\",\"https:\/\/www.instagram.com\/camaradeitajubaoficial\/\",\"https:\/\/www.youtube.com\/user\/TVCAMARAITAJUBA\"]},{\"@type\":\"Person\",\"@id\":\"https:\/\/itajuba.cam.mg.gov.br\/site\/#\/schema\/person\/98cdb7e800259cf679b23eb9942b53e6\",\"name\":\"Matheus Rivoli\",\"image\":{\"@type\":\"ImageObject\",\"inLanguage\":\"pt-BR\",\"@id\":\"https:\/\/itajuba.cam.mg.gov.br\/site\/#\/schema\/person\/image\/\",\"url\":\"https:\/\/secure.gravatar.com\/avatar\/ef9f3e4c6803cd403e07456b108c1a951507fec5b8feac1f9ff0abaa2a3299c0?s=96&d=mm&r=g\",\"contentUrl\":\"https:\/\/secure.gravatar.com\/avatar\/ef9f3e4c6803cd403e07456b108c1a951507fec5b8feac1f9ff0abaa2a3299c0?s=96&d=mm&r=g\",\"caption\":\"Matheus Rivoli\"},\"url\":\"https:\/\/itajuba.cam.mg.gov.br\/site\/author\/matheus\/\"}]}<\/script>\n<!-- \/ Yoast SEO plugin. -->","yoast_head_json":{"title":"Reminisc\u00eancias Fotogr\u00e1ficas - C\u00e2mara Municipal de Itajub\u00e1","robots":{"index":"index","follow":"follow","max-snippet":"max-snippet:-1","max-image-preview":"max-image-preview:large","max-video-preview":"max-video-preview:-1"},"canonical":"https:\/\/itajuba.cam.mg.gov.br\/site\/reminiscencias-fotograficas\/","og_locale":"pt_BR","og_type":"article","og_title":"Reminisc\u00eancias Fotogr\u00e1ficas - C\u00e2mara Municipal de Itajub\u00e1","og_description":"https:\/\/youtu.be\/TB9ZJ-MOCF0 C\u00e2mara Municipal de Itajub\u00e1 lan\u00e7a projeto para preservar mem\u00f3ria da cidade atrav\u00e9s de fotografias antigas. A C\u00e2mara Municipal de Itajub\u00e1 est\u00e1 convidando a popula\u00e7\u00e3o a contribuir para a preserva\u00e7\u00e3o da hist\u00f3ria da cidade atrav\u00e9s do emocionante Projeto Reminisc\u00eancias Fotogr\u00e1ficas. Esse projeto tem como objetivo reunir fotografias antigas de Itajub\u00e1, desde suas institui\u00e7\u00f5es marcantes at\u00e9 [&hellip;]","og_url":"https:\/\/itajuba.cam.mg.gov.br\/site\/reminiscencias-fotograficas\/","og_site_name":"C\u00e2mara Municipal de Itajub\u00e1","article_publisher":"https:\/\/www.facebook.com\/camaradeitajubaoficial","article_published_time":"2023-10-25T16:21:38+00:00","article_modified_time":"2024-10-07T19:13:38+00:00","og_image":[{"width":1080,"height":865,"url":"https:\/\/itajuba.cam.mg.gov.br\/site\/wp-content\/uploads\/2023\/10\/projeto_reminiscencias_face.png","type":"image\/png"}],"author":"Matheus Rivoli","twitter_card":"summary_large_image","twitter_misc":{"Escrito por":"Matheus Rivoli","Est. tempo de leitura":"2 minutos"},"schema":{"@context":"https:\/\/schema.org","@graph":[{"@type":"Article","@id":"https:\/\/itajuba.cam.mg.gov.br\/site\/reminiscencias-fotograficas\/#article","isPartOf":{"@id":"https:\/\/itajuba.cam.mg.gov.br\/site\/reminiscencias-fotograficas\/"},"author":{"name":"Matheus Rivoli","@id":"https:\/\/itajuba.cam.mg.gov.br\/site\/#\/schema\/person\/98cdb7e800259cf679b23eb9942b53e6"},"headline":"Reminisc\u00eancias Fotogr\u00e1ficas","datePublished":"2023-10-25T16:21:38+00:00","dateModified":"2024-10-07T19:13:38+00:00","mainEntityOfPage":{"@id":"https:\/\/itajuba.cam.mg.gov.br\/site\/reminiscencias-fotograficas\/"},"wordCount":326,"publisher":{"@id":"https:\/\/itajuba.cam.mg.gov.br\/site\/#organization"},"articleSection":["Not\u00edcias"],"inLanguage":"pt-BR"},{"@type":"WebPage","@id":"https:\/\/itajuba.cam.mg.gov.br\/site\/reminiscencias-fotograficas\/","url":"https:\/\/itajuba.cam.mg.gov.br\/site\/reminiscencias-fotograficas\/","name":"Reminisc\u00eancias Fotogr\u00e1ficas - C\u00e2mara Municipal de Itajub\u00e1","isPartOf":{"@id":"https:\/\/itajuba.cam.mg.gov.br\/site\/#website"},"datePublished":"2023-10-25T16:21:38+00:00","dateModified":"2024-10-07T19:13:38+00:00","breadcrumb":{"@id":"https:\/\/itajuba.cam.mg.gov.br\/site\/reminiscencias-fotograficas\/#breadcrumb"},"inLanguage":"pt-BR","potentialAction":[{"@type":"ReadAction","target":["https:\/\/itajuba.cam.mg.gov.br\/site\/reminiscencias-fotograficas\/"]}]},{"@type":"BreadcrumbList","@id":"https:\/\/itajuba.cam.mg.gov.br\/site\/reminiscencias-fotograficas\/#breadcrumb","itemListElement":[{"@type":"ListItem","position":1,"name":"In\u00edcio","item":"https:\/\/itajuba.cam.mg.gov.br\/site\/"},{"@type":"ListItem","position":2,"name":"Reminisc\u00eancias Fotogr\u00e1ficas"}]},{"@type":"WebSite","@id":"https:\/\/itajuba.cam.mg.gov.br\/site\/#website","url":"https:\/\/itajuba.cam.mg.gov.br\/site\/","name":"C\u00e2mara Municipal de Itajub\u00e1","description":"Efici\u00eancia e Transpar\u00eancia","publisher":{"@id":"https:\/\/itajuba.cam.mg.gov.br\/site\/#organization"},"potentialAction":[{"@type":"SearchAction","target":{"@type":"EntryPoint","urlTemplate":"https:\/\/itajuba.cam.mg.gov.br\/site\/?s={search_term_string}"},"query-input":"required name=search_term_string"}],"inLanguage":"pt-BR"},{"@type":"Organization","@id":"https:\/\/itajuba.cam.mg.gov.br\/site\/#organization","name":"C\u00e2mara Municipal de Itajub\u00e1","url":"https:\/\/itajuba.cam.mg.gov.br\/site\/","logo":{"@type":"ImageObject","inLanguage":"pt-BR","@id":"https:\/\/itajuba.cam.mg.gov.br\/site\/#\/schema\/logo\/image\/","url":"https:\/\/itajuba.cam.mg.gov.br\/site\/wp-content\/uploads\/2023\/09\/logo_camara_2024.png","contentUrl":"https:\/\/itajuba.cam.mg.gov.br\/site\/wp-content\/uploads\/2023\/09\/logo_camara_2024.png","width":1000,"height":385,"caption":"C\u00e2mara Municipal de Itajub\u00e1"},"image":{"@id":"https:\/\/itajuba.cam.mg.gov.br\/site\/#\/schema\/logo\/image\/"},"sameAs":["https:\/\/www.facebook.com\/camaradeitajubaoficial","https:\/\/www.instagram.com\/camaradeitajubaoficial\/","https:\/\/www.youtube.com\/user\/TVCAMARAITAJUBA"]},{"@type":"Person","@id":"https:\/\/itajuba.cam.mg.gov.br\/site\/#\/schema\/person\/98cdb7e800259cf679b23eb9942b53e6","name":"Matheus Rivoli","image":{"@type":"ImageObject","inLanguage":"pt-BR","@id":"https:\/\/itajuba.cam.mg.gov.br\/site\/#\/schema\/person\/image\/","url":"https:\/\/secure.gravatar.com\/avatar\/ef9f3e4c6803cd403e07456b108c1a951507fec5b8feac1f9ff0abaa2a3299c0?s=96&d=mm&r=g","contentUrl":"https:\/\/secure.gravatar.com\/avatar\/ef9f3e4c6803cd403e07456b108c1a951507fec5b8feac1f9ff0abaa2a3299c0?s=96&d=mm&r=g","caption":"Matheus Rivoli"},"url":"https:\/\/itajuba.cam.mg.gov.br\/site\/author\/matheus\/"}]}},"_links":{"self":[{"href":"https:\/\/itajuba.cam.mg.gov.br\/site\/wp-json\/wp\/v2\/posts\/8384","targetHints":{"allow":["GET"]}}],"collection":[{"href":"https:\/\/itajuba.cam.mg.gov.br\/site\/wp-json\/wp\/v2\/posts"}],"about":[{"href":"https:\/\/itajuba.cam.mg.gov.br\/site\/wp-json\/wp\/v2\/types\/post"}],"author":[{"embeddable":true,"href":"https:\/\/itajuba.cam.mg.gov.br\/site\/wp-json\/wp\/v2\/users\/2"}],"replies":[{"embeddable":true,"href":"https:\/\/itajuba.cam.mg.gov.br\/site\/wp-json\/wp\/v2\/comments?post=8384"}],"version-history":[{"count":14,"href":"https:\/\/itajuba.cam.mg.gov.br\/site\/wp-json\/wp\/v2\/posts\/8384\/revisions"}],"predecessor-version":[{"id":11040,"href":"https:\/\/itajuba.cam.mg.gov.br\/site\/wp-json\/wp\/v2\/posts\/8384\/revisions\/11040"}],"wp:featuredmedia":[{"embeddable":true,"href":"https:\/\/itajuba.cam.mg.gov.br\/site\/wp-json\/wp\/v2\/media\/8393"}],"wp:attachment":[{"href":"https:\/\/itajuba.cam.mg.gov.br\/site\/wp-json\/wp\/v2\/media?parent=8384"}],"wp:term":[{"taxonomy":"category","embeddable":true,"href":"https:\/\/itajuba.cam.mg.gov.br\/site\/wp-json\/wp\/v2\/categories?post=8384"},{"taxonomy":"post_tag","embeddable":true,"href":"https:\/\/itajuba.cam.mg.gov.br\/site\/wp-json\/wp\/v2\/tags?post=8384"}],"curies":[{"name":"wp","href":"https:\/\/api.w.org\/{rel}","templated":true}]}}