{"id":8548,"date":"2023-11-14T10:03:58","date_gmt":"2023-11-14T10:03:58","guid":{"rendered":"https:\/\/itajuba.cam.mg.gov.br\/site\/?p=8548"},"modified":"2024-10-07T19:12:07","modified_gmt":"2024-10-07T19:12:07","slug":"honra-ao-merito-da-saude","status":"publish","type":"post","link":"https:\/\/itajuba.cam.mg.gov.br\/site\/honra-ao-merito-da-saude\/","title":{"rendered":"Honra ao M\u00e9rito da Sa\u00fade"},"content":{"rendered":"\t\t<div data-elementor-type=\"wp-post\" data-elementor-id=\"8548\" class=\"elementor elementor-8548\" data-elementor-post-type=\"post\">\n\t\t\t\t\t\t\t\t\t<section class=\"elementor-section elementor-top-section elementor-element elementor-element-434732ef elementor-section-boxed elementor-section-height-default elementor-section-height-default\" data-id=\"434732ef\" data-element_type=\"section\">\n\t\t\t\t\t\t<div class=\"elementor-container elementor-column-gap-default\">\n\t\t\t\t\t<div class=\"elementor-column elementor-col-100 elementor-top-column elementor-element elementor-element-6386b6b6\" data-id=\"6386b6b6\" data-element_type=\"column\">\n\t\t\t<div class=\"elementor-widget-wrap elementor-element-populated\">\n\t\t\t\t\t\t\t\t<div class=\"elementor-element elementor-element-15f442f8 elementor-widget elementor-widget-text-editor\" data-id=\"15f442f8\" data-element_type=\"widget\" data-widget_type=\"text-editor.default\">\n\t\t\t\t<div class=\"elementor-widget-container\">\n\t\t\t<style>\/*! elementor - v3.16.0 - 13-09-2023 *\/\n.elementor-widget-text-editor.elementor-drop-cap-view-stacked .elementor-drop-cap{background-color:#69727d;color:#fff}.elementor-widget-text-editor.elementor-drop-cap-view-framed .elementor-drop-cap{color:#69727d;border:3px solid;background-color:transparent}.elementor-widget-text-editor:not(.elementor-drop-cap-view-default) .elementor-drop-cap{margin-top:8px}.elementor-widget-text-editor:not(.elementor-drop-cap-view-default) .elementor-drop-cap-letter{width:1em;height:1em}.elementor-widget-text-editor .elementor-drop-cap{float:left;text-align:center;line-height:1;font-size:50px}.elementor-widget-text-editor .elementor-drop-cap-letter{display:inline-block}<\/style>\t\t\t\t<div class=\"xdj266r x11i5rnm xat24cr x1mh8g0r x1vvkbs x126k92a\"><div dir=\"auto\"><img loading=\"lazy\" decoding=\"async\" class=\"size-medium wp-image-8549 alignleft\" src=\"https:\/\/itajuba.cam.mg.gov.br\/site\/wp-content\/uploads\/2023\/11\/IMG_8851-300x200.jpg\" alt=\"\" width=\"300\" height=\"200\" srcset=\"https:\/\/itajuba.cam.mg.gov.br\/site\/wp-content\/uploads\/2023\/11\/IMG_8851-300x200.jpg 300w, https:\/\/itajuba.cam.mg.gov.br\/site\/wp-content\/uploads\/2023\/11\/IMG_8851-1024x683.jpg 1024w, https:\/\/itajuba.cam.mg.gov.br\/site\/wp-content\/uploads\/2023\/11\/IMG_8851-768x512.jpg 768w, https:\/\/itajuba.cam.mg.gov.br\/site\/wp-content\/uploads\/2023\/11\/IMG_8851-1536x1024.jpg 1536w, https:\/\/itajuba.cam.mg.gov.br\/site\/wp-content\/uploads\/2023\/11\/IMG_8851-2048x1365.jpg 2048w\" sizes=\"auto, (max-width: 300px) 100vw, 300px\" \/>A \u2018Honra ao M\u00e9rito da Sa\u00fade Dr. Rosemburgo Romano\u2019 tem a finalidade de homenagear os profissionais da sa\u00fade que tenham prestado relevantes servi\u00e7os \u00e0 popula\u00e7\u00e3o de Itajub\u00e1. Esta \u00e9 a proposta contida no Projeto de Resolu\u00e7\u00e3o (PR) N\u00b0 1040, de autoria do Vereador Markinhu Meireles (PSD), que tramita na C\u00e2mara Municipal.<\/div><\/div><div class=\"x11i5rnm xat24cr x1mh8g0r x1vvkbs xtlvy1s x126k92a\"><div dir=\"auto\">Reunida nesta segunda-feira (13), a Comiss\u00e3o Especial aprovou o parecer ao projeto emitido pela relatora, vereadora Enfermeira Rita (REPUBLICANOS).<\/div><\/div><div class=\"x11i5rnm xat24cr x1mh8g0r x1vvkbs xtlvy1s x126k92a\"><div dir=\"auto\">Na hist\u00f3ria itajubense o Dr. Rosemburgo Romano dedicou a vida em prol da sa\u00fade e do desenvolvimento de Itajub\u00e1, por isso essa homenagem recebe o nome do patrono.<\/div><\/div><div class=\"x11i5rnm xat24cr x1mh8g0r x1vvkbs xtlvy1s x126k92a\"><div dir=\"auto\">De acordo com o projeto, quaisquer profissionais da sa\u00fade que trabalhem nos setores de sa\u00fade do munic\u00edpio, abrangendo as esferas p\u00fablica ou privada e que tenham seus v\u00ednculos com a\u00e7\u00f5es desenvolvidas em ltajub\u00e1, podem receber essa homenagem.<\/div><\/div><div class=\"x11i5rnm xat24cr x1mh8g0r x1vvkbs xtlvy1s x126k92a\"><div dir=\"auto\">O projeto continua em tramita\u00e7\u00e3o e dever\u00e1 ser colocado em vota\u00e7\u00e3o em plen\u00e1rio nas pr\u00f3ximas sess\u00f5es ordin\u00e1rias.<\/div><\/div>\t\t\t\t\t\t<\/div>\n\t\t\t\t<\/div>\n\t\t\t\t\t<\/div>\n\t\t<\/div>\n\t\t\t\t\t\t\t<\/div>\n\t\t<\/section>\n\t\t\t\t<section class=\"elementor-section elementor-top-section elementor-element elementor-element-4db51b3 elementor-section-boxed elementor-section-height-default elementor-section-height-default\" data-id=\"4db51b3\" data-element_type=\"section\">\n\t\t\t\t\t\t<div class=\"elementor-container elementor-column-gap-default\">\n\t\t\t\t\t<div class=\"elementor-column elementor-col-100 elementor-top-column elementor-element elementor-element-12efac9\" data-id=\"12efac9\" data-element_type=\"column\">\n\t\t\t<div class=\"elementor-widget-wrap elementor-element-populated\">\n\t\t\t\t\t\t\t\t<div class=\"elementor-element elementor-element-e75ddf3 gallery-spacing-custom elementor-widget elementor-widget-image-gallery\" data-id=\"e75ddf3\" data-element_type=\"widget\" data-widget_type=\"image-gallery.default\">\n\t\t\t\t<div class=\"elementor-widget-container\">\n\t\t\t<style>\/*! elementor - v3.16.0 - 13-09-2023 *\/\n.elementor-image-gallery .gallery-item{display:inline-block;text-align:center;vertical-align:top;width:100%;max-width:100%;margin:0 auto}.elementor-image-gallery .gallery-item img{margin:0 auto}.elementor-image-gallery .gallery-item .gallery-caption{margin:0}.elementor-image-gallery figure img{display:block}.elementor-image-gallery figure figcaption{width:100%}.gallery-spacing-custom .elementor-image-gallery .gallery-icon{padding:0}@media (min-width:768px){.elementor-image-gallery .gallery-columns-2 .gallery-item{max-width:50%}.elementor-image-gallery .gallery-columns-3 .gallery-item{max-width:33.33%}.elementor-image-gallery .gallery-columns-4 .gallery-item{max-width:25%}.elementor-image-gallery .gallery-columns-5 .gallery-item{max-width:20%}.elementor-image-gallery .gallery-columns-6 .gallery-item{max-width:16.666%}.elementor-image-gallery .gallery-columns-7 .gallery-item{max-width:14.28%}.elementor-image-gallery .gallery-columns-8 .gallery-item{max-width:12.5%}.elementor-image-gallery .gallery-columns-9 .gallery-item{max-width:11.11%}.elementor-image-gallery .gallery-columns-10 .gallery-item{max-width:10%}}@media (min-width:480px) and (max-width:767px){.elementor-image-gallery .gallery.gallery-columns-2 .gallery-item,.elementor-image-gallery .gallery.gallery-columns-3 .gallery-item,.elementor-image-gallery .gallery.gallery-columns-4 .gallery-item,.elementor-image-gallery .gallery.gallery-columns-5 .gallery-item,.elementor-image-gallery .gallery.gallery-columns-6 .gallery-item,.elementor-image-gallery .gallery.gallery-columns-7 .gallery-item,.elementor-image-gallery .gallery.gallery-columns-8 .gallery-item,.elementor-image-gallery .gallery.gallery-columns-9 .gallery-item,.elementor-image-gallery .gallery.gallery-columns-10 .gallery-item{max-width:50%}}@media (max-width:479px){.elementor-image-gallery .gallery.gallery-columns-2 .gallery-item,.elementor-image-gallery .gallery.gallery-columns-3 .gallery-item,.elementor-image-gallery .gallery.gallery-columns-4 .gallery-item,.elementor-image-gallery .gallery.gallery-columns-5 .gallery-item,.elementor-image-gallery .gallery.gallery-columns-6 .gallery-item,.elementor-image-gallery .gallery.gallery-columns-7 .gallery-item,.elementor-image-gallery .gallery.gallery-columns-8 .gallery-item,.elementor-image-gallery .gallery.gallery-columns-9 .gallery-item,.elementor-image-gallery .gallery.gallery-columns-10 .gallery-item{max-width:100%}}<\/style>\t\t<div class=\"elementor-image-gallery\">\n\t\t\t<div id='gallery-1' class='gallery galleryid-8548 gallery-columns-4 gallery-size-medium'><figure class='gallery-item'>\n\t\t\t<div class='gallery-icon landscape'>\n\t\t\t\t<a data-elementor-open-lightbox=\"yes\" data-elementor-lightbox-slideshow=\"e75ddf3\" data-e-action-hash=\"#elementor-action%3Aaction%3Dlightbox%26settings%3DeyJpZCI6ODU1NCwidXJsIjoiaHR0cHM6XC9cL2l0YWp1YmEuY2FtLm1nLmdvdi5iclwvc2l0ZVwvd3AtY29udGVudFwvdXBsb2Fkc1wvMjAyM1wvMTFcLzQwMjYzNDkwNV82ODI3Nzg3NDA2MTM3ODRfNTYxMzk0ODY4Mjc3Mjk3MjY4NV9uLmpwZyIsInNsaWRlc2hvdyI6ImU3NWRkZjMifQ%3D%3D\" href='https:\/\/itajuba.cam.mg.gov.br\/site\/wp-content\/uploads\/2023\/11\/402634905_682778740613784_5613948682772972685_n.jpg'><img loading=\"lazy\" decoding=\"async\" width=\"300\" height=\"251\" src=\"https:\/\/itajuba.cam.mg.gov.br\/site\/wp-content\/uploads\/2023\/11\/402634905_682778740613784_5613948682772972685_n-300x251.jpg\" class=\"attachment-medium size-medium\" alt=\"\" srcset=\"https:\/\/itajuba.cam.mg.gov.br\/site\/wp-content\/uploads\/2023\/11\/402634905_682778740613784_5613948682772972685_n-300x251.jpg 300w, https:\/\/itajuba.cam.mg.gov.br\/site\/wp-content\/uploads\/2023\/11\/402634905_682778740613784_5613948682772972685_n-768x644.jpg 768w, https:\/\/itajuba.cam.mg.gov.br\/site\/wp-content\/uploads\/2023\/11\/402634905_682778740613784_5613948682772972685_n.jpg 940w\" sizes=\"auto, (max-width: 300px) 100vw, 300px\" \/><\/a>\n\t\t\t<\/div><\/figure><figure class='gallery-item'>\n\t\t\t<div class='gallery-icon landscape'>\n\t\t\t\t<a data-elementor-open-lightbox=\"yes\" data-elementor-lightbox-slideshow=\"e75ddf3\" data-e-action-hash=\"#elementor-action%3Aaction%3Dlightbox%26settings%3DeyJpZCI6ODU1NSwidXJsIjoiaHR0cHM6XC9cL2l0YWp1YmEuY2FtLm1nLmdvdi5iclwvc2l0ZVwvd3AtY29udGVudFwvdXBsb2Fkc1wvMjAyM1wvMTFcLzQwMjY0ODEzNV82ODI3Nzg3NjcyODA0NDhfNzg5Njc5NDI0NjY4NDYyMzUxMV9uLmpwZyIsInNsaWRlc2hvdyI6ImU3NWRkZjMifQ%3D%3D\" href='https:\/\/itajuba.cam.mg.gov.br\/site\/wp-content\/uploads\/2023\/11\/402648135_682778767280448_7896794246684623511_n.jpg'><img loading=\"lazy\" decoding=\"async\" width=\"300\" height=\"251\" src=\"https:\/\/itajuba.cam.mg.gov.br\/site\/wp-content\/uploads\/2023\/11\/402648135_682778767280448_7896794246684623511_n-300x251.jpg\" class=\"attachment-medium size-medium\" alt=\"\" srcset=\"https:\/\/itajuba.cam.mg.gov.br\/site\/wp-content\/uploads\/2023\/11\/402648135_682778767280448_7896794246684623511_n-300x251.jpg 300w, https:\/\/itajuba.cam.mg.gov.br\/site\/wp-content\/uploads\/2023\/11\/402648135_682778767280448_7896794246684623511_n-768x644.jpg 768w, https:\/\/itajuba.cam.mg.gov.br\/site\/wp-content\/uploads\/2023\/11\/402648135_682778767280448_7896794246684623511_n.jpg 940w\" sizes=\"auto, (max-width: 300px) 100vw, 300px\" \/><\/a>\n\t\t\t<\/div><\/figure><figure class='gallery-item'>\n\t\t\t<div class='gallery-icon landscape'>\n\t\t\t\t<a data-elementor-open-lightbox=\"yes\" data-elementor-lightbox-slideshow=\"e75ddf3\" data-e-action-hash=\"#elementor-action%3Aaction%3Dlightbox%26settings%3DeyJpZCI6ODU1NiwidXJsIjoiaHR0cHM6XC9cL2l0YWp1YmEuY2FtLm1nLmdvdi5iclwvc2l0ZVwvd3AtY29udGVudFwvdXBsb2Fkc1wvMjAyM1wvMTFcLzQwMjYzMDA4NF82ODI3Nzg2ODcyODA0NTZfMzYwMjc0NzI4MDQzNTQyOTY3X24uanBnIiwic2xpZGVzaG93IjoiZTc1ZGRmMyJ9\" href='https:\/\/itajuba.cam.mg.gov.br\/site\/wp-content\/uploads\/2023\/11\/402630084_682778687280456_360274728043542967_n.jpg'><img loading=\"lazy\" decoding=\"async\" width=\"300\" height=\"251\" src=\"https:\/\/itajuba.cam.mg.gov.br\/site\/wp-content\/uploads\/2023\/11\/402630084_682778687280456_360274728043542967_n-300x251.jpg\" class=\"attachment-medium size-medium\" alt=\"\" srcset=\"https:\/\/itajuba.cam.mg.gov.br\/site\/wp-content\/uploads\/2023\/11\/402630084_682778687280456_360274728043542967_n-300x251.jpg 300w, https:\/\/itajuba.cam.mg.gov.br\/site\/wp-content\/uploads\/2023\/11\/402630084_682778687280456_360274728043542967_n-768x644.jpg 768w, https:\/\/itajuba.cam.mg.gov.br\/site\/wp-content\/uploads\/2023\/11\/402630084_682778687280456_360274728043542967_n.jpg 940w\" sizes=\"auto, (max-width: 300px) 100vw, 300px\" \/><\/a>\n\t\t\t<\/div><\/figure><figure class='gallery-item'>\n\t\t\t<div class='gallery-icon landscape'>\n\t\t\t\t<a data-elementor-open-lightbox=\"yes\" data-elementor-lightbox-slideshow=\"e75ddf3\" data-e-action-hash=\"#elementor-action%3Aaction%3Dlightbox%26settings%3DeyJpZCI6ODU1NywidXJsIjoiaHR0cHM6XC9cL2l0YWp1YmEuY2FtLm1nLmdvdi5iclwvc2l0ZVwvd3AtY29udGVudFwvdXBsb2Fkc1wvMjAyM1wvMTFcLzQwMjYzNDcxMF82ODI3Nzg2NzA2MTM3OTFfOTYyMzI3MjkyNTE2Njc2NzgwX24uanBnIiwic2xpZGVzaG93IjoiZTc1ZGRmMyJ9\" href='https:\/\/itajuba.cam.mg.gov.br\/site\/wp-content\/uploads\/2023\/11\/402634710_682778670613791_962327292516676780_n.jpg'><img loading=\"lazy\" decoding=\"async\" width=\"300\" height=\"251\" src=\"https:\/\/itajuba.cam.mg.gov.br\/site\/wp-content\/uploads\/2023\/11\/402634710_682778670613791_962327292516676780_n-300x251.jpg\" class=\"attachment-medium size-medium\" alt=\"\" srcset=\"https:\/\/itajuba.cam.mg.gov.br\/site\/wp-content\/uploads\/2023\/11\/402634710_682778670613791_962327292516676780_n-300x251.jpg 300w, https:\/\/itajuba.cam.mg.gov.br\/site\/wp-content\/uploads\/2023\/11\/402634710_682778670613791_962327292516676780_n-768x644.jpg 768w, https:\/\/itajuba.cam.mg.gov.br\/site\/wp-content\/uploads\/2023\/11\/402634710_682778670613791_962327292516676780_n.jpg 940w\" sizes=\"auto, (max-width: 300px) 100vw, 300px\" \/><\/a>\n\t\t\t<\/div><\/figure>\n\t\t<\/div>\n\t\t<\/div>\n\t\t\t\t<\/div>\n\t\t\t\t<\/div>\n\t\t\t\t\t<\/div>\n\t\t<\/div>\n\t\t\t\t\t\t\t<\/div>\n\t\t<\/section>\n\t\t\t\t\t\t\t<\/div>\n\t\t","protected":false},"excerpt":{"rendered":"<p>A \u2018Honra ao M\u00e9rito da Sa\u00fade Dr. Rosemburgo Romano\u2019 tem a finalidade de homenagear os profissionais da sa\u00fade que tenham prestado relevantes servi\u00e7os \u00e0 popula\u00e7\u00e3o de Itajub\u00e1. Esta \u00e9 a proposta contida no Projeto de Resolu\u00e7\u00e3o (PR) N\u00b0 1040, de autoria do Vereador Markinhu Meireles (PSD), que tramita na C\u00e2mara Municipal.Reunida nesta segunda-feira (13), a [&hellip;]<\/p>\n","protected":false},"author":2,"featured_media":8549,"comment_status":"closed","ping_status":"open","sticky":false,"template":"","format":"standard","meta":{"footnotes":""},"categories":[16],"tags":[],"class_list":["post-8548","post","type-post","status-publish","format-standard","has-post-thumbnail","hentry","category-noticias"],"yoast_head":"<!-- This site is optimized with the Yoast SEO plugin v21.0 - https:\/\/yoast.com\/wordpress\/plugins\/seo\/ -->\n<title>Honra ao M\u00e9rito da Sa\u00fade - C\u00e2mara Municipal de Itajub\u00e1<\/title>\n<meta name=\"robots\" content=\"index, follow, max-snippet:-1, max-image-preview:large, max-video-preview:-1\" \/>\n<link rel=\"canonical\" href=\"https:\/\/itajuba.cam.mg.gov.br\/site\/honra-ao-merito-da-saude\/\" \/>\n<meta property=\"og:locale\" content=\"pt_BR\" \/>\n<meta property=\"og:type\" content=\"article\" \/>\n<meta property=\"og:title\" content=\"Honra ao M\u00e9rito da Sa\u00fade - C\u00e2mara Municipal de Itajub\u00e1\" \/>\n<meta property=\"og:description\" content=\"A \u2018Honra ao M\u00e9rito da Sa\u00fade Dr. Rosemburgo Romano\u2019 tem a finalidade de homenagear os profissionais da sa\u00fade que tenham prestado relevantes servi\u00e7os \u00e0 popula\u00e7\u00e3o de Itajub\u00e1. Esta \u00e9 a proposta contida no Projeto de Resolu\u00e7\u00e3o (PR) N\u00b0 1040, de autoria do Vereador Markinhu Meireles (PSD), que tramita na C\u00e2mara Municipal.Reunida nesta segunda-feira (13), a [&hellip;]\" \/>\n<meta property=\"og:url\" content=\"https:\/\/itajuba.cam.mg.gov.br\/site\/honra-ao-merito-da-saude\/\" \/>\n<meta property=\"og:site_name\" content=\"C\u00e2mara Municipal de Itajub\u00e1\" \/>\n<meta property=\"article:publisher\" content=\"https:\/\/www.facebook.com\/camaradeitajubaoficial\" \/>\n<meta property=\"article:published_time\" content=\"2023-11-14T10:03:58+00:00\" \/>\n<meta property=\"article:modified_time\" content=\"2024-10-07T19:12:07+00:00\" \/>\n<meta property=\"og:image\" content=\"https:\/\/itajuba.cam.mg.gov.br\/site\/wp-content\/uploads\/2023\/11\/IMG_8851-scaled.jpg\" \/>\n\t<meta property=\"og:image:width\" content=\"2560\" \/>\n\t<meta property=\"og:image:height\" content=\"1707\" \/>\n\t<meta property=\"og:image:type\" content=\"image\/jpeg\" \/>\n<meta name=\"author\" content=\"Matheus Rivoli\" \/>\n<meta name=\"twitter:card\" content=\"summary_large_image\" \/>\n<meta name=\"twitter:label1\" content=\"Escrito por\" \/>\n\t<meta name=\"twitter:data1\" content=\"Matheus Rivoli\" \/>\n\t<meta name=\"twitter:label2\" content=\"Est. tempo de leitura\" \/>\n\t<meta name=\"twitter:data2\" content=\"2 minutos\" \/>\n<script type=\"application\/ld+json\" class=\"yoast-schema-graph\">{\"@context\":\"https:\/\/schema.org\",\"@graph\":[{\"@type\":\"Article\",\"@id\":\"https:\/\/itajuba.cam.mg.gov.br\/site\/honra-ao-merito-da-saude\/#article\",\"isPartOf\":{\"@id\":\"https:\/\/itajuba.cam.mg.gov.br\/site\/honra-ao-merito-da-saude\/\"},\"author\":{\"name\":\"Matheus Rivoli\",\"@id\":\"https:\/\/itajuba.cam.mg.gov.br\/site\/#\/schema\/person\/98cdb7e800259cf679b23eb9942b53e6\"},\"headline\":\"Honra ao M\u00e9rito da Sa\u00fade\",\"datePublished\":\"2023-11-14T10:03:58+00:00\",\"dateModified\":\"2024-10-07T19:12:07+00:00\",\"mainEntityOfPage\":{\"@id\":\"https:\/\/itajuba.cam.mg.gov.br\/site\/honra-ao-merito-da-saude\/\"},\"wordCount\":177,\"publisher\":{\"@id\":\"https:\/\/itajuba.cam.mg.gov.br\/site\/#organization\"},\"articleSection\":[\"Not\u00edcias\"],\"inLanguage\":\"pt-BR\"},{\"@type\":\"WebPage\",\"@id\":\"https:\/\/itajuba.cam.mg.gov.br\/site\/honra-ao-merito-da-saude\/\",\"url\":\"https:\/\/itajuba.cam.mg.gov.br\/site\/honra-ao-merito-da-saude\/\",\"name\":\"Honra ao M\u00e9rito da Sa\u00fade - C\u00e2mara Municipal de Itajub\u00e1\",\"isPartOf\":{\"@id\":\"https:\/\/itajuba.cam.mg.gov.br\/site\/#website\"},\"datePublished\":\"2023-11-14T10:03:58+00:00\",\"dateModified\":\"2024-10-07T19:12:07+00:00\",\"breadcrumb\":{\"@id\":\"https:\/\/itajuba.cam.mg.gov.br\/site\/honra-ao-merito-da-saude\/#breadcrumb\"},\"inLanguage\":\"pt-BR\",\"potentialAction\":[{\"@type\":\"ReadAction\",\"target\":[\"https:\/\/itajuba.cam.mg.gov.br\/site\/honra-ao-merito-da-saude\/\"]}]},{\"@type\":\"BreadcrumbList\",\"@id\":\"https:\/\/itajuba.cam.mg.gov.br\/site\/honra-ao-merito-da-saude\/#breadcrumb\",\"itemListElement\":[{\"@type\":\"ListItem\",\"position\":1,\"name\":\"In\u00edcio\",\"item\":\"https:\/\/itajuba.cam.mg.gov.br\/site\/\"},{\"@type\":\"ListItem\",\"position\":2,\"name\":\"Honra ao M\u00e9rito da Sa\u00fade\"}]},{\"@type\":\"WebSite\",\"@id\":\"https:\/\/itajuba.cam.mg.gov.br\/site\/#website\",\"url\":\"https:\/\/itajuba.cam.mg.gov.br\/site\/\",\"name\":\"C\u00e2mara Municipal de Itajub\u00e1\",\"description\":\"Efici\u00eancia e Transpar\u00eancia\",\"publisher\":{\"@id\":\"https:\/\/itajuba.cam.mg.gov.br\/site\/#organization\"},\"potentialAction\":[{\"@type\":\"SearchAction\",\"target\":{\"@type\":\"EntryPoint\",\"urlTemplate\":\"https:\/\/itajuba.cam.mg.gov.br\/site\/?s={search_term_string}\"},\"query-input\":\"required name=search_term_string\"}],\"inLanguage\":\"pt-BR\"},{\"@type\":\"Organization\",\"@id\":\"https:\/\/itajuba.cam.mg.gov.br\/site\/#organization\",\"name\":\"C\u00e2mara Municipal de Itajub\u00e1\",\"url\":\"https:\/\/itajuba.cam.mg.gov.br\/site\/\",\"logo\":{\"@type\":\"ImageObject\",\"inLanguage\":\"pt-BR\",\"@id\":\"https:\/\/itajuba.cam.mg.gov.br\/site\/#\/schema\/logo\/image\/\",\"url\":\"https:\/\/itajuba.cam.mg.gov.br\/site\/wp-content\/uploads\/2023\/09\/logo_camara_2024.png\",\"contentUrl\":\"https:\/\/itajuba.cam.mg.gov.br\/site\/wp-content\/uploads\/2023\/09\/logo_camara_2024.png\",\"width\":1000,\"height\":385,\"caption\":\"C\u00e2mara Municipal de Itajub\u00e1\"},\"image\":{\"@id\":\"https:\/\/itajuba.cam.mg.gov.br\/site\/#\/schema\/logo\/image\/\"},\"sameAs\":[\"https:\/\/www.facebook.com\/camaradeitajubaoficial\",\"https:\/\/www.instagram.com\/camaradeitajubaoficial\/\",\"https:\/\/www.youtube.com\/user\/TVCAMARAITAJUBA\"]},{\"@type\":\"Person\",\"@id\":\"https:\/\/itajuba.cam.mg.gov.br\/site\/#\/schema\/person\/98cdb7e800259cf679b23eb9942b53e6\",\"name\":\"Matheus Rivoli\",\"image\":{\"@type\":\"ImageObject\",\"inLanguage\":\"pt-BR\",\"@id\":\"https:\/\/itajuba.cam.mg.gov.br\/site\/#\/schema\/person\/image\/\",\"url\":\"https:\/\/secure.gravatar.com\/avatar\/ef9f3e4c6803cd403e07456b108c1a951507fec5b8feac1f9ff0abaa2a3299c0?s=96&d=mm&r=g\",\"contentUrl\":\"https:\/\/secure.gravatar.com\/avatar\/ef9f3e4c6803cd403e07456b108c1a951507fec5b8feac1f9ff0abaa2a3299c0?s=96&d=mm&r=g\",\"caption\":\"Matheus Rivoli\"},\"url\":\"https:\/\/itajuba.cam.mg.gov.br\/site\/author\/matheus\/\"}]}<\/script>\n<!-- \/ Yoast SEO plugin. -->","yoast_head_json":{"title":"Honra ao M\u00e9rito da Sa\u00fade - C\u00e2mara Municipal de Itajub\u00e1","robots":{"index":"index","follow":"follow","max-snippet":"max-snippet:-1","max-image-preview":"max-image-preview:large","max-video-preview":"max-video-preview:-1"},"canonical":"https:\/\/itajuba.cam.mg.gov.br\/site\/honra-ao-merito-da-saude\/","og_locale":"pt_BR","og_type":"article","og_title":"Honra ao M\u00e9rito da Sa\u00fade - C\u00e2mara Municipal de Itajub\u00e1","og_description":"A \u2018Honra ao M\u00e9rito da Sa\u00fade Dr. Rosemburgo Romano\u2019 tem a finalidade de homenagear os profissionais da sa\u00fade que tenham prestado relevantes servi\u00e7os \u00e0 popula\u00e7\u00e3o de Itajub\u00e1. Esta \u00e9 a proposta contida no Projeto de Resolu\u00e7\u00e3o (PR) N\u00b0 1040, de autoria do Vereador Markinhu Meireles (PSD), que tramita na C\u00e2mara Municipal.Reunida nesta segunda-feira (13), a [&hellip;]","og_url":"https:\/\/itajuba.cam.mg.gov.br\/site\/honra-ao-merito-da-saude\/","og_site_name":"C\u00e2mara Municipal de Itajub\u00e1","article_publisher":"https:\/\/www.facebook.com\/camaradeitajubaoficial","article_published_time":"2023-11-14T10:03:58+00:00","article_modified_time":"2024-10-07T19:12:07+00:00","og_image":[{"width":2560,"height":1707,"url":"https:\/\/itajuba.cam.mg.gov.br\/site\/wp-content\/uploads\/2023\/11\/IMG_8851-scaled.jpg","type":"image\/jpeg"}],"author":"Matheus Rivoli","twitter_card":"summary_large_image","twitter_misc":{"Escrito por":"Matheus Rivoli","Est. tempo de leitura":"2 minutos"},"schema":{"@context":"https:\/\/schema.org","@graph":[{"@type":"Article","@id":"https:\/\/itajuba.cam.mg.gov.br\/site\/honra-ao-merito-da-saude\/#article","isPartOf":{"@id":"https:\/\/itajuba.cam.mg.gov.br\/site\/honra-ao-merito-da-saude\/"},"author":{"name":"Matheus Rivoli","@id":"https:\/\/itajuba.cam.mg.gov.br\/site\/#\/schema\/person\/98cdb7e800259cf679b23eb9942b53e6"},"headline":"Honra ao M\u00e9rito da Sa\u00fade","datePublished":"2023-11-14T10:03:58+00:00","dateModified":"2024-10-07T19:12:07+00:00","mainEntityOfPage":{"@id":"https:\/\/itajuba.cam.mg.gov.br\/site\/honra-ao-merito-da-saude\/"},"wordCount":177,"publisher":{"@id":"https:\/\/itajuba.cam.mg.gov.br\/site\/#organization"},"articleSection":["Not\u00edcias"],"inLanguage":"pt-BR"},{"@type":"WebPage","@id":"https:\/\/itajuba.cam.mg.gov.br\/site\/honra-ao-merito-da-saude\/","url":"https:\/\/itajuba.cam.mg.gov.br\/site\/honra-ao-merito-da-saude\/","name":"Honra ao M\u00e9rito da Sa\u00fade - C\u00e2mara Municipal de Itajub\u00e1","isPartOf":{"@id":"https:\/\/itajuba.cam.mg.gov.br\/site\/#website"},"datePublished":"2023-11-14T10:03:58+00:00","dateModified":"2024-10-07T19:12:07+00:00","breadcrumb":{"@id":"https:\/\/itajuba.cam.mg.gov.br\/site\/honra-ao-merito-da-saude\/#breadcrumb"},"inLanguage":"pt-BR","potentialAction":[{"@type":"ReadAction","target":["https:\/\/itajuba.cam.mg.gov.br\/site\/honra-ao-merito-da-saude\/"]}]},{"@type":"BreadcrumbList","@id":"https:\/\/itajuba.cam.mg.gov.br\/site\/honra-ao-merito-da-saude\/#breadcrumb","itemListElement":[{"@type":"ListItem","position":1,"name":"In\u00edcio","item":"https:\/\/itajuba.cam.mg.gov.br\/site\/"},{"@type":"ListItem","position":2,"name":"Honra ao M\u00e9rito da Sa\u00fade"}]},{"@type":"WebSite","@id":"https:\/\/itajuba.cam.mg.gov.br\/site\/#website","url":"https:\/\/itajuba.cam.mg.gov.br\/site\/","name":"C\u00e2mara Municipal de Itajub\u00e1","description":"Efici\u00eancia e Transpar\u00eancia","publisher":{"@id":"https:\/\/itajuba.cam.mg.gov.br\/site\/#organization"},"potentialAction":[{"@type":"SearchAction","target":{"@type":"EntryPoint","urlTemplate":"https:\/\/itajuba.cam.mg.gov.br\/site\/?s={search_term_string}"},"query-input":"required name=search_term_string"}],"inLanguage":"pt-BR"},{"@type":"Organization","@id":"https:\/\/itajuba.cam.mg.gov.br\/site\/#organization","name":"C\u00e2mara Municipal de Itajub\u00e1","url":"https:\/\/itajuba.cam.mg.gov.br\/site\/","logo":{"@type":"ImageObject","inLanguage":"pt-BR","@id":"https:\/\/itajuba.cam.mg.gov.br\/site\/#\/schema\/logo\/image\/","url":"https:\/\/itajuba.cam.mg.gov.br\/site\/wp-content\/uploads\/2023\/09\/logo_camara_2024.png","contentUrl":"https:\/\/itajuba.cam.mg.gov.br\/site\/wp-content\/uploads\/2023\/09\/logo_camara_2024.png","width":1000,"height":385,"caption":"C\u00e2mara Municipal de Itajub\u00e1"},"image":{"@id":"https:\/\/itajuba.cam.mg.gov.br\/site\/#\/schema\/logo\/image\/"},"sameAs":["https:\/\/www.facebook.com\/camaradeitajubaoficial","https:\/\/www.instagram.com\/camaradeitajubaoficial\/","https:\/\/www.youtube.com\/user\/TVCAMARAITAJUBA"]},{"@type":"Person","@id":"https:\/\/itajuba.cam.mg.gov.br\/site\/#\/schema\/person\/98cdb7e800259cf679b23eb9942b53e6","name":"Matheus Rivoli","image":{"@type":"ImageObject","inLanguage":"pt-BR","@id":"https:\/\/itajuba.cam.mg.gov.br\/site\/#\/schema\/person\/image\/","url":"https:\/\/secure.gravatar.com\/avatar\/ef9f3e4c6803cd403e07456b108c1a951507fec5b8feac1f9ff0abaa2a3299c0?s=96&d=mm&r=g","contentUrl":"https:\/\/secure.gravatar.com\/avatar\/ef9f3e4c6803cd403e07456b108c1a951507fec5b8feac1f9ff0abaa2a3299c0?s=96&d=mm&r=g","caption":"Matheus Rivoli"},"url":"https:\/\/itajuba.cam.mg.gov.br\/site\/author\/matheus\/"}]}},"_links":{"self":[{"href":"https:\/\/itajuba.cam.mg.gov.br\/site\/wp-json\/wp\/v2\/posts\/8548","targetHints":{"allow":["GET"]}}],"collection":[{"href":"https:\/\/itajuba.cam.mg.gov.br\/site\/wp-json\/wp\/v2\/posts"}],"about":[{"href":"https:\/\/itajuba.cam.mg.gov.br\/site\/wp-json\/wp\/v2\/types\/post"}],"author":[{"embeddable":true,"href":"https:\/\/itajuba.cam.mg.gov.br\/site\/wp-json\/wp\/v2\/users\/2"}],"replies":[{"embeddable":true,"href":"https:\/\/itajuba.cam.mg.gov.br\/site\/wp-json\/wp\/v2\/comments?post=8548"}],"version-history":[{"count":5,"href":"https:\/\/itajuba.cam.mg.gov.br\/site\/wp-json\/wp\/v2\/posts\/8548\/revisions"}],"predecessor-version":[{"id":8561,"href":"https:\/\/itajuba.cam.mg.gov.br\/site\/wp-json\/wp\/v2\/posts\/8548\/revisions\/8561"}],"wp:featuredmedia":[{"embeddable":true,"href":"https:\/\/itajuba.cam.mg.gov.br\/site\/wp-json\/wp\/v2\/media\/8549"}],"wp:attachment":[{"href":"https:\/\/itajuba.cam.mg.gov.br\/site\/wp-json\/wp\/v2\/media?parent=8548"}],"wp:term":[{"taxonomy":"category","embeddable":true,"href":"https:\/\/itajuba.cam.mg.gov.br\/site\/wp-json\/wp\/v2\/categories?post=8548"},{"taxonomy":"post_tag","embeddable":true,"href":"https:\/\/itajuba.cam.mg.gov.br\/site\/wp-json\/wp\/v2\/tags?post=8548"}],"curies":[{"name":"wp","href":"https:\/\/api.w.org\/{rel}","templated":true}]}}