{"id":8568,"date":"2023-11-17T20:46:48","date_gmt":"2023-11-17T20:46:48","guid":{"rendered":"https:\/\/itajuba.cam.mg.gov.br\/site\/?p=8568"},"modified":"2024-10-07T19:11:37","modified_gmt":"2024-10-07T19:11:37","slug":"projeto-de-lei-que-visa-proteger-as-abelhas-sem-ferrao-e-debatido-pela-comissao-de-meio-ambiente","status":"publish","type":"post","link":"https:\/\/itajuba.cam.mg.gov.br\/site\/projeto-de-lei-que-visa-proteger-as-abelhas-sem-ferrao-e-debatido-pela-comissao-de-meio-ambiente\/","title":{"rendered":"Projeto de lei que visa proteger as abelhas sem ferr\u00e3o \u00e9 debatido pela Comiss\u00e3o de Meio Ambiente"},"content":{"rendered":"\t\t<div data-elementor-type=\"wp-post\" data-elementor-id=\"8568\" class=\"elementor elementor-8568\" data-elementor-post-type=\"post\">\n\t\t\t\t\t\t\t\t\t<section class=\"elementor-section elementor-top-section elementor-element elementor-element-47c985a5 elementor-section-boxed elementor-section-height-default elementor-section-height-default\" data-id=\"47c985a5\" data-element_type=\"section\">\n\t\t\t\t\t\t<div class=\"elementor-container elementor-column-gap-default\">\n\t\t\t\t\t<div class=\"elementor-column elementor-col-100 elementor-top-column elementor-element elementor-element-4408c4c\" data-id=\"4408c4c\" data-element_type=\"column\">\n\t\t\t<div class=\"elementor-widget-wrap elementor-element-populated\">\n\t\t\t\t\t\t\t\t<div class=\"elementor-element elementor-element-10b14974 elementor-widget elementor-widget-text-editor\" data-id=\"10b14974\" data-element_type=\"widget\" data-widget_type=\"text-editor.default\">\n\t\t\t\t<div class=\"elementor-widget-container\">\n\t\t\t<style>\/*! elementor - v3.16.0 - 13-09-2023 *\/\n.elementor-widget-text-editor.elementor-drop-cap-view-stacked .elementor-drop-cap{background-color:#69727d;color:#fff}.elementor-widget-text-editor.elementor-drop-cap-view-framed .elementor-drop-cap{color:#69727d;border:3px solid;background-color:transparent}.elementor-widget-text-editor:not(.elementor-drop-cap-view-default) .elementor-drop-cap{margin-top:8px}.elementor-widget-text-editor:not(.elementor-drop-cap-view-default) .elementor-drop-cap-letter{width:1em;height:1em}.elementor-widget-text-editor .elementor-drop-cap{float:left;text-align:center;line-height:1;font-size:50px}.elementor-widget-text-editor .elementor-drop-cap-letter{display:inline-block}<\/style>\t\t\t\t<p><img loading=\"lazy\" decoding=\"async\" class=\"size-medium wp-image-8569 alignleft\" src=\"https:\/\/itajuba.cam.mg.gov.br\/site\/wp-content\/uploads\/2023\/11\/foto01_site-300x240.png\" alt=\"\" width=\"300\" height=\"240\" srcset=\"https:\/\/itajuba.cam.mg.gov.br\/site\/wp-content\/uploads\/2023\/11\/foto01_site-300x240.png 300w, https:\/\/itajuba.cam.mg.gov.br\/site\/wp-content\/uploads\/2023\/11\/foto01_site-1024x819.png 1024w, https:\/\/itajuba.cam.mg.gov.br\/site\/wp-content\/uploads\/2023\/11\/foto01_site-768x615.png 768w, https:\/\/itajuba.cam.mg.gov.br\/site\/wp-content\/uploads\/2023\/11\/foto01_site.png 1081w\" sizes=\"auto, (max-width: 300px) 100vw, 300px\" \/>A reuni\u00e3o foi realizada nesta quinta-feira, 16 de novembro, o contou com a presen\u00e7a de Rodolfo Guimar\u00e3es e Gustavo Rodrigues, representantes do Colmeia \u2013 Coletivo Organizado Livre para Meliprodutores e Intelig\u00eancia Ap\u00edcola.<\/p><p>O Projeto de Lei n\u00ba 4742, de autoria do vereador Silvio Vieira, visa proteger as abelhas da esp\u00e9cie mel\u00edpona (que n\u00e3o possuem ferr\u00e3o), e estimular a poliniza\u00e7\u00e3o urbana em Itajub\u00e1. A proposta visa tamb\u00e9m conscientizar sobre a prote\u00e7\u00e3o dos insetos polinizadores de maneira geral, assim como dos riscos de extin\u00e7\u00e3o das abelhas.<\/p><p>Os convidados apresentaram propostas de mudan\u00e7as no projeto, que ser\u00e3o analisadas pelo autor, pela Comiss\u00e3o e pela Procuradoria Jur\u00eddica da C\u00e2mara.<\/p>\t\t\t\t\t\t<\/div>\n\t\t\t\t<\/div>\n\t\t\t\t\t<\/div>\n\t\t<\/div>\n\t\t\t\t\t\t\t<\/div>\n\t\t<\/section>\n\t\t\t\t<section class=\"elementor-section elementor-top-section elementor-element elementor-element-280cfa5 elementor-section-boxed elementor-section-height-default elementor-section-height-default\" data-id=\"280cfa5\" data-element_type=\"section\">\n\t\t\t\t\t\t<div class=\"elementor-container elementor-column-gap-default\">\n\t\t\t\t\t<div class=\"elementor-column elementor-col-100 elementor-top-column elementor-element elementor-element-0685e07\" data-id=\"0685e07\" data-element_type=\"column\">\n\t\t\t<div class=\"elementor-widget-wrap elementor-element-populated\">\n\t\t\t\t\t\t\t\t<div class=\"elementor-element elementor-element-9be5085 gallery-spacing-custom elementor-widget elementor-widget-image-gallery\" data-id=\"9be5085\" data-element_type=\"widget\" data-widget_type=\"image-gallery.default\">\n\t\t\t\t<div class=\"elementor-widget-container\">\n\t\t\t<style>\/*! elementor - v3.16.0 - 13-09-2023 *\/\n.elementor-image-gallery .gallery-item{display:inline-block;text-align:center;vertical-align:top;width:100%;max-width:100%;margin:0 auto}.elementor-image-gallery .gallery-item img{margin:0 auto}.elementor-image-gallery .gallery-item .gallery-caption{margin:0}.elementor-image-gallery figure img{display:block}.elementor-image-gallery figure figcaption{width:100%}.gallery-spacing-custom .elementor-image-gallery .gallery-icon{padding:0}@media (min-width:768px){.elementor-image-gallery .gallery-columns-2 .gallery-item{max-width:50%}.elementor-image-gallery .gallery-columns-3 .gallery-item{max-width:33.33%}.elementor-image-gallery .gallery-columns-4 .gallery-item{max-width:25%}.elementor-image-gallery .gallery-columns-5 .gallery-item{max-width:20%}.elementor-image-gallery .gallery-columns-6 .gallery-item{max-width:16.666%}.elementor-image-gallery .gallery-columns-7 .gallery-item{max-width:14.28%}.elementor-image-gallery .gallery-columns-8 .gallery-item{max-width:12.5%}.elementor-image-gallery .gallery-columns-9 .gallery-item{max-width:11.11%}.elementor-image-gallery .gallery-columns-10 .gallery-item{max-width:10%}}@media (min-width:480px) and (max-width:767px){.elementor-image-gallery .gallery.gallery-columns-2 .gallery-item,.elementor-image-gallery .gallery.gallery-columns-3 .gallery-item,.elementor-image-gallery .gallery.gallery-columns-4 .gallery-item,.elementor-image-gallery .gallery.gallery-columns-5 .gallery-item,.elementor-image-gallery .gallery.gallery-columns-6 .gallery-item,.elementor-image-gallery .gallery.gallery-columns-7 .gallery-item,.elementor-image-gallery .gallery.gallery-columns-8 .gallery-item,.elementor-image-gallery .gallery.gallery-columns-9 .gallery-item,.elementor-image-gallery .gallery.gallery-columns-10 .gallery-item{max-width:50%}}@media (max-width:479px){.elementor-image-gallery .gallery.gallery-columns-2 .gallery-item,.elementor-image-gallery .gallery.gallery-columns-3 .gallery-item,.elementor-image-gallery .gallery.gallery-columns-4 .gallery-item,.elementor-image-gallery .gallery.gallery-columns-5 .gallery-item,.elementor-image-gallery .gallery.gallery-columns-6 .gallery-item,.elementor-image-gallery .gallery.gallery-columns-7 .gallery-item,.elementor-image-gallery .gallery.gallery-columns-8 .gallery-item,.elementor-image-gallery .gallery.gallery-columns-9 .gallery-item,.elementor-image-gallery .gallery.gallery-columns-10 .gallery-item{max-width:100%}}<\/style>\t\t<div class=\"elementor-image-gallery\">\n\t\t\t<div id='gallery-1' class='gallery galleryid-8568 gallery-columns-4 gallery-size-medium'><figure class='gallery-item'>\n\t\t\t<div class='gallery-icon landscape'>\n\t\t\t\t<a data-elementor-open-lightbox=\"yes\" data-elementor-lightbox-slideshow=\"9be5085\" data-e-action-hash=\"#elementor-action%3Aaction%3Dlightbox%26settings%3DeyJpZCI6ODU3MSwidXJsIjoiaHR0cHM6XC9cL2l0YWp1YmEuY2FtLm1nLmdvdi5iclwvc2l0ZVwvd3AtY29udGVudFwvdXBsb2Fkc1wvMjAyM1wvMTFcL2ZvdG8wMl9mYWNlLnBuZyIsInNsaWRlc2hvdyI6IjliZTUwODUifQ%3D%3D\" href='https:\/\/itajuba.cam.mg.gov.br\/site\/wp-content\/uploads\/2023\/11\/foto02_face.png'><img loading=\"lazy\" decoding=\"async\" width=\"300\" height=\"240\" src=\"https:\/\/itajuba.cam.mg.gov.br\/site\/wp-content\/uploads\/2023\/11\/foto02_face-300x240.png\" class=\"attachment-medium size-medium\" alt=\"\" srcset=\"https:\/\/itajuba.cam.mg.gov.br\/site\/wp-content\/uploads\/2023\/11\/foto02_face-300x240.png 300w, https:\/\/itajuba.cam.mg.gov.br\/site\/wp-content\/uploads\/2023\/11\/foto02_face-1024x818.png 1024w, https:\/\/itajuba.cam.mg.gov.br\/site\/wp-content\/uploads\/2023\/11\/foto02_face-768x614.png 768w, https:\/\/itajuba.cam.mg.gov.br\/site\/wp-content\/uploads\/2023\/11\/foto02_face.png 1081w\" sizes=\"auto, (max-width: 300px) 100vw, 300px\" \/><\/a>\n\t\t\t<\/div><\/figure><figure class='gallery-item'>\n\t\t\t<div class='gallery-icon landscape'>\n\t\t\t\t<a data-elementor-open-lightbox=\"yes\" data-elementor-lightbox-slideshow=\"9be5085\" data-e-action-hash=\"#elementor-action%3Aaction%3Dlightbox%26settings%3DeyJpZCI6ODU3MiwidXJsIjoiaHR0cHM6XC9cL2l0YWp1YmEuY2FtLm1nLmdvdi5iclwvc2l0ZVwvd3AtY29udGVudFwvdXBsb2Fkc1wvMjAyM1wvMTFcL2ZvdG8wM19mYWNlLnBuZyIsInNsaWRlc2hvdyI6IjliZTUwODUifQ%3D%3D\" href='https:\/\/itajuba.cam.mg.gov.br\/site\/wp-content\/uploads\/2023\/11\/foto03_face.png'><img loading=\"lazy\" decoding=\"async\" width=\"300\" height=\"240\" src=\"https:\/\/itajuba.cam.mg.gov.br\/site\/wp-content\/uploads\/2023\/11\/foto03_face-300x240.png\" class=\"attachment-medium size-medium\" alt=\"\" srcset=\"https:\/\/itajuba.cam.mg.gov.br\/site\/wp-content\/uploads\/2023\/11\/foto03_face-300x240.png 300w, https:\/\/itajuba.cam.mg.gov.br\/site\/wp-content\/uploads\/2023\/11\/foto03_face-1024x818.png 1024w, https:\/\/itajuba.cam.mg.gov.br\/site\/wp-content\/uploads\/2023\/11\/foto03_face-768x614.png 768w, https:\/\/itajuba.cam.mg.gov.br\/site\/wp-content\/uploads\/2023\/11\/foto03_face.png 1081w\" sizes=\"auto, (max-width: 300px) 100vw, 300px\" \/><\/a>\n\t\t\t<\/div><\/figure><figure class='gallery-item'>\n\t\t\t<div class='gallery-icon landscape'>\n\t\t\t\t<a data-elementor-open-lightbox=\"yes\" data-elementor-lightbox-slideshow=\"9be5085\" data-e-action-hash=\"#elementor-action%3Aaction%3Dlightbox%26settings%3DeyJpZCI6ODU3MywidXJsIjoiaHR0cHM6XC9cL2l0YWp1YmEuY2FtLm1nLmdvdi5iclwvc2l0ZVwvd3AtY29udGVudFwvdXBsb2Fkc1wvMjAyM1wvMTFcL2ZvdG8wNF9mYWNlLnBuZyIsInNsaWRlc2hvdyI6IjliZTUwODUifQ%3D%3D\" href='https:\/\/itajuba.cam.mg.gov.br\/site\/wp-content\/uploads\/2023\/11\/foto04_face.png'><img loading=\"lazy\" decoding=\"async\" width=\"300\" height=\"240\" src=\"https:\/\/itajuba.cam.mg.gov.br\/site\/wp-content\/uploads\/2023\/11\/foto04_face-300x240.png\" class=\"attachment-medium size-medium\" alt=\"\" srcset=\"https:\/\/itajuba.cam.mg.gov.br\/site\/wp-content\/uploads\/2023\/11\/foto04_face-300x240.png 300w, https:\/\/itajuba.cam.mg.gov.br\/site\/wp-content\/uploads\/2023\/11\/foto04_face-1024x819.png 1024w, https:\/\/itajuba.cam.mg.gov.br\/site\/wp-content\/uploads\/2023\/11\/foto04_face-768x615.png 768w, https:\/\/itajuba.cam.mg.gov.br\/site\/wp-content\/uploads\/2023\/11\/foto04_face.png 1081w\" sizes=\"auto, (max-width: 300px) 100vw, 300px\" \/><\/a>\n\t\t\t<\/div><\/figure><figure class='gallery-item'>\n\t\t\t<div class='gallery-icon landscape'>\n\t\t\t\t<a data-elementor-open-lightbox=\"yes\" data-elementor-lightbox-slideshow=\"9be5085\" data-e-action-hash=\"#elementor-action%3Aaction%3Dlightbox%26settings%3DeyJpZCI6ODU3NCwidXJsIjoiaHR0cHM6XC9cL2l0YWp1YmEuY2FtLm1nLmdvdi5iclwvc2l0ZVwvd3AtY29udGVudFwvdXBsb2Fkc1wvMjAyM1wvMTFcL2ZvdG8wNV9mYWNlLnBuZyIsInNsaWRlc2hvdyI6IjliZTUwODUifQ%3D%3D\" href='https:\/\/itajuba.cam.mg.gov.br\/site\/wp-content\/uploads\/2023\/11\/foto05_face.png'><img loading=\"lazy\" decoding=\"async\" width=\"300\" height=\"240\" src=\"https:\/\/itajuba.cam.mg.gov.br\/site\/wp-content\/uploads\/2023\/11\/foto05_face-300x240.png\" class=\"attachment-medium size-medium\" alt=\"\" srcset=\"https:\/\/itajuba.cam.mg.gov.br\/site\/wp-content\/uploads\/2023\/11\/foto05_face-300x240.png 300w, https:\/\/itajuba.cam.mg.gov.br\/site\/wp-content\/uploads\/2023\/11\/foto05_face-1024x819.png 1024w, https:\/\/itajuba.cam.mg.gov.br\/site\/wp-content\/uploads\/2023\/11\/foto05_face-768x615.png 768w, https:\/\/itajuba.cam.mg.gov.br\/site\/wp-content\/uploads\/2023\/11\/foto05_face.png 1081w\" sizes=\"auto, (max-width: 300px) 100vw, 300px\" \/><\/a>\n\t\t\t<\/div><\/figure><figure class='gallery-item'>\n\t\t\t<div class='gallery-icon landscape'>\n\t\t\t\t<a data-elementor-open-lightbox=\"yes\" data-elementor-lightbox-slideshow=\"9be5085\" data-e-action-hash=\"#elementor-action%3Aaction%3Dlightbox%26settings%3DeyJpZCI6ODU3NSwidXJsIjoiaHR0cHM6XC9cL2l0YWp1YmEuY2FtLm1nLmdvdi5iclwvc2l0ZVwvd3AtY29udGVudFwvdXBsb2Fkc1wvMjAyM1wvMTFcL2ZvdG8wNl9mYWNlLnBuZyIsInNsaWRlc2hvdyI6IjliZTUwODUifQ%3D%3D\" href='https:\/\/itajuba.cam.mg.gov.br\/site\/wp-content\/uploads\/2023\/11\/foto06_face.png'><img loading=\"lazy\" decoding=\"async\" width=\"300\" height=\"240\" src=\"https:\/\/itajuba.cam.mg.gov.br\/site\/wp-content\/uploads\/2023\/11\/foto06_face-300x240.png\" class=\"attachment-medium size-medium\" alt=\"\" srcset=\"https:\/\/itajuba.cam.mg.gov.br\/site\/wp-content\/uploads\/2023\/11\/foto06_face-300x240.png 300w, https:\/\/itajuba.cam.mg.gov.br\/site\/wp-content\/uploads\/2023\/11\/foto06_face-1024x819.png 1024w, https:\/\/itajuba.cam.mg.gov.br\/site\/wp-content\/uploads\/2023\/11\/foto06_face-768x615.png 768w, https:\/\/itajuba.cam.mg.gov.br\/site\/wp-content\/uploads\/2023\/11\/foto06_face.png 1081w\" sizes=\"auto, (max-width: 300px) 100vw, 300px\" \/><\/a>\n\t\t\t<\/div><\/figure>\n\t\t<\/div>\n\t\t<\/div>\n\t\t\t\t<\/div>\n\t\t\t\t<\/div>\n\t\t\t\t\t<\/div>\n\t\t<\/div>\n\t\t\t\t\t\t\t<\/div>\n\t\t<\/section>\n\t\t\t\t\t\t\t<\/div>\n\t\t","protected":false},"excerpt":{"rendered":"<p>A reuni\u00e3o foi realizada nesta quinta-feira, 16 de novembro, o contou com a presen\u00e7a de Rodolfo Guimar\u00e3es e Gustavo Rodrigues, representantes do Colmeia \u2013 Coletivo Organizado Livre para Meliprodutores e Intelig\u00eancia Ap\u00edcola. O Projeto de Lei n\u00ba 4742, de autoria do vereador Silvio Vieira, visa proteger as abelhas da esp\u00e9cie mel\u00edpona (que n\u00e3o possuem ferr\u00e3o), [&hellip;]<\/p>\n","protected":false},"author":2,"featured_media":8569,"comment_status":"closed","ping_status":"open","sticky":false,"template":"","format":"standard","meta":{"footnotes":""},"categories":[16],"tags":[],"class_list":["post-8568","post","type-post","status-publish","format-standard","has-post-thumbnail","hentry","category-noticias"],"yoast_head":"<!-- This site is optimized with the Yoast SEO plugin v21.0 - https:\/\/yoast.com\/wordpress\/plugins\/seo\/ -->\n<title>Projeto de lei que visa proteger as abelhas sem ferr\u00e3o \u00e9 debatido pela Comiss\u00e3o de Meio Ambiente - C\u00e2mara Municipal de Itajub\u00e1<\/title>\n<meta name=\"robots\" content=\"index, follow, max-snippet:-1, max-image-preview:large, max-video-preview:-1\" \/>\n<link rel=\"canonical\" href=\"https:\/\/itajuba.cam.mg.gov.br\/site\/projeto-de-lei-que-visa-proteger-as-abelhas-sem-ferrao-e-debatido-pela-comissao-de-meio-ambiente\/\" \/>\n<meta property=\"og:locale\" content=\"pt_BR\" \/>\n<meta property=\"og:type\" content=\"article\" \/>\n<meta property=\"og:title\" content=\"Projeto de lei que visa proteger as abelhas sem ferr\u00e3o \u00e9 debatido pela Comiss\u00e3o de Meio Ambiente - C\u00e2mara Municipal de Itajub\u00e1\" \/>\n<meta property=\"og:description\" content=\"A reuni\u00e3o foi realizada nesta quinta-feira, 16 de novembro, o contou com a presen\u00e7a de Rodolfo Guimar\u00e3es e Gustavo Rodrigues, representantes do Colmeia \u2013 Coletivo Organizado Livre para Meliprodutores e Intelig\u00eancia Ap\u00edcola. O Projeto de Lei n\u00ba 4742, de autoria do vereador Silvio Vieira, visa proteger as abelhas da esp\u00e9cie mel\u00edpona (que n\u00e3o possuem ferr\u00e3o), [&hellip;]\" \/>\n<meta property=\"og:url\" content=\"https:\/\/itajuba.cam.mg.gov.br\/site\/projeto-de-lei-que-visa-proteger-as-abelhas-sem-ferrao-e-debatido-pela-comissao-de-meio-ambiente\/\" \/>\n<meta property=\"og:site_name\" content=\"C\u00e2mara Municipal de Itajub\u00e1\" \/>\n<meta property=\"article:publisher\" content=\"https:\/\/www.facebook.com\/camaradeitajubaoficial\" \/>\n<meta property=\"article:published_time\" content=\"2023-11-17T20:46:48+00:00\" \/>\n<meta property=\"article:modified_time\" content=\"2024-10-07T19:11:37+00:00\" \/>\n<meta property=\"og:image\" content=\"https:\/\/itajuba.cam.mg.gov.br\/site\/wp-content\/uploads\/2023\/11\/foto01_site.png\" \/>\n\t<meta property=\"og:image:width\" content=\"1081\" \/>\n\t<meta property=\"og:image:height\" content=\"865\" \/>\n\t<meta property=\"og:image:type\" content=\"image\/png\" \/>\n<meta name=\"author\" content=\"Matheus Rivoli\" \/>\n<meta name=\"twitter:card\" content=\"summary_large_image\" \/>\n<meta name=\"twitter:label1\" content=\"Escrito por\" \/>\n\t<meta name=\"twitter:data1\" content=\"Matheus Rivoli\" \/>\n\t<meta name=\"twitter:label2\" content=\"Est. tempo de leitura\" \/>\n\t<meta name=\"twitter:data2\" content=\"2 minutos\" \/>\n<script type=\"application\/ld+json\" class=\"yoast-schema-graph\">{\"@context\":\"https:\/\/schema.org\",\"@graph\":[{\"@type\":\"Article\",\"@id\":\"https:\/\/itajuba.cam.mg.gov.br\/site\/projeto-de-lei-que-visa-proteger-as-abelhas-sem-ferrao-e-debatido-pela-comissao-de-meio-ambiente\/#article\",\"isPartOf\":{\"@id\":\"https:\/\/itajuba.cam.mg.gov.br\/site\/projeto-de-lei-que-visa-proteger-as-abelhas-sem-ferrao-e-debatido-pela-comissao-de-meio-ambiente\/\"},\"author\":{\"name\":\"Matheus Rivoli\",\"@id\":\"https:\/\/itajuba.cam.mg.gov.br\/site\/#\/schema\/person\/98cdb7e800259cf679b23eb9942b53e6\"},\"headline\":\"Projeto de lei que visa proteger as abelhas sem ferr\u00e3o \u00e9 debatido pela Comiss\u00e3o de Meio Ambiente\",\"datePublished\":\"2023-11-17T20:46:48+00:00\",\"dateModified\":\"2024-10-07T19:11:37+00:00\",\"mainEntityOfPage\":{\"@id\":\"https:\/\/itajuba.cam.mg.gov.br\/site\/projeto-de-lei-que-visa-proteger-as-abelhas-sem-ferrao-e-debatido-pela-comissao-de-meio-ambiente\/\"},\"wordCount\":138,\"publisher\":{\"@id\":\"https:\/\/itajuba.cam.mg.gov.br\/site\/#organization\"},\"articleSection\":[\"Not\u00edcias\"],\"inLanguage\":\"pt-BR\"},{\"@type\":\"WebPage\",\"@id\":\"https:\/\/itajuba.cam.mg.gov.br\/site\/projeto-de-lei-que-visa-proteger-as-abelhas-sem-ferrao-e-debatido-pela-comissao-de-meio-ambiente\/\",\"url\":\"https:\/\/itajuba.cam.mg.gov.br\/site\/projeto-de-lei-que-visa-proteger-as-abelhas-sem-ferrao-e-debatido-pela-comissao-de-meio-ambiente\/\",\"name\":\"Projeto de lei que visa proteger as abelhas sem ferr\u00e3o \u00e9 debatido pela Comiss\u00e3o de Meio Ambiente - C\u00e2mara Municipal de Itajub\u00e1\",\"isPartOf\":{\"@id\":\"https:\/\/itajuba.cam.mg.gov.br\/site\/#website\"},\"datePublished\":\"2023-11-17T20:46:48+00:00\",\"dateModified\":\"2024-10-07T19:11:37+00:00\",\"breadcrumb\":{\"@id\":\"https:\/\/itajuba.cam.mg.gov.br\/site\/projeto-de-lei-que-visa-proteger-as-abelhas-sem-ferrao-e-debatido-pela-comissao-de-meio-ambiente\/#breadcrumb\"},\"inLanguage\":\"pt-BR\",\"potentialAction\":[{\"@type\":\"ReadAction\",\"target\":[\"https:\/\/itajuba.cam.mg.gov.br\/site\/projeto-de-lei-que-visa-proteger-as-abelhas-sem-ferrao-e-debatido-pela-comissao-de-meio-ambiente\/\"]}]},{\"@type\":\"BreadcrumbList\",\"@id\":\"https:\/\/itajuba.cam.mg.gov.br\/site\/projeto-de-lei-que-visa-proteger-as-abelhas-sem-ferrao-e-debatido-pela-comissao-de-meio-ambiente\/#breadcrumb\",\"itemListElement\":[{\"@type\":\"ListItem\",\"position\":1,\"name\":\"In\u00edcio\",\"item\":\"https:\/\/itajuba.cam.mg.gov.br\/site\/\"},{\"@type\":\"ListItem\",\"position\":2,\"name\":\"Projeto de lei que visa proteger as abelhas sem ferr\u00e3o \u00e9 debatido pela Comiss\u00e3o de Meio Ambiente\"}]},{\"@type\":\"WebSite\",\"@id\":\"https:\/\/itajuba.cam.mg.gov.br\/site\/#website\",\"url\":\"https:\/\/itajuba.cam.mg.gov.br\/site\/\",\"name\":\"C\u00e2mara Municipal de Itajub\u00e1\",\"description\":\"Efici\u00eancia e Transpar\u00eancia\",\"publisher\":{\"@id\":\"https:\/\/itajuba.cam.mg.gov.br\/site\/#organization\"},\"potentialAction\":[{\"@type\":\"SearchAction\",\"target\":{\"@type\":\"EntryPoint\",\"urlTemplate\":\"https:\/\/itajuba.cam.mg.gov.br\/site\/?s={search_term_string}\"},\"query-input\":\"required name=search_term_string\"}],\"inLanguage\":\"pt-BR\"},{\"@type\":\"Organization\",\"@id\":\"https:\/\/itajuba.cam.mg.gov.br\/site\/#organization\",\"name\":\"C\u00e2mara Municipal de Itajub\u00e1\",\"url\":\"https:\/\/itajuba.cam.mg.gov.br\/site\/\",\"logo\":{\"@type\":\"ImageObject\",\"inLanguage\":\"pt-BR\",\"@id\":\"https:\/\/itajuba.cam.mg.gov.br\/site\/#\/schema\/logo\/image\/\",\"url\":\"https:\/\/itajuba.cam.mg.gov.br\/site\/wp-content\/uploads\/2023\/09\/logo_camara_2024.png\",\"contentUrl\":\"https:\/\/itajuba.cam.mg.gov.br\/site\/wp-content\/uploads\/2023\/09\/logo_camara_2024.png\",\"width\":1000,\"height\":385,\"caption\":\"C\u00e2mara Municipal de Itajub\u00e1\"},\"image\":{\"@id\":\"https:\/\/itajuba.cam.mg.gov.br\/site\/#\/schema\/logo\/image\/\"},\"sameAs\":[\"https:\/\/www.facebook.com\/camaradeitajubaoficial\",\"https:\/\/www.instagram.com\/camaradeitajubaoficial\/\",\"https:\/\/www.youtube.com\/user\/TVCAMARAITAJUBA\"]},{\"@type\":\"Person\",\"@id\":\"https:\/\/itajuba.cam.mg.gov.br\/site\/#\/schema\/person\/98cdb7e800259cf679b23eb9942b53e6\",\"name\":\"Matheus Rivoli\",\"image\":{\"@type\":\"ImageObject\",\"inLanguage\":\"pt-BR\",\"@id\":\"https:\/\/itajuba.cam.mg.gov.br\/site\/#\/schema\/person\/image\/\",\"url\":\"https:\/\/secure.gravatar.com\/avatar\/ef9f3e4c6803cd403e07456b108c1a951507fec5b8feac1f9ff0abaa2a3299c0?s=96&d=mm&r=g\",\"contentUrl\":\"https:\/\/secure.gravatar.com\/avatar\/ef9f3e4c6803cd403e07456b108c1a951507fec5b8feac1f9ff0abaa2a3299c0?s=96&d=mm&r=g\",\"caption\":\"Matheus Rivoli\"},\"url\":\"https:\/\/itajuba.cam.mg.gov.br\/site\/author\/matheus\/\"}]}<\/script>\n<!-- \/ Yoast SEO plugin. -->","yoast_head_json":{"title":"Projeto de lei que visa proteger as abelhas sem ferr\u00e3o \u00e9 debatido pela Comiss\u00e3o de Meio Ambiente - C\u00e2mara Municipal de Itajub\u00e1","robots":{"index":"index","follow":"follow","max-snippet":"max-snippet:-1","max-image-preview":"max-image-preview:large","max-video-preview":"max-video-preview:-1"},"canonical":"https:\/\/itajuba.cam.mg.gov.br\/site\/projeto-de-lei-que-visa-proteger-as-abelhas-sem-ferrao-e-debatido-pela-comissao-de-meio-ambiente\/","og_locale":"pt_BR","og_type":"article","og_title":"Projeto de lei que visa proteger as abelhas sem ferr\u00e3o \u00e9 debatido pela Comiss\u00e3o de Meio Ambiente - C\u00e2mara Municipal de Itajub\u00e1","og_description":"A reuni\u00e3o foi realizada nesta quinta-feira, 16 de novembro, o contou com a presen\u00e7a de Rodolfo Guimar\u00e3es e Gustavo Rodrigues, representantes do Colmeia \u2013 Coletivo Organizado Livre para Meliprodutores e Intelig\u00eancia Ap\u00edcola. O Projeto de Lei n\u00ba 4742, de autoria do vereador Silvio Vieira, visa proteger as abelhas da esp\u00e9cie mel\u00edpona (que n\u00e3o possuem ferr\u00e3o), [&hellip;]","og_url":"https:\/\/itajuba.cam.mg.gov.br\/site\/projeto-de-lei-que-visa-proteger-as-abelhas-sem-ferrao-e-debatido-pela-comissao-de-meio-ambiente\/","og_site_name":"C\u00e2mara Municipal de Itajub\u00e1","article_publisher":"https:\/\/www.facebook.com\/camaradeitajubaoficial","article_published_time":"2023-11-17T20:46:48+00:00","article_modified_time":"2024-10-07T19:11:37+00:00","og_image":[{"width":1081,"height":865,"url":"https:\/\/itajuba.cam.mg.gov.br\/site\/wp-content\/uploads\/2023\/11\/foto01_site.png","type":"image\/png"}],"author":"Matheus Rivoli","twitter_card":"summary_large_image","twitter_misc":{"Escrito por":"Matheus Rivoli","Est. tempo de leitura":"2 minutos"},"schema":{"@context":"https:\/\/schema.org","@graph":[{"@type":"Article","@id":"https:\/\/itajuba.cam.mg.gov.br\/site\/projeto-de-lei-que-visa-proteger-as-abelhas-sem-ferrao-e-debatido-pela-comissao-de-meio-ambiente\/#article","isPartOf":{"@id":"https:\/\/itajuba.cam.mg.gov.br\/site\/projeto-de-lei-que-visa-proteger-as-abelhas-sem-ferrao-e-debatido-pela-comissao-de-meio-ambiente\/"},"author":{"name":"Matheus Rivoli","@id":"https:\/\/itajuba.cam.mg.gov.br\/site\/#\/schema\/person\/98cdb7e800259cf679b23eb9942b53e6"},"headline":"Projeto de lei que visa proteger as abelhas sem ferr\u00e3o \u00e9 debatido pela Comiss\u00e3o de Meio Ambiente","datePublished":"2023-11-17T20:46:48+00:00","dateModified":"2024-10-07T19:11:37+00:00","mainEntityOfPage":{"@id":"https:\/\/itajuba.cam.mg.gov.br\/site\/projeto-de-lei-que-visa-proteger-as-abelhas-sem-ferrao-e-debatido-pela-comissao-de-meio-ambiente\/"},"wordCount":138,"publisher":{"@id":"https:\/\/itajuba.cam.mg.gov.br\/site\/#organization"},"articleSection":["Not\u00edcias"],"inLanguage":"pt-BR"},{"@type":"WebPage","@id":"https:\/\/itajuba.cam.mg.gov.br\/site\/projeto-de-lei-que-visa-proteger-as-abelhas-sem-ferrao-e-debatido-pela-comissao-de-meio-ambiente\/","url":"https:\/\/itajuba.cam.mg.gov.br\/site\/projeto-de-lei-que-visa-proteger-as-abelhas-sem-ferrao-e-debatido-pela-comissao-de-meio-ambiente\/","name":"Projeto de lei que visa proteger as abelhas sem ferr\u00e3o \u00e9 debatido pela Comiss\u00e3o de Meio Ambiente - C\u00e2mara Municipal de Itajub\u00e1","isPartOf":{"@id":"https:\/\/itajuba.cam.mg.gov.br\/site\/#website"},"datePublished":"2023-11-17T20:46:48+00:00","dateModified":"2024-10-07T19:11:37+00:00","breadcrumb":{"@id":"https:\/\/itajuba.cam.mg.gov.br\/site\/projeto-de-lei-que-visa-proteger-as-abelhas-sem-ferrao-e-debatido-pela-comissao-de-meio-ambiente\/#breadcrumb"},"inLanguage":"pt-BR","potentialAction":[{"@type":"ReadAction","target":["https:\/\/itajuba.cam.mg.gov.br\/site\/projeto-de-lei-que-visa-proteger-as-abelhas-sem-ferrao-e-debatido-pela-comissao-de-meio-ambiente\/"]}]},{"@type":"BreadcrumbList","@id":"https:\/\/itajuba.cam.mg.gov.br\/site\/projeto-de-lei-que-visa-proteger-as-abelhas-sem-ferrao-e-debatido-pela-comissao-de-meio-ambiente\/#breadcrumb","itemListElement":[{"@type":"ListItem","position":1,"name":"In\u00edcio","item":"https:\/\/itajuba.cam.mg.gov.br\/site\/"},{"@type":"ListItem","position":2,"name":"Projeto de lei que visa proteger as abelhas sem ferr\u00e3o \u00e9 debatido pela Comiss\u00e3o de Meio Ambiente"}]},{"@type":"WebSite","@id":"https:\/\/itajuba.cam.mg.gov.br\/site\/#website","url":"https:\/\/itajuba.cam.mg.gov.br\/site\/","name":"C\u00e2mara Municipal de Itajub\u00e1","description":"Efici\u00eancia e Transpar\u00eancia","publisher":{"@id":"https:\/\/itajuba.cam.mg.gov.br\/site\/#organization"},"potentialAction":[{"@type":"SearchAction","target":{"@type":"EntryPoint","urlTemplate":"https:\/\/itajuba.cam.mg.gov.br\/site\/?s={search_term_string}"},"query-input":"required name=search_term_string"}],"inLanguage":"pt-BR"},{"@type":"Organization","@id":"https:\/\/itajuba.cam.mg.gov.br\/site\/#organization","name":"C\u00e2mara Municipal de Itajub\u00e1","url":"https:\/\/itajuba.cam.mg.gov.br\/site\/","logo":{"@type":"ImageObject","inLanguage":"pt-BR","@id":"https:\/\/itajuba.cam.mg.gov.br\/site\/#\/schema\/logo\/image\/","url":"https:\/\/itajuba.cam.mg.gov.br\/site\/wp-content\/uploads\/2023\/09\/logo_camara_2024.png","contentUrl":"https:\/\/itajuba.cam.mg.gov.br\/site\/wp-content\/uploads\/2023\/09\/logo_camara_2024.png","width":1000,"height":385,"caption":"C\u00e2mara Municipal de Itajub\u00e1"},"image":{"@id":"https:\/\/itajuba.cam.mg.gov.br\/site\/#\/schema\/logo\/image\/"},"sameAs":["https:\/\/www.facebook.com\/camaradeitajubaoficial","https:\/\/www.instagram.com\/camaradeitajubaoficial\/","https:\/\/www.youtube.com\/user\/TVCAMARAITAJUBA"]},{"@type":"Person","@id":"https:\/\/itajuba.cam.mg.gov.br\/site\/#\/schema\/person\/98cdb7e800259cf679b23eb9942b53e6","name":"Matheus Rivoli","image":{"@type":"ImageObject","inLanguage":"pt-BR","@id":"https:\/\/itajuba.cam.mg.gov.br\/site\/#\/schema\/person\/image\/","url":"https:\/\/secure.gravatar.com\/avatar\/ef9f3e4c6803cd403e07456b108c1a951507fec5b8feac1f9ff0abaa2a3299c0?s=96&d=mm&r=g","contentUrl":"https:\/\/secure.gravatar.com\/avatar\/ef9f3e4c6803cd403e07456b108c1a951507fec5b8feac1f9ff0abaa2a3299c0?s=96&d=mm&r=g","caption":"Matheus Rivoli"},"url":"https:\/\/itajuba.cam.mg.gov.br\/site\/author\/matheus\/"}]}},"_links":{"self":[{"href":"https:\/\/itajuba.cam.mg.gov.br\/site\/wp-json\/wp\/v2\/posts\/8568","targetHints":{"allow":["GET"]}}],"collection":[{"href":"https:\/\/itajuba.cam.mg.gov.br\/site\/wp-json\/wp\/v2\/posts"}],"about":[{"href":"https:\/\/itajuba.cam.mg.gov.br\/site\/wp-json\/wp\/v2\/types\/post"}],"author":[{"embeddable":true,"href":"https:\/\/itajuba.cam.mg.gov.br\/site\/wp-json\/wp\/v2\/users\/2"}],"replies":[{"embeddable":true,"href":"https:\/\/itajuba.cam.mg.gov.br\/site\/wp-json\/wp\/v2\/comments?post=8568"}],"version-history":[{"count":4,"href":"https:\/\/itajuba.cam.mg.gov.br\/site\/wp-json\/wp\/v2\/posts\/8568\/revisions"}],"predecessor-version":[{"id":8578,"href":"https:\/\/itajuba.cam.mg.gov.br\/site\/wp-json\/wp\/v2\/posts\/8568\/revisions\/8578"}],"wp:featuredmedia":[{"embeddable":true,"href":"https:\/\/itajuba.cam.mg.gov.br\/site\/wp-json\/wp\/v2\/media\/8569"}],"wp:attachment":[{"href":"https:\/\/itajuba.cam.mg.gov.br\/site\/wp-json\/wp\/v2\/media?parent=8568"}],"wp:term":[{"taxonomy":"category","embeddable":true,"href":"https:\/\/itajuba.cam.mg.gov.br\/site\/wp-json\/wp\/v2\/categories?post=8568"},{"taxonomy":"post_tag","embeddable":true,"href":"https:\/\/itajuba.cam.mg.gov.br\/site\/wp-json\/wp\/v2\/tags?post=8568"}],"curies":[{"name":"wp","href":"https:\/\/api.w.org\/{rel}","templated":true}]}}