{"id":9331,"date":"2023-12-11T16:32:06","date_gmt":"2023-12-11T16:32:06","guid":{"rendered":"https:\/\/itajuba.cam.mg.gov.br\/site\/?p=9331"},"modified":"2024-10-07T19:05:56","modified_gmt":"2024-10-07T19:05:56","slug":"confira-a-pauta-da-sessao-ordinaria-desta-segunda-feira-11-de-dezembro","status":"publish","type":"post","link":"https:\/\/itajuba.cam.mg.gov.br\/site\/confira-a-pauta-da-sessao-ordinaria-desta-segunda-feira-11-de-dezembro\/","title":{"rendered":"Confira a pauta da Sess\u00e3o Ordin\u00e1ria desta segunda-feira, 11 de dezembro"},"content":{"rendered":"\t\t<div data-elementor-type=\"wp-post\" data-elementor-id=\"9331\" class=\"elementor elementor-9331\" data-elementor-post-type=\"post\">\n\t\t\t\t\t\t\t\t\t<section class=\"elementor-section elementor-top-section elementor-element elementor-element-34dd942c elementor-section-boxed elementor-section-height-default elementor-section-height-default\" data-id=\"34dd942c\" data-element_type=\"section\">\n\t\t\t\t\t\t<div class=\"elementor-container elementor-column-gap-default\">\n\t\t\t\t\t<div class=\"elementor-column elementor-col-100 elementor-top-column elementor-element elementor-element-5d2b36d3\" data-id=\"5d2b36d3\" data-element_type=\"column\">\n\t\t\t<div class=\"elementor-widget-wrap elementor-element-populated\">\n\t\t\t\t\t\t\t\t<div class=\"elementor-element elementor-element-598f6f43 elementor-widget elementor-widget-text-editor\" data-id=\"598f6f43\" data-element_type=\"widget\" data-widget_type=\"text-editor.default\">\n\t\t\t\t<div class=\"elementor-widget-container\">\n\t\t\t<style>\/*! elementor - v3.16.0 - 13-09-2023 *\/\n.elementor-widget-text-editor.elementor-drop-cap-view-stacked .elementor-drop-cap{background-color:#69727d;color:#fff}.elementor-widget-text-editor.elementor-drop-cap-view-framed .elementor-drop-cap{color:#69727d;border:3px solid;background-color:transparent}.elementor-widget-text-editor:not(.elementor-drop-cap-view-default) .elementor-drop-cap{margin-top:8px}.elementor-widget-text-editor:not(.elementor-drop-cap-view-default) .elementor-drop-cap-letter{width:1em;height:1em}.elementor-widget-text-editor .elementor-drop-cap{float:left;text-align:center;line-height:1;font-size:50px}.elementor-widget-text-editor .elementor-drop-cap-letter{display:inline-block}<\/style>\t\t\t\t<p><img loading=\"lazy\" decoding=\"async\" class=\"size-medium wp-image-9332 alignleft\" src=\"https:\/\/itajuba.cam.mg.gov.br\/site\/wp-content\/uploads\/2023\/12\/face-300x240.png\" alt=\"\" width=\"300\" height=\"240\" srcset=\"https:\/\/itajuba.cam.mg.gov.br\/site\/wp-content\/uploads\/2023\/12\/face-300x240.png 300w, https:\/\/itajuba.cam.mg.gov.br\/site\/wp-content\/uploads\/2023\/12\/face-1024x819.png 1024w, https:\/\/itajuba.cam.mg.gov.br\/site\/wp-content\/uploads\/2023\/12\/face-768x615.png 768w, https:\/\/itajuba.cam.mg.gov.br\/site\/wp-content\/uploads\/2023\/12\/face.png 1081w\" sizes=\"auto, (max-width: 300px) 100vw, 300px\" \/>Nesta segunda-feira, 11 de dezembro, a C\u00e2mara Municipal de Itajub\u00e1 realizar\u00e1 a 45\u00aa Sess\u00e3o Ordin\u00e1ria do ano de 2023. Dentre os temas a serem discutidos, destaca-se o Projeto de Lei N\u00ba 4741\/2023, de autoria dos vereadores Rafael Rodrigues (UNI\u00c3O) e Enfermeira Rita (REPUBLICANOS), que visa instituir e incluir no Calend\u00e1rio Oficial de Eventos e Festas do Munic\u00edpio a Semana Municipal de Valoriza\u00e7\u00e3o da Vida, al\u00e9m de outras medidas relacionadas.<\/p><p>Durante a sess\u00e3o, ser\u00e3o votadas, em \u00fanico turno, duas Mo\u00e7\u00f5es de Congratula\u00e7\u00e3o. A primeira delas \u00e9 uma homenagem ao atleta Douglas &#8220;Plata&#8221; Iakimoff Estev\u00e3o de Oliveira, professor de jiu-jitsu de Itajub\u00e1, que trouxe o t\u00edtulo de campe\u00e3o mundial de Jiu-Jitsu 2023 na categoria Faixa-Preta Pena. A iniciativa \u00e9 do Presidente da C\u00e2mara, vereador Marcelo Krauss (PROGRESSISTAS). J\u00e1 a segunda mo\u00e7\u00e3o \u00e9 em reconhecimento ao advogado e escritor Dr. Marcos Ant\u00f4nio de Olivas, pelo recebimento da Medalha Desembargador H\u00e9lio Costa, oferecida pelo Tribunal de Justi\u00e7a de Minas Gerais (TJMG). Essa mo\u00e7\u00e3o foi proposta pelo vereador Robson Vaz (PSDB).<\/p><p>Al\u00e9m disso, tr\u00eas requerimentos ser\u00e3o apresentados ao Poder Executivo pelos vereadores Pedro Gama (PV), Andressa do Coletivo (PT) e Robson Vaz (PSDB).<\/p><p>A sess\u00e3o ordin\u00e1ria ser\u00e1 realizada a partir das 19h e ser\u00e1 transmitida ao vivo pelo canal TV C\u00e2mara Itajub\u00e1 no Youtube, pelo site itajuba.cam.mg.gov.br e pela p\u00e1gina oficial da C\u00e2mara Municipal de Itajub\u00e1 no Facebook.<\/p>\t\t\t\t\t\t<\/div>\n\t\t\t\t<\/div>\n\t\t\t\t\t<\/div>\n\t\t<\/div>\n\t\t\t\t\t\t\t<\/div>\n\t\t<\/section>\n\t\t\t\t\t\t\t<\/div>\n\t\t","protected":false},"excerpt":{"rendered":"<p>Nesta segunda-feira, 11 de dezembro, a C\u00e2mara Municipal de Itajub\u00e1 realizar\u00e1 a 45\u00aa Sess\u00e3o Ordin\u00e1ria do ano de 2023. Dentre os temas a serem discutidos, destaca-se o Projeto de Lei N\u00ba 4741\/2023, de autoria dos vereadores Rafael Rodrigues (UNI\u00c3O) e Enfermeira Rita (REPUBLICANOS), que visa instituir e incluir no Calend\u00e1rio Oficial de Eventos e Festas [&hellip;]<\/p>\n","protected":false},"author":2,"featured_media":9332,"comment_status":"closed","ping_status":"open","sticky":false,"template":"","format":"standard","meta":{"footnotes":""},"categories":[16],"tags":[],"class_list":["post-9331","post","type-post","status-publish","format-standard","has-post-thumbnail","hentry","category-noticias"],"yoast_head":"<!-- This site is optimized with the Yoast SEO plugin v21.0 - https:\/\/yoast.com\/wordpress\/plugins\/seo\/ -->\n<title>Confira a pauta da Sess\u00e3o Ordin\u00e1ria desta segunda-feira, 11 de dezembro - C\u00e2mara Municipal de Itajub\u00e1<\/title>\n<meta name=\"robots\" content=\"index, follow, max-snippet:-1, max-image-preview:large, max-video-preview:-1\" \/>\n<link rel=\"canonical\" href=\"https:\/\/itajuba.cam.mg.gov.br\/site\/confira-a-pauta-da-sessao-ordinaria-desta-segunda-feira-11-de-dezembro\/\" \/>\n<meta property=\"og:locale\" content=\"pt_BR\" \/>\n<meta property=\"og:type\" content=\"article\" \/>\n<meta property=\"og:title\" content=\"Confira a pauta da Sess\u00e3o Ordin\u00e1ria desta segunda-feira, 11 de dezembro - C\u00e2mara Municipal de Itajub\u00e1\" \/>\n<meta property=\"og:description\" content=\"Nesta segunda-feira, 11 de dezembro, a C\u00e2mara Municipal de Itajub\u00e1 realizar\u00e1 a 45\u00aa Sess\u00e3o Ordin\u00e1ria do ano de 2023. Dentre os temas a serem discutidos, destaca-se o Projeto de Lei N\u00ba 4741\/2023, de autoria dos vereadores Rafael Rodrigues (UNI\u00c3O) e Enfermeira Rita (REPUBLICANOS), que visa instituir e incluir no Calend\u00e1rio Oficial de Eventos e Festas [&hellip;]\" \/>\n<meta property=\"og:url\" content=\"https:\/\/itajuba.cam.mg.gov.br\/site\/confira-a-pauta-da-sessao-ordinaria-desta-segunda-feira-11-de-dezembro\/\" \/>\n<meta property=\"og:site_name\" content=\"C\u00e2mara Municipal de Itajub\u00e1\" \/>\n<meta property=\"article:publisher\" content=\"https:\/\/www.facebook.com\/camaradeitajubaoficial\" \/>\n<meta property=\"article:published_time\" content=\"2023-12-11T16:32:06+00:00\" \/>\n<meta property=\"article:modified_time\" content=\"2024-10-07T19:05:56+00:00\" \/>\n<meta property=\"og:image\" content=\"https:\/\/itajuba.cam.mg.gov.br\/site\/wp-content\/uploads\/2023\/12\/face.png\" \/>\n\t<meta property=\"og:image:width\" content=\"1081\" \/>\n\t<meta property=\"og:image:height\" content=\"865\" \/>\n\t<meta property=\"og:image:type\" content=\"image\/png\" \/>\n<meta name=\"author\" content=\"Matheus Rivoli\" \/>\n<meta name=\"twitter:card\" content=\"summary_large_image\" \/>\n<meta name=\"twitter:label1\" content=\"Escrito por\" \/>\n\t<meta name=\"twitter:data1\" content=\"Matheus Rivoli\" \/>\n\t<meta name=\"twitter:label2\" content=\"Est. tempo de leitura\" \/>\n\t<meta name=\"twitter:data2\" content=\"2 minutos\" \/>\n<script type=\"application\/ld+json\" class=\"yoast-schema-graph\">{\"@context\":\"https:\/\/schema.org\",\"@graph\":[{\"@type\":\"Article\",\"@id\":\"https:\/\/itajuba.cam.mg.gov.br\/site\/confira-a-pauta-da-sessao-ordinaria-desta-segunda-feira-11-de-dezembro\/#article\",\"isPartOf\":{\"@id\":\"https:\/\/itajuba.cam.mg.gov.br\/site\/confira-a-pauta-da-sessao-ordinaria-desta-segunda-feira-11-de-dezembro\/\"},\"author\":{\"name\":\"Matheus Rivoli\",\"@id\":\"https:\/\/itajuba.cam.mg.gov.br\/site\/#\/schema\/person\/98cdb7e800259cf679b23eb9942b53e6\"},\"headline\":\"Confira a pauta da Sess\u00e3o Ordin\u00e1ria desta segunda-feira, 11 de dezembro\",\"datePublished\":\"2023-12-11T16:32:06+00:00\",\"dateModified\":\"2024-10-07T19:05:56+00:00\",\"mainEntityOfPage\":{\"@id\":\"https:\/\/itajuba.cam.mg.gov.br\/site\/confira-a-pauta-da-sessao-ordinaria-desta-segunda-feira-11-de-dezembro\/\"},\"wordCount\":260,\"publisher\":{\"@id\":\"https:\/\/itajuba.cam.mg.gov.br\/site\/#organization\"},\"articleSection\":[\"Not\u00edcias\"],\"inLanguage\":\"pt-BR\"},{\"@type\":\"WebPage\",\"@id\":\"https:\/\/itajuba.cam.mg.gov.br\/site\/confira-a-pauta-da-sessao-ordinaria-desta-segunda-feira-11-de-dezembro\/\",\"url\":\"https:\/\/itajuba.cam.mg.gov.br\/site\/confira-a-pauta-da-sessao-ordinaria-desta-segunda-feira-11-de-dezembro\/\",\"name\":\"Confira a pauta da Sess\u00e3o Ordin\u00e1ria desta segunda-feira, 11 de dezembro - C\u00e2mara Municipal de Itajub\u00e1\",\"isPartOf\":{\"@id\":\"https:\/\/itajuba.cam.mg.gov.br\/site\/#website\"},\"datePublished\":\"2023-12-11T16:32:06+00:00\",\"dateModified\":\"2024-10-07T19:05:56+00:00\",\"breadcrumb\":{\"@id\":\"https:\/\/itajuba.cam.mg.gov.br\/site\/confira-a-pauta-da-sessao-ordinaria-desta-segunda-feira-11-de-dezembro\/#breadcrumb\"},\"inLanguage\":\"pt-BR\",\"potentialAction\":[{\"@type\":\"ReadAction\",\"target\":[\"https:\/\/itajuba.cam.mg.gov.br\/site\/confira-a-pauta-da-sessao-ordinaria-desta-segunda-feira-11-de-dezembro\/\"]}]},{\"@type\":\"BreadcrumbList\",\"@id\":\"https:\/\/itajuba.cam.mg.gov.br\/site\/confira-a-pauta-da-sessao-ordinaria-desta-segunda-feira-11-de-dezembro\/#breadcrumb\",\"itemListElement\":[{\"@type\":\"ListItem\",\"position\":1,\"name\":\"In\u00edcio\",\"item\":\"https:\/\/itajuba.cam.mg.gov.br\/site\/\"},{\"@type\":\"ListItem\",\"position\":2,\"name\":\"Confira a pauta da Sess\u00e3o Ordin\u00e1ria desta segunda-feira, 11 de dezembro\"}]},{\"@type\":\"WebSite\",\"@id\":\"https:\/\/itajuba.cam.mg.gov.br\/site\/#website\",\"url\":\"https:\/\/itajuba.cam.mg.gov.br\/site\/\",\"name\":\"C\u00e2mara Municipal de Itajub\u00e1\",\"description\":\"Efici\u00eancia e Transpar\u00eancia\",\"publisher\":{\"@id\":\"https:\/\/itajuba.cam.mg.gov.br\/site\/#organization\"},\"potentialAction\":[{\"@type\":\"SearchAction\",\"target\":{\"@type\":\"EntryPoint\",\"urlTemplate\":\"https:\/\/itajuba.cam.mg.gov.br\/site\/?s={search_term_string}\"},\"query-input\":\"required name=search_term_string\"}],\"inLanguage\":\"pt-BR\"},{\"@type\":\"Organization\",\"@id\":\"https:\/\/itajuba.cam.mg.gov.br\/site\/#organization\",\"name\":\"C\u00e2mara Municipal de Itajub\u00e1\",\"url\":\"https:\/\/itajuba.cam.mg.gov.br\/site\/\",\"logo\":{\"@type\":\"ImageObject\",\"inLanguage\":\"pt-BR\",\"@id\":\"https:\/\/itajuba.cam.mg.gov.br\/site\/#\/schema\/logo\/image\/\",\"url\":\"https:\/\/itajuba.cam.mg.gov.br\/site\/wp-content\/uploads\/2023\/09\/logo_camara_2024.png\",\"contentUrl\":\"https:\/\/itajuba.cam.mg.gov.br\/site\/wp-content\/uploads\/2023\/09\/logo_camara_2024.png\",\"width\":1000,\"height\":385,\"caption\":\"C\u00e2mara Municipal de Itajub\u00e1\"},\"image\":{\"@id\":\"https:\/\/itajuba.cam.mg.gov.br\/site\/#\/schema\/logo\/image\/\"},\"sameAs\":[\"https:\/\/www.facebook.com\/camaradeitajubaoficial\",\"https:\/\/www.instagram.com\/camaradeitajubaoficial\/\",\"https:\/\/www.youtube.com\/user\/TVCAMARAITAJUBA\"]},{\"@type\":\"Person\",\"@id\":\"https:\/\/itajuba.cam.mg.gov.br\/site\/#\/schema\/person\/98cdb7e800259cf679b23eb9942b53e6\",\"name\":\"Matheus Rivoli\",\"image\":{\"@type\":\"ImageObject\",\"inLanguage\":\"pt-BR\",\"@id\":\"https:\/\/itajuba.cam.mg.gov.br\/site\/#\/schema\/person\/image\/\",\"url\":\"https:\/\/secure.gravatar.com\/avatar\/ef9f3e4c6803cd403e07456b108c1a951507fec5b8feac1f9ff0abaa2a3299c0?s=96&d=mm&r=g\",\"contentUrl\":\"https:\/\/secure.gravatar.com\/avatar\/ef9f3e4c6803cd403e07456b108c1a951507fec5b8feac1f9ff0abaa2a3299c0?s=96&d=mm&r=g\",\"caption\":\"Matheus Rivoli\"},\"url\":\"https:\/\/itajuba.cam.mg.gov.br\/site\/author\/matheus\/\"}]}<\/script>\n<!-- \/ Yoast SEO plugin. -->","yoast_head_json":{"title":"Confira a pauta da Sess\u00e3o Ordin\u00e1ria desta segunda-feira, 11 de dezembro - C\u00e2mara Municipal de Itajub\u00e1","robots":{"index":"index","follow":"follow","max-snippet":"max-snippet:-1","max-image-preview":"max-image-preview:large","max-video-preview":"max-video-preview:-1"},"canonical":"https:\/\/itajuba.cam.mg.gov.br\/site\/confira-a-pauta-da-sessao-ordinaria-desta-segunda-feira-11-de-dezembro\/","og_locale":"pt_BR","og_type":"article","og_title":"Confira a pauta da Sess\u00e3o Ordin\u00e1ria desta segunda-feira, 11 de dezembro - C\u00e2mara Municipal de Itajub\u00e1","og_description":"Nesta segunda-feira, 11 de dezembro, a C\u00e2mara Municipal de Itajub\u00e1 realizar\u00e1 a 45\u00aa Sess\u00e3o Ordin\u00e1ria do ano de 2023. Dentre os temas a serem discutidos, destaca-se o Projeto de Lei N\u00ba 4741\/2023, de autoria dos vereadores Rafael Rodrigues (UNI\u00c3O) e Enfermeira Rita (REPUBLICANOS), que visa instituir e incluir no Calend\u00e1rio Oficial de Eventos e Festas [&hellip;]","og_url":"https:\/\/itajuba.cam.mg.gov.br\/site\/confira-a-pauta-da-sessao-ordinaria-desta-segunda-feira-11-de-dezembro\/","og_site_name":"C\u00e2mara Municipal de Itajub\u00e1","article_publisher":"https:\/\/www.facebook.com\/camaradeitajubaoficial","article_published_time":"2023-12-11T16:32:06+00:00","article_modified_time":"2024-10-07T19:05:56+00:00","og_image":[{"width":1081,"height":865,"url":"https:\/\/itajuba.cam.mg.gov.br\/site\/wp-content\/uploads\/2023\/12\/face.png","type":"image\/png"}],"author":"Matheus Rivoli","twitter_card":"summary_large_image","twitter_misc":{"Escrito por":"Matheus Rivoli","Est. tempo de leitura":"2 minutos"},"schema":{"@context":"https:\/\/schema.org","@graph":[{"@type":"Article","@id":"https:\/\/itajuba.cam.mg.gov.br\/site\/confira-a-pauta-da-sessao-ordinaria-desta-segunda-feira-11-de-dezembro\/#article","isPartOf":{"@id":"https:\/\/itajuba.cam.mg.gov.br\/site\/confira-a-pauta-da-sessao-ordinaria-desta-segunda-feira-11-de-dezembro\/"},"author":{"name":"Matheus Rivoli","@id":"https:\/\/itajuba.cam.mg.gov.br\/site\/#\/schema\/person\/98cdb7e800259cf679b23eb9942b53e6"},"headline":"Confira a pauta da Sess\u00e3o Ordin\u00e1ria desta segunda-feira, 11 de dezembro","datePublished":"2023-12-11T16:32:06+00:00","dateModified":"2024-10-07T19:05:56+00:00","mainEntityOfPage":{"@id":"https:\/\/itajuba.cam.mg.gov.br\/site\/confira-a-pauta-da-sessao-ordinaria-desta-segunda-feira-11-de-dezembro\/"},"wordCount":260,"publisher":{"@id":"https:\/\/itajuba.cam.mg.gov.br\/site\/#organization"},"articleSection":["Not\u00edcias"],"inLanguage":"pt-BR"},{"@type":"WebPage","@id":"https:\/\/itajuba.cam.mg.gov.br\/site\/confira-a-pauta-da-sessao-ordinaria-desta-segunda-feira-11-de-dezembro\/","url":"https:\/\/itajuba.cam.mg.gov.br\/site\/confira-a-pauta-da-sessao-ordinaria-desta-segunda-feira-11-de-dezembro\/","name":"Confira a pauta da Sess\u00e3o Ordin\u00e1ria desta segunda-feira, 11 de dezembro - C\u00e2mara Municipal de Itajub\u00e1","isPartOf":{"@id":"https:\/\/itajuba.cam.mg.gov.br\/site\/#website"},"datePublished":"2023-12-11T16:32:06+00:00","dateModified":"2024-10-07T19:05:56+00:00","breadcrumb":{"@id":"https:\/\/itajuba.cam.mg.gov.br\/site\/confira-a-pauta-da-sessao-ordinaria-desta-segunda-feira-11-de-dezembro\/#breadcrumb"},"inLanguage":"pt-BR","potentialAction":[{"@type":"ReadAction","target":["https:\/\/itajuba.cam.mg.gov.br\/site\/confira-a-pauta-da-sessao-ordinaria-desta-segunda-feira-11-de-dezembro\/"]}]},{"@type":"BreadcrumbList","@id":"https:\/\/itajuba.cam.mg.gov.br\/site\/confira-a-pauta-da-sessao-ordinaria-desta-segunda-feira-11-de-dezembro\/#breadcrumb","itemListElement":[{"@type":"ListItem","position":1,"name":"In\u00edcio","item":"https:\/\/itajuba.cam.mg.gov.br\/site\/"},{"@type":"ListItem","position":2,"name":"Confira a pauta da Sess\u00e3o Ordin\u00e1ria desta segunda-feira, 11 de dezembro"}]},{"@type":"WebSite","@id":"https:\/\/itajuba.cam.mg.gov.br\/site\/#website","url":"https:\/\/itajuba.cam.mg.gov.br\/site\/","name":"C\u00e2mara Municipal de Itajub\u00e1","description":"Efici\u00eancia e Transpar\u00eancia","publisher":{"@id":"https:\/\/itajuba.cam.mg.gov.br\/site\/#organization"},"potentialAction":[{"@type":"SearchAction","target":{"@type":"EntryPoint","urlTemplate":"https:\/\/itajuba.cam.mg.gov.br\/site\/?s={search_term_string}"},"query-input":"required name=search_term_string"}],"inLanguage":"pt-BR"},{"@type":"Organization","@id":"https:\/\/itajuba.cam.mg.gov.br\/site\/#organization","name":"C\u00e2mara Municipal de Itajub\u00e1","url":"https:\/\/itajuba.cam.mg.gov.br\/site\/","logo":{"@type":"ImageObject","inLanguage":"pt-BR","@id":"https:\/\/itajuba.cam.mg.gov.br\/site\/#\/schema\/logo\/image\/","url":"https:\/\/itajuba.cam.mg.gov.br\/site\/wp-content\/uploads\/2023\/09\/logo_camara_2024.png","contentUrl":"https:\/\/itajuba.cam.mg.gov.br\/site\/wp-content\/uploads\/2023\/09\/logo_camara_2024.png","width":1000,"height":385,"caption":"C\u00e2mara Municipal de Itajub\u00e1"},"image":{"@id":"https:\/\/itajuba.cam.mg.gov.br\/site\/#\/schema\/logo\/image\/"},"sameAs":["https:\/\/www.facebook.com\/camaradeitajubaoficial","https:\/\/www.instagram.com\/camaradeitajubaoficial\/","https:\/\/www.youtube.com\/user\/TVCAMARAITAJUBA"]},{"@type":"Person","@id":"https:\/\/itajuba.cam.mg.gov.br\/site\/#\/schema\/person\/98cdb7e800259cf679b23eb9942b53e6","name":"Matheus Rivoli","image":{"@type":"ImageObject","inLanguage":"pt-BR","@id":"https:\/\/itajuba.cam.mg.gov.br\/site\/#\/schema\/person\/image\/","url":"https:\/\/secure.gravatar.com\/avatar\/ef9f3e4c6803cd403e07456b108c1a951507fec5b8feac1f9ff0abaa2a3299c0?s=96&d=mm&r=g","contentUrl":"https:\/\/secure.gravatar.com\/avatar\/ef9f3e4c6803cd403e07456b108c1a951507fec5b8feac1f9ff0abaa2a3299c0?s=96&d=mm&r=g","caption":"Matheus Rivoli"},"url":"https:\/\/itajuba.cam.mg.gov.br\/site\/author\/matheus\/"}]}},"_links":{"self":[{"href":"https:\/\/itajuba.cam.mg.gov.br\/site\/wp-json\/wp\/v2\/posts\/9331","targetHints":{"allow":["GET"]}}],"collection":[{"href":"https:\/\/itajuba.cam.mg.gov.br\/site\/wp-json\/wp\/v2\/posts"}],"about":[{"href":"https:\/\/itajuba.cam.mg.gov.br\/site\/wp-json\/wp\/v2\/types\/post"}],"author":[{"embeddable":true,"href":"https:\/\/itajuba.cam.mg.gov.br\/site\/wp-json\/wp\/v2\/users\/2"}],"replies":[{"embeddable":true,"href":"https:\/\/itajuba.cam.mg.gov.br\/site\/wp-json\/wp\/v2\/comments?post=9331"}],"version-history":[{"count":4,"href":"https:\/\/itajuba.cam.mg.gov.br\/site\/wp-json\/wp\/v2\/posts\/9331\/revisions"}],"predecessor-version":[{"id":9336,"href":"https:\/\/itajuba.cam.mg.gov.br\/site\/wp-json\/wp\/v2\/posts\/9331\/revisions\/9336"}],"wp:featuredmedia":[{"embeddable":true,"href":"https:\/\/itajuba.cam.mg.gov.br\/site\/wp-json\/wp\/v2\/media\/9332"}],"wp:attachment":[{"href":"https:\/\/itajuba.cam.mg.gov.br\/site\/wp-json\/wp\/v2\/media?parent=9331"}],"wp:term":[{"taxonomy":"category","embeddable":true,"href":"https:\/\/itajuba.cam.mg.gov.br\/site\/wp-json\/wp\/v2\/categories?post=9331"},{"taxonomy":"post_tag","embeddable":true,"href":"https:\/\/itajuba.cam.mg.gov.br\/site\/wp-json\/wp\/v2\/tags?post=9331"}],"curies":[{"name":"wp","href":"https:\/\/api.w.org\/{rel}","templated":true}]}}